{"id":53734,"date":"2024-06-10T21:30:14","date_gmt":"2024-06-11T00:30:14","guid":{"rendered":"https:\/\/p31noticias.com.br\/pablo-marcal-contrata-como-seguranca-pm-que-matou-serial-killer-lazaro\/"},"modified":"2024-06-10T23:31:29","modified_gmt":"2024-06-11T02:31:29","slug":"pablo-marcal-contrata-como-seguranca-pm-que-matou-serial-killer-lazaro","status":"publish","type":"post","link":"https:\/\/www.p31noticias.com.br\/?p=53734","title":{"rendered":"Pablo Mar\u00e7al contrata como seguran\u00e7a PM que matou serial killer L\u00e1zaro"},"content":{"rendered":"<p style=\"text-align: justify;\">Afirmando ter sofrido amea\u00e7as de morte, o empres\u00e1rio e pr\u00e9-candidato \u00e0 <a href=\"https:\/\/www.capital.sp.gov.br\/\" target=\"_blank\" rel=\"noopener\">Prefeitura<\/a> de S\u00e3o Paulo<a href=\"https:\/\/www.metropoles.com\/sao-paulo\/prtb-pre-candidatura-pablo-marcal-prefeitura-sp\"> Pablo Mar\u00e7al<\/a> (PRTB) resolveu refor\u00e7ar o seu time de seguran\u00e7as. Em um v\u00eddeo publicado em suas redes sociais, o coach revelou que contratou o tenente-coronel Edson Melo, que ganhou fama nacional por comandar a equipe de Rondas Ostensivas T\u00e1ticas Metropolitanas (Rotam), da Pol\u00edcia De Goi\u00e1s, durante a ca\u00e7ada do serial killer L\u00e1zaro Barbosa.<\/p>\n<div class=\"m-banner-wrap m-banner-rectangle m-publicity-content-middle\" style=\"text-align: justify;\">\n<div>No Reels, Mar\u00e7al ressalta que o oficial tirou licen\u00e7a da pol\u00edcia goiana para garantir a seguran\u00e7a dele durante toda a campanha \u00e0 prefeitura de S\u00e3o Paulo. \u201cA gente n\u00e3o vai arregar. Inclusive, quem est\u00e1 aqui atr\u00e1s de mim \u00e9 um dos policiais que organizou o assassinato daquele bandido L\u00e1zaro\u201d, ressaltou o empres\u00e1rio, fazendo men\u00e7\u00e3o \u00e0 ca\u00e7ada que durou 20 dias e culminou com a morte dele ap\u00f3s uma intensa troca de tiros.<\/div>\n<\/div>\n<div class=\"m-news-list-content m-related-news\" style=\"text-align: justify;\">\n<div class=\"m-box-text\">\n<h6 class=\"m-title\"><a href=\"https:\/\/www.metropoles.com\/distrito-federal\/entorno\/caso-lazaro-tjgo-determina-leilao-de-bens-achados-com-serial-killer\">Caso L\u00e1zaro: TJGO determina leil\u00e3o de bens achados com serial killer<\/a><\/h6>\n<\/div>\n<\/div>\n<p style=\"text-align: justify;\">Mar\u00e7al finalizou o v\u00eddeo publicado no Instagram ressaltando que o n\u00e3o ir\u00e1 ceder frente a poss\u00edvel amea\u00e7as: \u201c\u00c9 um grande amigo que pegou licen\u00e7a da policia e hoje t\u00e1 aqui comigo. Agora \u00e9 para valer, quem estava com d\u00favida, quem quer me ama\u00e7ar, quer me parar, pode entrar na fila que a gente n\u00e3o vai retroceder\u201d, garantiu.<\/p>\n<div class=\"m-banner-wrap m-banner-rectangle m-publicity-content-middle\" style=\"text-align: justify;\">\n<div><strong style=\"color: var(--td_text_color, #111111); font-family: Roboto, sans-serif; font-size: 22px;\">Elei\u00e7\u00e3o<\/strong><\/div>\n<\/div>\n<p style=\"text-align: justify;\">Os 20 dias de fuga do criminoso L\u00e1zaro Barbosa, em junho de 2021, rendeu fama aos policiais que participaram das buscas. Tr\u00eas deles tentaram usar o caso para obter votos e conseguir uma vaga na C\u00e2mara dos Deputados nas \u00faltimas elei\u00e7\u00f5es, mas o trio fracassou.<\/p>\n<p style=\"text-align: justify;\">A ca\u00e7ada ao foragido foi comandada pelo ent\u00e3o secret\u00e1rio de Seguran\u00e7a P\u00fablica de Goi\u00e1s, Rodney Miranda. O delegado federal se afastou do cargo para se candidatar pelo Republicanos. Ele recebeu 4.869 votos e n\u00e3o foi eleito.<\/p>\n<div class=\"m-banner-video m-banner-wrap m-banner-rectangle m-publicity-content-middle\" style=\"text-align: justify;\">\n<div class=\"MTP_VIDEO\">O coronel Edson Lu\u00eds Souza Melo Rocha (Avante-GO), conhecido como Edson Raiado, obteve 19.811 votos e tamb\u00e9m ficou fora do parlamento nacional. O policial participou da busca por L\u00e1zaro e, durante a campanha eleitoral, foi obrigado a retirar um v\u00eddeo publicado em suas redes sociais por propaganda eleitoral irregular.<\/div>\n<\/div>\n<p style=\"text-align: justify;\">Nas imagens publicadas por Raiado, ele aparecia com uma m\u00e1scara de caveira e um fac\u00e3o, al\u00e9m de uma farda com o emblema da Rotam, equipe de elite da PM de Goi\u00e1s.<\/p>\n<p style=\"text-align: justify;\">J\u00e1 coronel Benito Franco (PL) recebeu 10.343 votos e tamb\u00e9m n\u00e3o foi eleito. Ele comandou a Rotam e fez sua campanha com base em ataques \u00e0 condu\u00e7\u00e3o da pol\u00edtica de seguran\u00e7a p\u00fablica de Goi\u00e1s, sobretudo, relativa \u00e0s buscas por L\u00e1zaro. Para o policial, o fugitivo poderia ter sido encontrado de forma mais<\/p>\n","protected":false},"excerpt":{"rendered":"<p>Afirmando ter sofrido amea\u00e7as de morte, o empres\u00e1rio e pr\u00e9-candidato \u00e0 Prefeitura de S\u00e3o Paulo Pablo Mar\u00e7al (PRTB) resolveu refor\u00e7ar o seu time de seguran\u00e7as. Em um v\u00eddeo publicado em suas redes sociais, o coach revelou que contratou o tenente-coronel Edson Melo, que ganhou fama nacional por comandar a equipe de Rondas Ostensivas T\u00e1ticas Metropolitanas [&hellip;]<\/p>\n","protected":false},"author":5,"featured_media":53763,"comment_status":"open","ping_status":"open","sticky":false,"template":"","format":"standard","meta":{"footnotes":""},"categories":[21],"tags":[],"class_list":{"0":"post-53734","1":"post","2":"type-post","3":"status-publish","4":"format-standard","5":"has-post-thumbnail","7":"category-brasilia"},"yoast_head":"<!-- This site is optimized with the Yoast SEO Premium plugin v24.5 (Yoast SEO v27.5) - https:\/\/yoast.com\/product\/yoast-seo-premium-wordpress\/ -->\n<title>Pablo Mar\u00e7al contrata como seguran\u00e7a PM que matou serial killer L\u00e1zaro - P31<\/title>\n<meta name=\"robots\" content=\"index, follow, max-snippet:-1, max-image-preview:large, max-video-preview:-1\" \/>\n<link rel=\"canonical\" href=\"https:\/\/www.p31noticias.com.br\/?p=53734\" \/>\n<meta property=\"og:locale\" content=\"pt_BR\" \/>\n<meta property=\"og:type\" content=\"article\" \/>\n<meta property=\"og:title\" content=\"Pablo Mar\u00e7al contrata como seguran\u00e7a PM que matou serial killer L\u00e1zaro\" \/>\n<meta property=\"og:description\" content=\"Afirmando ter sofrido amea\u00e7as de morte, o empres\u00e1rio e pr\u00e9-candidato \u00e0 Prefeitura de S\u00e3o Paulo Pablo Mar\u00e7al (PRTB) resolveu refor\u00e7ar o seu time de seguran\u00e7as. Em um v\u00eddeo publicado em suas redes sociais, o coach revelou que contratou o tenente-coronel Edson Melo, que ganhou fama nacional por comandar a equipe de Rondas Ostensivas T\u00e1ticas Metropolitanas [&hellip;]\" \/>\n<meta property=\"og:url\" content=\"https:\/\/www.p31noticias.com.br\/?p=53734\" \/>\n<meta property=\"og:site_name\" content=\"P31\" \/>\n<meta property=\"article:published_time\" content=\"2024-06-11T00:30:14+00:00\" \/>\n<meta property=\"article:modified_time\" content=\"2024-06-11T02:31:29+00:00\" \/>\n<meta property=\"og:image\" content=\"https:\/\/www.p31noticias.com.br\/wp-content\/uploads\/2024\/06\/https__img.migalhas.com_.br__SL__gf_base__SL__empresas__SL__MIGA__SL__imagens__SL__2024__SL__05__SL__02__SL__cropped_5oumzrrq.zc2_-1.jpg._PROC_CP75CCH31622400-1.jpg\" \/>\n\t<meta property=\"og:image:width\" content=\"638\" \/>\n\t<meta property=\"og:image:height\" content=\"478\" \/>\n\t<meta property=\"og:image:type\" content=\"image\/jpeg\" \/>\n<meta name=\"author\" content=\"Camilly Scheffer\" \/>\n<meta name=\"twitter:card\" content=\"summary_large_image\" \/>\n<meta name=\"twitter:label1\" content=\"Escrito por\" \/>\n\t<meta name=\"twitter:data1\" content=\"Camilly Scheffer\" \/>\n\t<meta name=\"twitter:label2\" content=\"Est. tempo de leitura\" \/>\n\t<meta name=\"twitter:data2\" content=\"2 minutos\" \/>\n<script type=\"application\/ld+json\" class=\"yoast-schema-graph\">{\"@context\":\"https:\\\/\\\/schema.org\",\"@graph\":[{\"@type\":\"Article\",\"@id\":\"https:\\\/\\\/www.p31noticias.com.br\\\/?p=53734#article\",\"isPartOf\":{\"@id\":\"https:\\\/\\\/www.p31noticias.com.br\\\/?p=53734\"},\"author\":{\"name\":\"Camilly Scheffer\",\"@id\":\"https:\\\/\\\/www.p31noticias.com.br\\\/#\\\/schema\\\/person\\\/d1bb0ccbf62b27e19ea4e75696908d43\"},\"headline\":\"Pablo Mar\u00e7al contrata como seguran\u00e7a PM que matou serial killer L\u00e1zaro\",\"datePublished\":\"2024-06-11T00:30:14+00:00\",\"dateModified\":\"2024-06-11T02:31:29+00:00\",\"mainEntityOfPage\":{\"@id\":\"https:\\\/\\\/www.p31noticias.com.br\\\/?p=53734\"},\"wordCount\":487,\"commentCount\":0,\"image\":{\"@id\":\"https:\\\/\\\/www.p31noticias.com.br\\\/?p=53734#primaryimage\"},\"thumbnailUrl\":\"https:\\\/\\\/www.p31noticias.com.br\\\/wp-content\\\/uploads\\\/2024\\\/06\\\/https__img.migalhas.com_.br__SL__gf_base__SL__empresas__SL__MIGA__SL__imagens__SL__2024__SL__05__SL__02__SL__cropped_5oumzrrq.zc2_-1.jpg._PROC_CP75CCH31622400-1.jpg\",\"articleSection\":[\"Bras\u00edlia\"],\"inLanguage\":\"pt-BR\",\"potentialAction\":[{\"@type\":\"CommentAction\",\"name\":\"Comment\",\"target\":[\"https:\\\/\\\/www.p31noticias.com.br\\\/?p=53734#respond\"]}],\"copyrightYear\":\"2024\",\"copyrightHolder\":{\"@id\":\"https:\\\/\\\/www.p31noticias.com.br\\\/#organization\"}},{\"@type\":\"WebPage\",\"@id\":\"https:\\\/\\\/www.p31noticias.com.br\\\/?p=53734\",\"url\":\"https:\\\/\\\/www.p31noticias.com.br\\\/?p=53734\",\"name\":\"Pablo Mar\u00e7al contrata como seguran\u00e7a PM que matou serial killer L\u00e1zaro - P31\",\"isPartOf\":{\"@id\":\"https:\\\/\\\/www.p31noticias.com.br\\\/#website\"},\"primaryImageOfPage\":{\"@id\":\"https:\\\/\\\/www.p31noticias.com.br\\\/?p=53734#primaryimage\"},\"image\":{\"@id\":\"https:\\\/\\\/www.p31noticias.com.br\\\/?p=53734#primaryimage\"},\"thumbnailUrl\":\"https:\\\/\\\/www.p31noticias.com.br\\\/wp-content\\\/uploads\\\/2024\\\/06\\\/https__img.migalhas.com_.br__SL__gf_base__SL__empresas__SL__MIGA__SL__imagens__SL__2024__SL__05__SL__02__SL__cropped_5oumzrrq.zc2_-1.jpg._PROC_CP75CCH31622400-1.jpg\",\"datePublished\":\"2024-06-11T00:30:14+00:00\",\"dateModified\":\"2024-06-11T02:31:29+00:00\",\"author\":{\"@id\":\"https:\\\/\\\/www.p31noticias.com.br\\\/#\\\/schema\\\/person\\\/d1bb0ccbf62b27e19ea4e75696908d43\"},\"breadcrumb\":{\"@id\":\"https:\\\/\\\/www.p31noticias.com.br\\\/?p=53734#breadcrumb\"},\"inLanguage\":\"pt-BR\",\"potentialAction\":[{\"@type\":\"ReadAction\",\"target\":[\"https:\\\/\\\/www.p31noticias.com.br\\\/?p=53734\"]}]},{\"@type\":\"ImageObject\",\"inLanguage\":\"pt-BR\",\"@id\":\"https:\\\/\\\/www.p31noticias.com.br\\\/?p=53734#primaryimage\",\"url\":\"https:\\\/\\\/www.p31noticias.com.br\\\/wp-content\\\/uploads\\\/2024\\\/06\\\/https__img.migalhas.com_.br__SL__gf_base__SL__empresas__SL__MIGA__SL__imagens__SL__2024__SL__05__SL__02__SL__cropped_5oumzrrq.zc2_-1.jpg._PROC_CP75CCH31622400-1.jpg\",\"contentUrl\":\"https:\\\/\\\/www.p31noticias.com.br\\\/wp-content\\\/uploads\\\/2024\\\/06\\\/https__img.migalhas.com_.br__SL__gf_base__SL__empresas__SL__MIGA__SL__imagens__SL__2024__SL__05__SL__02__SL__cropped_5oumzrrq.zc2_-1.jpg._PROC_CP75CCH31622400-1.jpg\",\"width\":638,\"height\":478},{\"@type\":\"BreadcrumbList\",\"@id\":\"https:\\\/\\\/www.p31noticias.com.br\\\/?p=53734#breadcrumb\",\"itemListElement\":[{\"@type\":\"ListItem\",\"position\":1,\"name\":\"In\u00edcio\",\"item\":\"https:\\\/\\\/www.p31noticias.com.br\\\/\"},{\"@type\":\"ListItem\",\"position\":2,\"name\":\"Pablo Mar\u00e7al contrata como seguran\u00e7a PM que matou serial killer L\u00e1zaro\"}]},{\"@type\":\"WebSite\",\"@id\":\"https:\\\/\\\/www.p31noticias.com.br\\\/#website\",\"url\":\"https:\\\/\\\/www.p31noticias.com.br\\\/\",\"name\":\"P31\",\"description\":\"NOT\u00cdCIAS\",\"potentialAction\":[{\"@type\":\"SearchAction\",\"target\":{\"@type\":\"EntryPoint\",\"urlTemplate\":\"https:\\\/\\\/www.p31noticias.com.br\\\/?s={search_term_string}\"},\"query-input\":{\"@type\":\"PropertyValueSpecification\",\"valueRequired\":true,\"valueName\":\"search_term_string\"}}],\"inLanguage\":\"pt-BR\"},{\"@type\":\"Person\",\"@id\":\"https:\\\/\\\/www.p31noticias.com.br\\\/#\\\/schema\\\/person\\\/d1bb0ccbf62b27e19ea4e75696908d43\",\"name\":\"Camilly Scheffer\",\"image\":{\"@type\":\"ImageObject\",\"inLanguage\":\"pt-BR\",\"@id\":\"https:\\\/\\\/secure.gravatar.com\\\/avatar\\\/06f4704b382d241ec2670712618fccea085b2db24d7b2d3b8691d904bbc1d557?s=96&d=mm&r=g\",\"url\":\"https:\\\/\\\/secure.gravatar.com\\\/avatar\\\/06f4704b382d241ec2670712618fccea085b2db24d7b2d3b8691d904bbc1d557?s=96&d=mm&r=g\",\"contentUrl\":\"https:\\\/\\\/secure.gravatar.com\\\/avatar\\\/06f4704b382d241ec2670712618fccea085b2db24d7b2d3b8691d904bbc1d557?s=96&d=mm&r=g\",\"caption\":\"Camilly Scheffer\"},\"url\":\"https:\\\/\\\/www.p31noticias.com.br\\\/?author=5\"}]}<\/script>\n<!-- \/ Yoast SEO Premium plugin. -->","yoast_head_json":{"title":"Pablo Mar\u00e7al contrata como seguran\u00e7a PM que matou serial killer L\u00e1zaro - P31","robots":{"index":"index","follow":"follow","max-snippet":"max-snippet:-1","max-image-preview":"max-image-preview:large","max-video-preview":"max-video-preview:-1"},"canonical":"https:\/\/www.p31noticias.com.br\/?p=53734","og_locale":"pt_BR","og_type":"article","og_title":"Pablo Mar\u00e7al contrata como seguran\u00e7a PM que matou serial killer L\u00e1zaro","og_description":"Afirmando ter sofrido amea\u00e7as de morte, o empres\u00e1rio e pr\u00e9-candidato \u00e0 Prefeitura de S\u00e3o Paulo Pablo Mar\u00e7al (PRTB) resolveu refor\u00e7ar o seu time de seguran\u00e7as. Em um v\u00eddeo publicado em suas redes sociais, o coach revelou que contratou o tenente-coronel Edson Melo, que ganhou fama nacional por comandar a equipe de Rondas Ostensivas T\u00e1ticas Metropolitanas [&hellip;]","og_url":"https:\/\/www.p31noticias.com.br\/?p=53734","og_site_name":"P31","article_published_time":"2024-06-11T00:30:14+00:00","article_modified_time":"2024-06-11T02:31:29+00:00","og_image":[{"width":638,"height":478,"url":"https:\/\/www.p31noticias.com.br\/wp-content\/uploads\/2024\/06\/https__img.migalhas.com_.br__SL__gf_base__SL__empresas__SL__MIGA__SL__imagens__SL__2024__SL__05__SL__02__SL__cropped_5oumzrrq.zc2_-1.jpg._PROC_CP75CCH31622400-1.jpg","type":"image\/jpeg"}],"author":"Camilly Scheffer","twitter_card":"summary_large_image","twitter_misc":{"Escrito por":"Camilly Scheffer","Est. tempo de leitura":"2 minutos"},"schema":{"@context":"https:\/\/schema.org","@graph":[{"@type":"Article","@id":"https:\/\/www.p31noticias.com.br\/?p=53734#article","isPartOf":{"@id":"https:\/\/www.p31noticias.com.br\/?p=53734"},"author":{"name":"Camilly Scheffer","@id":"https:\/\/www.p31noticias.com.br\/#\/schema\/person\/d1bb0ccbf62b27e19ea4e75696908d43"},"headline":"Pablo Mar\u00e7al contrata como seguran\u00e7a PM que matou serial killer L\u00e1zaro","datePublished":"2024-06-11T00:30:14+00:00","dateModified":"2024-06-11T02:31:29+00:00","mainEntityOfPage":{"@id":"https:\/\/www.p31noticias.com.br\/?p=53734"},"wordCount":487,"commentCount":0,"image":{"@id":"https:\/\/www.p31noticias.com.br\/?p=53734#primaryimage"},"thumbnailUrl":"https:\/\/www.p31noticias.com.br\/wp-content\/uploads\/2024\/06\/https__img.migalhas.com_.br__SL__gf_base__SL__empresas__SL__MIGA__SL__imagens__SL__2024__SL__05__SL__02__SL__cropped_5oumzrrq.zc2_-1.jpg._PROC_CP75CCH31622400-1.jpg","articleSection":["Bras\u00edlia"],"inLanguage":"pt-BR","potentialAction":[{"@type":"CommentAction","name":"Comment","target":["https:\/\/www.p31noticias.com.br\/?p=53734#respond"]}],"copyrightYear":"2024","copyrightHolder":{"@id":"https:\/\/www.p31noticias.com.br\/#organization"}},{"@type":"WebPage","@id":"https:\/\/www.p31noticias.com.br\/?p=53734","url":"https:\/\/www.p31noticias.com.br\/?p=53734","name":"Pablo Mar\u00e7al contrata como seguran\u00e7a PM que matou serial killer L\u00e1zaro - P31","isPartOf":{"@id":"https:\/\/www.p31noticias.com.br\/#website"},"primaryImageOfPage":{"@id":"https:\/\/www.p31noticias.com.br\/?p=53734#primaryimage"},"image":{"@id":"https:\/\/www.p31noticias.com.br\/?p=53734#primaryimage"},"thumbnailUrl":"https:\/\/www.p31noticias.com.br\/wp-content\/uploads\/2024\/06\/https__img.migalhas.com_.br__SL__gf_base__SL__empresas__SL__MIGA__SL__imagens__SL__2024__SL__05__SL__02__SL__cropped_5oumzrrq.zc2_-1.jpg._PROC_CP75CCH31622400-1.jpg","datePublished":"2024-06-11T00:30:14+00:00","dateModified":"2024-06-11T02:31:29+00:00","author":{"@id":"https:\/\/www.p31noticias.com.br\/#\/schema\/person\/d1bb0ccbf62b27e19ea4e75696908d43"},"breadcrumb":{"@id":"https:\/\/www.p31noticias.com.br\/?p=53734#breadcrumb"},"inLanguage":"pt-BR","potentialAction":[{"@type":"ReadAction","target":["https:\/\/www.p31noticias.com.br\/?p=53734"]}]},{"@type":"ImageObject","inLanguage":"pt-BR","@id":"https:\/\/www.p31noticias.com.br\/?p=53734#primaryimage","url":"https:\/\/www.p31noticias.com.br\/wp-content\/uploads\/2024\/06\/https__img.migalhas.com_.br__SL__gf_base__SL__empresas__SL__MIGA__SL__imagens__SL__2024__SL__05__SL__02__SL__cropped_5oumzrrq.zc2_-1.jpg._PROC_CP75CCH31622400-1.jpg","contentUrl":"https:\/\/www.p31noticias.com.br\/wp-content\/uploads\/2024\/06\/https__img.migalhas.com_.br__SL__gf_base__SL__empresas__SL__MIGA__SL__imagens__SL__2024__SL__05__SL__02__SL__cropped_5oumzrrq.zc2_-1.jpg._PROC_CP75CCH31622400-1.jpg","width":638,"height":478},{"@type":"BreadcrumbList","@id":"https:\/\/www.p31noticias.com.br\/?p=53734#breadcrumb","itemListElement":[{"@type":"ListItem","position":1,"name":"In\u00edcio","item":"https:\/\/www.p31noticias.com.br\/"},{"@type":"ListItem","position":2,"name":"Pablo Mar\u00e7al contrata como seguran\u00e7a PM que matou serial killer L\u00e1zaro"}]},{"@type":"WebSite","@id":"https:\/\/www.p31noticias.com.br\/#website","url":"https:\/\/www.p31noticias.com.br\/","name":"P31","description":"NOT\u00cdCIAS","potentialAction":[{"@type":"SearchAction","target":{"@type":"EntryPoint","urlTemplate":"https:\/\/www.p31noticias.com.br\/?s={search_term_string}"},"query-input":{"@type":"PropertyValueSpecification","valueRequired":true,"valueName":"search_term_string"}}],"inLanguage":"pt-BR"},{"@type":"Person","@id":"https:\/\/www.p31noticias.com.br\/#\/schema\/person\/d1bb0ccbf62b27e19ea4e75696908d43","name":"Camilly Scheffer","image":{"@type":"ImageObject","inLanguage":"pt-BR","@id":"https:\/\/secure.gravatar.com\/avatar\/06f4704b382d241ec2670712618fccea085b2db24d7b2d3b8691d904bbc1d557?s=96&d=mm&r=g","url":"https:\/\/secure.gravatar.com\/avatar\/06f4704b382d241ec2670712618fccea085b2db24d7b2d3b8691d904bbc1d557?s=96&d=mm&r=g","contentUrl":"https:\/\/secure.gravatar.com\/avatar\/06f4704b382d241ec2670712618fccea085b2db24d7b2d3b8691d904bbc1d557?s=96&d=mm&r=g","caption":"Camilly Scheffer"},"url":"https:\/\/www.p31noticias.com.br\/?author=5"}]}},"amp_enabled":true,"_links":{"self":[{"href":"https:\/\/www.p31noticias.com.br\/index.php?rest_route=\/wp\/v2\/posts\/53734","targetHints":{"allow":["GET"]}}],"collection":[{"href":"https:\/\/www.p31noticias.com.br\/index.php?rest_route=\/wp\/v2\/posts"}],"about":[{"href":"https:\/\/www.p31noticias.com.br\/index.php?rest_route=\/wp\/v2\/types\/post"}],"author":[{"embeddable":true,"href":"https:\/\/www.p31noticias.com.br\/index.php?rest_route=\/wp\/v2\/users\/5"}],"replies":[{"embeddable":true,"href":"https:\/\/www.p31noticias.com.br\/index.php?rest_route=%2Fwp%2Fv2%2Fcomments&post=53734"}],"version-history":[{"count":2,"href":"https:\/\/www.p31noticias.com.br\/index.php?rest_route=\/wp\/v2\/posts\/53734\/revisions"}],"predecessor-version":[{"id":53764,"href":"https:\/\/www.p31noticias.com.br\/index.php?rest_route=\/wp\/v2\/posts\/53734\/revisions\/53764"}],"wp:featuredmedia":[{"embeddable":true,"href":"https:\/\/www.p31noticias.com.br\/index.php?rest_route=\/wp\/v2\/media\/53763"}],"wp:attachment":[{"href":"https:\/\/www.p31noticias.com.br\/index.php?rest_route=%2Fwp%2Fv2%2Fmedia&parent=53734"}],"wp:term":[{"taxonomy":"category","embeddable":true,"href":"https:\/\/www.p31noticias.com.br\/index.php?rest_route=%2Fwp%2Fv2%2Fcategories&post=53734"},{"taxonomy":"post_tag","embeddable":true,"href":"https:\/\/www.p31noticias.com.br\/index.php?rest_route=%2Fwp%2Fv2%2Ftags&post=53734"}],"curies":[{"name":"wp","href":"https:\/\/api.w.org\/{rel}","templated":true}]}}