{"id":53733,"date":"2024-06-10T21:30:13","date_gmt":"2024-06-11T00:30:13","guid":{"rendered":"https:\/\/p31noticias.com.br\/cachorro-atacado-por-capivaras-no-df-ainda-nao-tem-previsao-de-alta\/"},"modified":"2024-06-10T23:43:41","modified_gmt":"2024-06-11T02:43:41","slug":"cachorro-atacado-por-capivaras-no-df-ainda-nao-tem-previsao-de-alta","status":"publish","type":"post","link":"https:\/\/www.p31noticias.com.br\/?p=53733","title":{"rendered":"Cachorro atacado por capivaras no DF ainda n\u00e3o tem previs\u00e3o de alta"},"content":{"rendered":"<p style=\"text-align: justify;\"><em><strong>O cachorro Trov\u00e3o, <a href=\"https:\/\/www.metropoles.com\/distrito-federal\/na-mira\/em-ataque-brutal-capivaras-dilaceram-costas-de-cao-no-lago-paranoa\" target=\"_blank\" rel=\"noopener\">que foi atacado por capivaras no Lago Parano\u00e1 na tarde desse s\u00e1bado (8\/6)<\/a>, precisou passar por uma cirurgia de tr\u00eas horas para se recuperar do ferimento de 15 cent\u00edmetros nas costas causado pelas mordidas de capivaras. O c\u00e3o apresentou uma melhora significativa, mas ainda n\u00e3o tem previs\u00e3o de alta para retornar para casa.<\/strong><\/em><\/p>\n<p style=\"text-align: justify;\">\u201cNo dia que aconteceu a situa\u00e7\u00e3o, quando a gente colocou a blusa para estancar o sangue, porque o Trov\u00e3o estava perdendo muito sangue, estavam saindo pedacinhos de carne. Porque na hora que a capivara morde, ela volta rasgando, a\u00ed acabou rasgando todo o tecido muscular dele. Ele ficou bem machucado l\u00e1 dentro\u201d, relata a tutora Cristhiani Oliveira, de 33 anos.<\/p>\n<div class=\"m-carousel-post\" style=\"text-align: justify;\">\n<p>De acordo com ela, o cachorro s\u00f3 voltou a se alimentar corretamente ap\u00f3s v\u00ea-la: \u201cEle ainda est\u00e1 com muita secre\u00e7\u00e3o, com esse processo infeccioso. A capivara tem muitas doen\u00e7as e foi muito fundo. A gente est\u00e1 nesse processo de tirar todo tipo de infec\u00e7\u00e3o e drenar todo o sangue que t\u00e1 bem acumulado ainda. Ele est\u00e1 bem inchado ainda, por isso que ainda n\u00e3o tem previs\u00e3o de sa\u00edda dele\u201d.<\/p>\n<\/div>\n<p style=\"text-align: justify;\">Al\u00e9m de Trov\u00e3o, a cadela Panda tamb\u00e9m foi atacada, mas seu estado \u00e9 menos grave. Ambos os c\u00e3es s\u00e3o de ra\u00e7a american staffordshire terrier. O ataque aconteceu nos arredores da Ermida Dom Bosco. \u201cA panda est\u00e1 comigo, est\u00e1 mais quietinha, mas gra\u00e7as a Deus t\u00e1 recuperando bem da cirurgia dela que ela fez aqui embaixo da face\u201d, contou Oliveira.<\/p>\n<div class=\"m-banner-video m-banner-wrap m-banner-rectangle m-publicity-content-middle\" style=\"text-align: justify;\">\n<div class=\"MTP_VIDEO\"><span style=\"color: var(--td_text_color, #111111); font-family: Roboto, sans-serif; font-size: 22px;\">Ataque das capivaras<\/span><\/div>\n<\/div>\n<p style=\"text-align: justify;\">Por volta das 15h do s\u00e1bado, Cristhiani Oliveira decidiu passear com o irm\u00e3o e uma sobrinha. A fam\u00edlia levou a cadela Panda e o c\u00e3o Trov\u00e3o. O grupo saiu da 28 do Lago Sul, bairro nobre do DF, e encontrou com os animais silvestres na Ermida Dom Bosco.<\/p>\n<p style=\"text-align: justify;\">\u201cMeu irm\u00e3o sempre leva os cachorros para eles nadarem na regi\u00e3o longe das resid\u00eancias. Nunca tivemos problemas. Tamb\u00e9m nunca tivemos esse contato com elas. Estava tudo bem, tranquilo. Minha sobrinha at\u00e9 ficou encantada, mas falei para ela n\u00e3o se aproximar. Mas minha cachorra se aproximou pela \u00e1gua\u201d, contou Cristhiani.<\/p>\n<p style=\"text-align: justify;\">Neste momento, segundo a tutora, os roedores teriam come\u00e7ado o ataque. Tentaram levar Panda para uma parte mais funda e ainda rasgaram o pesco\u00e7o e machucaram uma das patas da cachorra. Diante da cena, Trov\u00e3o pulou na \u00e1gua para salvar a cadela.<\/p>\n<div class=\"m-banner-wrap m-banner-rectangle m-publicity-content-middle\" style=\"text-align: justify;\">\n<div><strong>Acompanhe:<\/strong><\/div>\n<\/div>\n<div style=\"text-align: justify;\"><\/div>\n<p style=\"text-align: justify;\">Trov\u00e3o afastou os animais de Panda, mas passou a ser o alvo dos ataques. \u201cEle foi dilacerado nas costas. Ele est\u00e1 com uma dentada de 15 cent\u00edmetros de profundidade, fora o risco de contamina\u00e7\u00e3o por doen\u00e7as. Arrega\u00e7aram ele por dentro. Estava saindo carne de dentro dele. Jorrava muito sangue\u201d, lamentou a tutora.<\/p>\n<p style=\"text-align: justify;\">Alguns roedores avan\u00e7aram contra a sobrinha de Cristhiani. A fam\u00edlia conseguiu fugir e levou os c\u00e3es feridos para da cl\u00ednica veterin\u00e1ria CEV, no Jardim Bot\u00e2nico. Panda recebeu tratamento e pontos no ferimento. O quadro de sa\u00fade da cadela \u00e9 bom e ela voltou para casa. Mas a situa\u00e7\u00e3o de Trov\u00e3o chegou a ser considerada cr\u00edtica.<\/p>\n<div class=\"m-banner-wrap m-banner-rectangle m-publicity-content-middle\" style=\"text-align: justify;\">\n<div><span style=\"color: var(--td_text_color, #111111); font-family: Roboto, sans-serif; font-size: 22px;\">Alerta<\/span><\/div>\n<\/div>\n<p style=\"text-align: justify;\">A fam\u00edlia registrou boletim de ocorr\u00eancia na <a href=\"https:\/\/www.pcdf.df.gov.br\/\" target=\"_blank\" rel=\"noopener\">Pol\u00edcia Civil do DF (PCDF)<\/a>. Ap\u00f3s vivenciar os momentos de terror, Cristhiani defende que o GDF adote medidas para evitar epis\u00f3dios semelhantes, como a\u00e7\u00f5es de controle e monitoramento da popula\u00e7\u00e3o de capivaras. Mas tamb\u00e9m conscientiza\u00e7\u00e3o da sociedade.<\/p>\n<p style=\"text-align: justify;\">\u201cV\u00e3o esperar um trag\u00e9dia acontecer para fazer alguma coisa? \u00c9 preciso fazer o alerta. Hoje s\u00e3o os meus cachorros. Podia ter sido a minha sobrinha. Amanh\u00e3 pode ser uma crian\u00e7a ou um adulto. Elas s\u00e3o agressivas em uma quantidade cada vez maior. E a gente n\u00e3o v\u00ea nada\u201d, alertou.<\/p>\n<p style=\"text-align: justify;\">Al\u00e9m dos ataques, Cristhiani ressaltou que os animais silvestres podem ser vetores de doen\u00e7as e pragas, como carrapatos. A tutora j\u00e1 precisou desembolsar de quase R$ 10 mil na cl\u00ednica veterin\u00e1ria para o tratamento de Trov\u00e3o. A preocupa\u00e7\u00e3o \u00e9 tentar salvar o cachorro.<\/p>\n<div class=\"m-banner-wrap m-banner-rectangle m-publicity-content-middle\" style=\"text-align: justify;\">\n<div><span style=\"color: var(--td_text_color, #111111); font-family: Roboto, sans-serif; font-size: 22px;\">Manifesta\u00e7\u00f5es<\/span><\/div>\n<\/div>\n<p style=\"text-align: justify;\">O <strong>Metr\u00f3poles<\/strong> tentou contato com o GDF sobre o caso. A Secretaria do Meio Ambiente (Sema) informou que avalia a situa\u00e7\u00e3o da popula\u00e7\u00e3o silvestre pelo Projeto de Monitoramento e Identifica\u00e7\u00e3o das Capivaras na Orla do Lago Parano\u00e1, em parceria com a Universidade Cat\u00f3lica de Bras\u00edlia (UCB).<\/p>\n<p style=\"text-align: justify;\">Segundo a pasta, um estudo de 2023 apontou que os roedores ocupam 25% da Orla do Lago Parano\u00e1. A pasta garantiu que busca a conviv\u00eancia pac\u00edfica entre a popula\u00e7\u00e3o e a fauna silvestre. Os estudos tamb\u00e9m apontaram uma baixa rela\u00e7\u00e3o entre animais silvestres e carrapatos.<\/p>\n<div class=\"m-news-list-content m-related-news\" style=\"text-align: justify;\">\n<div class=\"m-box-text\">\n<h6 class=\"m-title\"><span style=\"color: #222222; font-family: Verdana, BlinkMacSystemFont, -apple-system, 'Segoe UI', Roboto, Oxygen, Ubuntu, Cantarell, 'Open Sans', 'Helvetica Neue', sans-serif; font-size: 15px;\">Por nota, o Ibram ressaltou a necessidade de cautela e seriedade na abordagem do tema, especialmente pelo fato dos animais, a princ\u00edpio, n\u00e3o possu\u00edrem o h\u00e1bito sem provoca\u00e7\u00e3o. O instituto destacou que lan\u00e7ar\u00e1, junto com a Sema novo edital para o monitoramento da popula\u00e7\u00e3o dos bichos.<\/span><\/h6>\n<\/div>\n<\/div>\n<div class=\"\" style=\"text-align: justify;\">\n<div>Al\u00e9m disso, segundo o Ibram, os estudos iniciais n\u00e3o apontaram a exist\u00eancia de uma superpopula\u00e7\u00e3o de capivaras na regi\u00e3o. \u201cElas n\u00e3o s\u00e3o os principais vetores de pragas ou doen\u00e7as\u201d, destacou o instituto.<\/div>\n<\/div>\n<p style=\"text-align: justify;\"><strong>Leia a nota completa do Ibram:<\/strong><\/p>\n<p style=\"text-align: justify;\"><em>\u201cO Instituto Bras\u00edlia Ambiental por meio da Superintend\u00eancia de Unidades de Conserva\u00e7\u00e3o, Biodiversidade e \u00c1gua no tema abordado sendo de responsabilidade da ger\u00eancia de fauna, esclarece que \u00e9 fundamental abordar com cautela acerca da responsabilidade dos ataques serem ligados diretamente \u00e0s capivaras. \u00c9 crucial entender que tais epis\u00f3dios geralmente ocorrem quando o animal se sente acuado ou quando h\u00e1 filhotes envolvidos, n\u00e3o sendo um comportamento habitual da esp\u00e9cie atacar outros animais sem provoca\u00e7\u00e3o.<\/em><\/p>\n<p style=\"text-align: justify;\"><em>Neste contexto, tamb\u00e9m \u00e9 importante averiguar o papel dos tutores dos c\u00e3es, verificando se os animais estavam soltos e sem coleira, o que poderia ter contribu\u00eddo para a situa\u00e7\u00e3o.<\/em><\/p>\n<p style=\"text-align: justify;\"><em>O Bras\u00edlia Ambiental, juntamente com a Secretaria do Meio Ambiente (SEMA) e outras pasta do GDF j\u00e1 esta elaborando um edital de chamamento para dar continuidade ao monitoramento da popula\u00e7\u00e3o de capivaras iniciado em 2022. Este novo edital pretende expandir as vertentes de pesquisa, incluindo poss\u00edveis estrat\u00e9gias de manejo dos animais, caso seja identificada tal necessidade. Inclusive, recentemente o Bras\u00edlia Ambiental realizou uma consulta p\u00fablica aberta a popula\u00e7\u00e3o para debater o tema, em 17\/4\/2024 (Participe da Consulta P\u00fablica sobre Projeto de Monitoramento das Capivaras no DF \u2013 Bras\u00edlia Ambiental (ibram.df.gov.br).<\/em><\/p>\n<p style=\"text-align: justify;\"><em>\u00c9 importante destacar os resultados do estudo anterior, que indicaram a aus\u00eancia de superpopula\u00e7\u00e3o de capivaras na orla do Lago Parano\u00e1. Outro dado relevante, foi que as an\u00e1lises realizadas mostraram uma rela\u00e7\u00e3o fraca entre a abund\u00e2ncia de carrapatos e a presen\u00e7a de capivaras na regi\u00e3o (Fonte \u2013 IBRAM). Isso sugere que elas n\u00e3o s\u00e3o os principais vetores de pragas ou doen\u00e7as na \u00e1rea.<\/em><\/p>\n<p style=\"text-align: justify;\"><em>A pol\u00edtica p\u00fablica do GDF para qualquer tipo de controle dessa popula\u00e7\u00e3o ser\u00e1 baseada no monitoramento e na pesquisa, garantindo um equil\u00edbrio ecol\u00f3gico e a conviv\u00eancia entre os animais e os moradores. Medidas para evitar novos incidentes consistem basicamente na conscientiza\u00e7\u00e3o dos residentes em evitar espa\u00e7os com esses animais e seus pets. Retirar um animal do seu ambiente natural n\u00e3o deve ser a principal medida a ser adotada em situa\u00e7\u00f5es de conflitos pontuais, mas sim a compatibiliza\u00e7\u00e3o harmoniosa entre as partes. Este tema \u00e9 de extrema relev\u00e2ncia para a comunidade e estamos comprometidos em garantir a seguran\u00e7a e o bem-estar de todos os envolvidos\u201d.<\/em><\/p>\n","protected":false},"excerpt":{"rendered":"<p>O cachorro Trov\u00e3o, que foi atacado por capivaras no Lago Parano\u00e1 na tarde desse s\u00e1bado (8\/6), precisou passar por uma cirurgia de tr\u00eas horas para se recuperar do ferimento de 15 cent\u00edmetros nas costas causado pelas mordidas de capivaras. O c\u00e3o apresentou uma melhora significativa, mas ainda n\u00e3o tem previs\u00e3o de alta para retornar para [&hellip;]<\/p>\n","protected":false},"author":5,"featured_media":53770,"comment_status":"open","ping_status":"open","sticky":false,"template":"","format":"standard","meta":{"footnotes":""},"categories":[21],"tags":[],"class_list":{"0":"post-53733","1":"post","2":"type-post","3":"status-publish","4":"format-standard","5":"has-post-thumbnail","7":"category-brasilia"},"yoast_head":"<!-- This site is optimized with the Yoast SEO Premium plugin v24.5 (Yoast SEO v27.4) - https:\/\/yoast.com\/product\/yoast-seo-premium-wordpress\/ -->\n<title>Cachorro atacado por capivaras no DF ainda n\u00e3o tem previs\u00e3o de alta - P31<\/title>\n<meta name=\"robots\" content=\"index, follow, max-snippet:-1, max-image-preview:large, max-video-preview:-1\" \/>\n<link rel=\"canonical\" href=\"https:\/\/www.p31noticias.com.br\/?p=53733\" \/>\n<meta property=\"og:locale\" content=\"pt_BR\" \/>\n<meta property=\"og:type\" content=\"article\" \/>\n<meta property=\"og:title\" content=\"Cachorro atacado por capivaras no DF ainda n\u00e3o tem previs\u00e3o de alta\" \/>\n<meta property=\"og:description\" content=\"O cachorro Trov\u00e3o, que foi atacado por capivaras no Lago Parano\u00e1 na tarde desse s\u00e1bado (8\/6), precisou passar por uma cirurgia de tr\u00eas horas para se recuperar do ferimento de 15 cent\u00edmetros nas costas causado pelas mordidas de capivaras. O c\u00e3o apresentou uma melhora significativa, mas ainda n\u00e3o tem previs\u00e3o de alta para retornar para [&hellip;]\" \/>\n<meta property=\"og:url\" content=\"https:\/\/www.p31noticias.com.br\/?p=53733\" \/>\n<meta property=\"og:site_name\" content=\"P31\" \/>\n<meta property=\"article:published_time\" content=\"2024-06-11T00:30:13+00:00\" \/>\n<meta property=\"article:modified_time\" content=\"2024-06-11T02:43:41+00:00\" \/>\n<meta property=\"og:image\" content=\"https:\/\/www.p31noticias.com.br\/wp-content\/uploads\/2024\/06\/capi.webp\" \/>\n\t<meta property=\"og:image:width\" content=\"620\" \/>\n\t<meta property=\"og:image:height\" content=\"277\" \/>\n\t<meta property=\"og:image:type\" content=\"image\/webp\" \/>\n<meta name=\"author\" content=\"Camilly Scheffer\" \/>\n<meta name=\"twitter:card\" content=\"summary_large_image\" \/>\n<meta name=\"twitter:label1\" content=\"Escrito por\" \/>\n\t<meta name=\"twitter:data1\" content=\"Camilly Scheffer\" \/>\n\t<meta name=\"twitter:label2\" content=\"Est. tempo de leitura\" \/>\n\t<meta name=\"twitter:data2\" content=\"6 minutos\" \/>\n<script type=\"application\/ld+json\" class=\"yoast-schema-graph\">{\"@context\":\"https:\\\/\\\/schema.org\",\"@graph\":[{\"@type\":\"Article\",\"@id\":\"https:\\\/\\\/www.p31noticias.com.br\\\/?p=53733#article\",\"isPartOf\":{\"@id\":\"https:\\\/\\\/www.p31noticias.com.br\\\/?p=53733\"},\"author\":{\"name\":\"Camilly Scheffer\",\"@id\":\"https:\\\/\\\/www.p31noticias.com.br\\\/#\\\/schema\\\/person\\\/d1bb0ccbf62b27e19ea4e75696908d43\"},\"headline\":\"Cachorro atacado por capivaras no DF ainda n\u00e3o tem previs\u00e3o de alta\",\"datePublished\":\"2024-06-11T00:30:13+00:00\",\"dateModified\":\"2024-06-11T02:43:41+00:00\",\"mainEntityOfPage\":{\"@id\":\"https:\\\/\\\/www.p31noticias.com.br\\\/?p=53733\"},\"wordCount\":1306,\"commentCount\":0,\"image\":{\"@id\":\"https:\\\/\\\/www.p31noticias.com.br\\\/?p=53733#primaryimage\"},\"thumbnailUrl\":\"https:\\\/\\\/www.p31noticias.com.br\\\/wp-content\\\/uploads\\\/2024\\\/06\\\/capi.webp\",\"articleSection\":[\"Bras\u00edlia\"],\"inLanguage\":\"pt-BR\",\"potentialAction\":[{\"@type\":\"CommentAction\",\"name\":\"Comment\",\"target\":[\"https:\\\/\\\/www.p31noticias.com.br\\\/?p=53733#respond\"]}],\"copyrightYear\":\"2024\",\"copyrightHolder\":{\"@id\":\"https:\\\/\\\/www.p31noticias.com.br\\\/#organization\"}},{\"@type\":\"WebPage\",\"@id\":\"https:\\\/\\\/www.p31noticias.com.br\\\/?p=53733\",\"url\":\"https:\\\/\\\/www.p31noticias.com.br\\\/?p=53733\",\"name\":\"Cachorro atacado por capivaras no DF ainda n\u00e3o tem previs\u00e3o de alta - P31\",\"isPartOf\":{\"@id\":\"https:\\\/\\\/www.p31noticias.com.br\\\/#website\"},\"primaryImageOfPage\":{\"@id\":\"https:\\\/\\\/www.p31noticias.com.br\\\/?p=53733#primaryimage\"},\"image\":{\"@id\":\"https:\\\/\\\/www.p31noticias.com.br\\\/?p=53733#primaryimage\"},\"thumbnailUrl\":\"https:\\\/\\\/www.p31noticias.com.br\\\/wp-content\\\/uploads\\\/2024\\\/06\\\/capi.webp\",\"datePublished\":\"2024-06-11T00:30:13+00:00\",\"dateModified\":\"2024-06-11T02:43:41+00:00\",\"author\":{\"@id\":\"https:\\\/\\\/www.p31noticias.com.br\\\/#\\\/schema\\\/person\\\/d1bb0ccbf62b27e19ea4e75696908d43\"},\"breadcrumb\":{\"@id\":\"https:\\\/\\\/www.p31noticias.com.br\\\/?p=53733#breadcrumb\"},\"inLanguage\":\"pt-BR\",\"potentialAction\":[{\"@type\":\"ReadAction\",\"target\":[\"https:\\\/\\\/www.p31noticias.com.br\\\/?p=53733\"]}]},{\"@type\":\"ImageObject\",\"inLanguage\":\"pt-BR\",\"@id\":\"https:\\\/\\\/www.p31noticias.com.br\\\/?p=53733#primaryimage\",\"url\":\"https:\\\/\\\/www.p31noticias.com.br\\\/wp-content\\\/uploads\\\/2024\\\/06\\\/capi.webp\",\"contentUrl\":\"https:\\\/\\\/www.p31noticias.com.br\\\/wp-content\\\/uploads\\\/2024\\\/06\\\/capi.webp\",\"width\":620,\"height\":277},{\"@type\":\"BreadcrumbList\",\"@id\":\"https:\\\/\\\/www.p31noticias.com.br\\\/?p=53733#breadcrumb\",\"itemListElement\":[{\"@type\":\"ListItem\",\"position\":1,\"name\":\"In\u00edcio\",\"item\":\"https:\\\/\\\/www.p31noticias.com.br\\\/\"},{\"@type\":\"ListItem\",\"position\":2,\"name\":\"Cachorro atacado por capivaras no DF ainda n\u00e3o tem previs\u00e3o de alta\"}]},{\"@type\":\"WebSite\",\"@id\":\"https:\\\/\\\/www.p31noticias.com.br\\\/#website\",\"url\":\"https:\\\/\\\/www.p31noticias.com.br\\\/\",\"name\":\"P31\",\"description\":\"NOT\u00cdCIAS\",\"potentialAction\":[{\"@type\":\"SearchAction\",\"target\":{\"@type\":\"EntryPoint\",\"urlTemplate\":\"https:\\\/\\\/www.p31noticias.com.br\\\/?s={search_term_string}\"},\"query-input\":{\"@type\":\"PropertyValueSpecification\",\"valueRequired\":true,\"valueName\":\"search_term_string\"}}],\"inLanguage\":\"pt-BR\"},{\"@type\":\"Person\",\"@id\":\"https:\\\/\\\/www.p31noticias.com.br\\\/#\\\/schema\\\/person\\\/d1bb0ccbf62b27e19ea4e75696908d43\",\"name\":\"Camilly Scheffer\",\"image\":{\"@type\":\"ImageObject\",\"inLanguage\":\"pt-BR\",\"@id\":\"https:\\\/\\\/secure.gravatar.com\\\/avatar\\\/06f4704b382d241ec2670712618fccea085b2db24d7b2d3b8691d904bbc1d557?s=96&d=mm&r=g\",\"url\":\"https:\\\/\\\/secure.gravatar.com\\\/avatar\\\/06f4704b382d241ec2670712618fccea085b2db24d7b2d3b8691d904bbc1d557?s=96&d=mm&r=g\",\"contentUrl\":\"https:\\\/\\\/secure.gravatar.com\\\/avatar\\\/06f4704b382d241ec2670712618fccea085b2db24d7b2d3b8691d904bbc1d557?s=96&d=mm&r=g\",\"caption\":\"Camilly Scheffer\"},\"url\":\"https:\\\/\\\/www.p31noticias.com.br\\\/?author=5\"}]}<\/script>\n<!-- \/ Yoast SEO Premium plugin. -->","yoast_head_json":{"title":"Cachorro atacado por capivaras no DF ainda n\u00e3o tem previs\u00e3o de alta - P31","robots":{"index":"index","follow":"follow","max-snippet":"max-snippet:-1","max-image-preview":"max-image-preview:large","max-video-preview":"max-video-preview:-1"},"canonical":"https:\/\/www.p31noticias.com.br\/?p=53733","og_locale":"pt_BR","og_type":"article","og_title":"Cachorro atacado por capivaras no DF ainda n\u00e3o tem previs\u00e3o de alta","og_description":"O cachorro Trov\u00e3o, que foi atacado por capivaras no Lago Parano\u00e1 na tarde desse s\u00e1bado (8\/6), precisou passar por uma cirurgia de tr\u00eas horas para se recuperar do ferimento de 15 cent\u00edmetros nas costas causado pelas mordidas de capivaras. O c\u00e3o apresentou uma melhora significativa, mas ainda n\u00e3o tem previs\u00e3o de alta para retornar para [&hellip;]","og_url":"https:\/\/www.p31noticias.com.br\/?p=53733","og_site_name":"P31","article_published_time":"2024-06-11T00:30:13+00:00","article_modified_time":"2024-06-11T02:43:41+00:00","og_image":[{"width":620,"height":277,"url":"https:\/\/www.p31noticias.com.br\/wp-content\/uploads\/2024\/06\/capi.webp","type":"image\/webp"}],"author":"Camilly Scheffer","twitter_card":"summary_large_image","twitter_misc":{"Escrito por":"Camilly Scheffer","Est. tempo de leitura":"6 minutos"},"schema":{"@context":"https:\/\/schema.org","@graph":[{"@type":"Article","@id":"https:\/\/www.p31noticias.com.br\/?p=53733#article","isPartOf":{"@id":"https:\/\/www.p31noticias.com.br\/?p=53733"},"author":{"name":"Camilly Scheffer","@id":"https:\/\/www.p31noticias.com.br\/#\/schema\/person\/d1bb0ccbf62b27e19ea4e75696908d43"},"headline":"Cachorro atacado por capivaras no DF ainda n\u00e3o tem previs\u00e3o de alta","datePublished":"2024-06-11T00:30:13+00:00","dateModified":"2024-06-11T02:43:41+00:00","mainEntityOfPage":{"@id":"https:\/\/www.p31noticias.com.br\/?p=53733"},"wordCount":1306,"commentCount":0,"image":{"@id":"https:\/\/www.p31noticias.com.br\/?p=53733#primaryimage"},"thumbnailUrl":"https:\/\/www.p31noticias.com.br\/wp-content\/uploads\/2024\/06\/capi.webp","articleSection":["Bras\u00edlia"],"inLanguage":"pt-BR","potentialAction":[{"@type":"CommentAction","name":"Comment","target":["https:\/\/www.p31noticias.com.br\/?p=53733#respond"]}],"copyrightYear":"2024","copyrightHolder":{"@id":"https:\/\/www.p31noticias.com.br\/#organization"}},{"@type":"WebPage","@id":"https:\/\/www.p31noticias.com.br\/?p=53733","url":"https:\/\/www.p31noticias.com.br\/?p=53733","name":"Cachorro atacado por capivaras no DF ainda n\u00e3o tem previs\u00e3o de alta - P31","isPartOf":{"@id":"https:\/\/www.p31noticias.com.br\/#website"},"primaryImageOfPage":{"@id":"https:\/\/www.p31noticias.com.br\/?p=53733#primaryimage"},"image":{"@id":"https:\/\/www.p31noticias.com.br\/?p=53733#primaryimage"},"thumbnailUrl":"https:\/\/www.p31noticias.com.br\/wp-content\/uploads\/2024\/06\/capi.webp","datePublished":"2024-06-11T00:30:13+00:00","dateModified":"2024-06-11T02:43:41+00:00","author":{"@id":"https:\/\/www.p31noticias.com.br\/#\/schema\/person\/d1bb0ccbf62b27e19ea4e75696908d43"},"breadcrumb":{"@id":"https:\/\/www.p31noticias.com.br\/?p=53733#breadcrumb"},"inLanguage":"pt-BR","potentialAction":[{"@type":"ReadAction","target":["https:\/\/www.p31noticias.com.br\/?p=53733"]}]},{"@type":"ImageObject","inLanguage":"pt-BR","@id":"https:\/\/www.p31noticias.com.br\/?p=53733#primaryimage","url":"https:\/\/www.p31noticias.com.br\/wp-content\/uploads\/2024\/06\/capi.webp","contentUrl":"https:\/\/www.p31noticias.com.br\/wp-content\/uploads\/2024\/06\/capi.webp","width":620,"height":277},{"@type":"BreadcrumbList","@id":"https:\/\/www.p31noticias.com.br\/?p=53733#breadcrumb","itemListElement":[{"@type":"ListItem","position":1,"name":"In\u00edcio","item":"https:\/\/www.p31noticias.com.br\/"},{"@type":"ListItem","position":2,"name":"Cachorro atacado por capivaras no DF ainda n\u00e3o tem previs\u00e3o de alta"}]},{"@type":"WebSite","@id":"https:\/\/www.p31noticias.com.br\/#website","url":"https:\/\/www.p31noticias.com.br\/","name":"P31","description":"NOT\u00cdCIAS","potentialAction":[{"@type":"SearchAction","target":{"@type":"EntryPoint","urlTemplate":"https:\/\/www.p31noticias.com.br\/?s={search_term_string}"},"query-input":{"@type":"PropertyValueSpecification","valueRequired":true,"valueName":"search_term_string"}}],"inLanguage":"pt-BR"},{"@type":"Person","@id":"https:\/\/www.p31noticias.com.br\/#\/schema\/person\/d1bb0ccbf62b27e19ea4e75696908d43","name":"Camilly Scheffer","image":{"@type":"ImageObject","inLanguage":"pt-BR","@id":"https:\/\/secure.gravatar.com\/avatar\/06f4704b382d241ec2670712618fccea085b2db24d7b2d3b8691d904bbc1d557?s=96&d=mm&r=g","url":"https:\/\/secure.gravatar.com\/avatar\/06f4704b382d241ec2670712618fccea085b2db24d7b2d3b8691d904bbc1d557?s=96&d=mm&r=g","contentUrl":"https:\/\/secure.gravatar.com\/avatar\/06f4704b382d241ec2670712618fccea085b2db24d7b2d3b8691d904bbc1d557?s=96&d=mm&r=g","caption":"Camilly Scheffer"},"url":"https:\/\/www.p31noticias.com.br\/?author=5"}]}},"amp_enabled":true,"_links":{"self":[{"href":"https:\/\/www.p31noticias.com.br\/index.php?rest_route=\/wp\/v2\/posts\/53733","targetHints":{"allow":["GET"]}}],"collection":[{"href":"https:\/\/www.p31noticias.com.br\/index.php?rest_route=\/wp\/v2\/posts"}],"about":[{"href":"https:\/\/www.p31noticias.com.br\/index.php?rest_route=\/wp\/v2\/types\/post"}],"author":[{"embeddable":true,"href":"https:\/\/www.p31noticias.com.br\/index.php?rest_route=\/wp\/v2\/users\/5"}],"replies":[{"embeddable":true,"href":"https:\/\/www.p31noticias.com.br\/index.php?rest_route=%2Fwp%2Fv2%2Fcomments&post=53733"}],"version-history":[{"count":2,"href":"https:\/\/www.p31noticias.com.br\/index.php?rest_route=\/wp\/v2\/posts\/53733\/revisions"}],"predecessor-version":[{"id":53771,"href":"https:\/\/www.p31noticias.com.br\/index.php?rest_route=\/wp\/v2\/posts\/53733\/revisions\/53771"}],"wp:featuredmedia":[{"embeddable":true,"href":"https:\/\/www.p31noticias.com.br\/index.php?rest_route=\/wp\/v2\/media\/53770"}],"wp:attachment":[{"href":"https:\/\/www.p31noticias.com.br\/index.php?rest_route=%2Fwp%2Fv2%2Fmedia&parent=53733"}],"wp:term":[{"taxonomy":"category","embeddable":true,"href":"https:\/\/www.p31noticias.com.br\/index.php?rest_route=%2Fwp%2Fv2%2Fcategories&post=53733"},{"taxonomy":"post_tag","embeddable":true,"href":"https:\/\/www.p31noticias.com.br\/index.php?rest_route=%2Fwp%2Fv2%2Ftags&post=53733"}],"curies":[{"name":"wp","href":"https:\/\/api.w.org\/{rel}","templated":true}]}}