{"id":53706,"date":"2024-06-10T17:30:47","date_gmt":"2024-06-10T20:30:47","guid":{"rendered":"https:\/\/p31noticias.com.br\/acao-no-parque-da-cidade-tera-foco-na-protecao-a-pessoa-idosa\/"},"modified":"2024-06-10T17:30:47","modified_gmt":"2024-06-10T20:30:47","slug":"acao-no-parque-da-cidade-tera-foco-na-protecao-a-pessoa-idosa","status":"publish","type":"post","link":"https:\/\/www.p31noticias.com.br\/?p=53706","title":{"rendered":"A\u00e7\u00e3o no Parque da Cidade ter\u00e1 foco na prote\u00e7\u00e3o \u00e0 pessoa idosa"},"content":{"rendered":"<p>Em alus\u00e3o ao Dia Mundial de Conscientiza\u00e7\u00e3o e Combate \u00e0 Viol\u00eancia contra a Pessoa Idosa, a Secretaria de Justi\u00e7a e Cidadania (Sejus), por meio da Subsecretaria de Pol\u00edticas para Idosos (Subidoso), vai realizar o evento Movimente-se: Viver 60+. A a\u00e7\u00e3o que vai ocorrer no s\u00e1bado (15), no Estacionamento 13 do Parque da Cidade Sarah Kubitschek, [\u2026]<\/p>\n<p>O post <a href=\"https:\/\/www.delioandrade.com.br\/acao-no-parque-da-cidade-tera-foco-na-protecao-a-pessoa-idosa\/\">A\u00e7\u00e3o no Parque da Cidade ter\u00e1 foco na prote\u00e7\u00e3o \u00e0 pessoa idosa<\/a> apareceu primeiro em <a href=\"https:\/\/www.delioandrade.com.br\/\">Blog do D\u00c9LIO ANDRADE<\/a>.<\/p>\n","protected":false},"excerpt":{"rendered":"<p>Em alus\u00e3o ao Dia Mundial de Conscientiza\u00e7\u00e3o e Combate \u00e0 Viol\u00eancia contra a Pessoa Idosa, a Secretaria de Justi\u00e7a e Cidadania (Sejus), por meio da Subsecretaria de Pol\u00edticas para Idosos (Subidoso), vai realizar o evento Movimente-se: Viver 60+. A a\u00e7\u00e3o que vai ocorrer no s\u00e1bado (15), no Estacionamento 13 do Parque da Cidade Sarah Kubitschek, [&hellip;]<\/p>\n","protected":false},"author":0,"featured_media":53707,"comment_status":"open","ping_status":"open","sticky":false,"template":"","format":"standard","meta":{"footnotes":""},"categories":[21],"tags":[],"class_list":{"0":"post-53706","1":"post","2":"type-post","3":"status-publish","4":"format-standard","5":"has-post-thumbnail","7":"category-brasilia"},"yoast_head":"<!-- This site is optimized with the Yoast SEO Premium plugin v24.5 (Yoast SEO v27.4) - https:\/\/yoast.com\/product\/yoast-seo-premium-wordpress\/ -->\n<title>A\u00e7\u00e3o no Parque da Cidade ter\u00e1 foco na prote\u00e7\u00e3o \u00e0 pessoa idosa - P31<\/title>\n<meta name=\"robots\" content=\"index, follow, max-snippet:-1, max-image-preview:large, max-video-preview:-1\" \/>\n<link rel=\"canonical\" href=\"https:\/\/www.p31noticias.com.br\/?p=53706\" \/>\n<meta property=\"og:locale\" content=\"pt_BR\" \/>\n<meta property=\"og:type\" content=\"article\" \/>\n<meta property=\"og:title\" content=\"A\u00e7\u00e3o no Parque da Cidade ter\u00e1 foco na prote\u00e7\u00e3o \u00e0 pessoa idosa\" \/>\n<meta property=\"og:description\" content=\"Em alus\u00e3o ao Dia Mundial de Conscientiza\u00e7\u00e3o e Combate \u00e0 Viol\u00eancia contra a Pessoa Idosa, a Secretaria de Justi\u00e7a e Cidadania (Sejus), por meio da Subsecretaria de Pol\u00edticas para Idosos (Subidoso), vai realizar o evento Movimente-se: Viver 60+. A a\u00e7\u00e3o que vai ocorrer no s\u00e1bado (15), no Estacionamento 13 do Parque da Cidade Sarah Kubitschek, [&hellip;]\" \/>\n<meta property=\"og:url\" content=\"https:\/\/www.p31noticias.com.br\/?p=53706\" \/>\n<meta property=\"og:site_name\" content=\"P31\" \/>\n<meta property=\"article:published_time\" content=\"2024-06-10T20:30:47+00:00\" \/>\n<meta property=\"og:image\" content=\"https:\/\/www.p31noticias.com.br\/wp-content\/uploads\/2024\/06\/53489185584_412bb88e51_k-4bNOjm-150x150-pFcMKH.jpeg\" \/>\n\t<meta property=\"og:image:width\" content=\"150\" \/>\n\t<meta property=\"og:image:height\" content=\"150\" \/>\n\t<meta property=\"og:image:type\" content=\"image\/jpeg\" \/>\n<meta name=\"twitter:card\" content=\"summary_large_image\" \/>\n<script type=\"application\/ld+json\" class=\"yoast-schema-graph\">{\"@context\":\"https:\\\/\\\/schema.org\",\"@graph\":[{\"@type\":\"Article\",\"@id\":\"https:\\\/\\\/www.p31noticias.com.br\\\/?p=53706#article\",\"isPartOf\":{\"@id\":\"https:\\\/\\\/www.p31noticias.com.br\\\/?p=53706\"},\"author\":{\"name\":\"\",\"@id\":\"\"},\"headline\":\"A\u00e7\u00e3o no Parque da Cidade ter\u00e1 foco na prote\u00e7\u00e3o \u00e0 pessoa idosa\",\"datePublished\":\"2024-06-10T20:30:47+00:00\",\"mainEntityOfPage\":{\"@id\":\"https:\\\/\\\/www.p31noticias.com.br\\\/?p=53706\"},\"wordCount\":94,\"commentCount\":0,\"image\":{\"@id\":\"https:\\\/\\\/www.p31noticias.com.br\\\/?p=53706#primaryimage\"},\"thumbnailUrl\":\"https:\\\/\\\/www.p31noticias.com.br\\\/wp-content\\\/uploads\\\/2024\\\/06\\\/53489185584_412bb88e51_k-4bNOjm-150x150-pFcMKH.jpeg\",\"articleSection\":[\"Bras\u00edlia\"],\"inLanguage\":\"pt-BR\",\"potentialAction\":[{\"@type\":\"CommentAction\",\"name\":\"Comment\",\"target\":[\"https:\\\/\\\/www.p31noticias.com.br\\\/?p=53706#respond\"]}],\"copyrightYear\":\"2024\",\"copyrightHolder\":{\"@id\":\"https:\\\/\\\/www.p31noticias.com.br\\\/#organization\"}},{\"@type\":\"WebPage\",\"@id\":\"https:\\\/\\\/www.p31noticias.com.br\\\/?p=53706\",\"url\":\"https:\\\/\\\/www.p31noticias.com.br\\\/?p=53706\",\"name\":\"A\u00e7\u00e3o no Parque da Cidade ter\u00e1 foco na prote\u00e7\u00e3o \u00e0 pessoa idosa - P31\",\"isPartOf\":{\"@id\":\"https:\\\/\\\/www.p31noticias.com.br\\\/#website\"},\"primaryImageOfPage\":{\"@id\":\"https:\\\/\\\/www.p31noticias.com.br\\\/?p=53706#primaryimage\"},\"image\":{\"@id\":\"https:\\\/\\\/www.p31noticias.com.br\\\/?p=53706#primaryimage\"},\"thumbnailUrl\":\"https:\\\/\\\/www.p31noticias.com.br\\\/wp-content\\\/uploads\\\/2024\\\/06\\\/53489185584_412bb88e51_k-4bNOjm-150x150-pFcMKH.jpeg\",\"datePublished\":\"2024-06-10T20:30:47+00:00\",\"author\":{\"@id\":\"\"},\"breadcrumb\":{\"@id\":\"https:\\\/\\\/www.p31noticias.com.br\\\/?p=53706#breadcrumb\"},\"inLanguage\":\"pt-BR\",\"potentialAction\":[{\"@type\":\"ReadAction\",\"target\":[\"https:\\\/\\\/www.p31noticias.com.br\\\/?p=53706\"]}]},{\"@type\":\"ImageObject\",\"inLanguage\":\"pt-BR\",\"@id\":\"https:\\\/\\\/www.p31noticias.com.br\\\/?p=53706#primaryimage\",\"url\":\"https:\\\/\\\/www.p31noticias.com.br\\\/wp-content\\\/uploads\\\/2024\\\/06\\\/53489185584_412bb88e51_k-4bNOjm-150x150-pFcMKH.jpeg\",\"contentUrl\":\"https:\\\/\\\/www.p31noticias.com.br\\\/wp-content\\\/uploads\\\/2024\\\/06\\\/53489185584_412bb88e51_k-4bNOjm-150x150-pFcMKH.jpeg\",\"width\":150,\"height\":150},{\"@type\":\"BreadcrumbList\",\"@id\":\"https:\\\/\\\/www.p31noticias.com.br\\\/?p=53706#breadcrumb\",\"itemListElement\":[{\"@type\":\"ListItem\",\"position\":1,\"name\":\"In\u00edcio\",\"item\":\"https:\\\/\\\/www.p31noticias.com.br\\\/\"},{\"@type\":\"ListItem\",\"position\":2,\"name\":\"A\u00e7\u00e3o no Parque da Cidade ter\u00e1 foco na prote\u00e7\u00e3o \u00e0 pessoa idosa\"}]},{\"@type\":\"WebSite\",\"@id\":\"https:\\\/\\\/www.p31noticias.com.br\\\/#website\",\"url\":\"https:\\\/\\\/www.p31noticias.com.br\\\/\",\"name\":\"P31\",\"description\":\"NOT\u00cdCIAS\",\"potentialAction\":[{\"@type\":\"SearchAction\",\"target\":{\"@type\":\"EntryPoint\",\"urlTemplate\":\"https:\\\/\\\/www.p31noticias.com.br\\\/?s={search_term_string}\"},\"query-input\":{\"@type\":\"PropertyValueSpecification\",\"valueRequired\":true,\"valueName\":\"search_term_string\"}}],\"inLanguage\":\"pt-BR\"}]}<\/script>\n<!-- \/ Yoast SEO Premium plugin. -->","yoast_head_json":{"title":"A\u00e7\u00e3o no Parque da Cidade ter\u00e1 foco na prote\u00e7\u00e3o \u00e0 pessoa idosa - P31","robots":{"index":"index","follow":"follow","max-snippet":"max-snippet:-1","max-image-preview":"max-image-preview:large","max-video-preview":"max-video-preview:-1"},"canonical":"https:\/\/www.p31noticias.com.br\/?p=53706","og_locale":"pt_BR","og_type":"article","og_title":"A\u00e7\u00e3o no Parque da Cidade ter\u00e1 foco na prote\u00e7\u00e3o \u00e0 pessoa idosa","og_description":"Em alus\u00e3o ao Dia Mundial de Conscientiza\u00e7\u00e3o e Combate \u00e0 Viol\u00eancia contra a Pessoa Idosa, a Secretaria de Justi\u00e7a e Cidadania (Sejus), por meio da Subsecretaria de Pol\u00edticas para Idosos (Subidoso), vai realizar o evento Movimente-se: Viver 60+. A a\u00e7\u00e3o que vai ocorrer no s\u00e1bado (15), no Estacionamento 13 do Parque da Cidade Sarah Kubitschek, [&hellip;]","og_url":"https:\/\/www.p31noticias.com.br\/?p=53706","og_site_name":"P31","article_published_time":"2024-06-10T20:30:47+00:00","og_image":[{"width":150,"height":150,"url":"https:\/\/www.p31noticias.com.br\/wp-content\/uploads\/2024\/06\/53489185584_412bb88e51_k-4bNOjm-150x150-pFcMKH.jpeg","type":"image\/jpeg"}],"twitter_card":"summary_large_image","schema":{"@context":"https:\/\/schema.org","@graph":[{"@type":"Article","@id":"https:\/\/www.p31noticias.com.br\/?p=53706#article","isPartOf":{"@id":"https:\/\/www.p31noticias.com.br\/?p=53706"},"author":{"name":"","@id":""},"headline":"A\u00e7\u00e3o no Parque da Cidade ter\u00e1 foco na prote\u00e7\u00e3o \u00e0 pessoa idosa","datePublished":"2024-06-10T20:30:47+00:00","mainEntityOfPage":{"@id":"https:\/\/www.p31noticias.com.br\/?p=53706"},"wordCount":94,"commentCount":0,"image":{"@id":"https:\/\/www.p31noticias.com.br\/?p=53706#primaryimage"},"thumbnailUrl":"https:\/\/www.p31noticias.com.br\/wp-content\/uploads\/2024\/06\/53489185584_412bb88e51_k-4bNOjm-150x150-pFcMKH.jpeg","articleSection":["Bras\u00edlia"],"inLanguage":"pt-BR","potentialAction":[{"@type":"CommentAction","name":"Comment","target":["https:\/\/www.p31noticias.com.br\/?p=53706#respond"]}],"copyrightYear":"2024","copyrightHolder":{"@id":"https:\/\/www.p31noticias.com.br\/#organization"}},{"@type":"WebPage","@id":"https:\/\/www.p31noticias.com.br\/?p=53706","url":"https:\/\/www.p31noticias.com.br\/?p=53706","name":"A\u00e7\u00e3o no Parque da Cidade ter\u00e1 foco na prote\u00e7\u00e3o \u00e0 pessoa idosa - P31","isPartOf":{"@id":"https:\/\/www.p31noticias.com.br\/#website"},"primaryImageOfPage":{"@id":"https:\/\/www.p31noticias.com.br\/?p=53706#primaryimage"},"image":{"@id":"https:\/\/www.p31noticias.com.br\/?p=53706#primaryimage"},"thumbnailUrl":"https:\/\/www.p31noticias.com.br\/wp-content\/uploads\/2024\/06\/53489185584_412bb88e51_k-4bNOjm-150x150-pFcMKH.jpeg","datePublished":"2024-06-10T20:30:47+00:00","author":{"@id":""},"breadcrumb":{"@id":"https:\/\/www.p31noticias.com.br\/?p=53706#breadcrumb"},"inLanguage":"pt-BR","potentialAction":[{"@type":"ReadAction","target":["https:\/\/www.p31noticias.com.br\/?p=53706"]}]},{"@type":"ImageObject","inLanguage":"pt-BR","@id":"https:\/\/www.p31noticias.com.br\/?p=53706#primaryimage","url":"https:\/\/www.p31noticias.com.br\/wp-content\/uploads\/2024\/06\/53489185584_412bb88e51_k-4bNOjm-150x150-pFcMKH.jpeg","contentUrl":"https:\/\/www.p31noticias.com.br\/wp-content\/uploads\/2024\/06\/53489185584_412bb88e51_k-4bNOjm-150x150-pFcMKH.jpeg","width":150,"height":150},{"@type":"BreadcrumbList","@id":"https:\/\/www.p31noticias.com.br\/?p=53706#breadcrumb","itemListElement":[{"@type":"ListItem","position":1,"name":"In\u00edcio","item":"https:\/\/www.p31noticias.com.br\/"},{"@type":"ListItem","position":2,"name":"A\u00e7\u00e3o no Parque da Cidade ter\u00e1 foco na prote\u00e7\u00e3o \u00e0 pessoa idosa"}]},{"@type":"WebSite","@id":"https:\/\/www.p31noticias.com.br\/#website","url":"https:\/\/www.p31noticias.com.br\/","name":"P31","description":"NOT\u00cdCIAS","potentialAction":[{"@type":"SearchAction","target":{"@type":"EntryPoint","urlTemplate":"https:\/\/www.p31noticias.com.br\/?s={search_term_string}"},"query-input":{"@type":"PropertyValueSpecification","valueRequired":true,"valueName":"search_term_string"}}],"inLanguage":"pt-BR"}]}},"amp_enabled":true,"_links":{"self":[{"href":"https:\/\/www.p31noticias.com.br\/index.php?rest_route=\/wp\/v2\/posts\/53706","targetHints":{"allow":["GET"]}}],"collection":[{"href":"https:\/\/www.p31noticias.com.br\/index.php?rest_route=\/wp\/v2\/posts"}],"about":[{"href":"https:\/\/www.p31noticias.com.br\/index.php?rest_route=\/wp\/v2\/types\/post"}],"replies":[{"embeddable":true,"href":"https:\/\/www.p31noticias.com.br\/index.php?rest_route=%2Fwp%2Fv2%2Fcomments&post=53706"}],"version-history":[{"count":0,"href":"https:\/\/www.p31noticias.com.br\/index.php?rest_route=\/wp\/v2\/posts\/53706\/revisions"}],"wp:featuredmedia":[{"embeddable":true,"href":"https:\/\/www.p31noticias.com.br\/index.php?rest_route=\/wp\/v2\/media\/53707"}],"wp:attachment":[{"href":"https:\/\/www.p31noticias.com.br\/index.php?rest_route=%2Fwp%2Fv2%2Fmedia&parent=53706"}],"wp:term":[{"taxonomy":"category","embeddable":true,"href":"https:\/\/www.p31noticias.com.br\/index.php?rest_route=%2Fwp%2Fv2%2Fcategories&post=53706"},{"taxonomy":"post_tag","embeddable":true,"href":"https:\/\/www.p31noticias.com.br\/index.php?rest_route=%2Fwp%2Fv2%2Ftags&post=53706"}],"curies":[{"name":"wp","href":"https:\/\/api.w.org\/{rel}","templated":true}]}}