{"id":53703,"date":"2024-06-10T16:30:12","date_gmt":"2024-06-10T19:30:12","guid":{"rendered":"https:\/\/p31noticias.com.br\/controle-da-inteligencia-agu-e-camara-se-unem-contra-a-pgr-apos-acusacao-de-omissao\/"},"modified":"2024-06-10T16:30:12","modified_gmt":"2024-06-10T19:30:12","slug":"controle-da-inteligencia-agu-e-camara-se-unem-contra-a-pgr-apos-acusacao-de-omissao","status":"publish","type":"post","link":"https:\/\/www.p31noticias.com.br\/?p=53703","title":{"rendered":"Controle da intelig\u00eancia: AGU e C\u00e2mara se unem contra a PGR ap\u00f3s acusa\u00e7\u00e3o de omiss\u00e3o"},"content":{"rendered":"<p>O Supremo Tribunal Federal (STF) iniciou nesta segunda-feira (10) um debate sobre o cen\u00e1rio e os riscos para a popula\u00e7\u00e3o do uso de ferramentas de invas\u00e3o e monitoramento de dispositivos eletr\u00f4nicos pelo poder p\u00fablico no pa\u00eds. Como pano de fundo do evento, existe uma disputa no STF entre a Procuradoria-Geral da Rep\u00fablica (PGR) e o [\u2026]<\/p>\n<p>O post <a href=\"https:\/\/www.delioandrade.com.br\/controle-da-inteligencia-agu-e-camara-se-unem-contra-a-pgr-apos-acusacao-de-omissao\/\">Controle da intelig\u00eancia: AGU e C\u00e2mara se unem contra a PGR ap\u00f3s acusa\u00e7\u00e3o de omiss\u00e3o<\/a> apareceu primeiro em <a href=\"https:\/\/www.delioandrade.com.br\/\">Blog do D\u00c9LIO ANDRADE<\/a>.<\/p>\n","protected":false},"excerpt":{"rendered":"<p>O Supremo Tribunal Federal (STF) iniciou nesta segunda-feira (10) um debate sobre o cen\u00e1rio e os riscos para a popula\u00e7\u00e3o do uso de ferramentas de invas\u00e3o e monitoramento de dispositivos eletr\u00f4nicos pelo poder p\u00fablico no pa\u00eds. Como pano de fundo do evento, existe uma disputa no STF entre a Procuradoria-Geral da Rep\u00fablica (PGR) e o [&hellip;]<\/p>\n","protected":false},"author":0,"featured_media":53704,"comment_status":"open","ping_status":"open","sticky":false,"template":"","format":"standard","meta":{"footnotes":""},"categories":[21],"tags":[],"class_list":{"0":"post-53703","1":"post","2":"type-post","3":"status-publish","4":"format-standard","5":"has-post-thumbnail","7":"category-brasilia"},"yoast_head":"<!-- This site is optimized with the Yoast SEO Premium plugin v24.5 (Yoast SEO v27.4) - https:\/\/yoast.com\/product\/yoast-seo-premium-wordpress\/ -->\n<title>Controle da intelig\u00eancia: AGU e C\u00e2mara se unem contra a PGR ap\u00f3s acusa\u00e7\u00e3o de omiss\u00e3o - P31<\/title>\n<meta name=\"robots\" content=\"index, follow, max-snippet:-1, max-image-preview:large, max-video-preview:-1\" \/>\n<link rel=\"canonical\" href=\"https:\/\/www.p31noticias.com.br\/?p=53703\" \/>\n<meta property=\"og:locale\" content=\"pt_BR\" \/>\n<meta property=\"og:type\" content=\"article\" \/>\n<meta property=\"og:title\" content=\"Controle da intelig\u00eancia: AGU e C\u00e2mara se unem contra a PGR ap\u00f3s acusa\u00e7\u00e3o de omiss\u00e3o\" \/>\n<meta property=\"og:description\" content=\"O Supremo Tribunal Federal (STF) iniciou nesta segunda-feira (10) um debate sobre o cen\u00e1rio e os riscos para a popula\u00e7\u00e3o do uso de ferramentas de invas\u00e3o e monitoramento de dispositivos eletr\u00f4nicos pelo poder p\u00fablico no pa\u00eds. Como pano de fundo do evento, existe uma disputa no STF entre a Procuradoria-Geral da Rep\u00fablica (PGR) e o [&hellip;]\" \/>\n<meta property=\"og:url\" content=\"https:\/\/www.p31noticias.com.br\/?p=53703\" \/>\n<meta property=\"og:site_name\" content=\"P31\" \/>\n<meta property=\"article:published_time\" content=\"2024-06-10T19:30:12+00:00\" \/>\n<meta property=\"og:image\" content=\"https:\/\/www.p31noticias.com.br\/wp-content\/uploads\/2024\/06\/CAPA-Controle-da-inteligencia-AGU-e-Camara-se-unem-contra-a-PGR-apos-acusacao-de-omissao-mHE9ii-150x150-d0uM9w.jpeg\" \/>\n\t<meta property=\"og:image:width\" content=\"150\" \/>\n\t<meta property=\"og:image:height\" content=\"150\" \/>\n\t<meta property=\"og:image:type\" content=\"image\/jpeg\" \/>\n<meta name=\"twitter:card\" content=\"summary_large_image\" \/>\n<script type=\"application\/ld+json\" class=\"yoast-schema-graph\">{\"@context\":\"https:\\\/\\\/schema.org\",\"@graph\":[{\"@type\":\"Article\",\"@id\":\"https:\\\/\\\/www.p31noticias.com.br\\\/?p=53703#article\",\"isPartOf\":{\"@id\":\"https:\\\/\\\/www.p31noticias.com.br\\\/?p=53703\"},\"author\":{\"name\":\"\",\"@id\":\"\"},\"headline\":\"Controle da intelig\u00eancia: AGU e C\u00e2mara se unem contra a PGR ap\u00f3s acusa\u00e7\u00e3o de omiss\u00e3o\",\"datePublished\":\"2024-06-10T19:30:12+00:00\",\"mainEntityOfPage\":{\"@id\":\"https:\\\/\\\/www.p31noticias.com.br\\\/?p=53703\"},\"wordCount\":111,\"commentCount\":0,\"image\":{\"@id\":\"https:\\\/\\\/www.p31noticias.com.br\\\/?p=53703#primaryimage\"},\"thumbnailUrl\":\"https:\\\/\\\/www.p31noticias.com.br\\\/wp-content\\\/uploads\\\/2024\\\/06\\\/CAPA-Controle-da-inteligencia-AGU-e-Camara-se-unem-contra-a-PGR-apos-acusacao-de-omissao-mHE9ii-150x150-d0uM9w.jpeg\",\"articleSection\":[\"Bras\u00edlia\"],\"inLanguage\":\"pt-BR\",\"potentialAction\":[{\"@type\":\"CommentAction\",\"name\":\"Comment\",\"target\":[\"https:\\\/\\\/www.p31noticias.com.br\\\/?p=53703#respond\"]}],\"copyrightYear\":\"2024\",\"copyrightHolder\":{\"@id\":\"https:\\\/\\\/www.p31noticias.com.br\\\/#organization\"}},{\"@type\":\"WebPage\",\"@id\":\"https:\\\/\\\/www.p31noticias.com.br\\\/?p=53703\",\"url\":\"https:\\\/\\\/www.p31noticias.com.br\\\/?p=53703\",\"name\":\"Controle da intelig\u00eancia: AGU e C\u00e2mara se unem contra a PGR ap\u00f3s acusa\u00e7\u00e3o de omiss\u00e3o - P31\",\"isPartOf\":{\"@id\":\"https:\\\/\\\/www.p31noticias.com.br\\\/#website\"},\"primaryImageOfPage\":{\"@id\":\"https:\\\/\\\/www.p31noticias.com.br\\\/?p=53703#primaryimage\"},\"image\":{\"@id\":\"https:\\\/\\\/www.p31noticias.com.br\\\/?p=53703#primaryimage\"},\"thumbnailUrl\":\"https:\\\/\\\/www.p31noticias.com.br\\\/wp-content\\\/uploads\\\/2024\\\/06\\\/CAPA-Controle-da-inteligencia-AGU-e-Camara-se-unem-contra-a-PGR-apos-acusacao-de-omissao-mHE9ii-150x150-d0uM9w.jpeg\",\"datePublished\":\"2024-06-10T19:30:12+00:00\",\"author\":{\"@id\":\"\"},\"breadcrumb\":{\"@id\":\"https:\\\/\\\/www.p31noticias.com.br\\\/?p=53703#breadcrumb\"},\"inLanguage\":\"pt-BR\",\"potentialAction\":[{\"@type\":\"ReadAction\",\"target\":[\"https:\\\/\\\/www.p31noticias.com.br\\\/?p=53703\"]}]},{\"@type\":\"ImageObject\",\"inLanguage\":\"pt-BR\",\"@id\":\"https:\\\/\\\/www.p31noticias.com.br\\\/?p=53703#primaryimage\",\"url\":\"https:\\\/\\\/www.p31noticias.com.br\\\/wp-content\\\/uploads\\\/2024\\\/06\\\/CAPA-Controle-da-inteligencia-AGU-e-Camara-se-unem-contra-a-PGR-apos-acusacao-de-omissao-mHE9ii-150x150-d0uM9w.jpeg\",\"contentUrl\":\"https:\\\/\\\/www.p31noticias.com.br\\\/wp-content\\\/uploads\\\/2024\\\/06\\\/CAPA-Controle-da-inteligencia-AGU-e-Camara-se-unem-contra-a-PGR-apos-acusacao-de-omissao-mHE9ii-150x150-d0uM9w.jpeg\",\"width\":150,\"height\":150},{\"@type\":\"BreadcrumbList\",\"@id\":\"https:\\\/\\\/www.p31noticias.com.br\\\/?p=53703#breadcrumb\",\"itemListElement\":[{\"@type\":\"ListItem\",\"position\":1,\"name\":\"In\u00edcio\",\"item\":\"https:\\\/\\\/www.p31noticias.com.br\\\/\"},{\"@type\":\"ListItem\",\"position\":2,\"name\":\"Controle da intelig\u00eancia: AGU e C\u00e2mara se unem contra a PGR ap\u00f3s acusa\u00e7\u00e3o de omiss\u00e3o\"}]},{\"@type\":\"WebSite\",\"@id\":\"https:\\\/\\\/www.p31noticias.com.br\\\/#website\",\"url\":\"https:\\\/\\\/www.p31noticias.com.br\\\/\",\"name\":\"P31\",\"description\":\"NOT\u00cdCIAS\",\"potentialAction\":[{\"@type\":\"SearchAction\",\"target\":{\"@type\":\"EntryPoint\",\"urlTemplate\":\"https:\\\/\\\/www.p31noticias.com.br\\\/?s={search_term_string}\"},\"query-input\":{\"@type\":\"PropertyValueSpecification\",\"valueRequired\":true,\"valueName\":\"search_term_string\"}}],\"inLanguage\":\"pt-BR\"}]}<\/script>\n<!-- \/ Yoast SEO Premium plugin. -->","yoast_head_json":{"title":"Controle da intelig\u00eancia: AGU e C\u00e2mara se unem contra a PGR ap\u00f3s acusa\u00e7\u00e3o de omiss\u00e3o - P31","robots":{"index":"index","follow":"follow","max-snippet":"max-snippet:-1","max-image-preview":"max-image-preview:large","max-video-preview":"max-video-preview:-1"},"canonical":"https:\/\/www.p31noticias.com.br\/?p=53703","og_locale":"pt_BR","og_type":"article","og_title":"Controle da intelig\u00eancia: AGU e C\u00e2mara se unem contra a PGR ap\u00f3s acusa\u00e7\u00e3o de omiss\u00e3o","og_description":"O Supremo Tribunal Federal (STF) iniciou nesta segunda-feira (10) um debate sobre o cen\u00e1rio e os riscos para a popula\u00e7\u00e3o do uso de ferramentas de invas\u00e3o e monitoramento de dispositivos eletr\u00f4nicos pelo poder p\u00fablico no pa\u00eds. Como pano de fundo do evento, existe uma disputa no STF entre a Procuradoria-Geral da Rep\u00fablica (PGR) e o [&hellip;]","og_url":"https:\/\/www.p31noticias.com.br\/?p=53703","og_site_name":"P31","article_published_time":"2024-06-10T19:30:12+00:00","og_image":[{"width":150,"height":150,"url":"https:\/\/www.p31noticias.com.br\/wp-content\/uploads\/2024\/06\/CAPA-Controle-da-inteligencia-AGU-e-Camara-se-unem-contra-a-PGR-apos-acusacao-de-omissao-mHE9ii-150x150-d0uM9w.jpeg","type":"image\/jpeg"}],"twitter_card":"summary_large_image","schema":{"@context":"https:\/\/schema.org","@graph":[{"@type":"Article","@id":"https:\/\/www.p31noticias.com.br\/?p=53703#article","isPartOf":{"@id":"https:\/\/www.p31noticias.com.br\/?p=53703"},"author":{"name":"","@id":""},"headline":"Controle da intelig\u00eancia: AGU e C\u00e2mara se unem contra a PGR ap\u00f3s acusa\u00e7\u00e3o de omiss\u00e3o","datePublished":"2024-06-10T19:30:12+00:00","mainEntityOfPage":{"@id":"https:\/\/www.p31noticias.com.br\/?p=53703"},"wordCount":111,"commentCount":0,"image":{"@id":"https:\/\/www.p31noticias.com.br\/?p=53703#primaryimage"},"thumbnailUrl":"https:\/\/www.p31noticias.com.br\/wp-content\/uploads\/2024\/06\/CAPA-Controle-da-inteligencia-AGU-e-Camara-se-unem-contra-a-PGR-apos-acusacao-de-omissao-mHE9ii-150x150-d0uM9w.jpeg","articleSection":["Bras\u00edlia"],"inLanguage":"pt-BR","potentialAction":[{"@type":"CommentAction","name":"Comment","target":["https:\/\/www.p31noticias.com.br\/?p=53703#respond"]}],"copyrightYear":"2024","copyrightHolder":{"@id":"https:\/\/www.p31noticias.com.br\/#organization"}},{"@type":"WebPage","@id":"https:\/\/www.p31noticias.com.br\/?p=53703","url":"https:\/\/www.p31noticias.com.br\/?p=53703","name":"Controle da intelig\u00eancia: AGU e C\u00e2mara se unem contra a PGR ap\u00f3s acusa\u00e7\u00e3o de omiss\u00e3o - P31","isPartOf":{"@id":"https:\/\/www.p31noticias.com.br\/#website"},"primaryImageOfPage":{"@id":"https:\/\/www.p31noticias.com.br\/?p=53703#primaryimage"},"image":{"@id":"https:\/\/www.p31noticias.com.br\/?p=53703#primaryimage"},"thumbnailUrl":"https:\/\/www.p31noticias.com.br\/wp-content\/uploads\/2024\/06\/CAPA-Controle-da-inteligencia-AGU-e-Camara-se-unem-contra-a-PGR-apos-acusacao-de-omissao-mHE9ii-150x150-d0uM9w.jpeg","datePublished":"2024-06-10T19:30:12+00:00","author":{"@id":""},"breadcrumb":{"@id":"https:\/\/www.p31noticias.com.br\/?p=53703#breadcrumb"},"inLanguage":"pt-BR","potentialAction":[{"@type":"ReadAction","target":["https:\/\/www.p31noticias.com.br\/?p=53703"]}]},{"@type":"ImageObject","inLanguage":"pt-BR","@id":"https:\/\/www.p31noticias.com.br\/?p=53703#primaryimage","url":"https:\/\/www.p31noticias.com.br\/wp-content\/uploads\/2024\/06\/CAPA-Controle-da-inteligencia-AGU-e-Camara-se-unem-contra-a-PGR-apos-acusacao-de-omissao-mHE9ii-150x150-d0uM9w.jpeg","contentUrl":"https:\/\/www.p31noticias.com.br\/wp-content\/uploads\/2024\/06\/CAPA-Controle-da-inteligencia-AGU-e-Camara-se-unem-contra-a-PGR-apos-acusacao-de-omissao-mHE9ii-150x150-d0uM9w.jpeg","width":150,"height":150},{"@type":"BreadcrumbList","@id":"https:\/\/www.p31noticias.com.br\/?p=53703#breadcrumb","itemListElement":[{"@type":"ListItem","position":1,"name":"In\u00edcio","item":"https:\/\/www.p31noticias.com.br\/"},{"@type":"ListItem","position":2,"name":"Controle da intelig\u00eancia: AGU e C\u00e2mara se unem contra a PGR ap\u00f3s acusa\u00e7\u00e3o de omiss\u00e3o"}]},{"@type":"WebSite","@id":"https:\/\/www.p31noticias.com.br\/#website","url":"https:\/\/www.p31noticias.com.br\/","name":"P31","description":"NOT\u00cdCIAS","potentialAction":[{"@type":"SearchAction","target":{"@type":"EntryPoint","urlTemplate":"https:\/\/www.p31noticias.com.br\/?s={search_term_string}"},"query-input":{"@type":"PropertyValueSpecification","valueRequired":true,"valueName":"search_term_string"}}],"inLanguage":"pt-BR"}]}},"amp_enabled":true,"_links":{"self":[{"href":"https:\/\/www.p31noticias.com.br\/index.php?rest_route=\/wp\/v2\/posts\/53703","targetHints":{"allow":["GET"]}}],"collection":[{"href":"https:\/\/www.p31noticias.com.br\/index.php?rest_route=\/wp\/v2\/posts"}],"about":[{"href":"https:\/\/www.p31noticias.com.br\/index.php?rest_route=\/wp\/v2\/types\/post"}],"replies":[{"embeddable":true,"href":"https:\/\/www.p31noticias.com.br\/index.php?rest_route=%2Fwp%2Fv2%2Fcomments&post=53703"}],"version-history":[{"count":0,"href":"https:\/\/www.p31noticias.com.br\/index.php?rest_route=\/wp\/v2\/posts\/53703\/revisions"}],"wp:featuredmedia":[{"embeddable":true,"href":"https:\/\/www.p31noticias.com.br\/index.php?rest_route=\/wp\/v2\/media\/53704"}],"wp:attachment":[{"href":"https:\/\/www.p31noticias.com.br\/index.php?rest_route=%2Fwp%2Fv2%2Fmedia&parent=53703"}],"wp:term":[{"taxonomy":"category","embeddable":true,"href":"https:\/\/www.p31noticias.com.br\/index.php?rest_route=%2Fwp%2Fv2%2Fcategories&post=53703"},{"taxonomy":"post_tag","embeddable":true,"href":"https:\/\/www.p31noticias.com.br\/index.php?rest_route=%2Fwp%2Fv2%2Ftags&post=53703"}],"curies":[{"name":"wp","href":"https:\/\/api.w.org\/{rel}","templated":true}]}}