{"id":53681,"date":"2024-06-10T15:30:13","date_gmt":"2024-06-10T18:30:13","guid":{"rendered":"https:\/\/p31noticias.com.br\/agro-do-quadrado-producao-de-organicos-dispara-no-df-e-leva-mais-saude-a-mesa-dos-brasilienses\/"},"modified":"2024-06-10T15:30:13","modified_gmt":"2024-06-10T18:30:13","slug":"agro-do-quadrado-producao-de-organicos-dispara-no-df-e-leva-mais-saude-a-mesa-dos-brasilienses","status":"publish","type":"post","link":"https:\/\/www.p31noticias.com.br\/?p=53681","title":{"rendered":"Agro do Quadrado: produ\u00e7\u00e3o de org\u00e2nicos dispara no DF e leva mais sa\u00fade \u00e0 mesa dos brasilienses"},"content":{"rendered":"<p>Indo al\u00e9m de uma escolha baseada em sa\u00fade, o consumo de alimentos org\u00e2nicos tem rela\u00e7\u00e3o tamb\u00e9m com a prote\u00e7\u00e3o da biodiversidade e os impactos das mudan\u00e7as clim\u00e1ticas. O Distrito Federal tem disparado na produ\u00e7\u00e3o org\u00e2nica, levando alimentos mais saud\u00e1veis at\u00e9 as mesas mais vulner\u00e1veis por meio de programas sociais que fazem parcerias com os produtores [\u2026]<\/p>\n<p>O post <a href=\"https:\/\/www.delioandrade.com.br\/agro-do-quadrado-producao-de-organicos-dispara-no-df-e-leva-mais-saude-a-mesa-dos-brasilienses\/\">Agro do Quadrado: produ\u00e7\u00e3o de org\u00e2nicos dispara no DF e leva mais sa\u00fade \u00e0 mesa dos brasilienses<\/a> apareceu primeiro em <a href=\"https:\/\/www.delioandrade.com.br\/\">Blog do D\u00c9LIO ANDRADE<\/a>.<\/p>\n","protected":false},"excerpt":{"rendered":"<p>Indo al\u00e9m de uma escolha baseada em sa\u00fade, o consumo de alimentos org\u00e2nicos tem rela\u00e7\u00e3o tamb\u00e9m com a prote\u00e7\u00e3o da biodiversidade e os impactos das mudan\u00e7as clim\u00e1ticas. O Distrito Federal tem disparado na produ\u00e7\u00e3o org\u00e2nica, levando alimentos mais saud\u00e1veis at\u00e9 as mesas mais vulner\u00e1veis por meio de programas sociais que fazem parcerias com os produtores [&hellip;]<\/p>\n","protected":false},"author":0,"featured_media":53682,"comment_status":"open","ping_status":"open","sticky":false,"template":"","format":"standard","meta":{"footnotes":""},"categories":[21],"tags":[],"class_list":{"0":"post-53681","1":"post","2":"type-post","3":"status-publish","4":"format-standard","5":"has-post-thumbnail","7":"category-brasilia"},"yoast_head":"<!-- This site is optimized with the Yoast SEO Premium plugin v24.5 (Yoast SEO v27.4) - https:\/\/yoast.com\/product\/yoast-seo-premium-wordpress\/ -->\n<title>Agro do Quadrado: produ\u00e7\u00e3o de org\u00e2nicos dispara no DF e leva mais sa\u00fade \u00e0 mesa dos brasilienses - P31<\/title>\n<meta name=\"robots\" content=\"index, follow, max-snippet:-1, max-image-preview:large, max-video-preview:-1\" \/>\n<link rel=\"canonical\" href=\"https:\/\/www.p31noticias.com.br\/?p=53681\" \/>\n<meta property=\"og:locale\" content=\"pt_BR\" \/>\n<meta property=\"og:type\" content=\"article\" \/>\n<meta property=\"og:title\" content=\"Agro do Quadrado: produ\u00e7\u00e3o de org\u00e2nicos dispara no DF e leva mais sa\u00fade \u00e0 mesa dos brasilienses\" \/>\n<meta property=\"og:description\" content=\"Indo al\u00e9m de uma escolha baseada em sa\u00fade, o consumo de alimentos org\u00e2nicos tem rela\u00e7\u00e3o tamb\u00e9m com a prote\u00e7\u00e3o da biodiversidade e os impactos das mudan\u00e7as clim\u00e1ticas. O Distrito Federal tem disparado na produ\u00e7\u00e3o org\u00e2nica, levando alimentos mais saud\u00e1veis at\u00e9 as mesas mais vulner\u00e1veis por meio de programas sociais que fazem parcerias com os produtores [&hellip;]\" \/>\n<meta property=\"og:url\" content=\"https:\/\/www.p31noticias.com.br\/?p=53681\" \/>\n<meta property=\"og:site_name\" content=\"P31\" \/>\n<meta property=\"article:published_time\" content=\"2024-06-10T18:30:13+00:00\" \/>\n<meta property=\"og:image\" content=\"https:\/\/www.p31noticias.com.br\/wp-content\/uploads\/2024\/06\/Capa-21-e1718039925775-m6x7x8-150x150-Wm5hzD.jpeg\" \/>\n\t<meta property=\"og:image:width\" content=\"150\" \/>\n\t<meta property=\"og:image:height\" content=\"150\" \/>\n\t<meta property=\"og:image:type\" content=\"image\/jpeg\" \/>\n<meta name=\"twitter:card\" content=\"summary_large_image\" \/>\n<script type=\"application\/ld+json\" class=\"yoast-schema-graph\">{\"@context\":\"https:\\\/\\\/schema.org\",\"@graph\":[{\"@type\":\"Article\",\"@id\":\"https:\\\/\\\/www.p31noticias.com.br\\\/?p=53681#article\",\"isPartOf\":{\"@id\":\"https:\\\/\\\/www.p31noticias.com.br\\\/?p=53681\"},\"author\":{\"name\":\"\",\"@id\":\"\"},\"headline\":\"Agro do Quadrado: produ\u00e7\u00e3o de org\u00e2nicos dispara no DF e leva mais sa\u00fade \u00e0 mesa dos brasilienses\",\"datePublished\":\"2024-06-10T18:30:13+00:00\",\"mainEntityOfPage\":{\"@id\":\"https:\\\/\\\/www.p31noticias.com.br\\\/?p=53681\"},\"wordCount\":115,\"commentCount\":0,\"image\":{\"@id\":\"https:\\\/\\\/www.p31noticias.com.br\\\/?p=53681#primaryimage\"},\"thumbnailUrl\":\"https:\\\/\\\/www.p31noticias.com.br\\\/wp-content\\\/uploads\\\/2024\\\/06\\\/Capa-21-e1718039925775-m6x7x8-150x150-Wm5hzD.jpeg\",\"articleSection\":[\"Bras\u00edlia\"],\"inLanguage\":\"pt-BR\",\"potentialAction\":[{\"@type\":\"CommentAction\",\"name\":\"Comment\",\"target\":[\"https:\\\/\\\/www.p31noticias.com.br\\\/?p=53681#respond\"]}],\"copyrightYear\":\"2024\",\"copyrightHolder\":{\"@id\":\"https:\\\/\\\/www.p31noticias.com.br\\\/#organization\"}},{\"@type\":\"WebPage\",\"@id\":\"https:\\\/\\\/www.p31noticias.com.br\\\/?p=53681\",\"url\":\"https:\\\/\\\/www.p31noticias.com.br\\\/?p=53681\",\"name\":\"Agro do Quadrado: produ\u00e7\u00e3o de org\u00e2nicos dispara no DF e leva mais sa\u00fade \u00e0 mesa dos brasilienses - P31\",\"isPartOf\":{\"@id\":\"https:\\\/\\\/www.p31noticias.com.br\\\/#website\"},\"primaryImageOfPage\":{\"@id\":\"https:\\\/\\\/www.p31noticias.com.br\\\/?p=53681#primaryimage\"},\"image\":{\"@id\":\"https:\\\/\\\/www.p31noticias.com.br\\\/?p=53681#primaryimage\"},\"thumbnailUrl\":\"https:\\\/\\\/www.p31noticias.com.br\\\/wp-content\\\/uploads\\\/2024\\\/06\\\/Capa-21-e1718039925775-m6x7x8-150x150-Wm5hzD.jpeg\",\"datePublished\":\"2024-06-10T18:30:13+00:00\",\"author\":{\"@id\":\"\"},\"breadcrumb\":{\"@id\":\"https:\\\/\\\/www.p31noticias.com.br\\\/?p=53681#breadcrumb\"},\"inLanguage\":\"pt-BR\",\"potentialAction\":[{\"@type\":\"ReadAction\",\"target\":[\"https:\\\/\\\/www.p31noticias.com.br\\\/?p=53681\"]}]},{\"@type\":\"ImageObject\",\"inLanguage\":\"pt-BR\",\"@id\":\"https:\\\/\\\/www.p31noticias.com.br\\\/?p=53681#primaryimage\",\"url\":\"https:\\\/\\\/www.p31noticias.com.br\\\/wp-content\\\/uploads\\\/2024\\\/06\\\/Capa-21-e1718039925775-m6x7x8-150x150-Wm5hzD.jpeg\",\"contentUrl\":\"https:\\\/\\\/www.p31noticias.com.br\\\/wp-content\\\/uploads\\\/2024\\\/06\\\/Capa-21-e1718039925775-m6x7x8-150x150-Wm5hzD.jpeg\",\"width\":150,\"height\":150},{\"@type\":\"BreadcrumbList\",\"@id\":\"https:\\\/\\\/www.p31noticias.com.br\\\/?p=53681#breadcrumb\",\"itemListElement\":[{\"@type\":\"ListItem\",\"position\":1,\"name\":\"In\u00edcio\",\"item\":\"https:\\\/\\\/www.p31noticias.com.br\\\/\"},{\"@type\":\"ListItem\",\"position\":2,\"name\":\"Agro do Quadrado: produ\u00e7\u00e3o de org\u00e2nicos dispara no DF e leva mais sa\u00fade \u00e0 mesa dos brasilienses\"}]},{\"@type\":\"WebSite\",\"@id\":\"https:\\\/\\\/www.p31noticias.com.br\\\/#website\",\"url\":\"https:\\\/\\\/www.p31noticias.com.br\\\/\",\"name\":\"P31\",\"description\":\"NOT\u00cdCIAS\",\"potentialAction\":[{\"@type\":\"SearchAction\",\"target\":{\"@type\":\"EntryPoint\",\"urlTemplate\":\"https:\\\/\\\/www.p31noticias.com.br\\\/?s={search_term_string}\"},\"query-input\":{\"@type\":\"PropertyValueSpecification\",\"valueRequired\":true,\"valueName\":\"search_term_string\"}}],\"inLanguage\":\"pt-BR\"}]}<\/script>\n<!-- \/ Yoast SEO Premium plugin. -->","yoast_head_json":{"title":"Agro do Quadrado: produ\u00e7\u00e3o de org\u00e2nicos dispara no DF e leva mais sa\u00fade \u00e0 mesa dos brasilienses - P31","robots":{"index":"index","follow":"follow","max-snippet":"max-snippet:-1","max-image-preview":"max-image-preview:large","max-video-preview":"max-video-preview:-1"},"canonical":"https:\/\/www.p31noticias.com.br\/?p=53681","og_locale":"pt_BR","og_type":"article","og_title":"Agro do Quadrado: produ\u00e7\u00e3o de org\u00e2nicos dispara no DF e leva mais sa\u00fade \u00e0 mesa dos brasilienses","og_description":"Indo al\u00e9m de uma escolha baseada em sa\u00fade, o consumo de alimentos org\u00e2nicos tem rela\u00e7\u00e3o tamb\u00e9m com a prote\u00e7\u00e3o da biodiversidade e os impactos das mudan\u00e7as clim\u00e1ticas. O Distrito Federal tem disparado na produ\u00e7\u00e3o org\u00e2nica, levando alimentos mais saud\u00e1veis at\u00e9 as mesas mais vulner\u00e1veis por meio de programas sociais que fazem parcerias com os produtores [&hellip;]","og_url":"https:\/\/www.p31noticias.com.br\/?p=53681","og_site_name":"P31","article_published_time":"2024-06-10T18:30:13+00:00","og_image":[{"width":150,"height":150,"url":"https:\/\/www.p31noticias.com.br\/wp-content\/uploads\/2024\/06\/Capa-21-e1718039925775-m6x7x8-150x150-Wm5hzD.jpeg","type":"image\/jpeg"}],"twitter_card":"summary_large_image","schema":{"@context":"https:\/\/schema.org","@graph":[{"@type":"Article","@id":"https:\/\/www.p31noticias.com.br\/?p=53681#article","isPartOf":{"@id":"https:\/\/www.p31noticias.com.br\/?p=53681"},"author":{"name":"","@id":""},"headline":"Agro do Quadrado: produ\u00e7\u00e3o de org\u00e2nicos dispara no DF e leva mais sa\u00fade \u00e0 mesa dos brasilienses","datePublished":"2024-06-10T18:30:13+00:00","mainEntityOfPage":{"@id":"https:\/\/www.p31noticias.com.br\/?p=53681"},"wordCount":115,"commentCount":0,"image":{"@id":"https:\/\/www.p31noticias.com.br\/?p=53681#primaryimage"},"thumbnailUrl":"https:\/\/www.p31noticias.com.br\/wp-content\/uploads\/2024\/06\/Capa-21-e1718039925775-m6x7x8-150x150-Wm5hzD.jpeg","articleSection":["Bras\u00edlia"],"inLanguage":"pt-BR","potentialAction":[{"@type":"CommentAction","name":"Comment","target":["https:\/\/www.p31noticias.com.br\/?p=53681#respond"]}],"copyrightYear":"2024","copyrightHolder":{"@id":"https:\/\/www.p31noticias.com.br\/#organization"}},{"@type":"WebPage","@id":"https:\/\/www.p31noticias.com.br\/?p=53681","url":"https:\/\/www.p31noticias.com.br\/?p=53681","name":"Agro do Quadrado: produ\u00e7\u00e3o de org\u00e2nicos dispara no DF e leva mais sa\u00fade \u00e0 mesa dos brasilienses - P31","isPartOf":{"@id":"https:\/\/www.p31noticias.com.br\/#website"},"primaryImageOfPage":{"@id":"https:\/\/www.p31noticias.com.br\/?p=53681#primaryimage"},"image":{"@id":"https:\/\/www.p31noticias.com.br\/?p=53681#primaryimage"},"thumbnailUrl":"https:\/\/www.p31noticias.com.br\/wp-content\/uploads\/2024\/06\/Capa-21-e1718039925775-m6x7x8-150x150-Wm5hzD.jpeg","datePublished":"2024-06-10T18:30:13+00:00","author":{"@id":""},"breadcrumb":{"@id":"https:\/\/www.p31noticias.com.br\/?p=53681#breadcrumb"},"inLanguage":"pt-BR","potentialAction":[{"@type":"ReadAction","target":["https:\/\/www.p31noticias.com.br\/?p=53681"]}]},{"@type":"ImageObject","inLanguage":"pt-BR","@id":"https:\/\/www.p31noticias.com.br\/?p=53681#primaryimage","url":"https:\/\/www.p31noticias.com.br\/wp-content\/uploads\/2024\/06\/Capa-21-e1718039925775-m6x7x8-150x150-Wm5hzD.jpeg","contentUrl":"https:\/\/www.p31noticias.com.br\/wp-content\/uploads\/2024\/06\/Capa-21-e1718039925775-m6x7x8-150x150-Wm5hzD.jpeg","width":150,"height":150},{"@type":"BreadcrumbList","@id":"https:\/\/www.p31noticias.com.br\/?p=53681#breadcrumb","itemListElement":[{"@type":"ListItem","position":1,"name":"In\u00edcio","item":"https:\/\/www.p31noticias.com.br\/"},{"@type":"ListItem","position":2,"name":"Agro do Quadrado: produ\u00e7\u00e3o de org\u00e2nicos dispara no DF e leva mais sa\u00fade \u00e0 mesa dos brasilienses"}]},{"@type":"WebSite","@id":"https:\/\/www.p31noticias.com.br\/#website","url":"https:\/\/www.p31noticias.com.br\/","name":"P31","description":"NOT\u00cdCIAS","potentialAction":[{"@type":"SearchAction","target":{"@type":"EntryPoint","urlTemplate":"https:\/\/www.p31noticias.com.br\/?s={search_term_string}"},"query-input":{"@type":"PropertyValueSpecification","valueRequired":true,"valueName":"search_term_string"}}],"inLanguage":"pt-BR"}]}},"amp_enabled":true,"_links":{"self":[{"href":"https:\/\/www.p31noticias.com.br\/index.php?rest_route=\/wp\/v2\/posts\/53681","targetHints":{"allow":["GET"]}}],"collection":[{"href":"https:\/\/www.p31noticias.com.br\/index.php?rest_route=\/wp\/v2\/posts"}],"about":[{"href":"https:\/\/www.p31noticias.com.br\/index.php?rest_route=\/wp\/v2\/types\/post"}],"replies":[{"embeddable":true,"href":"https:\/\/www.p31noticias.com.br\/index.php?rest_route=%2Fwp%2Fv2%2Fcomments&post=53681"}],"version-history":[{"count":0,"href":"https:\/\/www.p31noticias.com.br\/index.php?rest_route=\/wp\/v2\/posts\/53681\/revisions"}],"wp:featuredmedia":[{"embeddable":true,"href":"https:\/\/www.p31noticias.com.br\/index.php?rest_route=\/wp\/v2\/media\/53682"}],"wp:attachment":[{"href":"https:\/\/www.p31noticias.com.br\/index.php?rest_route=%2Fwp%2Fv2%2Fmedia&parent=53681"}],"wp:term":[{"taxonomy":"category","embeddable":true,"href":"https:\/\/www.p31noticias.com.br\/index.php?rest_route=%2Fwp%2Fv2%2Fcategories&post=53681"},{"taxonomy":"post_tag","embeddable":true,"href":"https:\/\/www.p31noticias.com.br\/index.php?rest_route=%2Fwp%2Fv2%2Ftags&post=53681"}],"curies":[{"name":"wp","href":"https:\/\/api.w.org\/{rel}","templated":true}]}}