{"id":53528,"date":"2024-06-08T18:30:13","date_gmt":"2024-06-08T21:30:13","guid":{"rendered":"https:\/\/p31noticias.com.br\/preso-homem-se-gaba-de-furtar-veiculo-em-menos-de-30-segundos-video\/"},"modified":"2024-06-08T18:30:13","modified_gmt":"2024-06-08T21:30:13","slug":"preso-homem-se-gaba-de-furtar-veiculo-em-menos-de-30-segundos-video","status":"publish","type":"post","link":"https:\/\/www.p31noticias.com.br\/?p=53528","title":{"rendered":"Preso, homem se gaba de furtar ve\u00edculo em menos de 30 segundos. V\u00eddeo"},"content":{"rendered":"<p>Uma opera\u00e7\u00e3o conjunta entre a Pol\u00edcia Civil do Distrito Federal (PCDF) e a Pol\u00edcia Militar de Goi\u00e1s (PMGO) resultou na pris\u00e3o de um homem de 55 anos respons\u00e1vel por diversos crimes de furtos de ve\u00edculos no Setor Central do Gama. Conforme relatado, no momento em que foi detido e confrontado, o homem sorria e se [\u2026]<\/p>\n<p>O post <a href=\"https:\/\/www.delioandrade.com.br\/preso-homem-se-gaba-de-furtar-veiculo-em-menos-de-30-segundos-video\/\">Preso, homem se gaba de furtar ve\u00edculo em menos de 30 segundos. V\u00eddeo<\/a> apareceu primeiro em <a href=\"https:\/\/www.delioandrade.com.br\/\">Blog do D\u00c9LIO ANDRADE<\/a>.<\/p>\n","protected":false},"excerpt":{"rendered":"<p>Uma opera\u00e7\u00e3o conjunta entre a Pol\u00edcia Civil do Distrito Federal (PCDF) e a Pol\u00edcia Militar de Goi\u00e1s (PMGO) resultou na pris\u00e3o de um homem de 55 anos respons\u00e1vel por diversos crimes de furtos de ve\u00edculos no Setor Central do Gama. Conforme relatado, no momento em que foi detido e confrontado, o homem sorria e se [&hellip;]<\/p>\n","protected":false},"author":0,"featured_media":0,"comment_status":"open","ping_status":"open","sticky":false,"template":"","format":"standard","meta":{"footnotes":""},"categories":[21],"tags":[],"class_list":{"0":"post-53528","1":"post","2":"type-post","3":"status-publish","4":"format-standard","6":"category-brasilia"},"yoast_head":"<!-- This site is optimized with the Yoast SEO Premium plugin v24.5 (Yoast SEO v27.4) - https:\/\/yoast.com\/product\/yoast-seo-premium-wordpress\/ -->\n<title>Preso, homem se gaba de furtar ve\u00edculo em menos de 30 segundos. V\u00eddeo - P31<\/title>\n<meta name=\"robots\" content=\"index, follow, max-snippet:-1, max-image-preview:large, max-video-preview:-1\" \/>\n<link rel=\"canonical\" href=\"https:\/\/www.p31noticias.com.br\/?p=53528\" \/>\n<meta property=\"og:locale\" content=\"pt_BR\" \/>\n<meta property=\"og:type\" content=\"article\" \/>\n<meta property=\"og:title\" content=\"Preso, homem se gaba de furtar ve\u00edculo em menos de 30 segundos. V\u00eddeo\" \/>\n<meta property=\"og:description\" content=\"Uma opera\u00e7\u00e3o conjunta entre a Pol\u00edcia Civil do Distrito Federal (PCDF) e a Pol\u00edcia Militar de Goi\u00e1s (PMGO) resultou na pris\u00e3o de um homem de 55 anos respons\u00e1vel por diversos crimes de furtos de ve\u00edculos no Setor Central do Gama. Conforme relatado, no momento em que foi detido e confrontado, o homem sorria e se [&hellip;]\" \/>\n<meta property=\"og:url\" content=\"https:\/\/www.p31noticias.com.br\/?p=53528\" \/>\n<meta property=\"og:site_name\" content=\"P31\" \/>\n<meta property=\"article:published_time\" content=\"2024-06-08T21:30:13+00:00\" \/>\n<meta name=\"twitter:card\" content=\"summary_large_image\" \/>\n<script type=\"application\/ld+json\" class=\"yoast-schema-graph\">{\"@context\":\"https:\\\/\\\/schema.org\",\"@graph\":[{\"@type\":\"Article\",\"@id\":\"https:\\\/\\\/www.p31noticias.com.br\\\/?p=53528#article\",\"isPartOf\":{\"@id\":\"https:\\\/\\\/www.p31noticias.com.br\\\/?p=53528\"},\"author\":{\"name\":\"\",\"@id\":\"\"},\"headline\":\"Preso, homem se gaba de furtar ve\u00edculo em menos de 30 segundos. V\u00eddeo\",\"datePublished\":\"2024-06-08T21:30:13+00:00\",\"mainEntityOfPage\":{\"@id\":\"https:\\\/\\\/www.p31noticias.com.br\\\/?p=53528\"},\"wordCount\":99,\"commentCount\":0,\"articleSection\":[\"Bras\u00edlia\"],\"inLanguage\":\"pt-BR\",\"potentialAction\":[{\"@type\":\"CommentAction\",\"name\":\"Comment\",\"target\":[\"https:\\\/\\\/www.p31noticias.com.br\\\/?p=53528#respond\"]}],\"copyrightYear\":\"2024\",\"copyrightHolder\":{\"@id\":\"https:\\\/\\\/www.p31noticias.com.br\\\/#organization\"}},{\"@type\":\"WebPage\",\"@id\":\"https:\\\/\\\/www.p31noticias.com.br\\\/?p=53528\",\"url\":\"https:\\\/\\\/www.p31noticias.com.br\\\/?p=53528\",\"name\":\"Preso, homem se gaba de furtar ve\u00edculo em menos de 30 segundos. V\u00eddeo - P31\",\"isPartOf\":{\"@id\":\"https:\\\/\\\/www.p31noticias.com.br\\\/#website\"},\"datePublished\":\"2024-06-08T21:30:13+00:00\",\"author\":{\"@id\":\"\"},\"breadcrumb\":{\"@id\":\"https:\\\/\\\/www.p31noticias.com.br\\\/?p=53528#breadcrumb\"},\"inLanguage\":\"pt-BR\",\"potentialAction\":[{\"@type\":\"ReadAction\",\"target\":[\"https:\\\/\\\/www.p31noticias.com.br\\\/?p=53528\"]}]},{\"@type\":\"BreadcrumbList\",\"@id\":\"https:\\\/\\\/www.p31noticias.com.br\\\/?p=53528#breadcrumb\",\"itemListElement\":[{\"@type\":\"ListItem\",\"position\":1,\"name\":\"In\u00edcio\",\"item\":\"https:\\\/\\\/www.p31noticias.com.br\\\/\"},{\"@type\":\"ListItem\",\"position\":2,\"name\":\"Preso, homem se gaba de furtar ve\u00edculo em menos de 30 segundos. V\u00eddeo\"}]},{\"@type\":\"WebSite\",\"@id\":\"https:\\\/\\\/www.p31noticias.com.br\\\/#website\",\"url\":\"https:\\\/\\\/www.p31noticias.com.br\\\/\",\"name\":\"P31\",\"description\":\"NOT\u00cdCIAS\",\"potentialAction\":[{\"@type\":\"SearchAction\",\"target\":{\"@type\":\"EntryPoint\",\"urlTemplate\":\"https:\\\/\\\/www.p31noticias.com.br\\\/?s={search_term_string}\"},\"query-input\":{\"@type\":\"PropertyValueSpecification\",\"valueRequired\":true,\"valueName\":\"search_term_string\"}}],\"inLanguage\":\"pt-BR\"}]}<\/script>\n<!-- \/ Yoast SEO Premium plugin. -->","yoast_head_json":{"title":"Preso, homem se gaba de furtar ve\u00edculo em menos de 30 segundos. V\u00eddeo - P31","robots":{"index":"index","follow":"follow","max-snippet":"max-snippet:-1","max-image-preview":"max-image-preview:large","max-video-preview":"max-video-preview:-1"},"canonical":"https:\/\/www.p31noticias.com.br\/?p=53528","og_locale":"pt_BR","og_type":"article","og_title":"Preso, homem se gaba de furtar ve\u00edculo em menos de 30 segundos. V\u00eddeo","og_description":"Uma opera\u00e7\u00e3o conjunta entre a Pol\u00edcia Civil do Distrito Federal (PCDF) e a Pol\u00edcia Militar de Goi\u00e1s (PMGO) resultou na pris\u00e3o de um homem de 55 anos respons\u00e1vel por diversos crimes de furtos de ve\u00edculos no Setor Central do Gama. Conforme relatado, no momento em que foi detido e confrontado, o homem sorria e se [&hellip;]","og_url":"https:\/\/www.p31noticias.com.br\/?p=53528","og_site_name":"P31","article_published_time":"2024-06-08T21:30:13+00:00","twitter_card":"summary_large_image","schema":{"@context":"https:\/\/schema.org","@graph":[{"@type":"Article","@id":"https:\/\/www.p31noticias.com.br\/?p=53528#article","isPartOf":{"@id":"https:\/\/www.p31noticias.com.br\/?p=53528"},"author":{"name":"","@id":""},"headline":"Preso, homem se gaba de furtar ve\u00edculo em menos de 30 segundos. V\u00eddeo","datePublished":"2024-06-08T21:30:13+00:00","mainEntityOfPage":{"@id":"https:\/\/www.p31noticias.com.br\/?p=53528"},"wordCount":99,"commentCount":0,"articleSection":["Bras\u00edlia"],"inLanguage":"pt-BR","potentialAction":[{"@type":"CommentAction","name":"Comment","target":["https:\/\/www.p31noticias.com.br\/?p=53528#respond"]}],"copyrightYear":"2024","copyrightHolder":{"@id":"https:\/\/www.p31noticias.com.br\/#organization"}},{"@type":"WebPage","@id":"https:\/\/www.p31noticias.com.br\/?p=53528","url":"https:\/\/www.p31noticias.com.br\/?p=53528","name":"Preso, homem se gaba de furtar ve\u00edculo em menos de 30 segundos. V\u00eddeo - P31","isPartOf":{"@id":"https:\/\/www.p31noticias.com.br\/#website"},"datePublished":"2024-06-08T21:30:13+00:00","author":{"@id":""},"breadcrumb":{"@id":"https:\/\/www.p31noticias.com.br\/?p=53528#breadcrumb"},"inLanguage":"pt-BR","potentialAction":[{"@type":"ReadAction","target":["https:\/\/www.p31noticias.com.br\/?p=53528"]}]},{"@type":"BreadcrumbList","@id":"https:\/\/www.p31noticias.com.br\/?p=53528#breadcrumb","itemListElement":[{"@type":"ListItem","position":1,"name":"In\u00edcio","item":"https:\/\/www.p31noticias.com.br\/"},{"@type":"ListItem","position":2,"name":"Preso, homem se gaba de furtar ve\u00edculo em menos de 30 segundos. V\u00eddeo"}]},{"@type":"WebSite","@id":"https:\/\/www.p31noticias.com.br\/#website","url":"https:\/\/www.p31noticias.com.br\/","name":"P31","description":"NOT\u00cdCIAS","potentialAction":[{"@type":"SearchAction","target":{"@type":"EntryPoint","urlTemplate":"https:\/\/www.p31noticias.com.br\/?s={search_term_string}"},"query-input":{"@type":"PropertyValueSpecification","valueRequired":true,"valueName":"search_term_string"}}],"inLanguage":"pt-BR"}]}},"amp_enabled":true,"_links":{"self":[{"href":"https:\/\/www.p31noticias.com.br\/index.php?rest_route=\/wp\/v2\/posts\/53528","targetHints":{"allow":["GET"]}}],"collection":[{"href":"https:\/\/www.p31noticias.com.br\/index.php?rest_route=\/wp\/v2\/posts"}],"about":[{"href":"https:\/\/www.p31noticias.com.br\/index.php?rest_route=\/wp\/v2\/types\/post"}],"replies":[{"embeddable":true,"href":"https:\/\/www.p31noticias.com.br\/index.php?rest_route=%2Fwp%2Fv2%2Fcomments&post=53528"}],"version-history":[{"count":0,"href":"https:\/\/www.p31noticias.com.br\/index.php?rest_route=\/wp\/v2\/posts\/53528\/revisions"}],"wp:attachment":[{"href":"https:\/\/www.p31noticias.com.br\/index.php?rest_route=%2Fwp%2Fv2%2Fmedia&parent=53528"}],"wp:term":[{"taxonomy":"category","embeddable":true,"href":"https:\/\/www.p31noticias.com.br\/index.php?rest_route=%2Fwp%2Fv2%2Fcategories&post=53528"},{"taxonomy":"post_tag","embeddable":true,"href":"https:\/\/www.p31noticias.com.br\/index.php?rest_route=%2Fwp%2Fv2%2Ftags&post=53528"}],"curies":[{"name":"wp","href":"https:\/\/api.w.org\/{rel}","templated":true}]}}