{"id":53514,"date":"2024-06-08T15:30:09","date_gmt":"2024-06-08T18:30:09","guid":{"rendered":"https:\/\/p31noticias.com.br\/meio-ambiente-ibaneis-inaugura-1a-usina-fotovoltaica-publica-do-df\/"},"modified":"2024-06-08T15:30:09","modified_gmt":"2024-06-08T18:30:09","slug":"meio-ambiente-ibaneis-inaugura-1a-usina-fotovoltaica-publica-do-df","status":"publish","type":"post","link":"https:\/\/www.p31noticias.com.br\/?p=53514","title":{"rendered":"Meio ambiente: Ibaneis inaugura 1\u00aa usina fotovoltaica p\u00fablica do DF"},"content":{"rendered":"<p>O governador Ibaneis Rocha (MDB) inaugurou a primeira usina fotovoltaica p\u00fablica do Distrito Federal, no Parque Ecol\u00f3gico de \u00c1guas Claras, neste s\u00e1bado (8\/6). O projeto, pioneiro no Brasil, vai produzir anualmente de forma limpa 962,77 megawatts por hora (MWh). Com isso, vai economizar R$ 1 milh\u00e3o por ano para 80 pr\u00e9dios p\u00fablicos. Em resumo, a [\u2026]<\/p>\n<p>O post <a href=\"https:\/\/www.delioandrade.com.br\/meio-ambiente-ibaneis-inaugura-1a-usina-fotovoltaica-publica-do-df\/\">Meio ambiente: Ibaneis inaugura 1\u00aa usina fotovoltaica p\u00fablica do DF<\/a> apareceu primeiro em <a href=\"https:\/\/www.delioandrade.com.br\/\">Blog do D\u00c9LIO ANDRADE<\/a>.<\/p>\n","protected":false},"excerpt":{"rendered":"<p>O governador Ibaneis Rocha (MDB) inaugurou a primeira usina fotovoltaica p\u00fablica do Distrito Federal, no Parque Ecol\u00f3gico de \u00c1guas Claras, neste s\u00e1bado (8\/6). O projeto, pioneiro no Brasil, vai produzir anualmente de forma limpa 962,77 megawatts por hora (MWh). Com isso, vai economizar R$ 1 milh\u00e3o por ano para 80 pr\u00e9dios p\u00fablicos. Em resumo, a [&hellip;]<\/p>\n","protected":false},"author":0,"featured_media":0,"comment_status":"open","ping_status":"open","sticky":false,"template":"","format":"standard","meta":{"footnotes":""},"categories":[21],"tags":[],"class_list":{"0":"post-53514","1":"post","2":"type-post","3":"status-publish","4":"format-standard","6":"category-brasilia"},"yoast_head":"<!-- This site is optimized with the Yoast SEO Premium plugin v24.5 (Yoast SEO v27.4) - https:\/\/yoast.com\/product\/yoast-seo-premium-wordpress\/ -->\n<title>Meio ambiente: Ibaneis inaugura 1\u00aa usina fotovoltaica p\u00fablica do DF - P31<\/title>\n<meta name=\"robots\" content=\"index, follow, max-snippet:-1, max-image-preview:large, max-video-preview:-1\" \/>\n<link rel=\"canonical\" href=\"https:\/\/www.p31noticias.com.br\/?p=53514\" \/>\n<meta property=\"og:locale\" content=\"pt_BR\" \/>\n<meta property=\"og:type\" content=\"article\" \/>\n<meta property=\"og:title\" content=\"Meio ambiente: Ibaneis inaugura 1\u00aa usina fotovoltaica p\u00fablica do DF\" \/>\n<meta property=\"og:description\" content=\"O governador Ibaneis Rocha (MDB) inaugurou a primeira usina fotovoltaica p\u00fablica do Distrito Federal, no Parque Ecol\u00f3gico de \u00c1guas Claras, neste s\u00e1bado (8\/6). O projeto, pioneiro no Brasil, vai produzir anualmente de forma limpa 962,77 megawatts por hora (MWh). Com isso, vai economizar R$ 1 milh\u00e3o por ano para 80 pr\u00e9dios p\u00fablicos. Em resumo, a [&hellip;]\" \/>\n<meta property=\"og:url\" content=\"https:\/\/www.p31noticias.com.br\/?p=53514\" \/>\n<meta property=\"og:site_name\" content=\"P31\" \/>\n<meta property=\"article:published_time\" content=\"2024-06-08T18:30:09+00:00\" \/>\n<meta name=\"twitter:card\" content=\"summary_large_image\" \/>\n<script type=\"application\/ld+json\" class=\"yoast-schema-graph\">{\"@context\":\"https:\\\/\\\/schema.org\",\"@graph\":[{\"@type\":\"Article\",\"@id\":\"https:\\\/\\\/www.p31noticias.com.br\\\/?p=53514#article\",\"isPartOf\":{\"@id\":\"https:\\\/\\\/www.p31noticias.com.br\\\/?p=53514\"},\"author\":{\"name\":\"\",\"@id\":\"\"},\"headline\":\"Meio ambiente: Ibaneis inaugura 1\u00aa usina fotovoltaica p\u00fablica do DF\",\"datePublished\":\"2024-06-08T18:30:09+00:00\",\"mainEntityOfPage\":{\"@id\":\"https:\\\/\\\/www.p31noticias.com.br\\\/?p=53514\"},\"wordCount\":87,\"commentCount\":0,\"articleSection\":[\"Bras\u00edlia\"],\"inLanguage\":\"pt-BR\",\"potentialAction\":[{\"@type\":\"CommentAction\",\"name\":\"Comment\",\"target\":[\"https:\\\/\\\/www.p31noticias.com.br\\\/?p=53514#respond\"]}],\"copyrightYear\":\"2024\",\"copyrightHolder\":{\"@id\":\"https:\\\/\\\/www.p31noticias.com.br\\\/#organization\"}},{\"@type\":\"WebPage\",\"@id\":\"https:\\\/\\\/www.p31noticias.com.br\\\/?p=53514\",\"url\":\"https:\\\/\\\/www.p31noticias.com.br\\\/?p=53514\",\"name\":\"Meio ambiente: Ibaneis inaugura 1\u00aa usina fotovoltaica p\u00fablica do DF - P31\",\"isPartOf\":{\"@id\":\"https:\\\/\\\/www.p31noticias.com.br\\\/#website\"},\"datePublished\":\"2024-06-08T18:30:09+00:00\",\"author\":{\"@id\":\"\"},\"breadcrumb\":{\"@id\":\"https:\\\/\\\/www.p31noticias.com.br\\\/?p=53514#breadcrumb\"},\"inLanguage\":\"pt-BR\",\"potentialAction\":[{\"@type\":\"ReadAction\",\"target\":[\"https:\\\/\\\/www.p31noticias.com.br\\\/?p=53514\"]}]},{\"@type\":\"BreadcrumbList\",\"@id\":\"https:\\\/\\\/www.p31noticias.com.br\\\/?p=53514#breadcrumb\",\"itemListElement\":[{\"@type\":\"ListItem\",\"position\":1,\"name\":\"In\u00edcio\",\"item\":\"https:\\\/\\\/www.p31noticias.com.br\\\/\"},{\"@type\":\"ListItem\",\"position\":2,\"name\":\"Meio ambiente: Ibaneis inaugura 1\u00aa usina fotovoltaica p\u00fablica do DF\"}]},{\"@type\":\"WebSite\",\"@id\":\"https:\\\/\\\/www.p31noticias.com.br\\\/#website\",\"url\":\"https:\\\/\\\/www.p31noticias.com.br\\\/\",\"name\":\"P31\",\"description\":\"NOT\u00cdCIAS\",\"potentialAction\":[{\"@type\":\"SearchAction\",\"target\":{\"@type\":\"EntryPoint\",\"urlTemplate\":\"https:\\\/\\\/www.p31noticias.com.br\\\/?s={search_term_string}\"},\"query-input\":{\"@type\":\"PropertyValueSpecification\",\"valueRequired\":true,\"valueName\":\"search_term_string\"}}],\"inLanguage\":\"pt-BR\"}]}<\/script>\n<!-- \/ Yoast SEO Premium plugin. -->","yoast_head_json":{"title":"Meio ambiente: Ibaneis inaugura 1\u00aa usina fotovoltaica p\u00fablica do DF - P31","robots":{"index":"index","follow":"follow","max-snippet":"max-snippet:-1","max-image-preview":"max-image-preview:large","max-video-preview":"max-video-preview:-1"},"canonical":"https:\/\/www.p31noticias.com.br\/?p=53514","og_locale":"pt_BR","og_type":"article","og_title":"Meio ambiente: Ibaneis inaugura 1\u00aa usina fotovoltaica p\u00fablica do DF","og_description":"O governador Ibaneis Rocha (MDB) inaugurou a primeira usina fotovoltaica p\u00fablica do Distrito Federal, no Parque Ecol\u00f3gico de \u00c1guas Claras, neste s\u00e1bado (8\/6). O projeto, pioneiro no Brasil, vai produzir anualmente de forma limpa 962,77 megawatts por hora (MWh). Com isso, vai economizar R$ 1 milh\u00e3o por ano para 80 pr\u00e9dios p\u00fablicos. Em resumo, a [&hellip;]","og_url":"https:\/\/www.p31noticias.com.br\/?p=53514","og_site_name":"P31","article_published_time":"2024-06-08T18:30:09+00:00","twitter_card":"summary_large_image","schema":{"@context":"https:\/\/schema.org","@graph":[{"@type":"Article","@id":"https:\/\/www.p31noticias.com.br\/?p=53514#article","isPartOf":{"@id":"https:\/\/www.p31noticias.com.br\/?p=53514"},"author":{"name":"","@id":""},"headline":"Meio ambiente: Ibaneis inaugura 1\u00aa usina fotovoltaica p\u00fablica do DF","datePublished":"2024-06-08T18:30:09+00:00","mainEntityOfPage":{"@id":"https:\/\/www.p31noticias.com.br\/?p=53514"},"wordCount":87,"commentCount":0,"articleSection":["Bras\u00edlia"],"inLanguage":"pt-BR","potentialAction":[{"@type":"CommentAction","name":"Comment","target":["https:\/\/www.p31noticias.com.br\/?p=53514#respond"]}],"copyrightYear":"2024","copyrightHolder":{"@id":"https:\/\/www.p31noticias.com.br\/#organization"}},{"@type":"WebPage","@id":"https:\/\/www.p31noticias.com.br\/?p=53514","url":"https:\/\/www.p31noticias.com.br\/?p=53514","name":"Meio ambiente: Ibaneis inaugura 1\u00aa usina fotovoltaica p\u00fablica do DF - P31","isPartOf":{"@id":"https:\/\/www.p31noticias.com.br\/#website"},"datePublished":"2024-06-08T18:30:09+00:00","author":{"@id":""},"breadcrumb":{"@id":"https:\/\/www.p31noticias.com.br\/?p=53514#breadcrumb"},"inLanguage":"pt-BR","potentialAction":[{"@type":"ReadAction","target":["https:\/\/www.p31noticias.com.br\/?p=53514"]}]},{"@type":"BreadcrumbList","@id":"https:\/\/www.p31noticias.com.br\/?p=53514#breadcrumb","itemListElement":[{"@type":"ListItem","position":1,"name":"In\u00edcio","item":"https:\/\/www.p31noticias.com.br\/"},{"@type":"ListItem","position":2,"name":"Meio ambiente: Ibaneis inaugura 1\u00aa usina fotovoltaica p\u00fablica do DF"}]},{"@type":"WebSite","@id":"https:\/\/www.p31noticias.com.br\/#website","url":"https:\/\/www.p31noticias.com.br\/","name":"P31","description":"NOT\u00cdCIAS","potentialAction":[{"@type":"SearchAction","target":{"@type":"EntryPoint","urlTemplate":"https:\/\/www.p31noticias.com.br\/?s={search_term_string}"},"query-input":{"@type":"PropertyValueSpecification","valueRequired":true,"valueName":"search_term_string"}}],"inLanguage":"pt-BR"}]}},"amp_enabled":true,"_links":{"self":[{"href":"https:\/\/www.p31noticias.com.br\/index.php?rest_route=\/wp\/v2\/posts\/53514","targetHints":{"allow":["GET"]}}],"collection":[{"href":"https:\/\/www.p31noticias.com.br\/index.php?rest_route=\/wp\/v2\/posts"}],"about":[{"href":"https:\/\/www.p31noticias.com.br\/index.php?rest_route=\/wp\/v2\/types\/post"}],"replies":[{"embeddable":true,"href":"https:\/\/www.p31noticias.com.br\/index.php?rest_route=%2Fwp%2Fv2%2Fcomments&post=53514"}],"version-history":[{"count":0,"href":"https:\/\/www.p31noticias.com.br\/index.php?rest_route=\/wp\/v2\/posts\/53514\/revisions"}],"wp:attachment":[{"href":"https:\/\/www.p31noticias.com.br\/index.php?rest_route=%2Fwp%2Fv2%2Fmedia&parent=53514"}],"wp:term":[{"taxonomy":"category","embeddable":true,"href":"https:\/\/www.p31noticias.com.br\/index.php?rest_route=%2Fwp%2Fv2%2Fcategories&post=53514"},{"taxonomy":"post_tag","embeddable":true,"href":"https:\/\/www.p31noticias.com.br\/index.php?rest_route=%2Fwp%2Fv2%2Ftags&post=53514"}],"curies":[{"name":"wp","href":"https:\/\/api.w.org\/{rel}","templated":true}]}}