{"id":53506,"date":"2024-06-08T12:30:16","date_gmt":"2024-06-08T15:30:16","guid":{"rendered":"https:\/\/p31noticias.com.br\/gdf-mais-perto-do-cidadao-leva-servicos-essenciais-aos-moradores-de-ceilandia\/"},"modified":"2024-06-08T12:30:16","modified_gmt":"2024-06-08T15:30:16","slug":"gdf-mais-perto-do-cidadao-leva-servicos-essenciais-aos-moradores-de-ceilandia","status":"publish","type":"post","link":"https:\/\/www.p31noticias.com.br\/?p=53506","title":{"rendered":"GDF Mais Perto do Cidad\u00e3o leva servi\u00e7os essenciais aos moradores de Ceil\u00e2ndia"},"content":{"rendered":"<p>Ceil\u00e2ndia foi palco, neste s\u00e1bado (8), da 30\u00aa edi\u00e7\u00e3o do programa GDF Mais Perto do Cidad\u00e3o. A iniciativa, que visa aproximar os servi\u00e7os p\u00fablicos da popula\u00e7\u00e3o, reuniu uma s\u00e9rie de a\u00e7\u00f5es realizadas em conjunto com v\u00e1rios \u00f3rg\u00e3os do Governo do Distrito Federal (GDF).\u00a0\u00a0 Refer\u00eancia em atendimento, programa contempla necessidades da popula\u00e7\u00e3o | Fotos: Geovana Albuquerque\/Ag\u00eancia [\u2026]<\/p>\n<p>O post <a href=\"https:\/\/www.delioandrade.com.br\/gdf-mais-perto-do-cidadao-leva-servicos-essenciais-aos-moradores-de-ceilandia\/\">GDF Mais Perto do Cidad\u00e3o leva servi\u00e7os essenciais aos moradores de Ceil\u00e2ndia<\/a> apareceu primeiro em <a href=\"https:\/\/www.delioandrade.com.br\/\">Blog do D\u00c9LIO ANDRADE<\/a>.<\/p>\n","protected":false},"excerpt":{"rendered":"<p>Ceil\u00e2ndia foi palco, neste s\u00e1bado (8), da 30\u00aa edi\u00e7\u00e3o do programa GDF Mais Perto do Cidad\u00e3o. A iniciativa, que visa aproximar os servi\u00e7os p\u00fablicos da popula\u00e7\u00e3o, reuniu uma s\u00e9rie de a\u00e7\u00f5es realizadas em conjunto com v\u00e1rios \u00f3rg\u00e3os do Governo do Distrito Federal (GDF).\u00a0\u00a0 Refer\u00eancia em atendimento, programa contempla necessidades da popula\u00e7\u00e3o | Fotos: Geovana Albuquerque\/Ag\u00eancia [&hellip;]<\/p>\n","protected":false},"author":0,"featured_media":53507,"comment_status":"open","ping_status":"open","sticky":false,"template":"","format":"standard","meta":{"footnotes":""},"categories":[21],"tags":[],"class_list":{"0":"post-53506","1":"post","2":"type-post","3":"status-publish","4":"format-standard","5":"has-post-thumbnail","7":"category-brasilia"},"yoast_head":"<!-- This site is optimized with the Yoast SEO Premium plugin v24.5 (Yoast SEO v27.4) - https:\/\/yoast.com\/product\/yoast-seo-premium-wordpress\/ -->\n<title>GDF Mais Perto do Cidad\u00e3o leva servi\u00e7os essenciais aos moradores de Ceil\u00e2ndia - P31<\/title>\n<meta name=\"robots\" content=\"index, follow, max-snippet:-1, max-image-preview:large, max-video-preview:-1\" \/>\n<link rel=\"canonical\" href=\"https:\/\/www.p31noticias.com.br\/?p=53506\" \/>\n<meta property=\"og:locale\" content=\"pt_BR\" \/>\n<meta property=\"og:type\" content=\"article\" \/>\n<meta property=\"og:title\" content=\"GDF Mais Perto do Cidad\u00e3o leva servi\u00e7os essenciais aos moradores de Ceil\u00e2ndia\" \/>\n<meta property=\"og:description\" content=\"Ceil\u00e2ndia foi palco, neste s\u00e1bado (8), da 30\u00aa edi\u00e7\u00e3o do programa GDF Mais Perto do Cidad\u00e3o. A iniciativa, que visa aproximar os servi\u00e7os p\u00fablicos da popula\u00e7\u00e3o, reuniu uma s\u00e9rie de a\u00e7\u00f5es realizadas em conjunto com v\u00e1rios \u00f3rg\u00e3os do Governo do Distrito Federal (GDF).\u00a0\u00a0 Refer\u00eancia em atendimento, programa contempla necessidades da popula\u00e7\u00e3o | Fotos: Geovana Albuquerque\/Ag\u00eancia [&hellip;]\" \/>\n<meta property=\"og:url\" content=\"https:\/\/www.p31noticias.com.br\/?p=53506\" \/>\n<meta property=\"og:site_name\" content=\"P31\" \/>\n<meta property=\"article:published_time\" content=\"2024-06-08T15:30:16+00:00\" \/>\n<meta property=\"og:image\" content=\"https:\/\/www.p31noticias.com.br\/wp-content\/uploads\/2024\/06\/8.6.-GDF-Mais-Perto-do-Cidadao.-Foto-Renato-Alves-Agencia-Brasilia-spBEOh-150x150-4LZ5wC.jpeg\" \/>\n\t<meta property=\"og:image:width\" content=\"150\" \/>\n\t<meta property=\"og:image:height\" content=\"150\" \/>\n\t<meta property=\"og:image:type\" content=\"image\/jpeg\" \/>\n<meta name=\"twitter:card\" content=\"summary_large_image\" \/>\n<script type=\"application\/ld+json\" class=\"yoast-schema-graph\">{\"@context\":\"https:\\\/\\\/schema.org\",\"@graph\":[{\"@type\":\"Article\",\"@id\":\"https:\\\/\\\/www.p31noticias.com.br\\\/?p=53506#article\",\"isPartOf\":{\"@id\":\"https:\\\/\\\/www.p31noticias.com.br\\\/?p=53506\"},\"author\":{\"name\":\"\",\"@id\":\"\"},\"headline\":\"GDF Mais Perto do Cidad\u00e3o leva servi\u00e7os essenciais aos moradores de Ceil\u00e2ndia\",\"datePublished\":\"2024-06-08T15:30:16+00:00\",\"mainEntityOfPage\":{\"@id\":\"https:\\\/\\\/www.p31noticias.com.br\\\/?p=53506\"},\"wordCount\":107,\"commentCount\":0,\"image\":{\"@id\":\"https:\\\/\\\/www.p31noticias.com.br\\\/?p=53506#primaryimage\"},\"thumbnailUrl\":\"https:\\\/\\\/www.p31noticias.com.br\\\/wp-content\\\/uploads\\\/2024\\\/06\\\/8.6.-GDF-Mais-Perto-do-Cidadao.-Foto-Renato-Alves-Agencia-Brasilia-spBEOh-150x150-4LZ5wC.jpeg\",\"articleSection\":[\"Bras\u00edlia\"],\"inLanguage\":\"pt-BR\",\"potentialAction\":[{\"@type\":\"CommentAction\",\"name\":\"Comment\",\"target\":[\"https:\\\/\\\/www.p31noticias.com.br\\\/?p=53506#respond\"]}],\"copyrightYear\":\"2024\",\"copyrightHolder\":{\"@id\":\"https:\\\/\\\/www.p31noticias.com.br\\\/#organization\"}},{\"@type\":\"WebPage\",\"@id\":\"https:\\\/\\\/www.p31noticias.com.br\\\/?p=53506\",\"url\":\"https:\\\/\\\/www.p31noticias.com.br\\\/?p=53506\",\"name\":\"GDF Mais Perto do Cidad\u00e3o leva servi\u00e7os essenciais aos moradores de Ceil\u00e2ndia - P31\",\"isPartOf\":{\"@id\":\"https:\\\/\\\/www.p31noticias.com.br\\\/#website\"},\"primaryImageOfPage\":{\"@id\":\"https:\\\/\\\/www.p31noticias.com.br\\\/?p=53506#primaryimage\"},\"image\":{\"@id\":\"https:\\\/\\\/www.p31noticias.com.br\\\/?p=53506#primaryimage\"},\"thumbnailUrl\":\"https:\\\/\\\/www.p31noticias.com.br\\\/wp-content\\\/uploads\\\/2024\\\/06\\\/8.6.-GDF-Mais-Perto-do-Cidadao.-Foto-Renato-Alves-Agencia-Brasilia-spBEOh-150x150-4LZ5wC.jpeg\",\"datePublished\":\"2024-06-08T15:30:16+00:00\",\"author\":{\"@id\":\"\"},\"breadcrumb\":{\"@id\":\"https:\\\/\\\/www.p31noticias.com.br\\\/?p=53506#breadcrumb\"},\"inLanguage\":\"pt-BR\",\"potentialAction\":[{\"@type\":\"ReadAction\",\"target\":[\"https:\\\/\\\/www.p31noticias.com.br\\\/?p=53506\"]}]},{\"@type\":\"ImageObject\",\"inLanguage\":\"pt-BR\",\"@id\":\"https:\\\/\\\/www.p31noticias.com.br\\\/?p=53506#primaryimage\",\"url\":\"https:\\\/\\\/www.p31noticias.com.br\\\/wp-content\\\/uploads\\\/2024\\\/06\\\/8.6.-GDF-Mais-Perto-do-Cidadao.-Foto-Renato-Alves-Agencia-Brasilia-spBEOh-150x150-4LZ5wC.jpeg\",\"contentUrl\":\"https:\\\/\\\/www.p31noticias.com.br\\\/wp-content\\\/uploads\\\/2024\\\/06\\\/8.6.-GDF-Mais-Perto-do-Cidadao.-Foto-Renato-Alves-Agencia-Brasilia-spBEOh-150x150-4LZ5wC.jpeg\",\"width\":150,\"height\":150},{\"@type\":\"BreadcrumbList\",\"@id\":\"https:\\\/\\\/www.p31noticias.com.br\\\/?p=53506#breadcrumb\",\"itemListElement\":[{\"@type\":\"ListItem\",\"position\":1,\"name\":\"In\u00edcio\",\"item\":\"https:\\\/\\\/www.p31noticias.com.br\\\/\"},{\"@type\":\"ListItem\",\"position\":2,\"name\":\"GDF Mais Perto do Cidad\u00e3o leva servi\u00e7os essenciais aos moradores de Ceil\u00e2ndia\"}]},{\"@type\":\"WebSite\",\"@id\":\"https:\\\/\\\/www.p31noticias.com.br\\\/#website\",\"url\":\"https:\\\/\\\/www.p31noticias.com.br\\\/\",\"name\":\"P31\",\"description\":\"NOT\u00cdCIAS\",\"potentialAction\":[{\"@type\":\"SearchAction\",\"target\":{\"@type\":\"EntryPoint\",\"urlTemplate\":\"https:\\\/\\\/www.p31noticias.com.br\\\/?s={search_term_string}\"},\"query-input\":{\"@type\":\"PropertyValueSpecification\",\"valueRequired\":true,\"valueName\":\"search_term_string\"}}],\"inLanguage\":\"pt-BR\"}]}<\/script>\n<!-- \/ Yoast SEO Premium plugin. -->","yoast_head_json":{"title":"GDF Mais Perto do Cidad\u00e3o leva servi\u00e7os essenciais aos moradores de Ceil\u00e2ndia - P31","robots":{"index":"index","follow":"follow","max-snippet":"max-snippet:-1","max-image-preview":"max-image-preview:large","max-video-preview":"max-video-preview:-1"},"canonical":"https:\/\/www.p31noticias.com.br\/?p=53506","og_locale":"pt_BR","og_type":"article","og_title":"GDF Mais Perto do Cidad\u00e3o leva servi\u00e7os essenciais aos moradores de Ceil\u00e2ndia","og_description":"Ceil\u00e2ndia foi palco, neste s\u00e1bado (8), da 30\u00aa edi\u00e7\u00e3o do programa GDF Mais Perto do Cidad\u00e3o. A iniciativa, que visa aproximar os servi\u00e7os p\u00fablicos da popula\u00e7\u00e3o, reuniu uma s\u00e9rie de a\u00e7\u00f5es realizadas em conjunto com v\u00e1rios \u00f3rg\u00e3os do Governo do Distrito Federal (GDF).\u00a0\u00a0 Refer\u00eancia em atendimento, programa contempla necessidades da popula\u00e7\u00e3o | Fotos: Geovana Albuquerque\/Ag\u00eancia [&hellip;]","og_url":"https:\/\/www.p31noticias.com.br\/?p=53506","og_site_name":"P31","article_published_time":"2024-06-08T15:30:16+00:00","og_image":[{"width":150,"height":150,"url":"https:\/\/www.p31noticias.com.br\/wp-content\/uploads\/2024\/06\/8.6.-GDF-Mais-Perto-do-Cidadao.-Foto-Renato-Alves-Agencia-Brasilia-spBEOh-150x150-4LZ5wC.jpeg","type":"image\/jpeg"}],"twitter_card":"summary_large_image","schema":{"@context":"https:\/\/schema.org","@graph":[{"@type":"Article","@id":"https:\/\/www.p31noticias.com.br\/?p=53506#article","isPartOf":{"@id":"https:\/\/www.p31noticias.com.br\/?p=53506"},"author":{"name":"","@id":""},"headline":"GDF Mais Perto do Cidad\u00e3o leva servi\u00e7os essenciais aos moradores de Ceil\u00e2ndia","datePublished":"2024-06-08T15:30:16+00:00","mainEntityOfPage":{"@id":"https:\/\/www.p31noticias.com.br\/?p=53506"},"wordCount":107,"commentCount":0,"image":{"@id":"https:\/\/www.p31noticias.com.br\/?p=53506#primaryimage"},"thumbnailUrl":"https:\/\/www.p31noticias.com.br\/wp-content\/uploads\/2024\/06\/8.6.-GDF-Mais-Perto-do-Cidadao.-Foto-Renato-Alves-Agencia-Brasilia-spBEOh-150x150-4LZ5wC.jpeg","articleSection":["Bras\u00edlia"],"inLanguage":"pt-BR","potentialAction":[{"@type":"CommentAction","name":"Comment","target":["https:\/\/www.p31noticias.com.br\/?p=53506#respond"]}],"copyrightYear":"2024","copyrightHolder":{"@id":"https:\/\/www.p31noticias.com.br\/#organization"}},{"@type":"WebPage","@id":"https:\/\/www.p31noticias.com.br\/?p=53506","url":"https:\/\/www.p31noticias.com.br\/?p=53506","name":"GDF Mais Perto do Cidad\u00e3o leva servi\u00e7os essenciais aos moradores de Ceil\u00e2ndia - P31","isPartOf":{"@id":"https:\/\/www.p31noticias.com.br\/#website"},"primaryImageOfPage":{"@id":"https:\/\/www.p31noticias.com.br\/?p=53506#primaryimage"},"image":{"@id":"https:\/\/www.p31noticias.com.br\/?p=53506#primaryimage"},"thumbnailUrl":"https:\/\/www.p31noticias.com.br\/wp-content\/uploads\/2024\/06\/8.6.-GDF-Mais-Perto-do-Cidadao.-Foto-Renato-Alves-Agencia-Brasilia-spBEOh-150x150-4LZ5wC.jpeg","datePublished":"2024-06-08T15:30:16+00:00","author":{"@id":""},"breadcrumb":{"@id":"https:\/\/www.p31noticias.com.br\/?p=53506#breadcrumb"},"inLanguage":"pt-BR","potentialAction":[{"@type":"ReadAction","target":["https:\/\/www.p31noticias.com.br\/?p=53506"]}]},{"@type":"ImageObject","inLanguage":"pt-BR","@id":"https:\/\/www.p31noticias.com.br\/?p=53506#primaryimage","url":"https:\/\/www.p31noticias.com.br\/wp-content\/uploads\/2024\/06\/8.6.-GDF-Mais-Perto-do-Cidadao.-Foto-Renato-Alves-Agencia-Brasilia-spBEOh-150x150-4LZ5wC.jpeg","contentUrl":"https:\/\/www.p31noticias.com.br\/wp-content\/uploads\/2024\/06\/8.6.-GDF-Mais-Perto-do-Cidadao.-Foto-Renato-Alves-Agencia-Brasilia-spBEOh-150x150-4LZ5wC.jpeg","width":150,"height":150},{"@type":"BreadcrumbList","@id":"https:\/\/www.p31noticias.com.br\/?p=53506#breadcrumb","itemListElement":[{"@type":"ListItem","position":1,"name":"In\u00edcio","item":"https:\/\/www.p31noticias.com.br\/"},{"@type":"ListItem","position":2,"name":"GDF Mais Perto do Cidad\u00e3o leva servi\u00e7os essenciais aos moradores de Ceil\u00e2ndia"}]},{"@type":"WebSite","@id":"https:\/\/www.p31noticias.com.br\/#website","url":"https:\/\/www.p31noticias.com.br\/","name":"P31","description":"NOT\u00cdCIAS","potentialAction":[{"@type":"SearchAction","target":{"@type":"EntryPoint","urlTemplate":"https:\/\/www.p31noticias.com.br\/?s={search_term_string}"},"query-input":{"@type":"PropertyValueSpecification","valueRequired":true,"valueName":"search_term_string"}}],"inLanguage":"pt-BR"}]}},"amp_enabled":true,"_links":{"self":[{"href":"https:\/\/www.p31noticias.com.br\/index.php?rest_route=\/wp\/v2\/posts\/53506","targetHints":{"allow":["GET"]}}],"collection":[{"href":"https:\/\/www.p31noticias.com.br\/index.php?rest_route=\/wp\/v2\/posts"}],"about":[{"href":"https:\/\/www.p31noticias.com.br\/index.php?rest_route=\/wp\/v2\/types\/post"}],"replies":[{"embeddable":true,"href":"https:\/\/www.p31noticias.com.br\/index.php?rest_route=%2Fwp%2Fv2%2Fcomments&post=53506"}],"version-history":[{"count":0,"href":"https:\/\/www.p31noticias.com.br\/index.php?rest_route=\/wp\/v2\/posts\/53506\/revisions"}],"wp:featuredmedia":[{"embeddable":true,"href":"https:\/\/www.p31noticias.com.br\/index.php?rest_route=\/wp\/v2\/media\/53507"}],"wp:attachment":[{"href":"https:\/\/www.p31noticias.com.br\/index.php?rest_route=%2Fwp%2Fv2%2Fmedia&parent=53506"}],"wp:term":[{"taxonomy":"category","embeddable":true,"href":"https:\/\/www.p31noticias.com.br\/index.php?rest_route=%2Fwp%2Fv2%2Fcategories&post=53506"},{"taxonomy":"post_tag","embeddable":true,"href":"https:\/\/www.p31noticias.com.br\/index.php?rest_route=%2Fwp%2Fv2%2Ftags&post=53506"}],"curies":[{"name":"wp","href":"https:\/\/api.w.org\/{rel}","templated":true}]}}