{"id":53479,"date":"2024-06-08T04:30:10","date_gmt":"2024-06-08T07:30:10","guid":{"rendered":"https:\/\/p31noticias.com.br\/em-meio-a-guerra-bispos-da-renascer-fazem-turismo-em-israel-e-se-encontram-com-presidente\/"},"modified":"2024-06-08T04:30:10","modified_gmt":"2024-06-08T07:30:10","slug":"em-meio-a-guerra-bispos-da-renascer-fazem-turismo-em-israel-e-se-encontram-com-presidente","status":"publish","type":"post","link":"https:\/\/www.p31noticias.com.br\/?p=53479","title":{"rendered":"Em meio \u00e0 guerra, bispos da Renascer fazem turismo em Israel e se encontram com presidente"},"content":{"rendered":"<p>Viagens para Israel guiadas por pastores s\u00e3o eventos comuns entre os evang\u00e9licos brasileiros. Mas a programa\u00e7\u00e3o de uma caravana comandada pelo ap\u00f3stolo Estevam Hernandes e pela bispa S\u00f4nia Hernandes, l\u00edderes da Igreja Renascer em Cristo, chama a aten\u00e7\u00e3o pela intensa agenda pol\u00edtica.\u00a0 A visita acontece neste m\u00eas de junho \u2013 em meio \u00e0 guerra em [\u2026]<\/p>\n<p>O post <a href=\"https:\/\/www.delioandrade.com.br\/em-meio-a-guerra-bispos-da-renascer-fazem-turismo-em-israel-e-se-encontram-com-presidente\/\">Em meio \u00e0 guerra, bispos da Renascer fazem turismo em Israel e se encontram com presidente<\/a> apareceu primeiro em <a href=\"https:\/\/www.delioandrade.com.br\/\">Blog do D\u00c9LIO ANDRADE<\/a>.<\/p>\n","protected":false},"excerpt":{"rendered":"<p>Viagens para Israel guiadas por pastores s\u00e3o eventos comuns entre os evang\u00e9licos brasileiros. Mas a programa\u00e7\u00e3o de uma caravana comandada pelo ap\u00f3stolo Estevam Hernandes e pela bispa S\u00f4nia Hernandes, l\u00edderes da Igreja Renascer em Cristo, chama a aten\u00e7\u00e3o pela intensa agenda pol\u00edtica.\u00a0 A visita acontece neste m\u00eas de junho \u2013 em meio \u00e0 guerra em [&hellip;]<\/p>\n","protected":false},"author":0,"featured_media":53480,"comment_status":"open","ping_status":"open","sticky":false,"template":"","format":"standard","meta":{"footnotes":""},"categories":[21],"tags":[],"class_list":{"0":"post-53479","1":"post","2":"type-post","3":"status-publish","4":"format-standard","5":"has-post-thumbnail","7":"category-brasilia"},"yoast_head":"<!-- This site is optimized with the Yoast SEO Premium plugin v24.5 (Yoast SEO v27.4) - https:\/\/yoast.com\/product\/yoast-seo-premium-wordpress\/ -->\n<title>Em meio \u00e0 guerra, bispos da Renascer fazem turismo em Israel e se encontram com presidente - P31<\/title>\n<meta name=\"robots\" content=\"index, follow, max-snippet:-1, max-image-preview:large, max-video-preview:-1\" \/>\n<link rel=\"canonical\" href=\"https:\/\/www.p31noticias.com.br\/?p=53479\" \/>\n<meta property=\"og:locale\" content=\"pt_BR\" \/>\n<meta property=\"og:type\" content=\"article\" \/>\n<meta property=\"og:title\" content=\"Em meio \u00e0 guerra, bispos da Renascer fazem turismo em Israel e se encontram com presidente\" \/>\n<meta property=\"og:description\" content=\"Viagens para Israel guiadas por pastores s\u00e3o eventos comuns entre os evang\u00e9licos brasileiros. Mas a programa\u00e7\u00e3o de uma caravana comandada pelo ap\u00f3stolo Estevam Hernandes e pela bispa S\u00f4nia Hernandes, l\u00edderes da Igreja Renascer em Cristo, chama a aten\u00e7\u00e3o pela intensa agenda pol\u00edtica.\u00a0 A visita acontece neste m\u00eas de junho \u2013 em meio \u00e0 guerra em [&hellip;]\" \/>\n<meta property=\"og:url\" content=\"https:\/\/www.p31noticias.com.br\/?p=53479\" \/>\n<meta property=\"og:site_name\" content=\"P31\" \/>\n<meta property=\"article:published_time\" content=\"2024-06-08T07:30:10+00:00\" \/>\n<meta property=\"og:image\" content=\"https:\/\/www.p31noticias.com.br\/wp-content\/uploads\/2024\/06\/Capa_Em-meio-a-guerra-bispos-da-Renascer-fazem-turismo-em-Israel-e-se-encontram-com-presidente-C368wo-150x150-xOprn3.jpeg\" \/>\n\t<meta property=\"og:image:width\" content=\"150\" \/>\n\t<meta property=\"og:image:height\" content=\"150\" \/>\n\t<meta property=\"og:image:type\" content=\"image\/jpeg\" \/>\n<meta name=\"twitter:card\" content=\"summary_large_image\" \/>\n<script type=\"application\/ld+json\" class=\"yoast-schema-graph\">{\"@context\":\"https:\\\/\\\/schema.org\",\"@graph\":[{\"@type\":\"Article\",\"@id\":\"https:\\\/\\\/www.p31noticias.com.br\\\/?p=53479#article\",\"isPartOf\":{\"@id\":\"https:\\\/\\\/www.p31noticias.com.br\\\/?p=53479\"},\"author\":{\"name\":\"\",\"@id\":\"\"},\"headline\":\"Em meio \u00e0 guerra, bispos da Renascer fazem turismo em Israel e se encontram com presidente\",\"datePublished\":\"2024-06-08T07:30:10+00:00\",\"mainEntityOfPage\":{\"@id\":\"https:\\\/\\\/www.p31noticias.com.br\\\/?p=53479\"},\"wordCount\":102,\"commentCount\":0,\"image\":{\"@id\":\"https:\\\/\\\/www.p31noticias.com.br\\\/?p=53479#primaryimage\"},\"thumbnailUrl\":\"https:\\\/\\\/www.p31noticias.com.br\\\/wp-content\\\/uploads\\\/2024\\\/06\\\/Capa_Em-meio-a-guerra-bispos-da-Renascer-fazem-turismo-em-Israel-e-se-encontram-com-presidente-C368wo-150x150-xOprn3.jpeg\",\"articleSection\":[\"Bras\u00edlia\"],\"inLanguage\":\"pt-BR\",\"potentialAction\":[{\"@type\":\"CommentAction\",\"name\":\"Comment\",\"target\":[\"https:\\\/\\\/www.p31noticias.com.br\\\/?p=53479#respond\"]}],\"copyrightYear\":\"2024\",\"copyrightHolder\":{\"@id\":\"https:\\\/\\\/www.p31noticias.com.br\\\/#organization\"}},{\"@type\":\"WebPage\",\"@id\":\"https:\\\/\\\/www.p31noticias.com.br\\\/?p=53479\",\"url\":\"https:\\\/\\\/www.p31noticias.com.br\\\/?p=53479\",\"name\":\"Em meio \u00e0 guerra, bispos da Renascer fazem turismo em Israel e se encontram com presidente - P31\",\"isPartOf\":{\"@id\":\"https:\\\/\\\/www.p31noticias.com.br\\\/#website\"},\"primaryImageOfPage\":{\"@id\":\"https:\\\/\\\/www.p31noticias.com.br\\\/?p=53479#primaryimage\"},\"image\":{\"@id\":\"https:\\\/\\\/www.p31noticias.com.br\\\/?p=53479#primaryimage\"},\"thumbnailUrl\":\"https:\\\/\\\/www.p31noticias.com.br\\\/wp-content\\\/uploads\\\/2024\\\/06\\\/Capa_Em-meio-a-guerra-bispos-da-Renascer-fazem-turismo-em-Israel-e-se-encontram-com-presidente-C368wo-150x150-xOprn3.jpeg\",\"datePublished\":\"2024-06-08T07:30:10+00:00\",\"author\":{\"@id\":\"\"},\"breadcrumb\":{\"@id\":\"https:\\\/\\\/www.p31noticias.com.br\\\/?p=53479#breadcrumb\"},\"inLanguage\":\"pt-BR\",\"potentialAction\":[{\"@type\":\"ReadAction\",\"target\":[\"https:\\\/\\\/www.p31noticias.com.br\\\/?p=53479\"]}]},{\"@type\":\"ImageObject\",\"inLanguage\":\"pt-BR\",\"@id\":\"https:\\\/\\\/www.p31noticias.com.br\\\/?p=53479#primaryimage\",\"url\":\"https:\\\/\\\/www.p31noticias.com.br\\\/wp-content\\\/uploads\\\/2024\\\/06\\\/Capa_Em-meio-a-guerra-bispos-da-Renascer-fazem-turismo-em-Israel-e-se-encontram-com-presidente-C368wo-150x150-xOprn3.jpeg\",\"contentUrl\":\"https:\\\/\\\/www.p31noticias.com.br\\\/wp-content\\\/uploads\\\/2024\\\/06\\\/Capa_Em-meio-a-guerra-bispos-da-Renascer-fazem-turismo-em-Israel-e-se-encontram-com-presidente-C368wo-150x150-xOprn3.jpeg\",\"width\":150,\"height\":150},{\"@type\":\"BreadcrumbList\",\"@id\":\"https:\\\/\\\/www.p31noticias.com.br\\\/?p=53479#breadcrumb\",\"itemListElement\":[{\"@type\":\"ListItem\",\"position\":1,\"name\":\"In\u00edcio\",\"item\":\"https:\\\/\\\/www.p31noticias.com.br\\\/\"},{\"@type\":\"ListItem\",\"position\":2,\"name\":\"Em meio \u00e0 guerra, bispos da Renascer fazem turismo em Israel e se encontram com presidente\"}]},{\"@type\":\"WebSite\",\"@id\":\"https:\\\/\\\/www.p31noticias.com.br\\\/#website\",\"url\":\"https:\\\/\\\/www.p31noticias.com.br\\\/\",\"name\":\"P31\",\"description\":\"NOT\u00cdCIAS\",\"potentialAction\":[{\"@type\":\"SearchAction\",\"target\":{\"@type\":\"EntryPoint\",\"urlTemplate\":\"https:\\\/\\\/www.p31noticias.com.br\\\/?s={search_term_string}\"},\"query-input\":{\"@type\":\"PropertyValueSpecification\",\"valueRequired\":true,\"valueName\":\"search_term_string\"}}],\"inLanguage\":\"pt-BR\"}]}<\/script>\n<!-- \/ Yoast SEO Premium plugin. -->","yoast_head_json":{"title":"Em meio \u00e0 guerra, bispos da Renascer fazem turismo em Israel e se encontram com presidente - P31","robots":{"index":"index","follow":"follow","max-snippet":"max-snippet:-1","max-image-preview":"max-image-preview:large","max-video-preview":"max-video-preview:-1"},"canonical":"https:\/\/www.p31noticias.com.br\/?p=53479","og_locale":"pt_BR","og_type":"article","og_title":"Em meio \u00e0 guerra, bispos da Renascer fazem turismo em Israel e se encontram com presidente","og_description":"Viagens para Israel guiadas por pastores s\u00e3o eventos comuns entre os evang\u00e9licos brasileiros. Mas a programa\u00e7\u00e3o de uma caravana comandada pelo ap\u00f3stolo Estevam Hernandes e pela bispa S\u00f4nia Hernandes, l\u00edderes da Igreja Renascer em Cristo, chama a aten\u00e7\u00e3o pela intensa agenda pol\u00edtica.\u00a0 A visita acontece neste m\u00eas de junho \u2013 em meio \u00e0 guerra em [&hellip;]","og_url":"https:\/\/www.p31noticias.com.br\/?p=53479","og_site_name":"P31","article_published_time":"2024-06-08T07:30:10+00:00","og_image":[{"width":150,"height":150,"url":"https:\/\/www.p31noticias.com.br\/wp-content\/uploads\/2024\/06\/Capa_Em-meio-a-guerra-bispos-da-Renascer-fazem-turismo-em-Israel-e-se-encontram-com-presidente-C368wo-150x150-xOprn3.jpeg","type":"image\/jpeg"}],"twitter_card":"summary_large_image","schema":{"@context":"https:\/\/schema.org","@graph":[{"@type":"Article","@id":"https:\/\/www.p31noticias.com.br\/?p=53479#article","isPartOf":{"@id":"https:\/\/www.p31noticias.com.br\/?p=53479"},"author":{"name":"","@id":""},"headline":"Em meio \u00e0 guerra, bispos da Renascer fazem turismo em Israel e se encontram com presidente","datePublished":"2024-06-08T07:30:10+00:00","mainEntityOfPage":{"@id":"https:\/\/www.p31noticias.com.br\/?p=53479"},"wordCount":102,"commentCount":0,"image":{"@id":"https:\/\/www.p31noticias.com.br\/?p=53479#primaryimage"},"thumbnailUrl":"https:\/\/www.p31noticias.com.br\/wp-content\/uploads\/2024\/06\/Capa_Em-meio-a-guerra-bispos-da-Renascer-fazem-turismo-em-Israel-e-se-encontram-com-presidente-C368wo-150x150-xOprn3.jpeg","articleSection":["Bras\u00edlia"],"inLanguage":"pt-BR","potentialAction":[{"@type":"CommentAction","name":"Comment","target":["https:\/\/www.p31noticias.com.br\/?p=53479#respond"]}],"copyrightYear":"2024","copyrightHolder":{"@id":"https:\/\/www.p31noticias.com.br\/#organization"}},{"@type":"WebPage","@id":"https:\/\/www.p31noticias.com.br\/?p=53479","url":"https:\/\/www.p31noticias.com.br\/?p=53479","name":"Em meio \u00e0 guerra, bispos da Renascer fazem turismo em Israel e se encontram com presidente - P31","isPartOf":{"@id":"https:\/\/www.p31noticias.com.br\/#website"},"primaryImageOfPage":{"@id":"https:\/\/www.p31noticias.com.br\/?p=53479#primaryimage"},"image":{"@id":"https:\/\/www.p31noticias.com.br\/?p=53479#primaryimage"},"thumbnailUrl":"https:\/\/www.p31noticias.com.br\/wp-content\/uploads\/2024\/06\/Capa_Em-meio-a-guerra-bispos-da-Renascer-fazem-turismo-em-Israel-e-se-encontram-com-presidente-C368wo-150x150-xOprn3.jpeg","datePublished":"2024-06-08T07:30:10+00:00","author":{"@id":""},"breadcrumb":{"@id":"https:\/\/www.p31noticias.com.br\/?p=53479#breadcrumb"},"inLanguage":"pt-BR","potentialAction":[{"@type":"ReadAction","target":["https:\/\/www.p31noticias.com.br\/?p=53479"]}]},{"@type":"ImageObject","inLanguage":"pt-BR","@id":"https:\/\/www.p31noticias.com.br\/?p=53479#primaryimage","url":"https:\/\/www.p31noticias.com.br\/wp-content\/uploads\/2024\/06\/Capa_Em-meio-a-guerra-bispos-da-Renascer-fazem-turismo-em-Israel-e-se-encontram-com-presidente-C368wo-150x150-xOprn3.jpeg","contentUrl":"https:\/\/www.p31noticias.com.br\/wp-content\/uploads\/2024\/06\/Capa_Em-meio-a-guerra-bispos-da-Renascer-fazem-turismo-em-Israel-e-se-encontram-com-presidente-C368wo-150x150-xOprn3.jpeg","width":150,"height":150},{"@type":"BreadcrumbList","@id":"https:\/\/www.p31noticias.com.br\/?p=53479#breadcrumb","itemListElement":[{"@type":"ListItem","position":1,"name":"In\u00edcio","item":"https:\/\/www.p31noticias.com.br\/"},{"@type":"ListItem","position":2,"name":"Em meio \u00e0 guerra, bispos da Renascer fazem turismo em Israel e se encontram com presidente"}]},{"@type":"WebSite","@id":"https:\/\/www.p31noticias.com.br\/#website","url":"https:\/\/www.p31noticias.com.br\/","name":"P31","description":"NOT\u00cdCIAS","potentialAction":[{"@type":"SearchAction","target":{"@type":"EntryPoint","urlTemplate":"https:\/\/www.p31noticias.com.br\/?s={search_term_string}"},"query-input":{"@type":"PropertyValueSpecification","valueRequired":true,"valueName":"search_term_string"}}],"inLanguage":"pt-BR"}]}},"amp_enabled":true,"_links":{"self":[{"href":"https:\/\/www.p31noticias.com.br\/index.php?rest_route=\/wp\/v2\/posts\/53479","targetHints":{"allow":["GET"]}}],"collection":[{"href":"https:\/\/www.p31noticias.com.br\/index.php?rest_route=\/wp\/v2\/posts"}],"about":[{"href":"https:\/\/www.p31noticias.com.br\/index.php?rest_route=\/wp\/v2\/types\/post"}],"replies":[{"embeddable":true,"href":"https:\/\/www.p31noticias.com.br\/index.php?rest_route=%2Fwp%2Fv2%2Fcomments&post=53479"}],"version-history":[{"count":0,"href":"https:\/\/www.p31noticias.com.br\/index.php?rest_route=\/wp\/v2\/posts\/53479\/revisions"}],"wp:featuredmedia":[{"embeddable":true,"href":"https:\/\/www.p31noticias.com.br\/index.php?rest_route=\/wp\/v2\/media\/53480"}],"wp:attachment":[{"href":"https:\/\/www.p31noticias.com.br\/index.php?rest_route=%2Fwp%2Fv2%2Fmedia&parent=53479"}],"wp:term":[{"taxonomy":"category","embeddable":true,"href":"https:\/\/www.p31noticias.com.br\/index.php?rest_route=%2Fwp%2Fv2%2Fcategories&post=53479"},{"taxonomy":"post_tag","embeddable":true,"href":"https:\/\/www.p31noticias.com.br\/index.php?rest_route=%2Fwp%2Fv2%2Ftags&post=53479"}],"curies":[{"name":"wp","href":"https:\/\/api.w.org\/{rel}","templated":true}]}}