{"id":53440,"date":"2024-06-07T19:30:49","date_gmt":"2024-06-07T22:30:49","guid":{"rendered":"https:\/\/p31noticias.com.br\/adolescente-e-morta-a-facadas-e-jogada-em-cisterna-no-entorno-do-df\/"},"modified":"2024-06-07T19:30:49","modified_gmt":"2024-06-07T22:30:49","slug":"adolescente-e-morta-a-facadas-e-jogada-em-cisterna-no-entorno-do-df","status":"publish","type":"post","link":"https:\/\/www.p31noticias.com.br\/?p=53440","title":{"rendered":"Adolescente \u00e9 morta a facadas e jogada em cisterna no Entorno do DF"},"content":{"rendered":"<p>O corpo de uma adolescente foi encontrado dentro de uma cisterna no bairro Jardim Paquet\u00e1, em Planaltina de Goi\u00e1s, na noite dessa quinta-feira (6\/6). Anna Carolina Silva, 15 anos, estava desaparecida havia 10 dias. O cad\u00e1ver da jovem apresentava ferimentos no pesco\u00e7o, possivelmente causados por facadas. Ela tamb\u00e9m teve as mamas, uma perna e uma [\u2026]<\/p>\n<p>O post <a href=\"https:\/\/www.delioandrade.com.br\/adolescente-e-morta-a-facadas-e-jogada-em-cisterna-no-entorno-do-df\/\">Adolescente \u00e9 morta a facadas e jogada em cisterna no Entorno do DF<\/a> apareceu primeiro em <a href=\"https:\/\/www.delioandrade.com.br\/\">Blog do D\u00c9LIO ANDRADE<\/a>.<\/p>\n","protected":false},"excerpt":{"rendered":"<p>O corpo de uma adolescente foi encontrado dentro de uma cisterna no bairro Jardim Paquet\u00e1, em Planaltina de Goi\u00e1s, na noite dessa quinta-feira (6\/6). Anna Carolina Silva, 15 anos, estava desaparecida havia 10 dias. O cad\u00e1ver da jovem apresentava ferimentos no pesco\u00e7o, possivelmente causados por facadas. Ela tamb\u00e9m teve as mamas, uma perna e uma [&hellip;]<\/p>\n","protected":false},"author":0,"featured_media":53441,"comment_status":"open","ping_status":"open","sticky":false,"template":"","format":"standard","meta":{"footnotes":""},"categories":[21],"tags":[],"class_list":{"0":"post-53440","1":"post","2":"type-post","3":"status-publish","4":"format-standard","5":"has-post-thumbnail","7":"category-brasilia"},"yoast_head":"<!-- This site is optimized with the Yoast SEO Premium plugin v24.5 (Yoast SEO v27.5) - https:\/\/yoast.com\/product\/yoast-seo-premium-wordpress\/ -->\n<title>Adolescente \u00e9 morta a facadas e jogada em cisterna no Entorno do DF - P31<\/title>\n<meta name=\"robots\" content=\"index, follow, max-snippet:-1, max-image-preview:large, max-video-preview:-1\" \/>\n<link rel=\"canonical\" href=\"https:\/\/www.p31noticias.com.br\/?p=53440\" \/>\n<meta property=\"og:locale\" content=\"pt_BR\" \/>\n<meta property=\"og:type\" content=\"article\" \/>\n<meta property=\"og:title\" content=\"Adolescente \u00e9 morta a facadas e jogada em cisterna no Entorno do DF\" \/>\n<meta property=\"og:description\" content=\"O corpo de uma adolescente foi encontrado dentro de uma cisterna no bairro Jardim Paquet\u00e1, em Planaltina de Goi\u00e1s, na noite dessa quinta-feira (6\/6). Anna Carolina Silva, 15 anos, estava desaparecida havia 10 dias. O cad\u00e1ver da jovem apresentava ferimentos no pesco\u00e7o, possivelmente causados por facadas. Ela tamb\u00e9m teve as mamas, uma perna e uma [&hellip;]\" \/>\n<meta property=\"og:url\" content=\"https:\/\/www.p31noticias.com.br\/?p=53440\" \/>\n<meta property=\"og:site_name\" content=\"P31\" \/>\n<meta property=\"article:published_time\" content=\"2024-06-07T22:30:49+00:00\" \/>\n<meta property=\"og:image\" content=\"https:\/\/www.p31noticias.com.br\/wp-content\/uploads\/2024\/06\/Adolescente-e-morta-a-facadas-e-jogada-em-cisterna-no-Entorno-do-DF-D9v03F-150x150-ic3c6P.jpeg\" \/>\n\t<meta property=\"og:image:width\" content=\"150\" \/>\n\t<meta property=\"og:image:height\" content=\"150\" \/>\n\t<meta property=\"og:image:type\" content=\"image\/jpeg\" \/>\n<meta name=\"twitter:card\" content=\"summary_large_image\" \/>\n<script type=\"application\/ld+json\" class=\"yoast-schema-graph\">{\"@context\":\"https:\\\/\\\/schema.org\",\"@graph\":[{\"@type\":\"Article\",\"@id\":\"https:\\\/\\\/www.p31noticias.com.br\\\/?p=53440#article\",\"isPartOf\":{\"@id\":\"https:\\\/\\\/www.p31noticias.com.br\\\/?p=53440\"},\"author\":{\"name\":\"\",\"@id\":\"\"},\"headline\":\"Adolescente \u00e9 morta a facadas e jogada em cisterna no Entorno do DF\",\"datePublished\":\"2024-06-07T22:30:49+00:00\",\"mainEntityOfPage\":{\"@id\":\"https:\\\/\\\/www.p31noticias.com.br\\\/?p=53440\"},\"wordCount\":90,\"commentCount\":0,\"image\":{\"@id\":\"https:\\\/\\\/www.p31noticias.com.br\\\/?p=53440#primaryimage\"},\"thumbnailUrl\":\"https:\\\/\\\/www.p31noticias.com.br\\\/wp-content\\\/uploads\\\/2024\\\/06\\\/Adolescente-e-morta-a-facadas-e-jogada-em-cisterna-no-Entorno-do-DF-D9v03F-150x150-ic3c6P.jpeg\",\"articleSection\":[\"Bras\u00edlia\"],\"inLanguage\":\"pt-BR\",\"potentialAction\":[{\"@type\":\"CommentAction\",\"name\":\"Comment\",\"target\":[\"https:\\\/\\\/www.p31noticias.com.br\\\/?p=53440#respond\"]}],\"copyrightYear\":\"2024\",\"copyrightHolder\":{\"@id\":\"https:\\\/\\\/www.p31noticias.com.br\\\/#organization\"}},{\"@type\":\"WebPage\",\"@id\":\"https:\\\/\\\/www.p31noticias.com.br\\\/?p=53440\",\"url\":\"https:\\\/\\\/www.p31noticias.com.br\\\/?p=53440\",\"name\":\"Adolescente \u00e9 morta a facadas e jogada em cisterna no Entorno do DF - P31\",\"isPartOf\":{\"@id\":\"https:\\\/\\\/www.p31noticias.com.br\\\/#website\"},\"primaryImageOfPage\":{\"@id\":\"https:\\\/\\\/www.p31noticias.com.br\\\/?p=53440#primaryimage\"},\"image\":{\"@id\":\"https:\\\/\\\/www.p31noticias.com.br\\\/?p=53440#primaryimage\"},\"thumbnailUrl\":\"https:\\\/\\\/www.p31noticias.com.br\\\/wp-content\\\/uploads\\\/2024\\\/06\\\/Adolescente-e-morta-a-facadas-e-jogada-em-cisterna-no-Entorno-do-DF-D9v03F-150x150-ic3c6P.jpeg\",\"datePublished\":\"2024-06-07T22:30:49+00:00\",\"author\":{\"@id\":\"\"},\"breadcrumb\":{\"@id\":\"https:\\\/\\\/www.p31noticias.com.br\\\/?p=53440#breadcrumb\"},\"inLanguage\":\"pt-BR\",\"potentialAction\":[{\"@type\":\"ReadAction\",\"target\":[\"https:\\\/\\\/www.p31noticias.com.br\\\/?p=53440\"]}]},{\"@type\":\"ImageObject\",\"inLanguage\":\"pt-BR\",\"@id\":\"https:\\\/\\\/www.p31noticias.com.br\\\/?p=53440#primaryimage\",\"url\":\"https:\\\/\\\/www.p31noticias.com.br\\\/wp-content\\\/uploads\\\/2024\\\/06\\\/Adolescente-e-morta-a-facadas-e-jogada-em-cisterna-no-Entorno-do-DF-D9v03F-150x150-ic3c6P.jpeg\",\"contentUrl\":\"https:\\\/\\\/www.p31noticias.com.br\\\/wp-content\\\/uploads\\\/2024\\\/06\\\/Adolescente-e-morta-a-facadas-e-jogada-em-cisterna-no-Entorno-do-DF-D9v03F-150x150-ic3c6P.jpeg\",\"width\":150,\"height\":150},{\"@type\":\"BreadcrumbList\",\"@id\":\"https:\\\/\\\/www.p31noticias.com.br\\\/?p=53440#breadcrumb\",\"itemListElement\":[{\"@type\":\"ListItem\",\"position\":1,\"name\":\"In\u00edcio\",\"item\":\"https:\\\/\\\/www.p31noticias.com.br\\\/\"},{\"@type\":\"ListItem\",\"position\":2,\"name\":\"Adolescente \u00e9 morta a facadas e jogada em cisterna no Entorno do DF\"}]},{\"@type\":\"WebSite\",\"@id\":\"https:\\\/\\\/www.p31noticias.com.br\\\/#website\",\"url\":\"https:\\\/\\\/www.p31noticias.com.br\\\/\",\"name\":\"P31\",\"description\":\"NOT\u00cdCIAS\",\"potentialAction\":[{\"@type\":\"SearchAction\",\"target\":{\"@type\":\"EntryPoint\",\"urlTemplate\":\"https:\\\/\\\/www.p31noticias.com.br\\\/?s={search_term_string}\"},\"query-input\":{\"@type\":\"PropertyValueSpecification\",\"valueRequired\":true,\"valueName\":\"search_term_string\"}}],\"inLanguage\":\"pt-BR\"}]}<\/script>\n<!-- \/ Yoast SEO Premium plugin. -->","yoast_head_json":{"title":"Adolescente \u00e9 morta a facadas e jogada em cisterna no Entorno do DF - P31","robots":{"index":"index","follow":"follow","max-snippet":"max-snippet:-1","max-image-preview":"max-image-preview:large","max-video-preview":"max-video-preview:-1"},"canonical":"https:\/\/www.p31noticias.com.br\/?p=53440","og_locale":"pt_BR","og_type":"article","og_title":"Adolescente \u00e9 morta a facadas e jogada em cisterna no Entorno do DF","og_description":"O corpo de uma adolescente foi encontrado dentro de uma cisterna no bairro Jardim Paquet\u00e1, em Planaltina de Goi\u00e1s, na noite dessa quinta-feira (6\/6). Anna Carolina Silva, 15 anos, estava desaparecida havia 10 dias. O cad\u00e1ver da jovem apresentava ferimentos no pesco\u00e7o, possivelmente causados por facadas. Ela tamb\u00e9m teve as mamas, uma perna e uma [&hellip;]","og_url":"https:\/\/www.p31noticias.com.br\/?p=53440","og_site_name":"P31","article_published_time":"2024-06-07T22:30:49+00:00","og_image":[{"width":150,"height":150,"url":"https:\/\/www.p31noticias.com.br\/wp-content\/uploads\/2024\/06\/Adolescente-e-morta-a-facadas-e-jogada-em-cisterna-no-Entorno-do-DF-D9v03F-150x150-ic3c6P.jpeg","type":"image\/jpeg"}],"twitter_card":"summary_large_image","schema":{"@context":"https:\/\/schema.org","@graph":[{"@type":"Article","@id":"https:\/\/www.p31noticias.com.br\/?p=53440#article","isPartOf":{"@id":"https:\/\/www.p31noticias.com.br\/?p=53440"},"author":{"name":"","@id":""},"headline":"Adolescente \u00e9 morta a facadas e jogada em cisterna no Entorno do DF","datePublished":"2024-06-07T22:30:49+00:00","mainEntityOfPage":{"@id":"https:\/\/www.p31noticias.com.br\/?p=53440"},"wordCount":90,"commentCount":0,"image":{"@id":"https:\/\/www.p31noticias.com.br\/?p=53440#primaryimage"},"thumbnailUrl":"https:\/\/www.p31noticias.com.br\/wp-content\/uploads\/2024\/06\/Adolescente-e-morta-a-facadas-e-jogada-em-cisterna-no-Entorno-do-DF-D9v03F-150x150-ic3c6P.jpeg","articleSection":["Bras\u00edlia"],"inLanguage":"pt-BR","potentialAction":[{"@type":"CommentAction","name":"Comment","target":["https:\/\/www.p31noticias.com.br\/?p=53440#respond"]}],"copyrightYear":"2024","copyrightHolder":{"@id":"https:\/\/www.p31noticias.com.br\/#organization"}},{"@type":"WebPage","@id":"https:\/\/www.p31noticias.com.br\/?p=53440","url":"https:\/\/www.p31noticias.com.br\/?p=53440","name":"Adolescente \u00e9 morta a facadas e jogada em cisterna no Entorno do DF - P31","isPartOf":{"@id":"https:\/\/www.p31noticias.com.br\/#website"},"primaryImageOfPage":{"@id":"https:\/\/www.p31noticias.com.br\/?p=53440#primaryimage"},"image":{"@id":"https:\/\/www.p31noticias.com.br\/?p=53440#primaryimage"},"thumbnailUrl":"https:\/\/www.p31noticias.com.br\/wp-content\/uploads\/2024\/06\/Adolescente-e-morta-a-facadas-e-jogada-em-cisterna-no-Entorno-do-DF-D9v03F-150x150-ic3c6P.jpeg","datePublished":"2024-06-07T22:30:49+00:00","author":{"@id":""},"breadcrumb":{"@id":"https:\/\/www.p31noticias.com.br\/?p=53440#breadcrumb"},"inLanguage":"pt-BR","potentialAction":[{"@type":"ReadAction","target":["https:\/\/www.p31noticias.com.br\/?p=53440"]}]},{"@type":"ImageObject","inLanguage":"pt-BR","@id":"https:\/\/www.p31noticias.com.br\/?p=53440#primaryimage","url":"https:\/\/www.p31noticias.com.br\/wp-content\/uploads\/2024\/06\/Adolescente-e-morta-a-facadas-e-jogada-em-cisterna-no-Entorno-do-DF-D9v03F-150x150-ic3c6P.jpeg","contentUrl":"https:\/\/www.p31noticias.com.br\/wp-content\/uploads\/2024\/06\/Adolescente-e-morta-a-facadas-e-jogada-em-cisterna-no-Entorno-do-DF-D9v03F-150x150-ic3c6P.jpeg","width":150,"height":150},{"@type":"BreadcrumbList","@id":"https:\/\/www.p31noticias.com.br\/?p=53440#breadcrumb","itemListElement":[{"@type":"ListItem","position":1,"name":"In\u00edcio","item":"https:\/\/www.p31noticias.com.br\/"},{"@type":"ListItem","position":2,"name":"Adolescente \u00e9 morta a facadas e jogada em cisterna no Entorno do DF"}]},{"@type":"WebSite","@id":"https:\/\/www.p31noticias.com.br\/#website","url":"https:\/\/www.p31noticias.com.br\/","name":"P31","description":"NOT\u00cdCIAS","potentialAction":[{"@type":"SearchAction","target":{"@type":"EntryPoint","urlTemplate":"https:\/\/www.p31noticias.com.br\/?s={search_term_string}"},"query-input":{"@type":"PropertyValueSpecification","valueRequired":true,"valueName":"search_term_string"}}],"inLanguage":"pt-BR"}]}},"amp_enabled":true,"_links":{"self":[{"href":"https:\/\/www.p31noticias.com.br\/index.php?rest_route=\/wp\/v2\/posts\/53440","targetHints":{"allow":["GET"]}}],"collection":[{"href":"https:\/\/www.p31noticias.com.br\/index.php?rest_route=\/wp\/v2\/posts"}],"about":[{"href":"https:\/\/www.p31noticias.com.br\/index.php?rest_route=\/wp\/v2\/types\/post"}],"replies":[{"embeddable":true,"href":"https:\/\/www.p31noticias.com.br\/index.php?rest_route=%2Fwp%2Fv2%2Fcomments&post=53440"}],"version-history":[{"count":0,"href":"https:\/\/www.p31noticias.com.br\/index.php?rest_route=\/wp\/v2\/posts\/53440\/revisions"}],"wp:featuredmedia":[{"embeddable":true,"href":"https:\/\/www.p31noticias.com.br\/index.php?rest_route=\/wp\/v2\/media\/53441"}],"wp:attachment":[{"href":"https:\/\/www.p31noticias.com.br\/index.php?rest_route=%2Fwp%2Fv2%2Fmedia&parent=53440"}],"wp:term":[{"taxonomy":"category","embeddable":true,"href":"https:\/\/www.p31noticias.com.br\/index.php?rest_route=%2Fwp%2Fv2%2Fcategories&post=53440"},{"taxonomy":"post_tag","embeddable":true,"href":"https:\/\/www.p31noticias.com.br\/index.php?rest_route=%2Fwp%2Fv2%2Ftags&post=53440"}],"curies":[{"name":"wp","href":"https:\/\/api.w.org\/{rel}","templated":true}]}}