{"id":53388,"date":"2024-06-07T15:30:33","date_gmt":"2024-06-07T18:30:33","guid":{"rendered":"https:\/\/p31noticias.com.br\/mais-de-10-mil-alunos-se-formam-no-qualifica-df\/"},"modified":"2024-06-07T15:30:33","modified_gmt":"2024-06-07T18:30:33","slug":"mais-de-10-mil-alunos-se-formam-no-qualifica-df","status":"publish","type":"post","link":"https:\/\/www.p31noticias.com.br\/?p=53388","title":{"rendered":"Mais de 10 mil alunos se formam no Qualifica DF"},"content":{"rendered":"<p>A Secretaria de Desenvolvimento Econ\u00f4mico, Trabalho e Renda do DF (Sedet-DF) entregou, na noite desta quinta-feira (6), o certificado para 10.587 formandos do programa Qualifica DF. O programa capacitou profissionais em diversos cursos, como auxiliar de farm\u00e1cia, assistente administrativo, atendente de consult\u00f3rio m\u00e9dico e dent\u00e1rio, atendente de farm\u00e1cia, assistente administrativo e auxiliar de contabilidade, entre [\u2026]<\/p>\n<p>O post <a href=\"https:\/\/www.delioandrade.com.br\/mais-de-10-mil-alunos-se-formam-no-qualifica-df\/\">Mais de 10 mil alunos se formam no Qualifica DF<\/a> apareceu primeiro em <a href=\"https:\/\/www.delioandrade.com.br\/\">Blog do D\u00c9LIO ANDRADE<\/a>.<\/p>\n","protected":false},"excerpt":{"rendered":"<p>A Secretaria de Desenvolvimento Econ\u00f4mico, Trabalho e Renda do DF (Sedet-DF) entregou, na noite desta quinta-feira (6), o certificado para 10.587 formandos do programa Qualifica DF. O programa capacitou profissionais em diversos cursos, como auxiliar de farm\u00e1cia, assistente administrativo, atendente de consult\u00f3rio m\u00e9dico e dent\u00e1rio, atendente de farm\u00e1cia, assistente administrativo e auxiliar de contabilidade, entre [&hellip;]<\/p>\n","protected":false},"author":0,"featured_media":53389,"comment_status":"open","ping_status":"open","sticky":false,"template":"","format":"standard","meta":{"footnotes":""},"categories":[21],"tags":[],"class_list":{"0":"post-53388","1":"post","2":"type-post","3":"status-publish","4":"format-standard","5":"has-post-thumbnail","7":"category-brasilia"},"yoast_head":"<!-- This site is optimized with the Yoast SEO Premium plugin v24.5 (Yoast SEO v27.5) - https:\/\/yoast.com\/product\/yoast-seo-premium-wordpress\/ -->\n<title>Mais de 10 mil alunos se formam no Qualifica DF - P31<\/title>\n<meta name=\"robots\" content=\"index, follow, max-snippet:-1, max-image-preview:large, max-video-preview:-1\" \/>\n<link rel=\"canonical\" href=\"https:\/\/www.p31noticias.com.br\/?p=53388\" \/>\n<meta property=\"og:locale\" content=\"pt_BR\" \/>\n<meta property=\"og:type\" content=\"article\" \/>\n<meta property=\"og:title\" content=\"Mais de 10 mil alunos se formam no Qualifica DF\" \/>\n<meta property=\"og:description\" content=\"A Secretaria de Desenvolvimento Econ\u00f4mico, Trabalho e Renda do DF (Sedet-DF) entregou, na noite desta quinta-feira (6), o certificado para 10.587 formandos do programa Qualifica DF. O programa capacitou profissionais em diversos cursos, como auxiliar de farm\u00e1cia, assistente administrativo, atendente de consult\u00f3rio m\u00e9dico e dent\u00e1rio, atendente de farm\u00e1cia, assistente administrativo e auxiliar de contabilidade, entre [&hellip;]\" \/>\n<meta property=\"og:url\" content=\"https:\/\/www.p31noticias.com.br\/?p=53388\" \/>\n<meta property=\"og:site_name\" content=\"P31\" \/>\n<meta property=\"article:published_time\" content=\"2024-06-07T18:30:33+00:00\" \/>\n<meta property=\"og:image\" content=\"https:\/\/www.p31noticias.com.br\/wp-content\/uploads\/2024\/06\/WhatsApp-Image-2024-06-07-at-13.00.59-OXt08A-150x150-bL6bCw.jpeg\" \/>\n\t<meta property=\"og:image:width\" content=\"150\" \/>\n\t<meta property=\"og:image:height\" content=\"150\" \/>\n\t<meta property=\"og:image:type\" content=\"image\/jpeg\" \/>\n<meta name=\"twitter:card\" content=\"summary_large_image\" \/>\n<script type=\"application\/ld+json\" class=\"yoast-schema-graph\">{\"@context\":\"https:\\\/\\\/schema.org\",\"@graph\":[{\"@type\":\"Article\",\"@id\":\"https:\\\/\\\/www.p31noticias.com.br\\\/?p=53388#article\",\"isPartOf\":{\"@id\":\"https:\\\/\\\/www.p31noticias.com.br\\\/?p=53388\"},\"author\":{\"name\":\"\",\"@id\":\"\"},\"headline\":\"Mais de 10 mil alunos se formam no Qualifica DF\",\"datePublished\":\"2024-06-07T18:30:33+00:00\",\"mainEntityOfPage\":{\"@id\":\"https:\\\/\\\/www.p31noticias.com.br\\\/?p=53388\"},\"wordCount\":87,\"commentCount\":0,\"image\":{\"@id\":\"https:\\\/\\\/www.p31noticias.com.br\\\/?p=53388#primaryimage\"},\"thumbnailUrl\":\"https:\\\/\\\/www.p31noticias.com.br\\\/wp-content\\\/uploads\\\/2024\\\/06\\\/WhatsApp-Image-2024-06-07-at-13.00.59-OXt08A-150x150-bL6bCw.jpeg\",\"articleSection\":[\"Bras\u00edlia\"],\"inLanguage\":\"pt-BR\",\"potentialAction\":[{\"@type\":\"CommentAction\",\"name\":\"Comment\",\"target\":[\"https:\\\/\\\/www.p31noticias.com.br\\\/?p=53388#respond\"]}],\"copyrightYear\":\"2024\",\"copyrightHolder\":{\"@id\":\"https:\\\/\\\/www.p31noticias.com.br\\\/#organization\"}},{\"@type\":\"WebPage\",\"@id\":\"https:\\\/\\\/www.p31noticias.com.br\\\/?p=53388\",\"url\":\"https:\\\/\\\/www.p31noticias.com.br\\\/?p=53388\",\"name\":\"Mais de 10 mil alunos se formam no Qualifica DF - P31\",\"isPartOf\":{\"@id\":\"https:\\\/\\\/www.p31noticias.com.br\\\/#website\"},\"primaryImageOfPage\":{\"@id\":\"https:\\\/\\\/www.p31noticias.com.br\\\/?p=53388#primaryimage\"},\"image\":{\"@id\":\"https:\\\/\\\/www.p31noticias.com.br\\\/?p=53388#primaryimage\"},\"thumbnailUrl\":\"https:\\\/\\\/www.p31noticias.com.br\\\/wp-content\\\/uploads\\\/2024\\\/06\\\/WhatsApp-Image-2024-06-07-at-13.00.59-OXt08A-150x150-bL6bCw.jpeg\",\"datePublished\":\"2024-06-07T18:30:33+00:00\",\"author\":{\"@id\":\"\"},\"breadcrumb\":{\"@id\":\"https:\\\/\\\/www.p31noticias.com.br\\\/?p=53388#breadcrumb\"},\"inLanguage\":\"pt-BR\",\"potentialAction\":[{\"@type\":\"ReadAction\",\"target\":[\"https:\\\/\\\/www.p31noticias.com.br\\\/?p=53388\"]}]},{\"@type\":\"ImageObject\",\"inLanguage\":\"pt-BR\",\"@id\":\"https:\\\/\\\/www.p31noticias.com.br\\\/?p=53388#primaryimage\",\"url\":\"https:\\\/\\\/www.p31noticias.com.br\\\/wp-content\\\/uploads\\\/2024\\\/06\\\/WhatsApp-Image-2024-06-07-at-13.00.59-OXt08A-150x150-bL6bCw.jpeg\",\"contentUrl\":\"https:\\\/\\\/www.p31noticias.com.br\\\/wp-content\\\/uploads\\\/2024\\\/06\\\/WhatsApp-Image-2024-06-07-at-13.00.59-OXt08A-150x150-bL6bCw.jpeg\",\"width\":150,\"height\":150},{\"@type\":\"BreadcrumbList\",\"@id\":\"https:\\\/\\\/www.p31noticias.com.br\\\/?p=53388#breadcrumb\",\"itemListElement\":[{\"@type\":\"ListItem\",\"position\":1,\"name\":\"In\u00edcio\",\"item\":\"https:\\\/\\\/www.p31noticias.com.br\\\/\"},{\"@type\":\"ListItem\",\"position\":2,\"name\":\"Mais de 10 mil alunos se formam no Qualifica DF\"}]},{\"@type\":\"WebSite\",\"@id\":\"https:\\\/\\\/www.p31noticias.com.br\\\/#website\",\"url\":\"https:\\\/\\\/www.p31noticias.com.br\\\/\",\"name\":\"P31\",\"description\":\"NOT\u00cdCIAS\",\"potentialAction\":[{\"@type\":\"SearchAction\",\"target\":{\"@type\":\"EntryPoint\",\"urlTemplate\":\"https:\\\/\\\/www.p31noticias.com.br\\\/?s={search_term_string}\"},\"query-input\":{\"@type\":\"PropertyValueSpecification\",\"valueRequired\":true,\"valueName\":\"search_term_string\"}}],\"inLanguage\":\"pt-BR\"}]}<\/script>\n<!-- \/ Yoast SEO Premium plugin. -->","yoast_head_json":{"title":"Mais de 10 mil alunos se formam no Qualifica DF - P31","robots":{"index":"index","follow":"follow","max-snippet":"max-snippet:-1","max-image-preview":"max-image-preview:large","max-video-preview":"max-video-preview:-1"},"canonical":"https:\/\/www.p31noticias.com.br\/?p=53388","og_locale":"pt_BR","og_type":"article","og_title":"Mais de 10 mil alunos se formam no Qualifica DF","og_description":"A Secretaria de Desenvolvimento Econ\u00f4mico, Trabalho e Renda do DF (Sedet-DF) entregou, na noite desta quinta-feira (6), o certificado para 10.587 formandos do programa Qualifica DF. O programa capacitou profissionais em diversos cursos, como auxiliar de farm\u00e1cia, assistente administrativo, atendente de consult\u00f3rio m\u00e9dico e dent\u00e1rio, atendente de farm\u00e1cia, assistente administrativo e auxiliar de contabilidade, entre [&hellip;]","og_url":"https:\/\/www.p31noticias.com.br\/?p=53388","og_site_name":"P31","article_published_time":"2024-06-07T18:30:33+00:00","og_image":[{"width":150,"height":150,"url":"https:\/\/www.p31noticias.com.br\/wp-content\/uploads\/2024\/06\/WhatsApp-Image-2024-06-07-at-13.00.59-OXt08A-150x150-bL6bCw.jpeg","type":"image\/jpeg"}],"twitter_card":"summary_large_image","schema":{"@context":"https:\/\/schema.org","@graph":[{"@type":"Article","@id":"https:\/\/www.p31noticias.com.br\/?p=53388#article","isPartOf":{"@id":"https:\/\/www.p31noticias.com.br\/?p=53388"},"author":{"name":"","@id":""},"headline":"Mais de 10 mil alunos se formam no Qualifica DF","datePublished":"2024-06-07T18:30:33+00:00","mainEntityOfPage":{"@id":"https:\/\/www.p31noticias.com.br\/?p=53388"},"wordCount":87,"commentCount":0,"image":{"@id":"https:\/\/www.p31noticias.com.br\/?p=53388#primaryimage"},"thumbnailUrl":"https:\/\/www.p31noticias.com.br\/wp-content\/uploads\/2024\/06\/WhatsApp-Image-2024-06-07-at-13.00.59-OXt08A-150x150-bL6bCw.jpeg","articleSection":["Bras\u00edlia"],"inLanguage":"pt-BR","potentialAction":[{"@type":"CommentAction","name":"Comment","target":["https:\/\/www.p31noticias.com.br\/?p=53388#respond"]}],"copyrightYear":"2024","copyrightHolder":{"@id":"https:\/\/www.p31noticias.com.br\/#organization"}},{"@type":"WebPage","@id":"https:\/\/www.p31noticias.com.br\/?p=53388","url":"https:\/\/www.p31noticias.com.br\/?p=53388","name":"Mais de 10 mil alunos se formam no Qualifica DF - P31","isPartOf":{"@id":"https:\/\/www.p31noticias.com.br\/#website"},"primaryImageOfPage":{"@id":"https:\/\/www.p31noticias.com.br\/?p=53388#primaryimage"},"image":{"@id":"https:\/\/www.p31noticias.com.br\/?p=53388#primaryimage"},"thumbnailUrl":"https:\/\/www.p31noticias.com.br\/wp-content\/uploads\/2024\/06\/WhatsApp-Image-2024-06-07-at-13.00.59-OXt08A-150x150-bL6bCw.jpeg","datePublished":"2024-06-07T18:30:33+00:00","author":{"@id":""},"breadcrumb":{"@id":"https:\/\/www.p31noticias.com.br\/?p=53388#breadcrumb"},"inLanguage":"pt-BR","potentialAction":[{"@type":"ReadAction","target":["https:\/\/www.p31noticias.com.br\/?p=53388"]}]},{"@type":"ImageObject","inLanguage":"pt-BR","@id":"https:\/\/www.p31noticias.com.br\/?p=53388#primaryimage","url":"https:\/\/www.p31noticias.com.br\/wp-content\/uploads\/2024\/06\/WhatsApp-Image-2024-06-07-at-13.00.59-OXt08A-150x150-bL6bCw.jpeg","contentUrl":"https:\/\/www.p31noticias.com.br\/wp-content\/uploads\/2024\/06\/WhatsApp-Image-2024-06-07-at-13.00.59-OXt08A-150x150-bL6bCw.jpeg","width":150,"height":150},{"@type":"BreadcrumbList","@id":"https:\/\/www.p31noticias.com.br\/?p=53388#breadcrumb","itemListElement":[{"@type":"ListItem","position":1,"name":"In\u00edcio","item":"https:\/\/www.p31noticias.com.br\/"},{"@type":"ListItem","position":2,"name":"Mais de 10 mil alunos se formam no Qualifica DF"}]},{"@type":"WebSite","@id":"https:\/\/www.p31noticias.com.br\/#website","url":"https:\/\/www.p31noticias.com.br\/","name":"P31","description":"NOT\u00cdCIAS","potentialAction":[{"@type":"SearchAction","target":{"@type":"EntryPoint","urlTemplate":"https:\/\/www.p31noticias.com.br\/?s={search_term_string}"},"query-input":{"@type":"PropertyValueSpecification","valueRequired":true,"valueName":"search_term_string"}}],"inLanguage":"pt-BR"}]}},"amp_enabled":true,"_links":{"self":[{"href":"https:\/\/www.p31noticias.com.br\/index.php?rest_route=\/wp\/v2\/posts\/53388","targetHints":{"allow":["GET"]}}],"collection":[{"href":"https:\/\/www.p31noticias.com.br\/index.php?rest_route=\/wp\/v2\/posts"}],"about":[{"href":"https:\/\/www.p31noticias.com.br\/index.php?rest_route=\/wp\/v2\/types\/post"}],"replies":[{"embeddable":true,"href":"https:\/\/www.p31noticias.com.br\/index.php?rest_route=%2Fwp%2Fv2%2Fcomments&post=53388"}],"version-history":[{"count":0,"href":"https:\/\/www.p31noticias.com.br\/index.php?rest_route=\/wp\/v2\/posts\/53388\/revisions"}],"wp:featuredmedia":[{"embeddable":true,"href":"https:\/\/www.p31noticias.com.br\/index.php?rest_route=\/wp\/v2\/media\/53389"}],"wp:attachment":[{"href":"https:\/\/www.p31noticias.com.br\/index.php?rest_route=%2Fwp%2Fv2%2Fmedia&parent=53388"}],"wp:term":[{"taxonomy":"category","embeddable":true,"href":"https:\/\/www.p31noticias.com.br\/index.php?rest_route=%2Fwp%2Fv2%2Fcategories&post=53388"},{"taxonomy":"post_tag","embeddable":true,"href":"https:\/\/www.p31noticias.com.br\/index.php?rest_route=%2Fwp%2Fv2%2Ftags&post=53388"}],"curies":[{"name":"wp","href":"https:\/\/api.w.org\/{rel}","templated":true}]}}