{"id":53372,"date":"2024-06-07T13:30:12","date_gmt":"2024-06-07T16:30:12","guid":{"rendered":"https:\/\/p31noticias.com.br\/delegacia-do-lago-norte-e-entregue-para-a-comunidade-apos-ampla-reforma\/"},"modified":"2024-06-07T13:30:12","modified_gmt":"2024-06-07T16:30:12","slug":"delegacia-do-lago-norte-e-entregue-para-a-comunidade-apos-ampla-reforma","status":"publish","type":"post","link":"https:\/\/www.p31noticias.com.br\/?p=53372","title":{"rendered":"Delegacia do Lago Norte \u00e9 entregue para a comunidade ap\u00f3s ampla reforma"},"content":{"rendered":"<p>O governador do Distrito Federal, Ibaneis Rocha, inaugurou nesta sexta-feira (7) a reforma da 9\u00aa Delegacia de Pol\u00edcia Civil do Lago Norte, localizada na SHIN 3\/5. Essa \u00e9 mais uma delegacia entregue pelo Executivo local nos \u00faltimos cinco anos. Com um investimento de aproximadamente R$ 4,5 milh\u00f5es, a unidade policial foi completamente reconstru\u00edda e ampliada, [\u2026]<\/p>\n<p>O post <a href=\"https:\/\/www.delioandrade.com.br\/delegacia-do-lago-norte-e-entregue-para-a-comunidade-apos-ampla-reforma\/\">Delegacia do Lago Norte \u00e9 entregue para a comunidade ap\u00f3s ampla reforma<\/a> apareceu primeiro em <a href=\"https:\/\/www.delioandrade.com.br\/\">Blog do D\u00c9LIO ANDRADE<\/a>.<\/p>\n","protected":false},"excerpt":{"rendered":"<p>O governador do Distrito Federal, Ibaneis Rocha, inaugurou nesta sexta-feira (7) a reforma da 9\u00aa Delegacia de Pol\u00edcia Civil do Lago Norte, localizada na SHIN 3\/5. Essa \u00e9 mais uma delegacia entregue pelo Executivo local nos \u00faltimos cinco anos. Com um investimento de aproximadamente R$ 4,5 milh\u00f5es, a unidade policial foi completamente reconstru\u00edda e ampliada, [&hellip;]<\/p>\n","protected":false},"author":0,"featured_media":53373,"comment_status":"open","ping_status":"open","sticky":false,"template":"","format":"standard","meta":{"footnotes":""},"categories":[21],"tags":[],"class_list":{"0":"post-53372","1":"post","2":"type-post","3":"status-publish","4":"format-standard","5":"has-post-thumbnail","7":"category-brasilia"},"yoast_head":"<!-- This site is optimized with the Yoast SEO Premium plugin v24.5 (Yoast SEO v27.5) - https:\/\/yoast.com\/product\/yoast-seo-premium-wordpress\/ -->\n<title>Delegacia do Lago Norte \u00e9 entregue para a comunidade ap\u00f3s ampla reforma - P31<\/title>\n<meta name=\"robots\" content=\"index, follow, max-snippet:-1, max-image-preview:large, max-video-preview:-1\" \/>\n<link rel=\"canonical\" href=\"https:\/\/www.p31noticias.com.br\/?p=53372\" \/>\n<meta property=\"og:locale\" content=\"pt_BR\" \/>\n<meta property=\"og:type\" content=\"article\" \/>\n<meta property=\"og:title\" content=\"Delegacia do Lago Norte \u00e9 entregue para a comunidade ap\u00f3s ampla reforma\" \/>\n<meta property=\"og:description\" content=\"O governador do Distrito Federal, Ibaneis Rocha, inaugurou nesta sexta-feira (7) a reforma da 9\u00aa Delegacia de Pol\u00edcia Civil do Lago Norte, localizada na SHIN 3\/5. Essa \u00e9 mais uma delegacia entregue pelo Executivo local nos \u00faltimos cinco anos. Com um investimento de aproximadamente R$ 4,5 milh\u00f5es, a unidade policial foi completamente reconstru\u00edda e ampliada, [&hellip;]\" \/>\n<meta property=\"og:url\" content=\"https:\/\/www.p31noticias.com.br\/?p=53372\" \/>\n<meta property=\"og:site_name\" content=\"P31\" \/>\n<meta property=\"article:published_time\" content=\"2024-06-07T16:30:12+00:00\" \/>\n<meta property=\"og:image\" content=\"https:\/\/www.p31noticias.com.br\/wp-content\/uploads\/2024\/06\/Capa-12-fsxSSw-150x150-4hWoqD.jpeg\" \/>\n\t<meta property=\"og:image:width\" content=\"150\" \/>\n\t<meta property=\"og:image:height\" content=\"150\" \/>\n\t<meta property=\"og:image:type\" content=\"image\/jpeg\" \/>\n<meta name=\"twitter:card\" content=\"summary_large_image\" \/>\n<script type=\"application\/ld+json\" class=\"yoast-schema-graph\">{\"@context\":\"https:\\\/\\\/schema.org\",\"@graph\":[{\"@type\":\"Article\",\"@id\":\"https:\\\/\\\/www.p31noticias.com.br\\\/?p=53372#article\",\"isPartOf\":{\"@id\":\"https:\\\/\\\/www.p31noticias.com.br\\\/?p=53372\"},\"author\":{\"name\":\"\",\"@id\":\"\"},\"headline\":\"Delegacia do Lago Norte \u00e9 entregue para a comunidade ap\u00f3s ampla reforma\",\"datePublished\":\"2024-06-07T16:30:12+00:00\",\"mainEntityOfPage\":{\"@id\":\"https:\\\/\\\/www.p31noticias.com.br\\\/?p=53372\"},\"wordCount\":87,\"commentCount\":0,\"image\":{\"@id\":\"https:\\\/\\\/www.p31noticias.com.br\\\/?p=53372#primaryimage\"},\"thumbnailUrl\":\"https:\\\/\\\/www.p31noticias.com.br\\\/wp-content\\\/uploads\\\/2024\\\/06\\\/Capa-12-fsxSSw-150x150-4hWoqD.jpeg\",\"articleSection\":[\"Bras\u00edlia\"],\"inLanguage\":\"pt-BR\",\"potentialAction\":[{\"@type\":\"CommentAction\",\"name\":\"Comment\",\"target\":[\"https:\\\/\\\/www.p31noticias.com.br\\\/?p=53372#respond\"]}],\"copyrightYear\":\"2024\",\"copyrightHolder\":{\"@id\":\"https:\\\/\\\/www.p31noticias.com.br\\\/#organization\"}},{\"@type\":\"WebPage\",\"@id\":\"https:\\\/\\\/www.p31noticias.com.br\\\/?p=53372\",\"url\":\"https:\\\/\\\/www.p31noticias.com.br\\\/?p=53372\",\"name\":\"Delegacia do Lago Norte \u00e9 entregue para a comunidade ap\u00f3s ampla reforma - P31\",\"isPartOf\":{\"@id\":\"https:\\\/\\\/www.p31noticias.com.br\\\/#website\"},\"primaryImageOfPage\":{\"@id\":\"https:\\\/\\\/www.p31noticias.com.br\\\/?p=53372#primaryimage\"},\"image\":{\"@id\":\"https:\\\/\\\/www.p31noticias.com.br\\\/?p=53372#primaryimage\"},\"thumbnailUrl\":\"https:\\\/\\\/www.p31noticias.com.br\\\/wp-content\\\/uploads\\\/2024\\\/06\\\/Capa-12-fsxSSw-150x150-4hWoqD.jpeg\",\"datePublished\":\"2024-06-07T16:30:12+00:00\",\"author\":{\"@id\":\"\"},\"breadcrumb\":{\"@id\":\"https:\\\/\\\/www.p31noticias.com.br\\\/?p=53372#breadcrumb\"},\"inLanguage\":\"pt-BR\",\"potentialAction\":[{\"@type\":\"ReadAction\",\"target\":[\"https:\\\/\\\/www.p31noticias.com.br\\\/?p=53372\"]}]},{\"@type\":\"ImageObject\",\"inLanguage\":\"pt-BR\",\"@id\":\"https:\\\/\\\/www.p31noticias.com.br\\\/?p=53372#primaryimage\",\"url\":\"https:\\\/\\\/www.p31noticias.com.br\\\/wp-content\\\/uploads\\\/2024\\\/06\\\/Capa-12-fsxSSw-150x150-4hWoqD.jpeg\",\"contentUrl\":\"https:\\\/\\\/www.p31noticias.com.br\\\/wp-content\\\/uploads\\\/2024\\\/06\\\/Capa-12-fsxSSw-150x150-4hWoqD.jpeg\",\"width\":150,\"height\":150},{\"@type\":\"BreadcrumbList\",\"@id\":\"https:\\\/\\\/www.p31noticias.com.br\\\/?p=53372#breadcrumb\",\"itemListElement\":[{\"@type\":\"ListItem\",\"position\":1,\"name\":\"In\u00edcio\",\"item\":\"https:\\\/\\\/www.p31noticias.com.br\\\/\"},{\"@type\":\"ListItem\",\"position\":2,\"name\":\"Delegacia do Lago Norte \u00e9 entregue para a comunidade ap\u00f3s ampla reforma\"}]},{\"@type\":\"WebSite\",\"@id\":\"https:\\\/\\\/www.p31noticias.com.br\\\/#website\",\"url\":\"https:\\\/\\\/www.p31noticias.com.br\\\/\",\"name\":\"P31\",\"description\":\"NOT\u00cdCIAS\",\"potentialAction\":[{\"@type\":\"SearchAction\",\"target\":{\"@type\":\"EntryPoint\",\"urlTemplate\":\"https:\\\/\\\/www.p31noticias.com.br\\\/?s={search_term_string}\"},\"query-input\":{\"@type\":\"PropertyValueSpecification\",\"valueRequired\":true,\"valueName\":\"search_term_string\"}}],\"inLanguage\":\"pt-BR\"}]}<\/script>\n<!-- \/ Yoast SEO Premium plugin. -->","yoast_head_json":{"title":"Delegacia do Lago Norte \u00e9 entregue para a comunidade ap\u00f3s ampla reforma - P31","robots":{"index":"index","follow":"follow","max-snippet":"max-snippet:-1","max-image-preview":"max-image-preview:large","max-video-preview":"max-video-preview:-1"},"canonical":"https:\/\/www.p31noticias.com.br\/?p=53372","og_locale":"pt_BR","og_type":"article","og_title":"Delegacia do Lago Norte \u00e9 entregue para a comunidade ap\u00f3s ampla reforma","og_description":"O governador do Distrito Federal, Ibaneis Rocha, inaugurou nesta sexta-feira (7) a reforma da 9\u00aa Delegacia de Pol\u00edcia Civil do Lago Norte, localizada na SHIN 3\/5. Essa \u00e9 mais uma delegacia entregue pelo Executivo local nos \u00faltimos cinco anos. Com um investimento de aproximadamente R$ 4,5 milh\u00f5es, a unidade policial foi completamente reconstru\u00edda e ampliada, [&hellip;]","og_url":"https:\/\/www.p31noticias.com.br\/?p=53372","og_site_name":"P31","article_published_time":"2024-06-07T16:30:12+00:00","og_image":[{"width":150,"height":150,"url":"https:\/\/www.p31noticias.com.br\/wp-content\/uploads\/2024\/06\/Capa-12-fsxSSw-150x150-4hWoqD.jpeg","type":"image\/jpeg"}],"twitter_card":"summary_large_image","schema":{"@context":"https:\/\/schema.org","@graph":[{"@type":"Article","@id":"https:\/\/www.p31noticias.com.br\/?p=53372#article","isPartOf":{"@id":"https:\/\/www.p31noticias.com.br\/?p=53372"},"author":{"name":"","@id":""},"headline":"Delegacia do Lago Norte \u00e9 entregue para a comunidade ap\u00f3s ampla reforma","datePublished":"2024-06-07T16:30:12+00:00","mainEntityOfPage":{"@id":"https:\/\/www.p31noticias.com.br\/?p=53372"},"wordCount":87,"commentCount":0,"image":{"@id":"https:\/\/www.p31noticias.com.br\/?p=53372#primaryimage"},"thumbnailUrl":"https:\/\/www.p31noticias.com.br\/wp-content\/uploads\/2024\/06\/Capa-12-fsxSSw-150x150-4hWoqD.jpeg","articleSection":["Bras\u00edlia"],"inLanguage":"pt-BR","potentialAction":[{"@type":"CommentAction","name":"Comment","target":["https:\/\/www.p31noticias.com.br\/?p=53372#respond"]}],"copyrightYear":"2024","copyrightHolder":{"@id":"https:\/\/www.p31noticias.com.br\/#organization"}},{"@type":"WebPage","@id":"https:\/\/www.p31noticias.com.br\/?p=53372","url":"https:\/\/www.p31noticias.com.br\/?p=53372","name":"Delegacia do Lago Norte \u00e9 entregue para a comunidade ap\u00f3s ampla reforma - P31","isPartOf":{"@id":"https:\/\/www.p31noticias.com.br\/#website"},"primaryImageOfPage":{"@id":"https:\/\/www.p31noticias.com.br\/?p=53372#primaryimage"},"image":{"@id":"https:\/\/www.p31noticias.com.br\/?p=53372#primaryimage"},"thumbnailUrl":"https:\/\/www.p31noticias.com.br\/wp-content\/uploads\/2024\/06\/Capa-12-fsxSSw-150x150-4hWoqD.jpeg","datePublished":"2024-06-07T16:30:12+00:00","author":{"@id":""},"breadcrumb":{"@id":"https:\/\/www.p31noticias.com.br\/?p=53372#breadcrumb"},"inLanguage":"pt-BR","potentialAction":[{"@type":"ReadAction","target":["https:\/\/www.p31noticias.com.br\/?p=53372"]}]},{"@type":"ImageObject","inLanguage":"pt-BR","@id":"https:\/\/www.p31noticias.com.br\/?p=53372#primaryimage","url":"https:\/\/www.p31noticias.com.br\/wp-content\/uploads\/2024\/06\/Capa-12-fsxSSw-150x150-4hWoqD.jpeg","contentUrl":"https:\/\/www.p31noticias.com.br\/wp-content\/uploads\/2024\/06\/Capa-12-fsxSSw-150x150-4hWoqD.jpeg","width":150,"height":150},{"@type":"BreadcrumbList","@id":"https:\/\/www.p31noticias.com.br\/?p=53372#breadcrumb","itemListElement":[{"@type":"ListItem","position":1,"name":"In\u00edcio","item":"https:\/\/www.p31noticias.com.br\/"},{"@type":"ListItem","position":2,"name":"Delegacia do Lago Norte \u00e9 entregue para a comunidade ap\u00f3s ampla reforma"}]},{"@type":"WebSite","@id":"https:\/\/www.p31noticias.com.br\/#website","url":"https:\/\/www.p31noticias.com.br\/","name":"P31","description":"NOT\u00cdCIAS","potentialAction":[{"@type":"SearchAction","target":{"@type":"EntryPoint","urlTemplate":"https:\/\/www.p31noticias.com.br\/?s={search_term_string}"},"query-input":{"@type":"PropertyValueSpecification","valueRequired":true,"valueName":"search_term_string"}}],"inLanguage":"pt-BR"}]}},"amp_enabled":true,"_links":{"self":[{"href":"https:\/\/www.p31noticias.com.br\/index.php?rest_route=\/wp\/v2\/posts\/53372","targetHints":{"allow":["GET"]}}],"collection":[{"href":"https:\/\/www.p31noticias.com.br\/index.php?rest_route=\/wp\/v2\/posts"}],"about":[{"href":"https:\/\/www.p31noticias.com.br\/index.php?rest_route=\/wp\/v2\/types\/post"}],"replies":[{"embeddable":true,"href":"https:\/\/www.p31noticias.com.br\/index.php?rest_route=%2Fwp%2Fv2%2Fcomments&post=53372"}],"version-history":[{"count":0,"href":"https:\/\/www.p31noticias.com.br\/index.php?rest_route=\/wp\/v2\/posts\/53372\/revisions"}],"wp:featuredmedia":[{"embeddable":true,"href":"https:\/\/www.p31noticias.com.br\/index.php?rest_route=\/wp\/v2\/media\/53373"}],"wp:attachment":[{"href":"https:\/\/www.p31noticias.com.br\/index.php?rest_route=%2Fwp%2Fv2%2Fmedia&parent=53372"}],"wp:term":[{"taxonomy":"category","embeddable":true,"href":"https:\/\/www.p31noticias.com.br\/index.php?rest_route=%2Fwp%2Fv2%2Fcategories&post=53372"},{"taxonomy":"post_tag","embeddable":true,"href":"https:\/\/www.p31noticias.com.br\/index.php?rest_route=%2Fwp%2Fv2%2Ftags&post=53372"}],"curies":[{"name":"wp","href":"https:\/\/api.w.org\/{rel}","templated":true}]}}