{"id":53363,"date":"2024-06-07T11:30:14","date_gmt":"2024-06-07T14:30:14","guid":{"rendered":"https:\/\/p31noticias.com.br\/cras-movel-inicia-projeto-piloto-para-fortalecer-acompanhamento-de-comunidades-rurais\/"},"modified":"2024-06-07T11:30:14","modified_gmt":"2024-06-07T14:30:14","slug":"cras-movel-inicia-projeto-piloto-para-fortalecer-acompanhamento-de-comunidades-rurais","status":"publish","type":"post","link":"https:\/\/www.p31noticias.com.br\/?p=53363","title":{"rendered":"Cras M\u00f3vel inicia projeto-piloto para fortalecer acompanhamento de comunidades rurais"},"content":{"rendered":"<p>A unidade m\u00f3vel do Centro de Refer\u00eancia de Assist\u00eancia Social (Cras) promoveu, nesta quinta-feira (6), a primeira a\u00e7\u00e3o do projeto-piloto Paif (Servi\u00e7o de Prote\u00e7\u00e3o e Atendimento Integral \u00e0 Fam\u00edlia) M\u00f3vel para refor\u00e7ar a assist\u00eancia \u00e0s fam\u00edlias em vulnerabilidade social que vivem em \u00e1reas rurais do Distrito Federal. O objetivo \u00e9 que o Cras M\u00f3vel passe [\u2026]<\/p>\n<p>O post <a href=\"https:\/\/www.delioandrade.com.br\/cras-movel-inicia-projeto-piloto-para-fortalecer-acompanhamento-de-comunidades-rurais\/\">Cras M\u00f3vel inicia projeto-piloto para fortalecer acompanhamento de comunidades rurais<\/a> apareceu primeiro em <a href=\"https:\/\/www.delioandrade.com.br\/\">Blog do D\u00c9LIO ANDRADE<\/a>.<\/p>\n","protected":false},"excerpt":{"rendered":"<p>A unidade m\u00f3vel do Centro de Refer\u00eancia de Assist\u00eancia Social (Cras) promoveu, nesta quinta-feira (6), a primeira a\u00e7\u00e3o do projeto-piloto Paif (Servi\u00e7o de Prote\u00e7\u00e3o e Atendimento Integral \u00e0 Fam\u00edlia) M\u00f3vel para refor\u00e7ar a assist\u00eancia \u00e0s fam\u00edlias em vulnerabilidade social que vivem em \u00e1reas rurais do Distrito Federal. O objetivo \u00e9 que o Cras M\u00f3vel passe [&hellip;]<\/p>\n","protected":false},"author":0,"featured_media":53364,"comment_status":"open","ping_status":"open","sticky":false,"template":"","format":"standard","meta":{"footnotes":""},"categories":[21],"tags":[],"class_list":{"0":"post-53363","1":"post","2":"type-post","3":"status-publish","4":"format-standard","5":"has-post-thumbnail","7":"category-brasilia"},"yoast_head":"<!-- This site is optimized with the Yoast SEO Premium plugin v24.5 (Yoast SEO v27.5) - https:\/\/yoast.com\/product\/yoast-seo-premium-wordpress\/ -->\n<title>Cras M\u00f3vel inicia projeto-piloto para fortalecer acompanhamento de comunidades rurais - P31<\/title>\n<meta name=\"robots\" content=\"index, follow, max-snippet:-1, max-image-preview:large, max-video-preview:-1\" \/>\n<link rel=\"canonical\" href=\"https:\/\/www.p31noticias.com.br\/?p=53363\" \/>\n<meta property=\"og:locale\" content=\"pt_BR\" \/>\n<meta property=\"og:type\" content=\"article\" \/>\n<meta property=\"og:title\" content=\"Cras M\u00f3vel inicia projeto-piloto para fortalecer acompanhamento de comunidades rurais\" \/>\n<meta property=\"og:description\" content=\"A unidade m\u00f3vel do Centro de Refer\u00eancia de Assist\u00eancia Social (Cras) promoveu, nesta quinta-feira (6), a primeira a\u00e7\u00e3o do projeto-piloto Paif (Servi\u00e7o de Prote\u00e7\u00e3o e Atendimento Integral \u00e0 Fam\u00edlia) M\u00f3vel para refor\u00e7ar a assist\u00eancia \u00e0s fam\u00edlias em vulnerabilidade social que vivem em \u00e1reas rurais do Distrito Federal. O objetivo \u00e9 que o Cras M\u00f3vel passe [&hellip;]\" \/>\n<meta property=\"og:url\" content=\"https:\/\/www.p31noticias.com.br\/?p=53363\" \/>\n<meta property=\"og:site_name\" content=\"P31\" \/>\n<meta property=\"article:published_time\" content=\"2024-06-07T14:30:14+00:00\" \/>\n<meta property=\"og:image\" content=\"https:\/\/www.p31noticias.com.br\/wp-content\/uploads\/2024\/06\/Cras-Movel-no-Rio-Preto-1-cc9K0l-150x150-o3Sw7I.jpeg\" \/>\n\t<meta property=\"og:image:width\" content=\"150\" \/>\n\t<meta property=\"og:image:height\" content=\"150\" \/>\n\t<meta property=\"og:image:type\" content=\"image\/jpeg\" \/>\n<meta name=\"twitter:card\" content=\"summary_large_image\" \/>\n<script type=\"application\/ld+json\" class=\"yoast-schema-graph\">{\"@context\":\"https:\\\/\\\/schema.org\",\"@graph\":[{\"@type\":\"Article\",\"@id\":\"https:\\\/\\\/www.p31noticias.com.br\\\/?p=53363#article\",\"isPartOf\":{\"@id\":\"https:\\\/\\\/www.p31noticias.com.br\\\/?p=53363\"},\"author\":{\"name\":\"\",\"@id\":\"\"},\"headline\":\"Cras M\u00f3vel inicia projeto-piloto para fortalecer acompanhamento de comunidades rurais\",\"datePublished\":\"2024-06-07T14:30:14+00:00\",\"mainEntityOfPage\":{\"@id\":\"https:\\\/\\\/www.p31noticias.com.br\\\/?p=53363\"},\"wordCount\":96,\"commentCount\":0,\"image\":{\"@id\":\"https:\\\/\\\/www.p31noticias.com.br\\\/?p=53363#primaryimage\"},\"thumbnailUrl\":\"https:\\\/\\\/www.p31noticias.com.br\\\/wp-content\\\/uploads\\\/2024\\\/06\\\/Cras-Movel-no-Rio-Preto-1-cc9K0l-150x150-o3Sw7I.jpeg\",\"articleSection\":[\"Bras\u00edlia\"],\"inLanguage\":\"pt-BR\",\"potentialAction\":[{\"@type\":\"CommentAction\",\"name\":\"Comment\",\"target\":[\"https:\\\/\\\/www.p31noticias.com.br\\\/?p=53363#respond\"]}],\"copyrightYear\":\"2024\",\"copyrightHolder\":{\"@id\":\"https:\\\/\\\/www.p31noticias.com.br\\\/#organization\"}},{\"@type\":\"WebPage\",\"@id\":\"https:\\\/\\\/www.p31noticias.com.br\\\/?p=53363\",\"url\":\"https:\\\/\\\/www.p31noticias.com.br\\\/?p=53363\",\"name\":\"Cras M\u00f3vel inicia projeto-piloto para fortalecer acompanhamento de comunidades rurais - P31\",\"isPartOf\":{\"@id\":\"https:\\\/\\\/www.p31noticias.com.br\\\/#website\"},\"primaryImageOfPage\":{\"@id\":\"https:\\\/\\\/www.p31noticias.com.br\\\/?p=53363#primaryimage\"},\"image\":{\"@id\":\"https:\\\/\\\/www.p31noticias.com.br\\\/?p=53363#primaryimage\"},\"thumbnailUrl\":\"https:\\\/\\\/www.p31noticias.com.br\\\/wp-content\\\/uploads\\\/2024\\\/06\\\/Cras-Movel-no-Rio-Preto-1-cc9K0l-150x150-o3Sw7I.jpeg\",\"datePublished\":\"2024-06-07T14:30:14+00:00\",\"author\":{\"@id\":\"\"},\"breadcrumb\":{\"@id\":\"https:\\\/\\\/www.p31noticias.com.br\\\/?p=53363#breadcrumb\"},\"inLanguage\":\"pt-BR\",\"potentialAction\":[{\"@type\":\"ReadAction\",\"target\":[\"https:\\\/\\\/www.p31noticias.com.br\\\/?p=53363\"]}]},{\"@type\":\"ImageObject\",\"inLanguage\":\"pt-BR\",\"@id\":\"https:\\\/\\\/www.p31noticias.com.br\\\/?p=53363#primaryimage\",\"url\":\"https:\\\/\\\/www.p31noticias.com.br\\\/wp-content\\\/uploads\\\/2024\\\/06\\\/Cras-Movel-no-Rio-Preto-1-cc9K0l-150x150-o3Sw7I.jpeg\",\"contentUrl\":\"https:\\\/\\\/www.p31noticias.com.br\\\/wp-content\\\/uploads\\\/2024\\\/06\\\/Cras-Movel-no-Rio-Preto-1-cc9K0l-150x150-o3Sw7I.jpeg\",\"width\":150,\"height\":150},{\"@type\":\"BreadcrumbList\",\"@id\":\"https:\\\/\\\/www.p31noticias.com.br\\\/?p=53363#breadcrumb\",\"itemListElement\":[{\"@type\":\"ListItem\",\"position\":1,\"name\":\"In\u00edcio\",\"item\":\"https:\\\/\\\/www.p31noticias.com.br\\\/\"},{\"@type\":\"ListItem\",\"position\":2,\"name\":\"Cras M\u00f3vel inicia projeto-piloto para fortalecer acompanhamento de comunidades rurais\"}]},{\"@type\":\"WebSite\",\"@id\":\"https:\\\/\\\/www.p31noticias.com.br\\\/#website\",\"url\":\"https:\\\/\\\/www.p31noticias.com.br\\\/\",\"name\":\"P31\",\"description\":\"NOT\u00cdCIAS\",\"potentialAction\":[{\"@type\":\"SearchAction\",\"target\":{\"@type\":\"EntryPoint\",\"urlTemplate\":\"https:\\\/\\\/www.p31noticias.com.br\\\/?s={search_term_string}\"},\"query-input\":{\"@type\":\"PropertyValueSpecification\",\"valueRequired\":true,\"valueName\":\"search_term_string\"}}],\"inLanguage\":\"pt-BR\"}]}<\/script>\n<!-- \/ Yoast SEO Premium plugin. -->","yoast_head_json":{"title":"Cras M\u00f3vel inicia projeto-piloto para fortalecer acompanhamento de comunidades rurais - P31","robots":{"index":"index","follow":"follow","max-snippet":"max-snippet:-1","max-image-preview":"max-image-preview:large","max-video-preview":"max-video-preview:-1"},"canonical":"https:\/\/www.p31noticias.com.br\/?p=53363","og_locale":"pt_BR","og_type":"article","og_title":"Cras M\u00f3vel inicia projeto-piloto para fortalecer acompanhamento de comunidades rurais","og_description":"A unidade m\u00f3vel do Centro de Refer\u00eancia de Assist\u00eancia Social (Cras) promoveu, nesta quinta-feira (6), a primeira a\u00e7\u00e3o do projeto-piloto Paif (Servi\u00e7o de Prote\u00e7\u00e3o e Atendimento Integral \u00e0 Fam\u00edlia) M\u00f3vel para refor\u00e7ar a assist\u00eancia \u00e0s fam\u00edlias em vulnerabilidade social que vivem em \u00e1reas rurais do Distrito Federal. O objetivo \u00e9 que o Cras M\u00f3vel passe [&hellip;]","og_url":"https:\/\/www.p31noticias.com.br\/?p=53363","og_site_name":"P31","article_published_time":"2024-06-07T14:30:14+00:00","og_image":[{"width":150,"height":150,"url":"https:\/\/www.p31noticias.com.br\/wp-content\/uploads\/2024\/06\/Cras-Movel-no-Rio-Preto-1-cc9K0l-150x150-o3Sw7I.jpeg","type":"image\/jpeg"}],"twitter_card":"summary_large_image","schema":{"@context":"https:\/\/schema.org","@graph":[{"@type":"Article","@id":"https:\/\/www.p31noticias.com.br\/?p=53363#article","isPartOf":{"@id":"https:\/\/www.p31noticias.com.br\/?p=53363"},"author":{"name":"","@id":""},"headline":"Cras M\u00f3vel inicia projeto-piloto para fortalecer acompanhamento de comunidades rurais","datePublished":"2024-06-07T14:30:14+00:00","mainEntityOfPage":{"@id":"https:\/\/www.p31noticias.com.br\/?p=53363"},"wordCount":96,"commentCount":0,"image":{"@id":"https:\/\/www.p31noticias.com.br\/?p=53363#primaryimage"},"thumbnailUrl":"https:\/\/www.p31noticias.com.br\/wp-content\/uploads\/2024\/06\/Cras-Movel-no-Rio-Preto-1-cc9K0l-150x150-o3Sw7I.jpeg","articleSection":["Bras\u00edlia"],"inLanguage":"pt-BR","potentialAction":[{"@type":"CommentAction","name":"Comment","target":["https:\/\/www.p31noticias.com.br\/?p=53363#respond"]}],"copyrightYear":"2024","copyrightHolder":{"@id":"https:\/\/www.p31noticias.com.br\/#organization"}},{"@type":"WebPage","@id":"https:\/\/www.p31noticias.com.br\/?p=53363","url":"https:\/\/www.p31noticias.com.br\/?p=53363","name":"Cras M\u00f3vel inicia projeto-piloto para fortalecer acompanhamento de comunidades rurais - P31","isPartOf":{"@id":"https:\/\/www.p31noticias.com.br\/#website"},"primaryImageOfPage":{"@id":"https:\/\/www.p31noticias.com.br\/?p=53363#primaryimage"},"image":{"@id":"https:\/\/www.p31noticias.com.br\/?p=53363#primaryimage"},"thumbnailUrl":"https:\/\/www.p31noticias.com.br\/wp-content\/uploads\/2024\/06\/Cras-Movel-no-Rio-Preto-1-cc9K0l-150x150-o3Sw7I.jpeg","datePublished":"2024-06-07T14:30:14+00:00","author":{"@id":""},"breadcrumb":{"@id":"https:\/\/www.p31noticias.com.br\/?p=53363#breadcrumb"},"inLanguage":"pt-BR","potentialAction":[{"@type":"ReadAction","target":["https:\/\/www.p31noticias.com.br\/?p=53363"]}]},{"@type":"ImageObject","inLanguage":"pt-BR","@id":"https:\/\/www.p31noticias.com.br\/?p=53363#primaryimage","url":"https:\/\/www.p31noticias.com.br\/wp-content\/uploads\/2024\/06\/Cras-Movel-no-Rio-Preto-1-cc9K0l-150x150-o3Sw7I.jpeg","contentUrl":"https:\/\/www.p31noticias.com.br\/wp-content\/uploads\/2024\/06\/Cras-Movel-no-Rio-Preto-1-cc9K0l-150x150-o3Sw7I.jpeg","width":150,"height":150},{"@type":"BreadcrumbList","@id":"https:\/\/www.p31noticias.com.br\/?p=53363#breadcrumb","itemListElement":[{"@type":"ListItem","position":1,"name":"In\u00edcio","item":"https:\/\/www.p31noticias.com.br\/"},{"@type":"ListItem","position":2,"name":"Cras M\u00f3vel inicia projeto-piloto para fortalecer acompanhamento de comunidades rurais"}]},{"@type":"WebSite","@id":"https:\/\/www.p31noticias.com.br\/#website","url":"https:\/\/www.p31noticias.com.br\/","name":"P31","description":"NOT\u00cdCIAS","potentialAction":[{"@type":"SearchAction","target":{"@type":"EntryPoint","urlTemplate":"https:\/\/www.p31noticias.com.br\/?s={search_term_string}"},"query-input":{"@type":"PropertyValueSpecification","valueRequired":true,"valueName":"search_term_string"}}],"inLanguage":"pt-BR"}]}},"amp_enabled":true,"_links":{"self":[{"href":"https:\/\/www.p31noticias.com.br\/index.php?rest_route=\/wp\/v2\/posts\/53363","targetHints":{"allow":["GET"]}}],"collection":[{"href":"https:\/\/www.p31noticias.com.br\/index.php?rest_route=\/wp\/v2\/posts"}],"about":[{"href":"https:\/\/www.p31noticias.com.br\/index.php?rest_route=\/wp\/v2\/types\/post"}],"replies":[{"embeddable":true,"href":"https:\/\/www.p31noticias.com.br\/index.php?rest_route=%2Fwp%2Fv2%2Fcomments&post=53363"}],"version-history":[{"count":0,"href":"https:\/\/www.p31noticias.com.br\/index.php?rest_route=\/wp\/v2\/posts\/53363\/revisions"}],"wp:featuredmedia":[{"embeddable":true,"href":"https:\/\/www.p31noticias.com.br\/index.php?rest_route=\/wp\/v2\/media\/53364"}],"wp:attachment":[{"href":"https:\/\/www.p31noticias.com.br\/index.php?rest_route=%2Fwp%2Fv2%2Fmedia&parent=53363"}],"wp:term":[{"taxonomy":"category","embeddable":true,"href":"https:\/\/www.p31noticias.com.br\/index.php?rest_route=%2Fwp%2Fv2%2Fcategories&post=53363"},{"taxonomy":"post_tag","embeddable":true,"href":"https:\/\/www.p31noticias.com.br\/index.php?rest_route=%2Fwp%2Fv2%2Ftags&post=53363"}],"curies":[{"name":"wp","href":"https:\/\/api.w.org\/{rel}","templated":true}]}}