{"id":53341,"date":"2024-06-07T08:30:14","date_gmt":"2024-06-07T11:30:14","guid":{"rendered":"https:\/\/p31noticias.com.br\/o-vale-do-javari-em-ciclos-de-morte-e-vida-com-rubens-valente\/"},"modified":"2024-06-07T08:30:14","modified_gmt":"2024-06-07T11:30:14","slug":"o-vale-do-javari-em-ciclos-de-morte-e-vida-com-rubens-valente","status":"publish","type":"post","link":"https:\/\/www.p31noticias.com.br\/?p=53341","title":{"rendered":"O Vale do Javari em ciclos de morte e vida \u2013 com Rubens Valente"},"content":{"rendered":"<p>Na \u00faltima quarta-feira, dia 5, completaram-se dois anos desde a morte do indigenista Bruno Pereira e do jornalista brit\u00e2nico Dom Philips no Vale do Javari. Esse caso, que repercutiu mundialmente, reflete uma realidade marcada por disputas e viol\u00eancia em uma regi\u00e3o at\u00e9 ent\u00e3o pouco conhecida e vasta. Muitos eventos ocorreram na regi\u00e3o antes e ap\u00f3s [\u2026]<\/p>\n<p>O post <a href=\"https:\/\/www.delioandrade.com.br\/o-vale-do-javari-em-ciclos-de-morte-e-vida-com-rubens-valente\/\">O Vale do Javari em ciclos de morte e vida \u2013 com Rubens Valente<\/a> apareceu primeiro em <a href=\"https:\/\/www.delioandrade.com.br\/\">Blog do D\u00c9LIO ANDRADE<\/a>.<\/p>\n","protected":false},"excerpt":{"rendered":"<p>Na \u00faltima quarta-feira, dia 5, completaram-se dois anos desde a morte do indigenista Bruno Pereira e do jornalista brit\u00e2nico Dom Philips no Vale do Javari. Esse caso, que repercutiu mundialmente, reflete uma realidade marcada por disputas e viol\u00eancia em uma regi\u00e3o at\u00e9 ent\u00e3o pouco conhecida e vasta. Muitos eventos ocorreram na regi\u00e3o antes e ap\u00f3s [&hellip;]<\/p>\n","protected":false},"author":0,"featured_media":53342,"comment_status":"open","ping_status":"open","sticky":false,"template":"","format":"standard","meta":{"footnotes":""},"categories":[21],"tags":[],"class_list":{"0":"post-53341","1":"post","2":"type-post","3":"status-publish","4":"format-standard","5":"has-post-thumbnail","7":"category-brasilia"},"yoast_head":"<!-- This site is optimized with the Yoast SEO Premium plugin v24.5 (Yoast SEO v27.5) - https:\/\/yoast.com\/product\/yoast-seo-premium-wordpress\/ -->\n<title>O Vale do Javari em ciclos de morte e vida \u2013 com Rubens Valente - P31<\/title>\n<meta name=\"robots\" content=\"index, follow, max-snippet:-1, max-image-preview:large, max-video-preview:-1\" \/>\n<link rel=\"canonical\" href=\"https:\/\/www.p31noticias.com.br\/?p=53341\" \/>\n<meta property=\"og:locale\" content=\"pt_BR\" \/>\n<meta property=\"og:type\" content=\"article\" \/>\n<meta property=\"og:title\" content=\"O Vale do Javari em ciclos de morte e vida \u2013 com Rubens Valente\" \/>\n<meta property=\"og:description\" content=\"Na \u00faltima quarta-feira, dia 5, completaram-se dois anos desde a morte do indigenista Bruno Pereira e do jornalista brit\u00e2nico Dom Philips no Vale do Javari. Esse caso, que repercutiu mundialmente, reflete uma realidade marcada por disputas e viol\u00eancia em uma regi\u00e3o at\u00e9 ent\u00e3o pouco conhecida e vasta. Muitos eventos ocorreram na regi\u00e3o antes e ap\u00f3s [&hellip;]\" \/>\n<meta property=\"og:url\" content=\"https:\/\/www.p31noticias.com.br\/?p=53341\" \/>\n<meta property=\"og:site_name\" content=\"P31\" \/>\n<meta property=\"article:published_time\" content=\"2024-06-07T11:30:14+00:00\" \/>\n<meta property=\"og:image\" content=\"https:\/\/www.p31noticias.com.br\/wp-content\/uploads\/2024\/06\/capa-episodio-Pauta-Publica-123-O-Vale-do-Javari-em-ciclos-de-morte-e-vida-com-Rubens-Valente-m9bmrk-150x150-CSqhIr.png\" \/>\n\t<meta property=\"og:image:width\" content=\"150\" \/>\n\t<meta property=\"og:image:height\" content=\"150\" \/>\n\t<meta property=\"og:image:type\" content=\"image\/png\" \/>\n<meta name=\"twitter:card\" content=\"summary_large_image\" \/>\n<script type=\"application\/ld+json\" class=\"yoast-schema-graph\">{\"@context\":\"https:\\\/\\\/schema.org\",\"@graph\":[{\"@type\":\"Article\",\"@id\":\"https:\\\/\\\/www.p31noticias.com.br\\\/?p=53341#article\",\"isPartOf\":{\"@id\":\"https:\\\/\\\/www.p31noticias.com.br\\\/?p=53341\"},\"author\":{\"name\":\"\",\"@id\":\"\"},\"headline\":\"O Vale do Javari em ciclos de morte e vida \u2013 com Rubens Valente\",\"datePublished\":\"2024-06-07T11:30:14+00:00\",\"mainEntityOfPage\":{\"@id\":\"https:\\\/\\\/www.p31noticias.com.br\\\/?p=53341\"},\"wordCount\":96,\"commentCount\":0,\"image\":{\"@id\":\"https:\\\/\\\/www.p31noticias.com.br\\\/?p=53341#primaryimage\"},\"thumbnailUrl\":\"https:\\\/\\\/www.p31noticias.com.br\\\/wp-content\\\/uploads\\\/2024\\\/06\\\/capa-episodio-Pauta-Publica-123-O-Vale-do-Javari-em-ciclos-de-morte-e-vida-com-Rubens-Valente-m9bmrk-150x150-CSqhIr.png\",\"articleSection\":[\"Bras\u00edlia\"],\"inLanguage\":\"pt-BR\",\"potentialAction\":[{\"@type\":\"CommentAction\",\"name\":\"Comment\",\"target\":[\"https:\\\/\\\/www.p31noticias.com.br\\\/?p=53341#respond\"]}],\"copyrightYear\":\"2024\",\"copyrightHolder\":{\"@id\":\"https:\\\/\\\/www.p31noticias.com.br\\\/#organization\"}},{\"@type\":\"WebPage\",\"@id\":\"https:\\\/\\\/www.p31noticias.com.br\\\/?p=53341\",\"url\":\"https:\\\/\\\/www.p31noticias.com.br\\\/?p=53341\",\"name\":\"O Vale do Javari em ciclos de morte e vida \u2013 com Rubens Valente - P31\",\"isPartOf\":{\"@id\":\"https:\\\/\\\/www.p31noticias.com.br\\\/#website\"},\"primaryImageOfPage\":{\"@id\":\"https:\\\/\\\/www.p31noticias.com.br\\\/?p=53341#primaryimage\"},\"image\":{\"@id\":\"https:\\\/\\\/www.p31noticias.com.br\\\/?p=53341#primaryimage\"},\"thumbnailUrl\":\"https:\\\/\\\/www.p31noticias.com.br\\\/wp-content\\\/uploads\\\/2024\\\/06\\\/capa-episodio-Pauta-Publica-123-O-Vale-do-Javari-em-ciclos-de-morte-e-vida-com-Rubens-Valente-m9bmrk-150x150-CSqhIr.png\",\"datePublished\":\"2024-06-07T11:30:14+00:00\",\"author\":{\"@id\":\"\"},\"breadcrumb\":{\"@id\":\"https:\\\/\\\/www.p31noticias.com.br\\\/?p=53341#breadcrumb\"},\"inLanguage\":\"pt-BR\",\"potentialAction\":[{\"@type\":\"ReadAction\",\"target\":[\"https:\\\/\\\/www.p31noticias.com.br\\\/?p=53341\"]}]},{\"@type\":\"ImageObject\",\"inLanguage\":\"pt-BR\",\"@id\":\"https:\\\/\\\/www.p31noticias.com.br\\\/?p=53341#primaryimage\",\"url\":\"https:\\\/\\\/www.p31noticias.com.br\\\/wp-content\\\/uploads\\\/2024\\\/06\\\/capa-episodio-Pauta-Publica-123-O-Vale-do-Javari-em-ciclos-de-morte-e-vida-com-Rubens-Valente-m9bmrk-150x150-CSqhIr.png\",\"contentUrl\":\"https:\\\/\\\/www.p31noticias.com.br\\\/wp-content\\\/uploads\\\/2024\\\/06\\\/capa-episodio-Pauta-Publica-123-O-Vale-do-Javari-em-ciclos-de-morte-e-vida-com-Rubens-Valente-m9bmrk-150x150-CSqhIr.png\",\"width\":150,\"height\":150},{\"@type\":\"BreadcrumbList\",\"@id\":\"https:\\\/\\\/www.p31noticias.com.br\\\/?p=53341#breadcrumb\",\"itemListElement\":[{\"@type\":\"ListItem\",\"position\":1,\"name\":\"In\u00edcio\",\"item\":\"https:\\\/\\\/www.p31noticias.com.br\\\/\"},{\"@type\":\"ListItem\",\"position\":2,\"name\":\"O Vale do Javari em ciclos de morte e vida \u2013 com Rubens Valente\"}]},{\"@type\":\"WebSite\",\"@id\":\"https:\\\/\\\/www.p31noticias.com.br\\\/#website\",\"url\":\"https:\\\/\\\/www.p31noticias.com.br\\\/\",\"name\":\"P31\",\"description\":\"NOT\u00cdCIAS\",\"potentialAction\":[{\"@type\":\"SearchAction\",\"target\":{\"@type\":\"EntryPoint\",\"urlTemplate\":\"https:\\\/\\\/www.p31noticias.com.br\\\/?s={search_term_string}\"},\"query-input\":{\"@type\":\"PropertyValueSpecification\",\"valueRequired\":true,\"valueName\":\"search_term_string\"}}],\"inLanguage\":\"pt-BR\"}]}<\/script>\n<!-- \/ Yoast SEO Premium plugin. -->","yoast_head_json":{"title":"O Vale do Javari em ciclos de morte e vida \u2013 com Rubens Valente - P31","robots":{"index":"index","follow":"follow","max-snippet":"max-snippet:-1","max-image-preview":"max-image-preview:large","max-video-preview":"max-video-preview:-1"},"canonical":"https:\/\/www.p31noticias.com.br\/?p=53341","og_locale":"pt_BR","og_type":"article","og_title":"O Vale do Javari em ciclos de morte e vida \u2013 com Rubens Valente","og_description":"Na \u00faltima quarta-feira, dia 5, completaram-se dois anos desde a morte do indigenista Bruno Pereira e do jornalista brit\u00e2nico Dom Philips no Vale do Javari. Esse caso, que repercutiu mundialmente, reflete uma realidade marcada por disputas e viol\u00eancia em uma regi\u00e3o at\u00e9 ent\u00e3o pouco conhecida e vasta. Muitos eventos ocorreram na regi\u00e3o antes e ap\u00f3s [&hellip;]","og_url":"https:\/\/www.p31noticias.com.br\/?p=53341","og_site_name":"P31","article_published_time":"2024-06-07T11:30:14+00:00","og_image":[{"width":150,"height":150,"url":"https:\/\/www.p31noticias.com.br\/wp-content\/uploads\/2024\/06\/capa-episodio-Pauta-Publica-123-O-Vale-do-Javari-em-ciclos-de-morte-e-vida-com-Rubens-Valente-m9bmrk-150x150-CSqhIr.png","type":"image\/png"}],"twitter_card":"summary_large_image","schema":{"@context":"https:\/\/schema.org","@graph":[{"@type":"Article","@id":"https:\/\/www.p31noticias.com.br\/?p=53341#article","isPartOf":{"@id":"https:\/\/www.p31noticias.com.br\/?p=53341"},"author":{"name":"","@id":""},"headline":"O Vale do Javari em ciclos de morte e vida \u2013 com Rubens Valente","datePublished":"2024-06-07T11:30:14+00:00","mainEntityOfPage":{"@id":"https:\/\/www.p31noticias.com.br\/?p=53341"},"wordCount":96,"commentCount":0,"image":{"@id":"https:\/\/www.p31noticias.com.br\/?p=53341#primaryimage"},"thumbnailUrl":"https:\/\/www.p31noticias.com.br\/wp-content\/uploads\/2024\/06\/capa-episodio-Pauta-Publica-123-O-Vale-do-Javari-em-ciclos-de-morte-e-vida-com-Rubens-Valente-m9bmrk-150x150-CSqhIr.png","articleSection":["Bras\u00edlia"],"inLanguage":"pt-BR","potentialAction":[{"@type":"CommentAction","name":"Comment","target":["https:\/\/www.p31noticias.com.br\/?p=53341#respond"]}],"copyrightYear":"2024","copyrightHolder":{"@id":"https:\/\/www.p31noticias.com.br\/#organization"}},{"@type":"WebPage","@id":"https:\/\/www.p31noticias.com.br\/?p=53341","url":"https:\/\/www.p31noticias.com.br\/?p=53341","name":"O Vale do Javari em ciclos de morte e vida \u2013 com Rubens Valente - P31","isPartOf":{"@id":"https:\/\/www.p31noticias.com.br\/#website"},"primaryImageOfPage":{"@id":"https:\/\/www.p31noticias.com.br\/?p=53341#primaryimage"},"image":{"@id":"https:\/\/www.p31noticias.com.br\/?p=53341#primaryimage"},"thumbnailUrl":"https:\/\/www.p31noticias.com.br\/wp-content\/uploads\/2024\/06\/capa-episodio-Pauta-Publica-123-O-Vale-do-Javari-em-ciclos-de-morte-e-vida-com-Rubens-Valente-m9bmrk-150x150-CSqhIr.png","datePublished":"2024-06-07T11:30:14+00:00","author":{"@id":""},"breadcrumb":{"@id":"https:\/\/www.p31noticias.com.br\/?p=53341#breadcrumb"},"inLanguage":"pt-BR","potentialAction":[{"@type":"ReadAction","target":["https:\/\/www.p31noticias.com.br\/?p=53341"]}]},{"@type":"ImageObject","inLanguage":"pt-BR","@id":"https:\/\/www.p31noticias.com.br\/?p=53341#primaryimage","url":"https:\/\/www.p31noticias.com.br\/wp-content\/uploads\/2024\/06\/capa-episodio-Pauta-Publica-123-O-Vale-do-Javari-em-ciclos-de-morte-e-vida-com-Rubens-Valente-m9bmrk-150x150-CSqhIr.png","contentUrl":"https:\/\/www.p31noticias.com.br\/wp-content\/uploads\/2024\/06\/capa-episodio-Pauta-Publica-123-O-Vale-do-Javari-em-ciclos-de-morte-e-vida-com-Rubens-Valente-m9bmrk-150x150-CSqhIr.png","width":150,"height":150},{"@type":"BreadcrumbList","@id":"https:\/\/www.p31noticias.com.br\/?p=53341#breadcrumb","itemListElement":[{"@type":"ListItem","position":1,"name":"In\u00edcio","item":"https:\/\/www.p31noticias.com.br\/"},{"@type":"ListItem","position":2,"name":"O Vale do Javari em ciclos de morte e vida \u2013 com Rubens Valente"}]},{"@type":"WebSite","@id":"https:\/\/www.p31noticias.com.br\/#website","url":"https:\/\/www.p31noticias.com.br\/","name":"P31","description":"NOT\u00cdCIAS","potentialAction":[{"@type":"SearchAction","target":{"@type":"EntryPoint","urlTemplate":"https:\/\/www.p31noticias.com.br\/?s={search_term_string}"},"query-input":{"@type":"PropertyValueSpecification","valueRequired":true,"valueName":"search_term_string"}}],"inLanguage":"pt-BR"}]}},"amp_enabled":true,"_links":{"self":[{"href":"https:\/\/www.p31noticias.com.br\/index.php?rest_route=\/wp\/v2\/posts\/53341","targetHints":{"allow":["GET"]}}],"collection":[{"href":"https:\/\/www.p31noticias.com.br\/index.php?rest_route=\/wp\/v2\/posts"}],"about":[{"href":"https:\/\/www.p31noticias.com.br\/index.php?rest_route=\/wp\/v2\/types\/post"}],"replies":[{"embeddable":true,"href":"https:\/\/www.p31noticias.com.br\/index.php?rest_route=%2Fwp%2Fv2%2Fcomments&post=53341"}],"version-history":[{"count":0,"href":"https:\/\/www.p31noticias.com.br\/index.php?rest_route=\/wp\/v2\/posts\/53341\/revisions"}],"wp:featuredmedia":[{"embeddable":true,"href":"https:\/\/www.p31noticias.com.br\/index.php?rest_route=\/wp\/v2\/media\/53342"}],"wp:attachment":[{"href":"https:\/\/www.p31noticias.com.br\/index.php?rest_route=%2Fwp%2Fv2%2Fmedia&parent=53341"}],"wp:term":[{"taxonomy":"category","embeddable":true,"href":"https:\/\/www.p31noticias.com.br\/index.php?rest_route=%2Fwp%2Fv2%2Fcategories&post=53341"},{"taxonomy":"post_tag","embeddable":true,"href":"https:\/\/www.p31noticias.com.br\/index.php?rest_route=%2Fwp%2Fv2%2Ftags&post=53341"}],"curies":[{"name":"wp","href":"https:\/\/api.w.org\/{rel}","templated":true}]}}