{"id":53339,"date":"2024-06-07T07:30:08","date_gmt":"2024-06-07T10:30:08","guid":{"rendered":"https:\/\/p31noticias.com.br\/justica-e-imprensa-tem-lado-invasores-da-assembleia-legislativa-do-parana-recebem-tratamento-diferenciado\/"},"modified":"2024-06-07T07:30:08","modified_gmt":"2024-06-07T10:30:08","slug":"justica-e-imprensa-tem-lado-invasores-da-assembleia-legislativa-do-parana-recebem-tratamento-diferenciado","status":"publish","type":"post","link":"https:\/\/www.p31noticias.com.br\/?p=53339","title":{"rendered":"Justi\u00e7a e imprensa tem lado? Invasores da Assembleia Legislativa do Paran\u00e1 recebem tratamento diferenciado"},"content":{"rendered":"<p>Parlamentares como Ricardo Sales (PL-SP) e Bia Kicis (PL-DF) criticam duramente a disparidade de tratamento entre as manifesta\u00e7\u00f5es de esquerda e direita. Eles enfatizam que, enquanto a direita foi severamente punida por suas a\u00e7\u00f5es, a esquerda, que historicamente adota m\u00e9todos violentos, enfrenta uma resposta absurdamente leniente das autoridades e da imprensa esquerdista. Tal tratamento, na [\u2026]<\/p>\n<p>O post <a href=\"https:\/\/www.delioandrade.com.br\/justica-e-imprensa-tem-lado-invasores-da-assembleia-legislativa-do-parana-recebem-tratamento-diferenciado\/\">Justi\u00e7a e imprensa tem lado? Invasores da Assembleia Legislativa do Paran\u00e1 recebem tratamento diferenciado<\/a> apareceu primeiro em <a href=\"https:\/\/www.delioandrade.com.br\/\">Blog do D\u00c9LIO ANDRADE<\/a>.<\/p>\n","protected":false},"excerpt":{"rendered":"<p>Parlamentares como Ricardo Sales (PL-SP) e Bia Kicis (PL-DF) criticam duramente a disparidade de tratamento entre as manifesta\u00e7\u00f5es de esquerda e direita. Eles enfatizam que, enquanto a direita foi severamente punida por suas a\u00e7\u00f5es, a esquerda, que historicamente adota m\u00e9todos violentos, enfrenta uma resposta absurdamente leniente das autoridades e da imprensa esquerdista. Tal tratamento, na [&hellip;]<\/p>\n","protected":false},"author":0,"featured_media":53340,"comment_status":"open","ping_status":"open","sticky":false,"template":"","format":"standard","meta":{"footnotes":""},"categories":[21],"tags":[],"class_list":{"0":"post-53339","1":"post","2":"type-post","3":"status-publish","4":"format-standard","5":"has-post-thumbnail","7":"category-brasilia"},"yoast_head":"<!-- This site is optimized with the Yoast SEO Premium plugin v24.5 (Yoast SEO v27.5) - https:\/\/yoast.com\/product\/yoast-seo-premium-wordpress\/ -->\n<title>Justi\u00e7a e imprensa tem lado? Invasores da Assembleia Legislativa do Paran\u00e1 recebem tratamento diferenciado - P31<\/title>\n<meta name=\"robots\" content=\"index, follow, max-snippet:-1, max-image-preview:large, max-video-preview:-1\" \/>\n<link rel=\"canonical\" href=\"https:\/\/www.p31noticias.com.br\/?p=53339\" \/>\n<meta property=\"og:locale\" content=\"pt_BR\" \/>\n<meta property=\"og:type\" content=\"article\" \/>\n<meta property=\"og:title\" content=\"Justi\u00e7a e imprensa tem lado? Invasores da Assembleia Legislativa do Paran\u00e1 recebem tratamento diferenciado\" \/>\n<meta property=\"og:description\" content=\"Parlamentares como Ricardo Sales (PL-SP) e Bia Kicis (PL-DF) criticam duramente a disparidade de tratamento entre as manifesta\u00e7\u00f5es de esquerda e direita. Eles enfatizam que, enquanto a direita foi severamente punida por suas a\u00e7\u00f5es, a esquerda, que historicamente adota m\u00e9todos violentos, enfrenta uma resposta absurdamente leniente das autoridades e da imprensa esquerdista. Tal tratamento, na [&hellip;]\" \/>\n<meta property=\"og:url\" content=\"https:\/\/www.p31noticias.com.br\/?p=53339\" \/>\n<meta property=\"og:site_name\" content=\"P31\" \/>\n<meta property=\"article:published_time\" content=\"2024-06-07T10:30:08+00:00\" \/>\n<meta property=\"og:image\" content=\"https:\/\/www.p31noticias.com.br\/wp-content\/uploads\/2024\/06\/invasaoassembleiaparana-150x150-YUYMP8-iTf6yE.jpeg\" \/>\n\t<meta property=\"og:image:width\" content=\"150\" \/>\n\t<meta property=\"og:image:height\" content=\"150\" \/>\n\t<meta property=\"og:image:type\" content=\"image\/jpeg\" \/>\n<meta name=\"twitter:card\" content=\"summary_large_image\" \/>\n<script type=\"application\/ld+json\" class=\"yoast-schema-graph\">{\"@context\":\"https:\\\/\\\/schema.org\",\"@graph\":[{\"@type\":\"Article\",\"@id\":\"https:\\\/\\\/www.p31noticias.com.br\\\/?p=53339#article\",\"isPartOf\":{\"@id\":\"https:\\\/\\\/www.p31noticias.com.br\\\/?p=53339\"},\"author\":{\"name\":\"\",\"@id\":\"\"},\"headline\":\"Justi\u00e7a e imprensa tem lado? Invasores da Assembleia Legislativa do Paran\u00e1 recebem tratamento diferenciado\",\"datePublished\":\"2024-06-07T10:30:08+00:00\",\"mainEntityOfPage\":{\"@id\":\"https:\\\/\\\/www.p31noticias.com.br\\\/?p=53339\"},\"wordCount\":98,\"commentCount\":0,\"image\":{\"@id\":\"https:\\\/\\\/www.p31noticias.com.br\\\/?p=53339#primaryimage\"},\"thumbnailUrl\":\"https:\\\/\\\/www.p31noticias.com.br\\\/wp-content\\\/uploads\\\/2024\\\/06\\\/invasaoassembleiaparana-150x150-YUYMP8-iTf6yE.jpeg\",\"articleSection\":[\"Bras\u00edlia\"],\"inLanguage\":\"pt-BR\",\"potentialAction\":[{\"@type\":\"CommentAction\",\"name\":\"Comment\",\"target\":[\"https:\\\/\\\/www.p31noticias.com.br\\\/?p=53339#respond\"]}],\"copyrightYear\":\"2024\",\"copyrightHolder\":{\"@id\":\"https:\\\/\\\/www.p31noticias.com.br\\\/#organization\"}},{\"@type\":\"WebPage\",\"@id\":\"https:\\\/\\\/www.p31noticias.com.br\\\/?p=53339\",\"url\":\"https:\\\/\\\/www.p31noticias.com.br\\\/?p=53339\",\"name\":\"Justi\u00e7a e imprensa tem lado? Invasores da Assembleia Legislativa do Paran\u00e1 recebem tratamento diferenciado - P31\",\"isPartOf\":{\"@id\":\"https:\\\/\\\/www.p31noticias.com.br\\\/#website\"},\"primaryImageOfPage\":{\"@id\":\"https:\\\/\\\/www.p31noticias.com.br\\\/?p=53339#primaryimage\"},\"image\":{\"@id\":\"https:\\\/\\\/www.p31noticias.com.br\\\/?p=53339#primaryimage\"},\"thumbnailUrl\":\"https:\\\/\\\/www.p31noticias.com.br\\\/wp-content\\\/uploads\\\/2024\\\/06\\\/invasaoassembleiaparana-150x150-YUYMP8-iTf6yE.jpeg\",\"datePublished\":\"2024-06-07T10:30:08+00:00\",\"author\":{\"@id\":\"\"},\"breadcrumb\":{\"@id\":\"https:\\\/\\\/www.p31noticias.com.br\\\/?p=53339#breadcrumb\"},\"inLanguage\":\"pt-BR\",\"potentialAction\":[{\"@type\":\"ReadAction\",\"target\":[\"https:\\\/\\\/www.p31noticias.com.br\\\/?p=53339\"]}]},{\"@type\":\"ImageObject\",\"inLanguage\":\"pt-BR\",\"@id\":\"https:\\\/\\\/www.p31noticias.com.br\\\/?p=53339#primaryimage\",\"url\":\"https:\\\/\\\/www.p31noticias.com.br\\\/wp-content\\\/uploads\\\/2024\\\/06\\\/invasaoassembleiaparana-150x150-YUYMP8-iTf6yE.jpeg\",\"contentUrl\":\"https:\\\/\\\/www.p31noticias.com.br\\\/wp-content\\\/uploads\\\/2024\\\/06\\\/invasaoassembleiaparana-150x150-YUYMP8-iTf6yE.jpeg\",\"width\":150,\"height\":150},{\"@type\":\"BreadcrumbList\",\"@id\":\"https:\\\/\\\/www.p31noticias.com.br\\\/?p=53339#breadcrumb\",\"itemListElement\":[{\"@type\":\"ListItem\",\"position\":1,\"name\":\"In\u00edcio\",\"item\":\"https:\\\/\\\/www.p31noticias.com.br\\\/\"},{\"@type\":\"ListItem\",\"position\":2,\"name\":\"Justi\u00e7a e imprensa tem lado? Invasores da Assembleia Legislativa do Paran\u00e1 recebem tratamento diferenciado\"}]},{\"@type\":\"WebSite\",\"@id\":\"https:\\\/\\\/www.p31noticias.com.br\\\/#website\",\"url\":\"https:\\\/\\\/www.p31noticias.com.br\\\/\",\"name\":\"P31\",\"description\":\"NOT\u00cdCIAS\",\"potentialAction\":[{\"@type\":\"SearchAction\",\"target\":{\"@type\":\"EntryPoint\",\"urlTemplate\":\"https:\\\/\\\/www.p31noticias.com.br\\\/?s={search_term_string}\"},\"query-input\":{\"@type\":\"PropertyValueSpecification\",\"valueRequired\":true,\"valueName\":\"search_term_string\"}}],\"inLanguage\":\"pt-BR\"}]}<\/script>\n<!-- \/ Yoast SEO Premium plugin. -->","yoast_head_json":{"title":"Justi\u00e7a e imprensa tem lado? Invasores da Assembleia Legislativa do Paran\u00e1 recebem tratamento diferenciado - P31","robots":{"index":"index","follow":"follow","max-snippet":"max-snippet:-1","max-image-preview":"max-image-preview:large","max-video-preview":"max-video-preview:-1"},"canonical":"https:\/\/www.p31noticias.com.br\/?p=53339","og_locale":"pt_BR","og_type":"article","og_title":"Justi\u00e7a e imprensa tem lado? Invasores da Assembleia Legislativa do Paran\u00e1 recebem tratamento diferenciado","og_description":"Parlamentares como Ricardo Sales (PL-SP) e Bia Kicis (PL-DF) criticam duramente a disparidade de tratamento entre as manifesta\u00e7\u00f5es de esquerda e direita. Eles enfatizam que, enquanto a direita foi severamente punida por suas a\u00e7\u00f5es, a esquerda, que historicamente adota m\u00e9todos violentos, enfrenta uma resposta absurdamente leniente das autoridades e da imprensa esquerdista. Tal tratamento, na [&hellip;]","og_url":"https:\/\/www.p31noticias.com.br\/?p=53339","og_site_name":"P31","article_published_time":"2024-06-07T10:30:08+00:00","og_image":[{"width":150,"height":150,"url":"https:\/\/www.p31noticias.com.br\/wp-content\/uploads\/2024\/06\/invasaoassembleiaparana-150x150-YUYMP8-iTf6yE.jpeg","type":"image\/jpeg"}],"twitter_card":"summary_large_image","schema":{"@context":"https:\/\/schema.org","@graph":[{"@type":"Article","@id":"https:\/\/www.p31noticias.com.br\/?p=53339#article","isPartOf":{"@id":"https:\/\/www.p31noticias.com.br\/?p=53339"},"author":{"name":"","@id":""},"headline":"Justi\u00e7a e imprensa tem lado? Invasores da Assembleia Legislativa do Paran\u00e1 recebem tratamento diferenciado","datePublished":"2024-06-07T10:30:08+00:00","mainEntityOfPage":{"@id":"https:\/\/www.p31noticias.com.br\/?p=53339"},"wordCount":98,"commentCount":0,"image":{"@id":"https:\/\/www.p31noticias.com.br\/?p=53339#primaryimage"},"thumbnailUrl":"https:\/\/www.p31noticias.com.br\/wp-content\/uploads\/2024\/06\/invasaoassembleiaparana-150x150-YUYMP8-iTf6yE.jpeg","articleSection":["Bras\u00edlia"],"inLanguage":"pt-BR","potentialAction":[{"@type":"CommentAction","name":"Comment","target":["https:\/\/www.p31noticias.com.br\/?p=53339#respond"]}],"copyrightYear":"2024","copyrightHolder":{"@id":"https:\/\/www.p31noticias.com.br\/#organization"}},{"@type":"WebPage","@id":"https:\/\/www.p31noticias.com.br\/?p=53339","url":"https:\/\/www.p31noticias.com.br\/?p=53339","name":"Justi\u00e7a e imprensa tem lado? Invasores da Assembleia Legislativa do Paran\u00e1 recebem tratamento diferenciado - P31","isPartOf":{"@id":"https:\/\/www.p31noticias.com.br\/#website"},"primaryImageOfPage":{"@id":"https:\/\/www.p31noticias.com.br\/?p=53339#primaryimage"},"image":{"@id":"https:\/\/www.p31noticias.com.br\/?p=53339#primaryimage"},"thumbnailUrl":"https:\/\/www.p31noticias.com.br\/wp-content\/uploads\/2024\/06\/invasaoassembleiaparana-150x150-YUYMP8-iTf6yE.jpeg","datePublished":"2024-06-07T10:30:08+00:00","author":{"@id":""},"breadcrumb":{"@id":"https:\/\/www.p31noticias.com.br\/?p=53339#breadcrumb"},"inLanguage":"pt-BR","potentialAction":[{"@type":"ReadAction","target":["https:\/\/www.p31noticias.com.br\/?p=53339"]}]},{"@type":"ImageObject","inLanguage":"pt-BR","@id":"https:\/\/www.p31noticias.com.br\/?p=53339#primaryimage","url":"https:\/\/www.p31noticias.com.br\/wp-content\/uploads\/2024\/06\/invasaoassembleiaparana-150x150-YUYMP8-iTf6yE.jpeg","contentUrl":"https:\/\/www.p31noticias.com.br\/wp-content\/uploads\/2024\/06\/invasaoassembleiaparana-150x150-YUYMP8-iTf6yE.jpeg","width":150,"height":150},{"@type":"BreadcrumbList","@id":"https:\/\/www.p31noticias.com.br\/?p=53339#breadcrumb","itemListElement":[{"@type":"ListItem","position":1,"name":"In\u00edcio","item":"https:\/\/www.p31noticias.com.br\/"},{"@type":"ListItem","position":2,"name":"Justi\u00e7a e imprensa tem lado? Invasores da Assembleia Legislativa do Paran\u00e1 recebem tratamento diferenciado"}]},{"@type":"WebSite","@id":"https:\/\/www.p31noticias.com.br\/#website","url":"https:\/\/www.p31noticias.com.br\/","name":"P31","description":"NOT\u00cdCIAS","potentialAction":[{"@type":"SearchAction","target":{"@type":"EntryPoint","urlTemplate":"https:\/\/www.p31noticias.com.br\/?s={search_term_string}"},"query-input":{"@type":"PropertyValueSpecification","valueRequired":true,"valueName":"search_term_string"}}],"inLanguage":"pt-BR"}]}},"amp_enabled":true,"_links":{"self":[{"href":"https:\/\/www.p31noticias.com.br\/index.php?rest_route=\/wp\/v2\/posts\/53339","targetHints":{"allow":["GET"]}}],"collection":[{"href":"https:\/\/www.p31noticias.com.br\/index.php?rest_route=\/wp\/v2\/posts"}],"about":[{"href":"https:\/\/www.p31noticias.com.br\/index.php?rest_route=\/wp\/v2\/types\/post"}],"replies":[{"embeddable":true,"href":"https:\/\/www.p31noticias.com.br\/index.php?rest_route=%2Fwp%2Fv2%2Fcomments&post=53339"}],"version-history":[{"count":0,"href":"https:\/\/www.p31noticias.com.br\/index.php?rest_route=\/wp\/v2\/posts\/53339\/revisions"}],"wp:featuredmedia":[{"embeddable":true,"href":"https:\/\/www.p31noticias.com.br\/index.php?rest_route=\/wp\/v2\/media\/53340"}],"wp:attachment":[{"href":"https:\/\/www.p31noticias.com.br\/index.php?rest_route=%2Fwp%2Fv2%2Fmedia&parent=53339"}],"wp:term":[{"taxonomy":"category","embeddable":true,"href":"https:\/\/www.p31noticias.com.br\/index.php?rest_route=%2Fwp%2Fv2%2Fcategories&post=53339"},{"taxonomy":"post_tag","embeddable":true,"href":"https:\/\/www.p31noticias.com.br\/index.php?rest_route=%2Fwp%2Fv2%2Ftags&post=53339"}],"curies":[{"name":"wp","href":"https:\/\/api.w.org\/{rel}","templated":true}]}}