{"id":53335,"date":"2024-06-07T06:30:19","date_gmt":"2024-06-07T09:30:19","guid":{"rendered":"https:\/\/p31noticias.com.br\/um-dia-do-meio-ambiente-com-gosto-amargo\/"},"modified":"2024-06-07T06:30:19","modified_gmt":"2024-06-07T09:30:19","slug":"um-dia-do-meio-ambiente-com-gosto-amargo","status":"publish","type":"post","link":"https:\/\/www.p31noticias.com.br\/?p=53335","title":{"rendered":"Um Dia do Meio Ambiente com gosto amargo"},"content":{"rendered":"<p>Quer receber os textos desta coluna em primeira m\u00e3o no seu e-mail? Assine a newsletter Antes que seja tarde, enviada \u00e0s quintas-feiras, 12h. Para receber as pr\u00f3ximas edi\u00e7\u00f5es,\u00a0inscreva-se aqui. Ap\u00f3s um m\u00eas de trag\u00e9dia clim\u00e1tica em curso no Rio Grande do Sul, este Dia Internacional do Meio Ambiente, comemorado nesta quarta-feira, 5, veio com um [\u2026]<\/p>\n<p>O post <a href=\"https:\/\/www.delioandrade.com.br\/um-dia-do-meio-ambiente-com-gosto-amargo\/\">Um Dia do Meio Ambiente com gosto amargo<\/a> apareceu primeiro em <a href=\"https:\/\/www.delioandrade.com.br\/\">Blog do D\u00c9LIO ANDRADE<\/a>.<\/p>\n","protected":false},"excerpt":{"rendered":"<p>Quer receber os textos desta coluna em primeira m\u00e3o no seu e-mail? Assine a newsletter Antes que seja tarde, enviada \u00e0s quintas-feiras, 12h. Para receber as pr\u00f3ximas edi\u00e7\u00f5es,\u00a0inscreva-se aqui. Ap\u00f3s um m\u00eas de trag\u00e9dia clim\u00e1tica em curso no Rio Grande do Sul, este Dia Internacional do Meio Ambiente, comemorado nesta quarta-feira, 5, veio com um [&hellip;]<\/p>\n","protected":false},"author":0,"featured_media":53336,"comment_status":"open","ping_status":"open","sticky":false,"template":"","format":"standard","meta":{"footnotes":""},"categories":[21],"tags":[],"class_list":{"0":"post-53335","1":"post","2":"type-post","3":"status-publish","4":"format-standard","5":"has-post-thumbnail","7":"category-brasilia"},"yoast_head":"<!-- This site is optimized with the Yoast SEO Premium plugin v24.5 (Yoast SEO v27.5) - https:\/\/yoast.com\/product\/yoast-seo-premium-wordpress\/ -->\n<title>Um Dia do Meio Ambiente com gosto amargo - P31<\/title>\n<meta name=\"robots\" content=\"index, follow, max-snippet:-1, max-image-preview:large, max-video-preview:-1\" \/>\n<link rel=\"canonical\" href=\"https:\/\/www.p31noticias.com.br\/?p=53335\" \/>\n<meta property=\"og:locale\" content=\"pt_BR\" \/>\n<meta property=\"og:type\" content=\"article\" \/>\n<meta property=\"og:title\" content=\"Um Dia do Meio Ambiente com gosto amargo\" \/>\n<meta property=\"og:description\" content=\"Quer receber os textos desta coluna em primeira m\u00e3o no seu e-mail? Assine a newsletter Antes que seja tarde, enviada \u00e0s quintas-feiras, 12h. Para receber as pr\u00f3ximas edi\u00e7\u00f5es,\u00a0inscreva-se aqui. Ap\u00f3s um m\u00eas de trag\u00e9dia clim\u00e1tica em curso no Rio Grande do Sul, este Dia Internacional do Meio Ambiente, comemorado nesta quarta-feira, 5, veio com um [&hellip;]\" \/>\n<meta property=\"og:url\" content=\"https:\/\/www.p31noticias.com.br\/?p=53335\" \/>\n<meta property=\"og:site_name\" content=\"P31\" \/>\n<meta property=\"article:published_time\" content=\"2024-06-07T09:30:19+00:00\" \/>\n<meta property=\"og:image\" content=\"https:\/\/www.p31noticias.com.br\/wp-content\/uploads\/2024\/06\/Foto1-Chuvas-no-RS-foram-duas-vezes-mais-provaveis-de-ocorrer-por-causa-de-mudancas-climaticas-Inob0o-150x150-tsyZIK.jpeg\" \/>\n\t<meta property=\"og:image:width\" content=\"150\" \/>\n\t<meta property=\"og:image:height\" content=\"150\" \/>\n\t<meta property=\"og:image:type\" content=\"image\/jpeg\" \/>\n<meta name=\"twitter:card\" content=\"summary_large_image\" \/>\n<script type=\"application\/ld+json\" class=\"yoast-schema-graph\">{\"@context\":\"https:\\\/\\\/schema.org\",\"@graph\":[{\"@type\":\"Article\",\"@id\":\"https:\\\/\\\/www.p31noticias.com.br\\\/?p=53335#article\",\"isPartOf\":{\"@id\":\"https:\\\/\\\/www.p31noticias.com.br\\\/?p=53335\"},\"author\":{\"name\":\"\",\"@id\":\"\"},\"headline\":\"Um Dia do Meio Ambiente com gosto amargo\",\"datePublished\":\"2024-06-07T09:30:19+00:00\",\"mainEntityOfPage\":{\"@id\":\"https:\\\/\\\/www.p31noticias.com.br\\\/?p=53335\"},\"wordCount\":88,\"commentCount\":0,\"image\":{\"@id\":\"https:\\\/\\\/www.p31noticias.com.br\\\/?p=53335#primaryimage\"},\"thumbnailUrl\":\"https:\\\/\\\/www.p31noticias.com.br\\\/wp-content\\\/uploads\\\/2024\\\/06\\\/Foto1-Chuvas-no-RS-foram-duas-vezes-mais-provaveis-de-ocorrer-por-causa-de-mudancas-climaticas-Inob0o-150x150-tsyZIK.jpeg\",\"articleSection\":[\"Bras\u00edlia\"],\"inLanguage\":\"pt-BR\",\"potentialAction\":[{\"@type\":\"CommentAction\",\"name\":\"Comment\",\"target\":[\"https:\\\/\\\/www.p31noticias.com.br\\\/?p=53335#respond\"]}],\"copyrightYear\":\"2024\",\"copyrightHolder\":{\"@id\":\"https:\\\/\\\/www.p31noticias.com.br\\\/#organization\"}},{\"@type\":\"WebPage\",\"@id\":\"https:\\\/\\\/www.p31noticias.com.br\\\/?p=53335\",\"url\":\"https:\\\/\\\/www.p31noticias.com.br\\\/?p=53335\",\"name\":\"Um Dia do Meio Ambiente com gosto amargo - P31\",\"isPartOf\":{\"@id\":\"https:\\\/\\\/www.p31noticias.com.br\\\/#website\"},\"primaryImageOfPage\":{\"@id\":\"https:\\\/\\\/www.p31noticias.com.br\\\/?p=53335#primaryimage\"},\"image\":{\"@id\":\"https:\\\/\\\/www.p31noticias.com.br\\\/?p=53335#primaryimage\"},\"thumbnailUrl\":\"https:\\\/\\\/www.p31noticias.com.br\\\/wp-content\\\/uploads\\\/2024\\\/06\\\/Foto1-Chuvas-no-RS-foram-duas-vezes-mais-provaveis-de-ocorrer-por-causa-de-mudancas-climaticas-Inob0o-150x150-tsyZIK.jpeg\",\"datePublished\":\"2024-06-07T09:30:19+00:00\",\"author\":{\"@id\":\"\"},\"breadcrumb\":{\"@id\":\"https:\\\/\\\/www.p31noticias.com.br\\\/?p=53335#breadcrumb\"},\"inLanguage\":\"pt-BR\",\"potentialAction\":[{\"@type\":\"ReadAction\",\"target\":[\"https:\\\/\\\/www.p31noticias.com.br\\\/?p=53335\"]}]},{\"@type\":\"ImageObject\",\"inLanguage\":\"pt-BR\",\"@id\":\"https:\\\/\\\/www.p31noticias.com.br\\\/?p=53335#primaryimage\",\"url\":\"https:\\\/\\\/www.p31noticias.com.br\\\/wp-content\\\/uploads\\\/2024\\\/06\\\/Foto1-Chuvas-no-RS-foram-duas-vezes-mais-provaveis-de-ocorrer-por-causa-de-mudancas-climaticas-Inob0o-150x150-tsyZIK.jpeg\",\"contentUrl\":\"https:\\\/\\\/www.p31noticias.com.br\\\/wp-content\\\/uploads\\\/2024\\\/06\\\/Foto1-Chuvas-no-RS-foram-duas-vezes-mais-provaveis-de-ocorrer-por-causa-de-mudancas-climaticas-Inob0o-150x150-tsyZIK.jpeg\",\"width\":150,\"height\":150},{\"@type\":\"BreadcrumbList\",\"@id\":\"https:\\\/\\\/www.p31noticias.com.br\\\/?p=53335#breadcrumb\",\"itemListElement\":[{\"@type\":\"ListItem\",\"position\":1,\"name\":\"In\u00edcio\",\"item\":\"https:\\\/\\\/www.p31noticias.com.br\\\/\"},{\"@type\":\"ListItem\",\"position\":2,\"name\":\"Um Dia do Meio Ambiente com gosto amargo\"}]},{\"@type\":\"WebSite\",\"@id\":\"https:\\\/\\\/www.p31noticias.com.br\\\/#website\",\"url\":\"https:\\\/\\\/www.p31noticias.com.br\\\/\",\"name\":\"P31\",\"description\":\"NOT\u00cdCIAS\",\"potentialAction\":[{\"@type\":\"SearchAction\",\"target\":{\"@type\":\"EntryPoint\",\"urlTemplate\":\"https:\\\/\\\/www.p31noticias.com.br\\\/?s={search_term_string}\"},\"query-input\":{\"@type\":\"PropertyValueSpecification\",\"valueRequired\":true,\"valueName\":\"search_term_string\"}}],\"inLanguage\":\"pt-BR\"}]}<\/script>\n<!-- \/ Yoast SEO Premium plugin. -->","yoast_head_json":{"title":"Um Dia do Meio Ambiente com gosto amargo - P31","robots":{"index":"index","follow":"follow","max-snippet":"max-snippet:-1","max-image-preview":"max-image-preview:large","max-video-preview":"max-video-preview:-1"},"canonical":"https:\/\/www.p31noticias.com.br\/?p=53335","og_locale":"pt_BR","og_type":"article","og_title":"Um Dia do Meio Ambiente com gosto amargo","og_description":"Quer receber os textos desta coluna em primeira m\u00e3o no seu e-mail? Assine a newsletter Antes que seja tarde, enviada \u00e0s quintas-feiras, 12h. Para receber as pr\u00f3ximas edi\u00e7\u00f5es,\u00a0inscreva-se aqui. Ap\u00f3s um m\u00eas de trag\u00e9dia clim\u00e1tica em curso no Rio Grande do Sul, este Dia Internacional do Meio Ambiente, comemorado nesta quarta-feira, 5, veio com um [&hellip;]","og_url":"https:\/\/www.p31noticias.com.br\/?p=53335","og_site_name":"P31","article_published_time":"2024-06-07T09:30:19+00:00","og_image":[{"width":150,"height":150,"url":"https:\/\/www.p31noticias.com.br\/wp-content\/uploads\/2024\/06\/Foto1-Chuvas-no-RS-foram-duas-vezes-mais-provaveis-de-ocorrer-por-causa-de-mudancas-climaticas-Inob0o-150x150-tsyZIK.jpeg","type":"image\/jpeg"}],"twitter_card":"summary_large_image","schema":{"@context":"https:\/\/schema.org","@graph":[{"@type":"Article","@id":"https:\/\/www.p31noticias.com.br\/?p=53335#article","isPartOf":{"@id":"https:\/\/www.p31noticias.com.br\/?p=53335"},"author":{"name":"","@id":""},"headline":"Um Dia do Meio Ambiente com gosto amargo","datePublished":"2024-06-07T09:30:19+00:00","mainEntityOfPage":{"@id":"https:\/\/www.p31noticias.com.br\/?p=53335"},"wordCount":88,"commentCount":0,"image":{"@id":"https:\/\/www.p31noticias.com.br\/?p=53335#primaryimage"},"thumbnailUrl":"https:\/\/www.p31noticias.com.br\/wp-content\/uploads\/2024\/06\/Foto1-Chuvas-no-RS-foram-duas-vezes-mais-provaveis-de-ocorrer-por-causa-de-mudancas-climaticas-Inob0o-150x150-tsyZIK.jpeg","articleSection":["Bras\u00edlia"],"inLanguage":"pt-BR","potentialAction":[{"@type":"CommentAction","name":"Comment","target":["https:\/\/www.p31noticias.com.br\/?p=53335#respond"]}],"copyrightYear":"2024","copyrightHolder":{"@id":"https:\/\/www.p31noticias.com.br\/#organization"}},{"@type":"WebPage","@id":"https:\/\/www.p31noticias.com.br\/?p=53335","url":"https:\/\/www.p31noticias.com.br\/?p=53335","name":"Um Dia do Meio Ambiente com gosto amargo - P31","isPartOf":{"@id":"https:\/\/www.p31noticias.com.br\/#website"},"primaryImageOfPage":{"@id":"https:\/\/www.p31noticias.com.br\/?p=53335#primaryimage"},"image":{"@id":"https:\/\/www.p31noticias.com.br\/?p=53335#primaryimage"},"thumbnailUrl":"https:\/\/www.p31noticias.com.br\/wp-content\/uploads\/2024\/06\/Foto1-Chuvas-no-RS-foram-duas-vezes-mais-provaveis-de-ocorrer-por-causa-de-mudancas-climaticas-Inob0o-150x150-tsyZIK.jpeg","datePublished":"2024-06-07T09:30:19+00:00","author":{"@id":""},"breadcrumb":{"@id":"https:\/\/www.p31noticias.com.br\/?p=53335#breadcrumb"},"inLanguage":"pt-BR","potentialAction":[{"@type":"ReadAction","target":["https:\/\/www.p31noticias.com.br\/?p=53335"]}]},{"@type":"ImageObject","inLanguage":"pt-BR","@id":"https:\/\/www.p31noticias.com.br\/?p=53335#primaryimage","url":"https:\/\/www.p31noticias.com.br\/wp-content\/uploads\/2024\/06\/Foto1-Chuvas-no-RS-foram-duas-vezes-mais-provaveis-de-ocorrer-por-causa-de-mudancas-climaticas-Inob0o-150x150-tsyZIK.jpeg","contentUrl":"https:\/\/www.p31noticias.com.br\/wp-content\/uploads\/2024\/06\/Foto1-Chuvas-no-RS-foram-duas-vezes-mais-provaveis-de-ocorrer-por-causa-de-mudancas-climaticas-Inob0o-150x150-tsyZIK.jpeg","width":150,"height":150},{"@type":"BreadcrumbList","@id":"https:\/\/www.p31noticias.com.br\/?p=53335#breadcrumb","itemListElement":[{"@type":"ListItem","position":1,"name":"In\u00edcio","item":"https:\/\/www.p31noticias.com.br\/"},{"@type":"ListItem","position":2,"name":"Um Dia do Meio Ambiente com gosto amargo"}]},{"@type":"WebSite","@id":"https:\/\/www.p31noticias.com.br\/#website","url":"https:\/\/www.p31noticias.com.br\/","name":"P31","description":"NOT\u00cdCIAS","potentialAction":[{"@type":"SearchAction","target":{"@type":"EntryPoint","urlTemplate":"https:\/\/www.p31noticias.com.br\/?s={search_term_string}"},"query-input":{"@type":"PropertyValueSpecification","valueRequired":true,"valueName":"search_term_string"}}],"inLanguage":"pt-BR"}]}},"amp_enabled":true,"_links":{"self":[{"href":"https:\/\/www.p31noticias.com.br\/index.php?rest_route=\/wp\/v2\/posts\/53335","targetHints":{"allow":["GET"]}}],"collection":[{"href":"https:\/\/www.p31noticias.com.br\/index.php?rest_route=\/wp\/v2\/posts"}],"about":[{"href":"https:\/\/www.p31noticias.com.br\/index.php?rest_route=\/wp\/v2\/types\/post"}],"replies":[{"embeddable":true,"href":"https:\/\/www.p31noticias.com.br\/index.php?rest_route=%2Fwp%2Fv2%2Fcomments&post=53335"}],"version-history":[{"count":0,"href":"https:\/\/www.p31noticias.com.br\/index.php?rest_route=\/wp\/v2\/posts\/53335\/revisions"}],"wp:featuredmedia":[{"embeddable":true,"href":"https:\/\/www.p31noticias.com.br\/index.php?rest_route=\/wp\/v2\/media\/53336"}],"wp:attachment":[{"href":"https:\/\/www.p31noticias.com.br\/index.php?rest_route=%2Fwp%2Fv2%2Fmedia&parent=53335"}],"wp:term":[{"taxonomy":"category","embeddable":true,"href":"https:\/\/www.p31noticias.com.br\/index.php?rest_route=%2Fwp%2Fv2%2Fcategories&post=53335"},{"taxonomy":"post_tag","embeddable":true,"href":"https:\/\/www.p31noticias.com.br\/index.php?rest_route=%2Fwp%2Fv2%2Ftags&post=53335"}],"curies":[{"name":"wp","href":"https:\/\/api.w.org\/{rel}","templated":true}]}}