{"id":53332,"date":"2024-06-07T04:34:42","date_gmt":"2024-06-07T07:34:42","guid":{"rendered":"https:\/\/p31noticias.com.br\/chuvas-no-rio-grande-do-sul-lembrancas-de-minhas-viagens-tristes\/"},"modified":"2024-06-07T04:34:42","modified_gmt":"2024-06-07T07:34:42","slug":"chuvas-no-rio-grande-do-sul-lembrancas-de-minhas-viagens-tristes","status":"publish","type":"post","link":"https:\/\/www.p31noticias.com.br\/?p=53332","title":{"rendered":"Chuvas no Rio Grande do Sul: lembran\u00e7as de minhas viagens tristes"},"content":{"rendered":"<p>Quando cheguei a Passo de Estrela, Rio Grande do Sul, me lembrei de Gabriel Garc\u00eda M\u00e1rquez. As \u00e1guas do rio Taquari j\u00e1 haviam baixado, mas ainda corriam forte. Da parte mais alta, era dif\u00edcil entender o que havia acontecido ali. Tirando os escombros de uma casa ou outra, n\u00e3o havia nada mais que ressoasse um [\u2026]<\/p>\n<p>O post <a href=\"https:\/\/www.delioandrade.com.br\/chuvas-no-rio-grande-do-sul-lembrancas-de-minhas-viagens-tristes\/\">Chuvas no Rio Grande do Sul: lembran\u00e7as de minhas viagens tristes<\/a> apareceu primeiro em <a href=\"https:\/\/www.delioandrade.com.br\/\">Blog do D\u00c9LIO ANDRADE<\/a>.<\/p>\n","protected":false},"excerpt":{"rendered":"<p>Quando cheguei a Passo de Estrela, Rio Grande do Sul, me lembrei de Gabriel Garc\u00eda M\u00e1rquez. As \u00e1guas do rio Taquari j\u00e1 haviam baixado, mas ainda corriam forte. Da parte mais alta, era dif\u00edcil entender o que havia acontecido ali. Tirando os escombros de uma casa ou outra, n\u00e3o havia nada mais que ressoasse um [&hellip;]<\/p>\n","protected":false},"author":0,"featured_media":53333,"comment_status":"open","ping_status":"open","sticky":false,"template":"","format":"standard","meta":{"footnotes":""},"categories":[21],"tags":[],"class_list":{"0":"post-53332","1":"post","2":"type-post","3":"status-publish","4":"format-standard","5":"has-post-thumbnail","7":"category-brasilia"},"yoast_head":"<!-- This site is optimized with the Yoast SEO Premium plugin v24.5 (Yoast SEO v27.5) - https:\/\/yoast.com\/product\/yoast-seo-premium-wordpress\/ -->\n<title>Chuvas no Rio Grande do Sul: lembran\u00e7as de minhas viagens tristes - P31<\/title>\n<meta name=\"robots\" content=\"index, follow, max-snippet:-1, max-image-preview:large, max-video-preview:-1\" \/>\n<link rel=\"canonical\" href=\"https:\/\/www.p31noticias.com.br\/?p=53332\" \/>\n<meta property=\"og:locale\" content=\"pt_BR\" \/>\n<meta property=\"og:type\" content=\"article\" \/>\n<meta property=\"og:title\" content=\"Chuvas no Rio Grande do Sul: lembran\u00e7as de minhas viagens tristes\" \/>\n<meta property=\"og:description\" content=\"Quando cheguei a Passo de Estrela, Rio Grande do Sul, me lembrei de Gabriel Garc\u00eda M\u00e1rquez. As \u00e1guas do rio Taquari j\u00e1 haviam baixado, mas ainda corriam forte. Da parte mais alta, era dif\u00edcil entender o que havia acontecido ali. Tirando os escombros de uma casa ou outra, n\u00e3o havia nada mais que ressoasse um [&hellip;]\" \/>\n<meta property=\"og:url\" content=\"https:\/\/www.p31noticias.com.br\/?p=53332\" \/>\n<meta property=\"og:site_name\" content=\"P31\" \/>\n<meta property=\"article:published_time\" content=\"2024-06-07T07:34:42+00:00\" \/>\n<meta property=\"og:image\" content=\"https:\/\/www.p31noticias.com.br\/wp-content\/uploads\/2024\/06\/Capa_Chuvas-no-Rio-Grande-do-Sul-lembrancas-de-minhas-viagens-tristes-O889oo-150x150-t1K7Vj.jpeg\" \/>\n\t<meta property=\"og:image:width\" content=\"150\" \/>\n\t<meta property=\"og:image:height\" content=\"150\" \/>\n\t<meta property=\"og:image:type\" content=\"image\/jpeg\" \/>\n<meta name=\"twitter:card\" content=\"summary_large_image\" \/>\n<script type=\"application\/ld+json\" class=\"yoast-schema-graph\">{\"@context\":\"https:\\\/\\\/schema.org\",\"@graph\":[{\"@type\":\"Article\",\"@id\":\"https:\\\/\\\/www.p31noticias.com.br\\\/?p=53332#article\",\"isPartOf\":{\"@id\":\"https:\\\/\\\/www.p31noticias.com.br\\\/?p=53332\"},\"author\":{\"name\":\"\",\"@id\":\"\"},\"headline\":\"Chuvas no Rio Grande do Sul: lembran\u00e7as de minhas viagens tristes\",\"datePublished\":\"2024-06-07T07:34:42+00:00\",\"mainEntityOfPage\":{\"@id\":\"https:\\\/\\\/www.p31noticias.com.br\\\/?p=53332\"},\"wordCount\":93,\"commentCount\":0,\"image\":{\"@id\":\"https:\\\/\\\/www.p31noticias.com.br\\\/?p=53332#primaryimage\"},\"thumbnailUrl\":\"https:\\\/\\\/www.p31noticias.com.br\\\/wp-content\\\/uploads\\\/2024\\\/06\\\/Capa_Chuvas-no-Rio-Grande-do-Sul-lembrancas-de-minhas-viagens-tristes-O889oo-150x150-t1K7Vj.jpeg\",\"articleSection\":[\"Bras\u00edlia\"],\"inLanguage\":\"pt-BR\",\"potentialAction\":[{\"@type\":\"CommentAction\",\"name\":\"Comment\",\"target\":[\"https:\\\/\\\/www.p31noticias.com.br\\\/?p=53332#respond\"]}],\"copyrightYear\":\"2024\",\"copyrightHolder\":{\"@id\":\"https:\\\/\\\/www.p31noticias.com.br\\\/#organization\"}},{\"@type\":\"WebPage\",\"@id\":\"https:\\\/\\\/www.p31noticias.com.br\\\/?p=53332\",\"url\":\"https:\\\/\\\/www.p31noticias.com.br\\\/?p=53332\",\"name\":\"Chuvas no Rio Grande do Sul: lembran\u00e7as de minhas viagens tristes - P31\",\"isPartOf\":{\"@id\":\"https:\\\/\\\/www.p31noticias.com.br\\\/#website\"},\"primaryImageOfPage\":{\"@id\":\"https:\\\/\\\/www.p31noticias.com.br\\\/?p=53332#primaryimage\"},\"image\":{\"@id\":\"https:\\\/\\\/www.p31noticias.com.br\\\/?p=53332#primaryimage\"},\"thumbnailUrl\":\"https:\\\/\\\/www.p31noticias.com.br\\\/wp-content\\\/uploads\\\/2024\\\/06\\\/Capa_Chuvas-no-Rio-Grande-do-Sul-lembrancas-de-minhas-viagens-tristes-O889oo-150x150-t1K7Vj.jpeg\",\"datePublished\":\"2024-06-07T07:34:42+00:00\",\"author\":{\"@id\":\"\"},\"breadcrumb\":{\"@id\":\"https:\\\/\\\/www.p31noticias.com.br\\\/?p=53332#breadcrumb\"},\"inLanguage\":\"pt-BR\",\"potentialAction\":[{\"@type\":\"ReadAction\",\"target\":[\"https:\\\/\\\/www.p31noticias.com.br\\\/?p=53332\"]}]},{\"@type\":\"ImageObject\",\"inLanguage\":\"pt-BR\",\"@id\":\"https:\\\/\\\/www.p31noticias.com.br\\\/?p=53332#primaryimage\",\"url\":\"https:\\\/\\\/www.p31noticias.com.br\\\/wp-content\\\/uploads\\\/2024\\\/06\\\/Capa_Chuvas-no-Rio-Grande-do-Sul-lembrancas-de-minhas-viagens-tristes-O889oo-150x150-t1K7Vj.jpeg\",\"contentUrl\":\"https:\\\/\\\/www.p31noticias.com.br\\\/wp-content\\\/uploads\\\/2024\\\/06\\\/Capa_Chuvas-no-Rio-Grande-do-Sul-lembrancas-de-minhas-viagens-tristes-O889oo-150x150-t1K7Vj.jpeg\",\"width\":150,\"height\":150},{\"@type\":\"BreadcrumbList\",\"@id\":\"https:\\\/\\\/www.p31noticias.com.br\\\/?p=53332#breadcrumb\",\"itemListElement\":[{\"@type\":\"ListItem\",\"position\":1,\"name\":\"In\u00edcio\",\"item\":\"https:\\\/\\\/www.p31noticias.com.br\\\/\"},{\"@type\":\"ListItem\",\"position\":2,\"name\":\"Chuvas no Rio Grande do Sul: lembran\u00e7as de minhas viagens tristes\"}]},{\"@type\":\"WebSite\",\"@id\":\"https:\\\/\\\/www.p31noticias.com.br\\\/#website\",\"url\":\"https:\\\/\\\/www.p31noticias.com.br\\\/\",\"name\":\"P31\",\"description\":\"NOT\u00cdCIAS\",\"potentialAction\":[{\"@type\":\"SearchAction\",\"target\":{\"@type\":\"EntryPoint\",\"urlTemplate\":\"https:\\\/\\\/www.p31noticias.com.br\\\/?s={search_term_string}\"},\"query-input\":{\"@type\":\"PropertyValueSpecification\",\"valueRequired\":true,\"valueName\":\"search_term_string\"}}],\"inLanguage\":\"pt-BR\"}]}<\/script>\n<!-- \/ Yoast SEO Premium plugin. -->","yoast_head_json":{"title":"Chuvas no Rio Grande do Sul: lembran\u00e7as de minhas viagens tristes - P31","robots":{"index":"index","follow":"follow","max-snippet":"max-snippet:-1","max-image-preview":"max-image-preview:large","max-video-preview":"max-video-preview:-1"},"canonical":"https:\/\/www.p31noticias.com.br\/?p=53332","og_locale":"pt_BR","og_type":"article","og_title":"Chuvas no Rio Grande do Sul: lembran\u00e7as de minhas viagens tristes","og_description":"Quando cheguei a Passo de Estrela, Rio Grande do Sul, me lembrei de Gabriel Garc\u00eda M\u00e1rquez. As \u00e1guas do rio Taquari j\u00e1 haviam baixado, mas ainda corriam forte. Da parte mais alta, era dif\u00edcil entender o que havia acontecido ali. Tirando os escombros de uma casa ou outra, n\u00e3o havia nada mais que ressoasse um [&hellip;]","og_url":"https:\/\/www.p31noticias.com.br\/?p=53332","og_site_name":"P31","article_published_time":"2024-06-07T07:34:42+00:00","og_image":[{"width":150,"height":150,"url":"https:\/\/www.p31noticias.com.br\/wp-content\/uploads\/2024\/06\/Capa_Chuvas-no-Rio-Grande-do-Sul-lembrancas-de-minhas-viagens-tristes-O889oo-150x150-t1K7Vj.jpeg","type":"image\/jpeg"}],"twitter_card":"summary_large_image","schema":{"@context":"https:\/\/schema.org","@graph":[{"@type":"Article","@id":"https:\/\/www.p31noticias.com.br\/?p=53332#article","isPartOf":{"@id":"https:\/\/www.p31noticias.com.br\/?p=53332"},"author":{"name":"","@id":""},"headline":"Chuvas no Rio Grande do Sul: lembran\u00e7as de minhas viagens tristes","datePublished":"2024-06-07T07:34:42+00:00","mainEntityOfPage":{"@id":"https:\/\/www.p31noticias.com.br\/?p=53332"},"wordCount":93,"commentCount":0,"image":{"@id":"https:\/\/www.p31noticias.com.br\/?p=53332#primaryimage"},"thumbnailUrl":"https:\/\/www.p31noticias.com.br\/wp-content\/uploads\/2024\/06\/Capa_Chuvas-no-Rio-Grande-do-Sul-lembrancas-de-minhas-viagens-tristes-O889oo-150x150-t1K7Vj.jpeg","articleSection":["Bras\u00edlia"],"inLanguage":"pt-BR","potentialAction":[{"@type":"CommentAction","name":"Comment","target":["https:\/\/www.p31noticias.com.br\/?p=53332#respond"]}],"copyrightYear":"2024","copyrightHolder":{"@id":"https:\/\/www.p31noticias.com.br\/#organization"}},{"@type":"WebPage","@id":"https:\/\/www.p31noticias.com.br\/?p=53332","url":"https:\/\/www.p31noticias.com.br\/?p=53332","name":"Chuvas no Rio Grande do Sul: lembran\u00e7as de minhas viagens tristes - P31","isPartOf":{"@id":"https:\/\/www.p31noticias.com.br\/#website"},"primaryImageOfPage":{"@id":"https:\/\/www.p31noticias.com.br\/?p=53332#primaryimage"},"image":{"@id":"https:\/\/www.p31noticias.com.br\/?p=53332#primaryimage"},"thumbnailUrl":"https:\/\/www.p31noticias.com.br\/wp-content\/uploads\/2024\/06\/Capa_Chuvas-no-Rio-Grande-do-Sul-lembrancas-de-minhas-viagens-tristes-O889oo-150x150-t1K7Vj.jpeg","datePublished":"2024-06-07T07:34:42+00:00","author":{"@id":""},"breadcrumb":{"@id":"https:\/\/www.p31noticias.com.br\/?p=53332#breadcrumb"},"inLanguage":"pt-BR","potentialAction":[{"@type":"ReadAction","target":["https:\/\/www.p31noticias.com.br\/?p=53332"]}]},{"@type":"ImageObject","inLanguage":"pt-BR","@id":"https:\/\/www.p31noticias.com.br\/?p=53332#primaryimage","url":"https:\/\/www.p31noticias.com.br\/wp-content\/uploads\/2024\/06\/Capa_Chuvas-no-Rio-Grande-do-Sul-lembrancas-de-minhas-viagens-tristes-O889oo-150x150-t1K7Vj.jpeg","contentUrl":"https:\/\/www.p31noticias.com.br\/wp-content\/uploads\/2024\/06\/Capa_Chuvas-no-Rio-Grande-do-Sul-lembrancas-de-minhas-viagens-tristes-O889oo-150x150-t1K7Vj.jpeg","width":150,"height":150},{"@type":"BreadcrumbList","@id":"https:\/\/www.p31noticias.com.br\/?p=53332#breadcrumb","itemListElement":[{"@type":"ListItem","position":1,"name":"In\u00edcio","item":"https:\/\/www.p31noticias.com.br\/"},{"@type":"ListItem","position":2,"name":"Chuvas no Rio Grande do Sul: lembran\u00e7as de minhas viagens tristes"}]},{"@type":"WebSite","@id":"https:\/\/www.p31noticias.com.br\/#website","url":"https:\/\/www.p31noticias.com.br\/","name":"P31","description":"NOT\u00cdCIAS","potentialAction":[{"@type":"SearchAction","target":{"@type":"EntryPoint","urlTemplate":"https:\/\/www.p31noticias.com.br\/?s={search_term_string}"},"query-input":{"@type":"PropertyValueSpecification","valueRequired":true,"valueName":"search_term_string"}}],"inLanguage":"pt-BR"}]}},"amp_enabled":true,"_links":{"self":[{"href":"https:\/\/www.p31noticias.com.br\/index.php?rest_route=\/wp\/v2\/posts\/53332","targetHints":{"allow":["GET"]}}],"collection":[{"href":"https:\/\/www.p31noticias.com.br\/index.php?rest_route=\/wp\/v2\/posts"}],"about":[{"href":"https:\/\/www.p31noticias.com.br\/index.php?rest_route=\/wp\/v2\/types\/post"}],"replies":[{"embeddable":true,"href":"https:\/\/www.p31noticias.com.br\/index.php?rest_route=%2Fwp%2Fv2%2Fcomments&post=53332"}],"version-history":[{"count":0,"href":"https:\/\/www.p31noticias.com.br\/index.php?rest_route=\/wp\/v2\/posts\/53332\/revisions"}],"wp:featuredmedia":[{"embeddable":true,"href":"https:\/\/www.p31noticias.com.br\/index.php?rest_route=\/wp\/v2\/media\/53333"}],"wp:attachment":[{"href":"https:\/\/www.p31noticias.com.br\/index.php?rest_route=%2Fwp%2Fv2%2Fmedia&parent=53332"}],"wp:term":[{"taxonomy":"category","embeddable":true,"href":"https:\/\/www.p31noticias.com.br\/index.php?rest_route=%2Fwp%2Fv2%2Fcategories&post=53332"},{"taxonomy":"post_tag","embeddable":true,"href":"https:\/\/www.p31noticias.com.br\/index.php?rest_route=%2Fwp%2Fv2%2Ftags&post=53332"}],"curies":[{"name":"wp","href":"https:\/\/api.w.org\/{rel}","templated":true}]}}