{"id":53310,"date":"2024-06-07T00:05:27","date_gmt":"2024-06-07T03:05:27","guid":{"rendered":"https:\/\/p31noticias.com.br\/?p=53310"},"modified":"2024-06-07T00:05:27","modified_gmt":"2024-06-07T03:05:27","slug":"clientes-da-golden-cross-serao-atendidos-pela-rede-da-amil","status":"publish","type":"post","link":"https:\/\/www.p31noticias.com.br\/?p=53310","title":{"rendered":"Clientes da Golden Cross ser\u00e3o atendidos pela rede da Amil"},"content":{"rendered":"<h3 class=\"col-10 offset-1 animated fadeInDown dealy-900 display-8 display-md-8 alt-font font-italic my-1 text-center\" style=\"text-align: justify;\"><em><strong>Usu\u00e1rios de planos de sa\u00fade reclamam sobre cancelamentos unilaterais<\/strong><\/em><\/h3>\n<div class=\"col-lg-12 mb-3\" style=\"text-align: justify;\">\n<div class=\"row\"><\/div>\n<\/div>\n<div class=\"col-xl-7 offset-xl-1 col-lg-8 offset-lg-0 col-md-10 offset-md-1 mb-3\">\n<div class=\"post-item alt-font\">\n<div class=\"post-item-wrap\">\n<p style=\"text-align: justify;\">Os 240 mil clientes dos planos m\u00e9dicos empresariais Golden Cross passar\u00e3o a ser atendidos, a partir do dia 1\u00ba de julho, na rede credenciada Amil, de acordo com comunicado conjunto das duas empresas divulgado nesta quinta-feira (6).<\/p>\n<p style=\"text-align: justify;\">As empresas apontam ganhos de efici\u00eancia pela escala e pela qualidade Amil, que intermediou em 2023 mais de 80 milh\u00f5es de procedimentos m\u00e9dicos, realizados por 20 mil m\u00e9dicos e servi\u00e7os de sa\u00fade credenciados.\u00a0 Al\u00e9m das unidades pr\u00f3prias, a rede Amil inclui 12 hospitais e cl\u00ednicas no Rio de Janeiro.<\/p>\n<p style=\"text-align: justify;\">De acordo com o documento, esse modelo est\u00e1 previsto na regula\u00e7\u00e3o dos planos de sa\u00fade e n\u00e3o altera o v\u00ednculo do benefici\u00e1rio com a Golden Cross. O acordo est\u00e1 fundamentado na resolu\u00e7\u00e3o normativa N\u00ba 517 da Ag\u00eancia Nacional de Sa\u00fade Suplementar (ANS).<\/p>\n<p style=\"text-align: justify;\">A Golden suspender\u00e1 temporariamente a comercializa\u00e7\u00e3o de todos os seus planos de sa\u00fade, a partir do dia 18 deste m\u00eas. A operadora explica que os produtos passar\u00e3o por uma reestrutura\u00e7\u00e3o devido \u00e0 nova parceria.<\/p>\n<h2 style=\"text-align: justify;\">Suspens\u00f5es unilaterais<\/h2>\n<p style=\"text-align: justify;\">Nos \u00faltimos meses, t\u00eam crescido as reclama\u00e7\u00f5es de usu\u00e1rios de planos de sa\u00fade sobre cancelamentos unilaterais, que deixam as pessoas sem acesso \u00e0 assist\u00eancia m\u00e9dica privada.\u00a0Entidades de defesa do consumidor, de pessoas com defici\u00eancia, com autismo, entre outros grupos,\u00a0<a href=\"https:\/\/agenciabrasil.ebc.com.br\/politica\/noticia\/2024-06\/no-senado-entidades-denunciam-cortes-em-planos-de-saude\">denunciaram esta semana<\/a>, no Senado, suspens\u00f5es unilaterais de planos de sa\u00fade.<\/p>\n<p style=\"text-align: justify;\">Somente entre abril de 2023 e janeiro de 2024, foram registradas mais de 5,4 mil reclama\u00e7\u00f5es de cancelamentos unilaterais de planos de sa\u00fade no portal do consumidor.gov.br, ligado \u00e0 Secretaria Nacional do Consumidor (Senacon).<\/p>\n<p style=\"text-align: justify;\">Diante da press\u00e3o social, um\u00a0<a href=\"https:\/\/agenciabrasil.ebc.com.br\/saude\/noticia\/2024-05\/planos-de-saude-prometem-reverter-cancelamento-unilateral-de-contratos\">acordo verbal foi firmado<\/a>\u00a0na \u00faltima semana entre parlamentares, liderados pelo presidente da C\u00e2mara, Arthur Lira (PP-AL), e empres\u00e1rios do setor. O acordo definiu que os cortes dos \u00faltimos dois anos devem ser revistos para pessoas com doen\u00e7as graves ou Transtorno do Espectro Autista (TEA).<\/p>\n<p style=\"text-align: justify;\">\u201cOs idosos est\u00e3o sendo exclu\u00eddos de forma unilateral. Somos agora presa f\u00e1cil para ser exclu\u00edda do mercado. \u00c9 descart\u00e1vel. E a falta de respeito est\u00e1 no contrato [firmado com o plano]\u201d, ressaltou Ren\u00ea Patriota, da Associa\u00e7\u00e3o de Defesa dos Usu\u00e1rios de Seguros, Planos e Sistemas de Sa\u00fade (Aduseps).<\/p>\n<p style=\"text-align: justify;\">De acordo com a Associa\u00e7\u00e3o Brasileira de Planos de Sa\u00fade (Abramge), 55% das operadoras existentes no Brasil fecharam 2023 com resultado negativo, contra 31% com resultados negativos entre 2018 e 2019. S\u00e3o 309 operadoras com resultados negativos hoje que est\u00e3o vinculadas a 23 milh\u00f5es de pessoas.<\/p>\n<h2 style=\"text-align: justify;\">Migra\u00e7\u00e3o para o SUS<\/h2>\n<p style=\"text-align: justify;\">O\u00a0<a href=\"http:\/\/agenciabrasil.ebc.com.br\/saude\/noticia\/2024-06\/reajuste-de-plano-de-saude-individual-sera-no-maximo-de-691\">reajuste m\u00e1ximo de 6,91%<\/a>\u00a0para planos de sa\u00fade individuais e familiares, autorizado nesta semana pela Ag\u00eancia Nacional de Sa\u00fade Suplementar (ANS), ter\u00e1 impacto direto no or\u00e7amento dom\u00e9stico de cerca de 8 milh\u00f5es de brasileiros, atingindo o percentual de 15,6% dos usu\u00e1rios de planos de assist\u00eancia m\u00e9dica no Brasil. A medida ter\u00e1 validade pelo per\u00edodo de maio de 2024 a abril de 2025.<\/p>\n<p style=\"text-align: justify;\">Para o presidente da Sociedade Brasileira de Direito M\u00e9dico e Bio\u00e9tica (Anadem), Raul Canal, uma vez que a realidade econ\u00f4mica n\u00e3o \u00e9 das mais favor\u00e1veis para parte da popula\u00e7\u00e3o, a tend\u00eancia \u00e9 uma movimenta\u00e7\u00e3o de usu\u00e1rios em situa\u00e7\u00e3o mais vulner\u00e1vel para a sa\u00fade p\u00fablica.<\/p>\n<p style=\"text-align: justify;\">\u201cMais uma vez, o aumento dos planos est\u00e1 acima dos 5%, algo que vem ocorrendo nas duas \u00faltimas d\u00e9cadas. Na maior parte dos casos, a revis\u00e3o salarial n\u00e3o acompanha esse aumento, o que mostra a gravidade do cen\u00e1rio. Milhares de fam\u00edlias ter\u00e3o que rever a viabilidade de manter conv\u00eanio e recorrer ao Sistema \u00danico de Sa\u00fade (SUS)\u201d, avalia o especialista.<\/p>\n<p style=\"text-align: justify;\">Para ele, o aumento de demanda pode gerar uma sobrecarga significativa ao SUS: \u201cManter o atual sistema \u00e9 um grande desafio. Somado \u00e0s constantes restri\u00e7\u00f5es or\u00e7ament\u00e1rias, esse excesso contingencial pode comprometer ainda mais a qualidade dos servi\u00e7os. \u00c9 preciso frear aumentos desproporcionais, rever investimentos e valorizar o SUS\u201d, avalia Canal.<\/p>\n<h2 style=\"text-align: justify;\">Reajuste<\/h2>\n<p style=\"text-align: justify;\">Com a mudan\u00e7a, a recomenda\u00e7\u00e3o para os benefici\u00e1rios de planos individuais\/familiares \u00e9 que verifiquem se o reajuste praticado est\u00e1 de acordo com o estabelecido pela Ag\u00eancia Nacional de Sa\u00fade, ou seja, o percentual de 6,91%. Tamb\u00e9m \u00e9 necess\u00e1rio atentar para o per\u00edodo em que o valor foi alterado, uma vez que a cobran\u00e7a deve ocorrer somente a partir do m\u00eas em que o contrato completa anivers\u00e1rio.<\/p>\n<p style=\"text-align: justify;\">\u201c\u00c9 fundamental que a popula\u00e7\u00e3o que utiliza o sistema de sa\u00fade suplementar fique atenta a essas novidades e procure saber se a cobran\u00e7a que vai receber foi efetivada de forma correta. O reajuste \u00e9 individual e acontece conforme o anivers\u00e1rio de cada plano. J\u00e1 os contratos coletivos podem ser negociados livremente\u201d, explica o presidente da Anadem, Raul Canal.<\/p>\n<p style=\"text-align: justify;\">Ag\u00eancia Brasil<\/p>\n<\/div>\n<\/div>\n<\/div>\n","protected":false},"excerpt":{"rendered":"<p>Usu\u00e1rios de planos de sa\u00fade reclamam sobre cancelamentos unilaterais Os 240 mil clientes dos planos m\u00e9dicos empresariais Golden Cross passar\u00e3o a ser atendidos, a partir do dia 1\u00ba de julho, na rede credenciada Amil, de acordo com comunicado conjunto das duas empresas divulgado nesta quinta-feira (6). As empresas apontam ganhos de efici\u00eancia pela escala e [&hellip;]<\/p>\n","protected":false},"author":2,"featured_media":53311,"comment_status":"open","ping_status":"open","sticky":false,"template":"","format":"standard","meta":{"footnotes":""},"categories":[68,637,124],"tags":[],"class_list":{"0":"post-53310","1":"post","2":"type-post","3":"status-publish","4":"format-standard","5":"has-post-thumbnail","7":"category-brasil","8":"category-economia","9":"category-saude"},"yoast_head":"<!-- This site is optimized with the Yoast SEO Premium plugin v24.5 (Yoast SEO v27.5) - https:\/\/yoast.com\/product\/yoast-seo-premium-wordpress\/ -->\n<title>Clientes da Golden Cross ser\u00e3o atendidos pela rede da Amil - P31<\/title>\n<meta name=\"robots\" content=\"index, follow, max-snippet:-1, max-image-preview:large, max-video-preview:-1\" \/>\n<link rel=\"canonical\" href=\"https:\/\/www.p31noticias.com.br\/?p=53310\" \/>\n<meta property=\"og:locale\" content=\"pt_BR\" \/>\n<meta property=\"og:type\" content=\"article\" \/>\n<meta property=\"og:title\" content=\"Clientes da Golden Cross ser\u00e3o atendidos pela rede da Amil\" \/>\n<meta property=\"og:description\" content=\"Usu\u00e1rios de planos de sa\u00fade reclamam sobre cancelamentos unilaterais Os 240 mil clientes dos planos m\u00e9dicos empresariais Golden Cross passar\u00e3o a ser atendidos, a partir do dia 1\u00ba de julho, na rede credenciada Amil, de acordo com comunicado conjunto das duas empresas divulgado nesta quinta-feira (6). As empresas apontam ganhos de efici\u00eancia pela escala e [&hellip;]\" \/>\n<meta property=\"og:url\" content=\"https:\/\/www.p31noticias.com.br\/?p=53310\" \/>\n<meta property=\"og:site_name\" content=\"P31\" \/>\n<meta property=\"article:published_time\" content=\"2024-06-07T03:05:27+00:00\" \/>\n<meta property=\"og:image\" content=\"https:\/\/www.p31noticias.com.br\/wp-content\/uploads\/2024\/06\/plano_de_saude_1703221439.webp\" \/>\n\t<meta property=\"og:image:width\" content=\"1170\" \/>\n\t<meta property=\"og:image:height\" content=\"700\" \/>\n\t<meta property=\"og:image:type\" content=\"image\/webp\" \/>\n<meta name=\"author\" content=\"Gon\u00e7alves Junior\" \/>\n<meta name=\"twitter:card\" content=\"summary_large_image\" \/>\n<meta name=\"twitter:label1\" content=\"Escrito por\" \/>\n\t<meta name=\"twitter:data1\" content=\"Gon\u00e7alves Junior\" \/>\n\t<meta name=\"twitter:label2\" content=\"Est. tempo de leitura\" \/>\n\t<meta name=\"twitter:data2\" content=\"4 minutos\" \/>\n<script type=\"application\/ld+json\" class=\"yoast-schema-graph\">{\"@context\":\"https:\\\/\\\/schema.org\",\"@graph\":[{\"@type\":\"Article\",\"@id\":\"https:\\\/\\\/www.p31noticias.com.br\\\/?p=53310#article\",\"isPartOf\":{\"@id\":\"https:\\\/\\\/www.p31noticias.com.br\\\/?p=53310\"},\"author\":{\"name\":\"Gon\u00e7alves Junior\",\"@id\":\"https:\\\/\\\/www.p31noticias.com.br\\\/#\\\/schema\\\/person\\\/95f2ece30e3b4132065b915150cd0f94\"},\"headline\":\"Clientes da Golden Cross ser\u00e3o atendidos pela rede da Amil\",\"datePublished\":\"2024-06-07T03:05:27+00:00\",\"mainEntityOfPage\":{\"@id\":\"https:\\\/\\\/www.p31noticias.com.br\\\/?p=53310\"},\"wordCount\":834,\"commentCount\":0,\"image\":{\"@id\":\"https:\\\/\\\/www.p31noticias.com.br\\\/?p=53310#primaryimage\"},\"thumbnailUrl\":\"https:\\\/\\\/www.p31noticias.com.br\\\/wp-content\\\/uploads\\\/2024\\\/06\\\/plano_de_saude_1703221439.webp\",\"articleSection\":[\"Brasil\",\"Economia\",\"Sa\u00fade\"],\"inLanguage\":\"pt-BR\",\"potentialAction\":[{\"@type\":\"CommentAction\",\"name\":\"Comment\",\"target\":[\"https:\\\/\\\/www.p31noticias.com.br\\\/?p=53310#respond\"]}],\"copyrightYear\":\"2024\",\"copyrightHolder\":{\"@id\":\"https:\\\/\\\/www.p31noticias.com.br\\\/#organization\"}},{\"@type\":\"WebPage\",\"@id\":\"https:\\\/\\\/www.p31noticias.com.br\\\/?p=53310\",\"url\":\"https:\\\/\\\/www.p31noticias.com.br\\\/?p=53310\",\"name\":\"Clientes da Golden Cross ser\u00e3o atendidos pela rede da Amil - P31\",\"isPartOf\":{\"@id\":\"https:\\\/\\\/www.p31noticias.com.br\\\/#website\"},\"primaryImageOfPage\":{\"@id\":\"https:\\\/\\\/www.p31noticias.com.br\\\/?p=53310#primaryimage\"},\"image\":{\"@id\":\"https:\\\/\\\/www.p31noticias.com.br\\\/?p=53310#primaryimage\"},\"thumbnailUrl\":\"https:\\\/\\\/www.p31noticias.com.br\\\/wp-content\\\/uploads\\\/2024\\\/06\\\/plano_de_saude_1703221439.webp\",\"datePublished\":\"2024-06-07T03:05:27+00:00\",\"author\":{\"@id\":\"https:\\\/\\\/www.p31noticias.com.br\\\/#\\\/schema\\\/person\\\/95f2ece30e3b4132065b915150cd0f94\"},\"breadcrumb\":{\"@id\":\"https:\\\/\\\/www.p31noticias.com.br\\\/?p=53310#breadcrumb\"},\"inLanguage\":\"pt-BR\",\"potentialAction\":[{\"@type\":\"ReadAction\",\"target\":[\"https:\\\/\\\/www.p31noticias.com.br\\\/?p=53310\"]}]},{\"@type\":\"ImageObject\",\"inLanguage\":\"pt-BR\",\"@id\":\"https:\\\/\\\/www.p31noticias.com.br\\\/?p=53310#primaryimage\",\"url\":\"https:\\\/\\\/www.p31noticias.com.br\\\/wp-content\\\/uploads\\\/2024\\\/06\\\/plano_de_saude_1703221439.webp\",\"contentUrl\":\"https:\\\/\\\/www.p31noticias.com.br\\\/wp-content\\\/uploads\\\/2024\\\/06\\\/plano_de_saude_1703221439.webp\",\"width\":1170,\"height\":700},{\"@type\":\"BreadcrumbList\",\"@id\":\"https:\\\/\\\/www.p31noticias.com.br\\\/?p=53310#breadcrumb\",\"itemListElement\":[{\"@type\":\"ListItem\",\"position\":1,\"name\":\"In\u00edcio\",\"item\":\"https:\\\/\\\/www.p31noticias.com.br\\\/\"},{\"@type\":\"ListItem\",\"position\":2,\"name\":\"Clientes da Golden Cross ser\u00e3o atendidos pela rede da Amil\"}]},{\"@type\":\"WebSite\",\"@id\":\"https:\\\/\\\/www.p31noticias.com.br\\\/#website\",\"url\":\"https:\\\/\\\/www.p31noticias.com.br\\\/\",\"name\":\"P31\",\"description\":\"NOT\u00cdCIAS\",\"potentialAction\":[{\"@type\":\"SearchAction\",\"target\":{\"@type\":\"EntryPoint\",\"urlTemplate\":\"https:\\\/\\\/www.p31noticias.com.br\\\/?s={search_term_string}\"},\"query-input\":{\"@type\":\"PropertyValueSpecification\",\"valueRequired\":true,\"valueName\":\"search_term_string\"}}],\"inLanguage\":\"pt-BR\"},{\"@type\":\"Person\",\"@id\":\"https:\\\/\\\/www.p31noticias.com.br\\\/#\\\/schema\\\/person\\\/95f2ece30e3b4132065b915150cd0f94\",\"name\":\"Gon\u00e7alves Junior\",\"image\":{\"@type\":\"ImageObject\",\"inLanguage\":\"pt-BR\",\"@id\":\"https:\\\/\\\/secure.gravatar.com\\\/avatar\\\/6711f350116a89762687a48d66f723c799e5438a5b7578508d4294cd7a5d0800?s=96&d=mm&r=g\",\"url\":\"https:\\\/\\\/secure.gravatar.com\\\/avatar\\\/6711f350116a89762687a48d66f723c799e5438a5b7578508d4294cd7a5d0800?s=96&d=mm&r=g\",\"contentUrl\":\"https:\\\/\\\/secure.gravatar.com\\\/avatar\\\/6711f350116a89762687a48d66f723c799e5438a5b7578508d4294cd7a5d0800?s=96&d=mm&r=g\",\"caption\":\"Gon\u00e7alves Junior\"},\"url\":\"https:\\\/\\\/www.p31noticias.com.br\\\/?author=2\"}]}<\/script>\n<!-- \/ Yoast SEO Premium plugin. -->","yoast_head_json":{"title":"Clientes da Golden Cross ser\u00e3o atendidos pela rede da Amil - P31","robots":{"index":"index","follow":"follow","max-snippet":"max-snippet:-1","max-image-preview":"max-image-preview:large","max-video-preview":"max-video-preview:-1"},"canonical":"https:\/\/www.p31noticias.com.br\/?p=53310","og_locale":"pt_BR","og_type":"article","og_title":"Clientes da Golden Cross ser\u00e3o atendidos pela rede da Amil","og_description":"Usu\u00e1rios de planos de sa\u00fade reclamam sobre cancelamentos unilaterais Os 240 mil clientes dos planos m\u00e9dicos empresariais Golden Cross passar\u00e3o a ser atendidos, a partir do dia 1\u00ba de julho, na rede credenciada Amil, de acordo com comunicado conjunto das duas empresas divulgado nesta quinta-feira (6). As empresas apontam ganhos de efici\u00eancia pela escala e [&hellip;]","og_url":"https:\/\/www.p31noticias.com.br\/?p=53310","og_site_name":"P31","article_published_time":"2024-06-07T03:05:27+00:00","og_image":[{"width":1170,"height":700,"url":"https:\/\/www.p31noticias.com.br\/wp-content\/uploads\/2024\/06\/plano_de_saude_1703221439.webp","type":"image\/webp"}],"author":"Gon\u00e7alves Junior","twitter_card":"summary_large_image","twitter_misc":{"Escrito por":"Gon\u00e7alves Junior","Est. tempo de leitura":"4 minutos"},"schema":{"@context":"https:\/\/schema.org","@graph":[{"@type":"Article","@id":"https:\/\/www.p31noticias.com.br\/?p=53310#article","isPartOf":{"@id":"https:\/\/www.p31noticias.com.br\/?p=53310"},"author":{"name":"Gon\u00e7alves Junior","@id":"https:\/\/www.p31noticias.com.br\/#\/schema\/person\/95f2ece30e3b4132065b915150cd0f94"},"headline":"Clientes da Golden Cross ser\u00e3o atendidos pela rede da Amil","datePublished":"2024-06-07T03:05:27+00:00","mainEntityOfPage":{"@id":"https:\/\/www.p31noticias.com.br\/?p=53310"},"wordCount":834,"commentCount":0,"image":{"@id":"https:\/\/www.p31noticias.com.br\/?p=53310#primaryimage"},"thumbnailUrl":"https:\/\/www.p31noticias.com.br\/wp-content\/uploads\/2024\/06\/plano_de_saude_1703221439.webp","articleSection":["Brasil","Economia","Sa\u00fade"],"inLanguage":"pt-BR","potentialAction":[{"@type":"CommentAction","name":"Comment","target":["https:\/\/www.p31noticias.com.br\/?p=53310#respond"]}],"copyrightYear":"2024","copyrightHolder":{"@id":"https:\/\/www.p31noticias.com.br\/#organization"}},{"@type":"WebPage","@id":"https:\/\/www.p31noticias.com.br\/?p=53310","url":"https:\/\/www.p31noticias.com.br\/?p=53310","name":"Clientes da Golden Cross ser\u00e3o atendidos pela rede da Amil - P31","isPartOf":{"@id":"https:\/\/www.p31noticias.com.br\/#website"},"primaryImageOfPage":{"@id":"https:\/\/www.p31noticias.com.br\/?p=53310#primaryimage"},"image":{"@id":"https:\/\/www.p31noticias.com.br\/?p=53310#primaryimage"},"thumbnailUrl":"https:\/\/www.p31noticias.com.br\/wp-content\/uploads\/2024\/06\/plano_de_saude_1703221439.webp","datePublished":"2024-06-07T03:05:27+00:00","author":{"@id":"https:\/\/www.p31noticias.com.br\/#\/schema\/person\/95f2ece30e3b4132065b915150cd0f94"},"breadcrumb":{"@id":"https:\/\/www.p31noticias.com.br\/?p=53310#breadcrumb"},"inLanguage":"pt-BR","potentialAction":[{"@type":"ReadAction","target":["https:\/\/www.p31noticias.com.br\/?p=53310"]}]},{"@type":"ImageObject","inLanguage":"pt-BR","@id":"https:\/\/www.p31noticias.com.br\/?p=53310#primaryimage","url":"https:\/\/www.p31noticias.com.br\/wp-content\/uploads\/2024\/06\/plano_de_saude_1703221439.webp","contentUrl":"https:\/\/www.p31noticias.com.br\/wp-content\/uploads\/2024\/06\/plano_de_saude_1703221439.webp","width":1170,"height":700},{"@type":"BreadcrumbList","@id":"https:\/\/www.p31noticias.com.br\/?p=53310#breadcrumb","itemListElement":[{"@type":"ListItem","position":1,"name":"In\u00edcio","item":"https:\/\/www.p31noticias.com.br\/"},{"@type":"ListItem","position":2,"name":"Clientes da Golden Cross ser\u00e3o atendidos pela rede da Amil"}]},{"@type":"WebSite","@id":"https:\/\/www.p31noticias.com.br\/#website","url":"https:\/\/www.p31noticias.com.br\/","name":"P31","description":"NOT\u00cdCIAS","potentialAction":[{"@type":"SearchAction","target":{"@type":"EntryPoint","urlTemplate":"https:\/\/www.p31noticias.com.br\/?s={search_term_string}"},"query-input":{"@type":"PropertyValueSpecification","valueRequired":true,"valueName":"search_term_string"}}],"inLanguage":"pt-BR"},{"@type":"Person","@id":"https:\/\/www.p31noticias.com.br\/#\/schema\/person\/95f2ece30e3b4132065b915150cd0f94","name":"Gon\u00e7alves Junior","image":{"@type":"ImageObject","inLanguage":"pt-BR","@id":"https:\/\/secure.gravatar.com\/avatar\/6711f350116a89762687a48d66f723c799e5438a5b7578508d4294cd7a5d0800?s=96&d=mm&r=g","url":"https:\/\/secure.gravatar.com\/avatar\/6711f350116a89762687a48d66f723c799e5438a5b7578508d4294cd7a5d0800?s=96&d=mm&r=g","contentUrl":"https:\/\/secure.gravatar.com\/avatar\/6711f350116a89762687a48d66f723c799e5438a5b7578508d4294cd7a5d0800?s=96&d=mm&r=g","caption":"Gon\u00e7alves Junior"},"url":"https:\/\/www.p31noticias.com.br\/?author=2"}]}},"amp_enabled":true,"_links":{"self":[{"href":"https:\/\/www.p31noticias.com.br\/index.php?rest_route=\/wp\/v2\/posts\/53310","targetHints":{"allow":["GET"]}}],"collection":[{"href":"https:\/\/www.p31noticias.com.br\/index.php?rest_route=\/wp\/v2\/posts"}],"about":[{"href":"https:\/\/www.p31noticias.com.br\/index.php?rest_route=\/wp\/v2\/types\/post"}],"author":[{"embeddable":true,"href":"https:\/\/www.p31noticias.com.br\/index.php?rest_route=\/wp\/v2\/users\/2"}],"replies":[{"embeddable":true,"href":"https:\/\/www.p31noticias.com.br\/index.php?rest_route=%2Fwp%2Fv2%2Fcomments&post=53310"}],"version-history":[{"count":1,"href":"https:\/\/www.p31noticias.com.br\/index.php?rest_route=\/wp\/v2\/posts\/53310\/revisions"}],"predecessor-version":[{"id":53313,"href":"https:\/\/www.p31noticias.com.br\/index.php?rest_route=\/wp\/v2\/posts\/53310\/revisions\/53313"}],"wp:featuredmedia":[{"embeddable":true,"href":"https:\/\/www.p31noticias.com.br\/index.php?rest_route=\/wp\/v2\/media\/53311"}],"wp:attachment":[{"href":"https:\/\/www.p31noticias.com.br\/index.php?rest_route=%2Fwp%2Fv2%2Fmedia&parent=53310"}],"wp:term":[{"taxonomy":"category","embeddable":true,"href":"https:\/\/www.p31noticias.com.br\/index.php?rest_route=%2Fwp%2Fv2%2Fcategories&post=53310"},{"taxonomy":"post_tag","embeddable":true,"href":"https:\/\/www.p31noticias.com.br\/index.php?rest_route=%2Fwp%2Fv2%2Ftags&post=53310"}],"curies":[{"name":"wp","href":"https:\/\/api.w.org\/{rel}","templated":true}]}}