{"id":53304,"date":"2024-06-06T23:45:33","date_gmt":"2024-06-07T02:45:33","guid":{"rendered":"https:\/\/p31noticias.com.br\/?p=53304"},"modified":"2024-06-06T23:45:33","modified_gmt":"2024-06-07T02:45:33","slug":"oms-confirma-primeira-morte-por-variante-h5n2-da-gripe-aviaria","status":"publish","type":"post","link":"https:\/\/www.p31noticias.com.br\/?p=53304","title":{"rendered":"OMS confirma primeira morte por variante H5N2 da gripe avi\u00e1ria"},"content":{"rendered":"<div class=\"col-lg-12 mb-3\">\n<div class=\"row\">\n<h3 class=\"col-10 offset-1 animated fadeInDown dealy-900 display-8 display-md-8 alt-font font-italic my-1 text-center\"><em><strong>Mexicano de 59 anos j\u00e1 estava acamado por outras condi\u00e7\u00f5es m\u00e9dicas<\/strong><\/em><\/h3>\n<h4 class=\"col-10 offset-1 animated fadeInDown dealy-1100 alt-font font-italic my-2 small text-info text-center\" style=\"text-align: justify;\"><span style=\"color: #222222; font-family: Verdana, BlinkMacSystemFont, -apple-system, 'Segoe UI', Roboto, Oxygen, Ubuntu, Cantarell, 'Open Sans', 'Helvetica Neue', sans-serif; font-size: 15px;\">A Organiza\u00e7\u00e3o Mundial da Sa\u00fade (OMS) confirmou a primeira morte pela variante H5N2 da gripe avi\u00e1ria. O paciente, de 59 anos, vivia no M\u00e9xico.<\/span><\/h4>\n<\/div>\n<\/div>\n<div class=\"col-xl-7 offset-xl-1 col-lg-8 offset-lg-0 col-md-10 offset-md-1 mb-3\">\n<div class=\"post-item alt-font\">\n<div class=\"post-item-wrap\">\n<p style=\"text-align: justify;\">Este foi o primeiro caso de infec\u00e7\u00e3o em humano confirmado em laborat\u00f3rio em todo o mundo. A morte foi reportada por autoridades sanit\u00e1rias mexicanas no dia 23 de maio.<\/p>\n<p style=\"text-align: justify;\">Em nota, a OMS destacou que o paciente, morador da Cidade do M\u00e9xico, n\u00e3o tinha hist\u00f3rico de exposi\u00e7\u00e3o a aves ou outros animais. A variante H5N2 j\u00e1 havia sido identificada em aves do pa\u00eds.<\/p>\n<p style=\"text-align: justify;\">\u201cO paciente tinha m\u00faltiplas condi\u00e7\u00f5es m\u00e9dicas subjacentes. Os familiares relataram que ele j\u00e1 estava acamado h\u00e1 tr\u00eas semanas, por outros motivos, antes do in\u00edcio do sintomas agudos\u201d, destacou a organiza\u00e7\u00e3o.<\/p>\n<p style=\"text-align: justify;\">Com base nas informa\u00e7\u00f5es dispon\u00edveis at\u00e9 o momento, a OMS avalia como baixo o risco representado pelo v\u00edrus para a popula\u00e7\u00e3o em geral.<\/p>\n<p style=\"text-align: justify;\"><em><strong>Ag\u00eancia Brasil<\/strong><\/em><\/p>\n<\/div>\n<\/div>\n<\/div>\n","protected":false},"excerpt":{"rendered":"<p>Mexicano de 59 anos j\u00e1 estava acamado por outras condi\u00e7\u00f5es m\u00e9dicas A Organiza\u00e7\u00e3o Mundial da Sa\u00fade (OMS) confirmou a primeira morte pela variante H5N2 da gripe avi\u00e1ria. O paciente, de 59 anos, vivia no M\u00e9xico. Este foi o primeiro caso de infec\u00e7\u00e3o em humano confirmado em laborat\u00f3rio em todo o mundo. A morte foi reportada [&hellip;]<\/p>\n","protected":false},"author":2,"featured_media":53305,"comment_status":"open","ping_status":"open","sticky":false,"template":"","format":"standard","meta":{"footnotes":""},"categories":[68,124],"tags":[],"class_list":{"0":"post-53304","1":"post","2":"type-post","3":"status-publish","4":"format-standard","5":"has-post-thumbnail","7":"category-brasil","8":"category-saude"},"yoast_head":"<!-- This site is optimized with the Yoast SEO Premium plugin v24.5 (Yoast SEO v27.5) - https:\/\/yoast.com\/product\/yoast-seo-premium-wordpress\/ -->\n<title>OMS confirma primeira morte por variante H5N2 da gripe avi\u00e1ria - P31<\/title>\n<meta name=\"robots\" content=\"index, follow, max-snippet:-1, max-image-preview:large, max-video-preview:-1\" \/>\n<link rel=\"canonical\" href=\"https:\/\/www.p31noticias.com.br\/?p=53304\" \/>\n<meta property=\"og:locale\" content=\"pt_BR\" \/>\n<meta property=\"og:type\" content=\"article\" \/>\n<meta property=\"og:title\" content=\"OMS confirma primeira morte por variante H5N2 da gripe avi\u00e1ria\" \/>\n<meta property=\"og:description\" content=\"Mexicano de 59 anos j\u00e1 estava acamado por outras condi\u00e7\u00f5es m\u00e9dicas A Organiza\u00e7\u00e3o Mundial da Sa\u00fade (OMS) confirmou a primeira morte pela variante H5N2 da gripe avi\u00e1ria. O paciente, de 59 anos, vivia no M\u00e9xico. Este foi o primeiro caso de infec\u00e7\u00e3o em humano confirmado em laborat\u00f3rio em todo o mundo. A morte foi reportada [&hellip;]\" \/>\n<meta property=\"og:url\" content=\"https:\/\/www.p31noticias.com.br\/?p=53304\" \/>\n<meta property=\"og:site_name\" content=\"P31\" \/>\n<meta property=\"article:published_time\" content=\"2024-06-07T02:45:33+00:00\" \/>\n<meta property=\"og:image\" content=\"https:\/\/www.p31noticias.com.br\/wp-content\/uploads\/2024\/06\/2024-02-16t105128z_1_lynxnpek1f0au_rtroptp_4_health-obesity-who.webp\" \/>\n\t<meta property=\"og:image:width\" content=\"1170\" \/>\n\t<meta property=\"og:image:height\" content=\"700\" \/>\n\t<meta property=\"og:image:type\" content=\"image\/webp\" \/>\n<meta name=\"author\" content=\"Gon\u00e7alves Junior\" \/>\n<meta name=\"twitter:card\" content=\"summary_large_image\" \/>\n<meta name=\"twitter:label1\" content=\"Escrito por\" \/>\n\t<meta name=\"twitter:data1\" content=\"Gon\u00e7alves Junior\" \/>\n\t<meta name=\"twitter:label2\" content=\"Est. tempo de leitura\" \/>\n\t<meta name=\"twitter:data2\" content=\"1 minuto\" \/>\n<script type=\"application\/ld+json\" class=\"yoast-schema-graph\">{\"@context\":\"https:\\\/\\\/schema.org\",\"@graph\":[{\"@type\":\"Article\",\"@id\":\"https:\\\/\\\/www.p31noticias.com.br\\\/?p=53304#article\",\"isPartOf\":{\"@id\":\"https:\\\/\\\/www.p31noticias.com.br\\\/?p=53304\"},\"author\":{\"name\":\"Gon\u00e7alves Junior\",\"@id\":\"https:\\\/\\\/www.p31noticias.com.br\\\/#\\\/schema\\\/person\\\/95f2ece30e3b4132065b915150cd0f94\"},\"headline\":\"OMS confirma primeira morte por variante H5N2 da gripe avi\u00e1ria\",\"datePublished\":\"2024-06-07T02:45:33+00:00\",\"mainEntityOfPage\":{\"@id\":\"https:\\\/\\\/www.p31noticias.com.br\\\/?p=53304\"},\"wordCount\":189,\"commentCount\":0,\"image\":{\"@id\":\"https:\\\/\\\/www.p31noticias.com.br\\\/?p=53304#primaryimage\"},\"thumbnailUrl\":\"https:\\\/\\\/www.p31noticias.com.br\\\/wp-content\\\/uploads\\\/2024\\\/06\\\/2024-02-16t105128z_1_lynxnpek1f0au_rtroptp_4_health-obesity-who.webp\",\"articleSection\":[\"Brasil\",\"Sa\u00fade\"],\"inLanguage\":\"pt-BR\",\"potentialAction\":[{\"@type\":\"CommentAction\",\"name\":\"Comment\",\"target\":[\"https:\\\/\\\/www.p31noticias.com.br\\\/?p=53304#respond\"]}],\"copyrightYear\":\"2024\",\"copyrightHolder\":{\"@id\":\"https:\\\/\\\/www.p31noticias.com.br\\\/#organization\"}},{\"@type\":\"WebPage\",\"@id\":\"https:\\\/\\\/www.p31noticias.com.br\\\/?p=53304\",\"url\":\"https:\\\/\\\/www.p31noticias.com.br\\\/?p=53304\",\"name\":\"OMS confirma primeira morte por variante H5N2 da gripe avi\u00e1ria - P31\",\"isPartOf\":{\"@id\":\"https:\\\/\\\/www.p31noticias.com.br\\\/#website\"},\"primaryImageOfPage\":{\"@id\":\"https:\\\/\\\/www.p31noticias.com.br\\\/?p=53304#primaryimage\"},\"image\":{\"@id\":\"https:\\\/\\\/www.p31noticias.com.br\\\/?p=53304#primaryimage\"},\"thumbnailUrl\":\"https:\\\/\\\/www.p31noticias.com.br\\\/wp-content\\\/uploads\\\/2024\\\/06\\\/2024-02-16t105128z_1_lynxnpek1f0au_rtroptp_4_health-obesity-who.webp\",\"datePublished\":\"2024-06-07T02:45:33+00:00\",\"author\":{\"@id\":\"https:\\\/\\\/www.p31noticias.com.br\\\/#\\\/schema\\\/person\\\/95f2ece30e3b4132065b915150cd0f94\"},\"breadcrumb\":{\"@id\":\"https:\\\/\\\/www.p31noticias.com.br\\\/?p=53304#breadcrumb\"},\"inLanguage\":\"pt-BR\",\"potentialAction\":[{\"@type\":\"ReadAction\",\"target\":[\"https:\\\/\\\/www.p31noticias.com.br\\\/?p=53304\"]}]},{\"@type\":\"ImageObject\",\"inLanguage\":\"pt-BR\",\"@id\":\"https:\\\/\\\/www.p31noticias.com.br\\\/?p=53304#primaryimage\",\"url\":\"https:\\\/\\\/www.p31noticias.com.br\\\/wp-content\\\/uploads\\\/2024\\\/06\\\/2024-02-16t105128z_1_lynxnpek1f0au_rtroptp_4_health-obesity-who.webp\",\"contentUrl\":\"https:\\\/\\\/www.p31noticias.com.br\\\/wp-content\\\/uploads\\\/2024\\\/06\\\/2024-02-16t105128z_1_lynxnpek1f0au_rtroptp_4_health-obesity-who.webp\",\"width\":1170,\"height\":700},{\"@type\":\"BreadcrumbList\",\"@id\":\"https:\\\/\\\/www.p31noticias.com.br\\\/?p=53304#breadcrumb\",\"itemListElement\":[{\"@type\":\"ListItem\",\"position\":1,\"name\":\"In\u00edcio\",\"item\":\"https:\\\/\\\/www.p31noticias.com.br\\\/\"},{\"@type\":\"ListItem\",\"position\":2,\"name\":\"OMS confirma primeira morte por variante H5N2 da gripe avi\u00e1ria\"}]},{\"@type\":\"WebSite\",\"@id\":\"https:\\\/\\\/www.p31noticias.com.br\\\/#website\",\"url\":\"https:\\\/\\\/www.p31noticias.com.br\\\/\",\"name\":\"P31\",\"description\":\"NOT\u00cdCIAS\",\"potentialAction\":[{\"@type\":\"SearchAction\",\"target\":{\"@type\":\"EntryPoint\",\"urlTemplate\":\"https:\\\/\\\/www.p31noticias.com.br\\\/?s={search_term_string}\"},\"query-input\":{\"@type\":\"PropertyValueSpecification\",\"valueRequired\":true,\"valueName\":\"search_term_string\"}}],\"inLanguage\":\"pt-BR\"},{\"@type\":\"Person\",\"@id\":\"https:\\\/\\\/www.p31noticias.com.br\\\/#\\\/schema\\\/person\\\/95f2ece30e3b4132065b915150cd0f94\",\"name\":\"Gon\u00e7alves Junior\",\"image\":{\"@type\":\"ImageObject\",\"inLanguage\":\"pt-BR\",\"@id\":\"https:\\\/\\\/secure.gravatar.com\\\/avatar\\\/6711f350116a89762687a48d66f723c799e5438a5b7578508d4294cd7a5d0800?s=96&d=mm&r=g\",\"url\":\"https:\\\/\\\/secure.gravatar.com\\\/avatar\\\/6711f350116a89762687a48d66f723c799e5438a5b7578508d4294cd7a5d0800?s=96&d=mm&r=g\",\"contentUrl\":\"https:\\\/\\\/secure.gravatar.com\\\/avatar\\\/6711f350116a89762687a48d66f723c799e5438a5b7578508d4294cd7a5d0800?s=96&d=mm&r=g\",\"caption\":\"Gon\u00e7alves Junior\"},\"url\":\"https:\\\/\\\/www.p31noticias.com.br\\\/?author=2\"}]}<\/script>\n<!-- \/ Yoast SEO Premium plugin. -->","yoast_head_json":{"title":"OMS confirma primeira morte por variante H5N2 da gripe avi\u00e1ria - P31","robots":{"index":"index","follow":"follow","max-snippet":"max-snippet:-1","max-image-preview":"max-image-preview:large","max-video-preview":"max-video-preview:-1"},"canonical":"https:\/\/www.p31noticias.com.br\/?p=53304","og_locale":"pt_BR","og_type":"article","og_title":"OMS confirma primeira morte por variante H5N2 da gripe avi\u00e1ria","og_description":"Mexicano de 59 anos j\u00e1 estava acamado por outras condi\u00e7\u00f5es m\u00e9dicas A Organiza\u00e7\u00e3o Mundial da Sa\u00fade (OMS) confirmou a primeira morte pela variante H5N2 da gripe avi\u00e1ria. O paciente, de 59 anos, vivia no M\u00e9xico. Este foi o primeiro caso de infec\u00e7\u00e3o em humano confirmado em laborat\u00f3rio em todo o mundo. A morte foi reportada [&hellip;]","og_url":"https:\/\/www.p31noticias.com.br\/?p=53304","og_site_name":"P31","article_published_time":"2024-06-07T02:45:33+00:00","og_image":[{"width":1170,"height":700,"url":"https:\/\/www.p31noticias.com.br\/wp-content\/uploads\/2024\/06\/2024-02-16t105128z_1_lynxnpek1f0au_rtroptp_4_health-obesity-who.webp","type":"image\/webp"}],"author":"Gon\u00e7alves Junior","twitter_card":"summary_large_image","twitter_misc":{"Escrito por":"Gon\u00e7alves Junior","Est. tempo de leitura":"1 minuto"},"schema":{"@context":"https:\/\/schema.org","@graph":[{"@type":"Article","@id":"https:\/\/www.p31noticias.com.br\/?p=53304#article","isPartOf":{"@id":"https:\/\/www.p31noticias.com.br\/?p=53304"},"author":{"name":"Gon\u00e7alves Junior","@id":"https:\/\/www.p31noticias.com.br\/#\/schema\/person\/95f2ece30e3b4132065b915150cd0f94"},"headline":"OMS confirma primeira morte por variante H5N2 da gripe avi\u00e1ria","datePublished":"2024-06-07T02:45:33+00:00","mainEntityOfPage":{"@id":"https:\/\/www.p31noticias.com.br\/?p=53304"},"wordCount":189,"commentCount":0,"image":{"@id":"https:\/\/www.p31noticias.com.br\/?p=53304#primaryimage"},"thumbnailUrl":"https:\/\/www.p31noticias.com.br\/wp-content\/uploads\/2024\/06\/2024-02-16t105128z_1_lynxnpek1f0au_rtroptp_4_health-obesity-who.webp","articleSection":["Brasil","Sa\u00fade"],"inLanguage":"pt-BR","potentialAction":[{"@type":"CommentAction","name":"Comment","target":["https:\/\/www.p31noticias.com.br\/?p=53304#respond"]}],"copyrightYear":"2024","copyrightHolder":{"@id":"https:\/\/www.p31noticias.com.br\/#organization"}},{"@type":"WebPage","@id":"https:\/\/www.p31noticias.com.br\/?p=53304","url":"https:\/\/www.p31noticias.com.br\/?p=53304","name":"OMS confirma primeira morte por variante H5N2 da gripe avi\u00e1ria - P31","isPartOf":{"@id":"https:\/\/www.p31noticias.com.br\/#website"},"primaryImageOfPage":{"@id":"https:\/\/www.p31noticias.com.br\/?p=53304#primaryimage"},"image":{"@id":"https:\/\/www.p31noticias.com.br\/?p=53304#primaryimage"},"thumbnailUrl":"https:\/\/www.p31noticias.com.br\/wp-content\/uploads\/2024\/06\/2024-02-16t105128z_1_lynxnpek1f0au_rtroptp_4_health-obesity-who.webp","datePublished":"2024-06-07T02:45:33+00:00","author":{"@id":"https:\/\/www.p31noticias.com.br\/#\/schema\/person\/95f2ece30e3b4132065b915150cd0f94"},"breadcrumb":{"@id":"https:\/\/www.p31noticias.com.br\/?p=53304#breadcrumb"},"inLanguage":"pt-BR","potentialAction":[{"@type":"ReadAction","target":["https:\/\/www.p31noticias.com.br\/?p=53304"]}]},{"@type":"ImageObject","inLanguage":"pt-BR","@id":"https:\/\/www.p31noticias.com.br\/?p=53304#primaryimage","url":"https:\/\/www.p31noticias.com.br\/wp-content\/uploads\/2024\/06\/2024-02-16t105128z_1_lynxnpek1f0au_rtroptp_4_health-obesity-who.webp","contentUrl":"https:\/\/www.p31noticias.com.br\/wp-content\/uploads\/2024\/06\/2024-02-16t105128z_1_lynxnpek1f0au_rtroptp_4_health-obesity-who.webp","width":1170,"height":700},{"@type":"BreadcrumbList","@id":"https:\/\/www.p31noticias.com.br\/?p=53304#breadcrumb","itemListElement":[{"@type":"ListItem","position":1,"name":"In\u00edcio","item":"https:\/\/www.p31noticias.com.br\/"},{"@type":"ListItem","position":2,"name":"OMS confirma primeira morte por variante H5N2 da gripe avi\u00e1ria"}]},{"@type":"WebSite","@id":"https:\/\/www.p31noticias.com.br\/#website","url":"https:\/\/www.p31noticias.com.br\/","name":"P31","description":"NOT\u00cdCIAS","potentialAction":[{"@type":"SearchAction","target":{"@type":"EntryPoint","urlTemplate":"https:\/\/www.p31noticias.com.br\/?s={search_term_string}"},"query-input":{"@type":"PropertyValueSpecification","valueRequired":true,"valueName":"search_term_string"}}],"inLanguage":"pt-BR"},{"@type":"Person","@id":"https:\/\/www.p31noticias.com.br\/#\/schema\/person\/95f2ece30e3b4132065b915150cd0f94","name":"Gon\u00e7alves Junior","image":{"@type":"ImageObject","inLanguage":"pt-BR","@id":"https:\/\/secure.gravatar.com\/avatar\/6711f350116a89762687a48d66f723c799e5438a5b7578508d4294cd7a5d0800?s=96&d=mm&r=g","url":"https:\/\/secure.gravatar.com\/avatar\/6711f350116a89762687a48d66f723c799e5438a5b7578508d4294cd7a5d0800?s=96&d=mm&r=g","contentUrl":"https:\/\/secure.gravatar.com\/avatar\/6711f350116a89762687a48d66f723c799e5438a5b7578508d4294cd7a5d0800?s=96&d=mm&r=g","caption":"Gon\u00e7alves Junior"},"url":"https:\/\/www.p31noticias.com.br\/?author=2"}]}},"amp_enabled":true,"_links":{"self":[{"href":"https:\/\/www.p31noticias.com.br\/index.php?rest_route=\/wp\/v2\/posts\/53304","targetHints":{"allow":["GET"]}}],"collection":[{"href":"https:\/\/www.p31noticias.com.br\/index.php?rest_route=\/wp\/v2\/posts"}],"about":[{"href":"https:\/\/www.p31noticias.com.br\/index.php?rest_route=\/wp\/v2\/types\/post"}],"author":[{"embeddable":true,"href":"https:\/\/www.p31noticias.com.br\/index.php?rest_route=\/wp\/v2\/users\/2"}],"replies":[{"embeddable":true,"href":"https:\/\/www.p31noticias.com.br\/index.php?rest_route=%2Fwp%2Fv2%2Fcomments&post=53304"}],"version-history":[{"count":1,"href":"https:\/\/www.p31noticias.com.br\/index.php?rest_route=\/wp\/v2\/posts\/53304\/revisions"}],"predecessor-version":[{"id":53306,"href":"https:\/\/www.p31noticias.com.br\/index.php?rest_route=\/wp\/v2\/posts\/53304\/revisions\/53306"}],"wp:featuredmedia":[{"embeddable":true,"href":"https:\/\/www.p31noticias.com.br\/index.php?rest_route=\/wp\/v2\/media\/53305"}],"wp:attachment":[{"href":"https:\/\/www.p31noticias.com.br\/index.php?rest_route=%2Fwp%2Fv2%2Fmedia&parent=53304"}],"wp:term":[{"taxonomy":"category","embeddable":true,"href":"https:\/\/www.p31noticias.com.br\/index.php?rest_route=%2Fwp%2Fv2%2Fcategories&post=53304"},{"taxonomy":"post_tag","embeddable":true,"href":"https:\/\/www.p31noticias.com.br\/index.php?rest_route=%2Fwp%2Fv2%2Ftags&post=53304"}],"curies":[{"name":"wp","href":"https:\/\/api.w.org\/{rel}","templated":true}]}}