{"id":53293,"date":"2024-06-06T21:30:22","date_gmt":"2024-06-07T00:30:22","guid":{"rendered":"https:\/\/p31noticias.com.br\/motorista-que-atropelou-crianca-de-2-anos-e-identificado-e-ouvido\/"},"modified":"2024-06-06T21:30:22","modified_gmt":"2024-06-07T00:30:22","slug":"motorista-que-atropelou-crianca-de-2-anos-e-identificado-e-ouvido","status":"publish","type":"post","link":"https:\/\/www.p31noticias.com.br\/?p=53293","title":{"rendered":"Motorista que atropelou crian\u00e7a de 2 anos \u00e9 identificado e ouvido"},"content":{"rendered":"<p>O motorista que atropelou uma crian\u00e7a de 2 anos e fugiu sem prestar socorro foi identificado pela Pol\u00edcia Civil do Distrito Federal. O homem prestou depoimento, mas n\u00e3o foi preso. O acidente ocorreu na \u00faltima quinta-feira (30\/5). O homem tem 38 anos e negou ter visto ou sentido que atropelou a crian\u00e7a, com a justificativa [\u2026]<\/p>\n<p>O post <a href=\"https:\/\/www.delioandrade.com.br\/motorista-que-atropelou-crianca-de-2-anos-e-identificado-e-ouvido\/\">Motorista que atropelou crian\u00e7a de 2 anos \u00e9 identificado e ouvido<\/a> apareceu primeiro em <a href=\"https:\/\/www.delioandrade.com.br\/\">Blog do D\u00c9LIO ANDRADE<\/a>.<\/p>\n","protected":false},"excerpt":{"rendered":"<p>O motorista que atropelou uma crian\u00e7a de 2 anos e fugiu sem prestar socorro foi identificado pela Pol\u00edcia Civil do Distrito Federal. O homem prestou depoimento, mas n\u00e3o foi preso. O acidente ocorreu na \u00faltima quinta-feira (30\/5). O homem tem 38 anos e negou ter visto ou sentido que atropelou a crian\u00e7a, com a justificativa [&hellip;]<\/p>\n","protected":false},"author":0,"featured_media":0,"comment_status":"open","ping_status":"open","sticky":false,"template":"","format":"standard","meta":{"footnotes":""},"categories":[21],"tags":[],"class_list":{"0":"post-53293","1":"post","2":"type-post","3":"status-publish","4":"format-standard","6":"category-brasilia"},"yoast_head":"<!-- This site is optimized with the Yoast SEO Premium plugin v24.5 (Yoast SEO v27.5) - https:\/\/yoast.com\/product\/yoast-seo-premium-wordpress\/ -->\n<title>Motorista que atropelou crian\u00e7a de 2 anos \u00e9 identificado e ouvido - P31<\/title>\n<meta name=\"robots\" content=\"index, follow, max-snippet:-1, max-image-preview:large, max-video-preview:-1\" \/>\n<link rel=\"canonical\" href=\"https:\/\/www.p31noticias.com.br\/?p=53293\" \/>\n<meta property=\"og:locale\" content=\"pt_BR\" \/>\n<meta property=\"og:type\" content=\"article\" \/>\n<meta property=\"og:title\" content=\"Motorista que atropelou crian\u00e7a de 2 anos \u00e9 identificado e ouvido\" \/>\n<meta property=\"og:description\" content=\"O motorista que atropelou uma crian\u00e7a de 2 anos e fugiu sem prestar socorro foi identificado pela Pol\u00edcia Civil do Distrito Federal. O homem prestou depoimento, mas n\u00e3o foi preso. O acidente ocorreu na \u00faltima quinta-feira (30\/5). O homem tem 38 anos e negou ter visto ou sentido que atropelou a crian\u00e7a, com a justificativa [&hellip;]\" \/>\n<meta property=\"og:url\" content=\"https:\/\/www.p31noticias.com.br\/?p=53293\" \/>\n<meta property=\"og:site_name\" content=\"P31\" \/>\n<meta property=\"article:published_time\" content=\"2024-06-07T00:30:22+00:00\" \/>\n<meta name=\"twitter:card\" content=\"summary_large_image\" \/>\n<script type=\"application\/ld+json\" class=\"yoast-schema-graph\">{\"@context\":\"https:\\\/\\\/schema.org\",\"@graph\":[{\"@type\":\"Article\",\"@id\":\"https:\\\/\\\/www.p31noticias.com.br\\\/?p=53293#article\",\"isPartOf\":{\"@id\":\"https:\\\/\\\/www.p31noticias.com.br\\\/?p=53293\"},\"author\":{\"name\":\"\",\"@id\":\"\"},\"headline\":\"Motorista que atropelou crian\u00e7a de 2 anos \u00e9 identificado e ouvido\",\"datePublished\":\"2024-06-07T00:30:22+00:00\",\"mainEntityOfPage\":{\"@id\":\"https:\\\/\\\/www.p31noticias.com.br\\\/?p=53293\"},\"wordCount\":86,\"commentCount\":0,\"articleSection\":[\"Bras\u00edlia\"],\"inLanguage\":\"pt-BR\",\"potentialAction\":[{\"@type\":\"CommentAction\",\"name\":\"Comment\",\"target\":[\"https:\\\/\\\/www.p31noticias.com.br\\\/?p=53293#respond\"]}],\"copyrightYear\":\"2024\",\"copyrightHolder\":{\"@id\":\"https:\\\/\\\/www.p31noticias.com.br\\\/#organization\"}},{\"@type\":\"WebPage\",\"@id\":\"https:\\\/\\\/www.p31noticias.com.br\\\/?p=53293\",\"url\":\"https:\\\/\\\/www.p31noticias.com.br\\\/?p=53293\",\"name\":\"Motorista que atropelou crian\u00e7a de 2 anos \u00e9 identificado e ouvido - P31\",\"isPartOf\":{\"@id\":\"https:\\\/\\\/www.p31noticias.com.br\\\/#website\"},\"datePublished\":\"2024-06-07T00:30:22+00:00\",\"author\":{\"@id\":\"\"},\"breadcrumb\":{\"@id\":\"https:\\\/\\\/www.p31noticias.com.br\\\/?p=53293#breadcrumb\"},\"inLanguage\":\"pt-BR\",\"potentialAction\":[{\"@type\":\"ReadAction\",\"target\":[\"https:\\\/\\\/www.p31noticias.com.br\\\/?p=53293\"]}]},{\"@type\":\"BreadcrumbList\",\"@id\":\"https:\\\/\\\/www.p31noticias.com.br\\\/?p=53293#breadcrumb\",\"itemListElement\":[{\"@type\":\"ListItem\",\"position\":1,\"name\":\"In\u00edcio\",\"item\":\"https:\\\/\\\/www.p31noticias.com.br\\\/\"},{\"@type\":\"ListItem\",\"position\":2,\"name\":\"Motorista que atropelou crian\u00e7a de 2 anos \u00e9 identificado e ouvido\"}]},{\"@type\":\"WebSite\",\"@id\":\"https:\\\/\\\/www.p31noticias.com.br\\\/#website\",\"url\":\"https:\\\/\\\/www.p31noticias.com.br\\\/\",\"name\":\"P31\",\"description\":\"NOT\u00cdCIAS\",\"potentialAction\":[{\"@type\":\"SearchAction\",\"target\":{\"@type\":\"EntryPoint\",\"urlTemplate\":\"https:\\\/\\\/www.p31noticias.com.br\\\/?s={search_term_string}\"},\"query-input\":{\"@type\":\"PropertyValueSpecification\",\"valueRequired\":true,\"valueName\":\"search_term_string\"}}],\"inLanguage\":\"pt-BR\"}]}<\/script>\n<!-- \/ Yoast SEO Premium plugin. -->","yoast_head_json":{"title":"Motorista que atropelou crian\u00e7a de 2 anos \u00e9 identificado e ouvido - P31","robots":{"index":"index","follow":"follow","max-snippet":"max-snippet:-1","max-image-preview":"max-image-preview:large","max-video-preview":"max-video-preview:-1"},"canonical":"https:\/\/www.p31noticias.com.br\/?p=53293","og_locale":"pt_BR","og_type":"article","og_title":"Motorista que atropelou crian\u00e7a de 2 anos \u00e9 identificado e ouvido","og_description":"O motorista que atropelou uma crian\u00e7a de 2 anos e fugiu sem prestar socorro foi identificado pela Pol\u00edcia Civil do Distrito Federal. O homem prestou depoimento, mas n\u00e3o foi preso. O acidente ocorreu na \u00faltima quinta-feira (30\/5). O homem tem 38 anos e negou ter visto ou sentido que atropelou a crian\u00e7a, com a justificativa [&hellip;]","og_url":"https:\/\/www.p31noticias.com.br\/?p=53293","og_site_name":"P31","article_published_time":"2024-06-07T00:30:22+00:00","twitter_card":"summary_large_image","schema":{"@context":"https:\/\/schema.org","@graph":[{"@type":"Article","@id":"https:\/\/www.p31noticias.com.br\/?p=53293#article","isPartOf":{"@id":"https:\/\/www.p31noticias.com.br\/?p=53293"},"author":{"name":"","@id":""},"headline":"Motorista que atropelou crian\u00e7a de 2 anos \u00e9 identificado e ouvido","datePublished":"2024-06-07T00:30:22+00:00","mainEntityOfPage":{"@id":"https:\/\/www.p31noticias.com.br\/?p=53293"},"wordCount":86,"commentCount":0,"articleSection":["Bras\u00edlia"],"inLanguage":"pt-BR","potentialAction":[{"@type":"CommentAction","name":"Comment","target":["https:\/\/www.p31noticias.com.br\/?p=53293#respond"]}],"copyrightYear":"2024","copyrightHolder":{"@id":"https:\/\/www.p31noticias.com.br\/#organization"}},{"@type":"WebPage","@id":"https:\/\/www.p31noticias.com.br\/?p=53293","url":"https:\/\/www.p31noticias.com.br\/?p=53293","name":"Motorista que atropelou crian\u00e7a de 2 anos \u00e9 identificado e ouvido - P31","isPartOf":{"@id":"https:\/\/www.p31noticias.com.br\/#website"},"datePublished":"2024-06-07T00:30:22+00:00","author":{"@id":""},"breadcrumb":{"@id":"https:\/\/www.p31noticias.com.br\/?p=53293#breadcrumb"},"inLanguage":"pt-BR","potentialAction":[{"@type":"ReadAction","target":["https:\/\/www.p31noticias.com.br\/?p=53293"]}]},{"@type":"BreadcrumbList","@id":"https:\/\/www.p31noticias.com.br\/?p=53293#breadcrumb","itemListElement":[{"@type":"ListItem","position":1,"name":"In\u00edcio","item":"https:\/\/www.p31noticias.com.br\/"},{"@type":"ListItem","position":2,"name":"Motorista que atropelou crian\u00e7a de 2 anos \u00e9 identificado e ouvido"}]},{"@type":"WebSite","@id":"https:\/\/www.p31noticias.com.br\/#website","url":"https:\/\/www.p31noticias.com.br\/","name":"P31","description":"NOT\u00cdCIAS","potentialAction":[{"@type":"SearchAction","target":{"@type":"EntryPoint","urlTemplate":"https:\/\/www.p31noticias.com.br\/?s={search_term_string}"},"query-input":{"@type":"PropertyValueSpecification","valueRequired":true,"valueName":"search_term_string"}}],"inLanguage":"pt-BR"}]}},"amp_enabled":true,"_links":{"self":[{"href":"https:\/\/www.p31noticias.com.br\/index.php?rest_route=\/wp\/v2\/posts\/53293","targetHints":{"allow":["GET"]}}],"collection":[{"href":"https:\/\/www.p31noticias.com.br\/index.php?rest_route=\/wp\/v2\/posts"}],"about":[{"href":"https:\/\/www.p31noticias.com.br\/index.php?rest_route=\/wp\/v2\/types\/post"}],"replies":[{"embeddable":true,"href":"https:\/\/www.p31noticias.com.br\/index.php?rest_route=%2Fwp%2Fv2%2Fcomments&post=53293"}],"version-history":[{"count":0,"href":"https:\/\/www.p31noticias.com.br\/index.php?rest_route=\/wp\/v2\/posts\/53293\/revisions"}],"wp:attachment":[{"href":"https:\/\/www.p31noticias.com.br\/index.php?rest_route=%2Fwp%2Fv2%2Fmedia&parent=53293"}],"wp:term":[{"taxonomy":"category","embeddable":true,"href":"https:\/\/www.p31noticias.com.br\/index.php?rest_route=%2Fwp%2Fv2%2Fcategories&post=53293"},{"taxonomy":"post_tag","embeddable":true,"href":"https:\/\/www.p31noticias.com.br\/index.php?rest_route=%2Fwp%2Fv2%2Ftags&post=53293"}],"curies":[{"name":"wp","href":"https:\/\/api.w.org\/{rel}","templated":true}]}}