{"id":53289,"date":"2024-06-06T21:30:21","date_gmt":"2024-06-07T00:30:21","guid":{"rendered":"https:\/\/p31noticias.com.br\/forum-reune-experiencias-bem-sucedidas-de-saude-no-ambiente-escolar\/"},"modified":"2024-06-06T21:30:21","modified_gmt":"2024-06-07T00:30:21","slug":"forum-reune-experiencias-bem-sucedidas-de-saude-no-ambiente-escolar","status":"publish","type":"post","link":"https:\/\/www.p31noticias.com.br\/?p=53289","title":{"rendered":"F\u00f3rum re\u00fane experi\u00eancias bem-sucedidas de sa\u00fade no ambiente escolar"},"content":{"rendered":"<p>As secretarias de Sa\u00fade (SES-DF) e de Educa\u00e7\u00e3o (SEE-DF) realizaram, nesta quinta-feira (6), o I F\u00f3rum de Experi\u00eancias Exitosas do Programa Sa\u00fade na Escola (PSE). O intuito \u00e9 promover a articula\u00e7\u00e3o entre as equipes da aten\u00e7\u00e3o prim\u00e1ria e as da educa\u00e7\u00e3o b\u00e1sica, fortalecendo o combate a vulnerabilidades e ampliando o acesso aos servi\u00e7os da rede. [\u2026]<\/p>\n<p>O post <a href=\"https:\/\/www.delioandrade.com.br\/forum-reune-experiencias-bem-sucedidas-de-saude-no-ambiente-escolar\/\">F\u00f3rum re\u00fane experi\u00eancias bem-sucedidas de sa\u00fade no ambiente escolar<\/a> apareceu primeiro em <a href=\"https:\/\/www.delioandrade.com.br\/\">Blog do D\u00c9LIO ANDRADE<\/a>.<\/p>\n","protected":false},"excerpt":{"rendered":"<p>As secretarias de Sa\u00fade (SES-DF) e de Educa\u00e7\u00e3o (SEE-DF) realizaram, nesta quinta-feira (6), o I F\u00f3rum de Experi\u00eancias Exitosas do Programa Sa\u00fade na Escola (PSE). O intuito \u00e9 promover a articula\u00e7\u00e3o entre as equipes da aten\u00e7\u00e3o prim\u00e1ria e as da educa\u00e7\u00e3o b\u00e1sica, fortalecendo o combate a vulnerabilidades e ampliando o acesso aos servi\u00e7os da rede. [&hellip;]<\/p>\n","protected":false},"author":0,"featured_media":53290,"comment_status":"open","ping_status":"open","sticky":false,"template":"","format":"standard","meta":{"footnotes":""},"categories":[21],"tags":[],"class_list":{"0":"post-53289","1":"post","2":"type-post","3":"status-publish","4":"format-standard","5":"has-post-thumbnail","7":"category-brasilia"},"yoast_head":"<!-- This site is optimized with the Yoast SEO Premium plugin v24.5 (Yoast SEO v27.5) - https:\/\/yoast.com\/product\/yoast-seo-premium-wordpress\/ -->\n<title>F\u00f3rum re\u00fane experi\u00eancias bem-sucedidas de sa\u00fade no ambiente escolar - P31<\/title>\n<meta name=\"robots\" content=\"index, follow, max-snippet:-1, max-image-preview:large, max-video-preview:-1\" \/>\n<link rel=\"canonical\" href=\"https:\/\/www.p31noticias.com.br\/?p=53289\" \/>\n<meta property=\"og:locale\" content=\"pt_BR\" \/>\n<meta property=\"og:type\" content=\"article\" \/>\n<meta property=\"og:title\" content=\"F\u00f3rum re\u00fane experi\u00eancias bem-sucedidas de sa\u00fade no ambiente escolar\" \/>\n<meta property=\"og:description\" content=\"As secretarias de Sa\u00fade (SES-DF) e de Educa\u00e7\u00e3o (SEE-DF) realizaram, nesta quinta-feira (6), o I F\u00f3rum de Experi\u00eancias Exitosas do Programa Sa\u00fade na Escola (PSE). O intuito \u00e9 promover a articula\u00e7\u00e3o entre as equipes da aten\u00e7\u00e3o prim\u00e1ria e as da educa\u00e7\u00e3o b\u00e1sica, fortalecendo o combate a vulnerabilidades e ampliando o acesso aos servi\u00e7os da rede. [&hellip;]\" \/>\n<meta property=\"og:url\" content=\"https:\/\/www.p31noticias.com.br\/?p=53289\" \/>\n<meta property=\"og:site_name\" content=\"P31\" \/>\n<meta property=\"article:published_time\" content=\"2024-06-07T00:30:21+00:00\" \/>\n<meta property=\"og:image\" content=\"https:\/\/www.p31noticias.com.br\/wp-content\/uploads\/2024\/06\/Foto-1-Foto_Jhonatan-Cantarelle_Agencia-Saude-DF_16-m1MDvu-150x150-e8GFTi.jpeg\" \/>\n\t<meta property=\"og:image:width\" content=\"150\" \/>\n\t<meta property=\"og:image:height\" content=\"150\" \/>\n\t<meta property=\"og:image:type\" content=\"image\/jpeg\" \/>\n<meta name=\"twitter:card\" content=\"summary_large_image\" \/>\n<script type=\"application\/ld+json\" class=\"yoast-schema-graph\">{\"@context\":\"https:\\\/\\\/schema.org\",\"@graph\":[{\"@type\":\"Article\",\"@id\":\"https:\\\/\\\/www.p31noticias.com.br\\\/?p=53289#article\",\"isPartOf\":{\"@id\":\"https:\\\/\\\/www.p31noticias.com.br\\\/?p=53289\"},\"author\":{\"name\":\"\",\"@id\":\"\"},\"headline\":\"F\u00f3rum re\u00fane experi\u00eancias bem-sucedidas de sa\u00fade no ambiente escolar\",\"datePublished\":\"2024-06-07T00:30:21+00:00\",\"mainEntityOfPage\":{\"@id\":\"https:\\\/\\\/www.p31noticias.com.br\\\/?p=53289\"},\"wordCount\":100,\"commentCount\":0,\"image\":{\"@id\":\"https:\\\/\\\/www.p31noticias.com.br\\\/?p=53289#primaryimage\"},\"thumbnailUrl\":\"https:\\\/\\\/www.p31noticias.com.br\\\/wp-content\\\/uploads\\\/2024\\\/06\\\/Foto-1-Foto_Jhonatan-Cantarelle_Agencia-Saude-DF_16-m1MDvu-150x150-e8GFTi.jpeg\",\"articleSection\":[\"Bras\u00edlia\"],\"inLanguage\":\"pt-BR\",\"potentialAction\":[{\"@type\":\"CommentAction\",\"name\":\"Comment\",\"target\":[\"https:\\\/\\\/www.p31noticias.com.br\\\/?p=53289#respond\"]}],\"copyrightYear\":\"2024\",\"copyrightHolder\":{\"@id\":\"https:\\\/\\\/www.p31noticias.com.br\\\/#organization\"}},{\"@type\":\"WebPage\",\"@id\":\"https:\\\/\\\/www.p31noticias.com.br\\\/?p=53289\",\"url\":\"https:\\\/\\\/www.p31noticias.com.br\\\/?p=53289\",\"name\":\"F\u00f3rum re\u00fane experi\u00eancias bem-sucedidas de sa\u00fade no ambiente escolar - P31\",\"isPartOf\":{\"@id\":\"https:\\\/\\\/www.p31noticias.com.br\\\/#website\"},\"primaryImageOfPage\":{\"@id\":\"https:\\\/\\\/www.p31noticias.com.br\\\/?p=53289#primaryimage\"},\"image\":{\"@id\":\"https:\\\/\\\/www.p31noticias.com.br\\\/?p=53289#primaryimage\"},\"thumbnailUrl\":\"https:\\\/\\\/www.p31noticias.com.br\\\/wp-content\\\/uploads\\\/2024\\\/06\\\/Foto-1-Foto_Jhonatan-Cantarelle_Agencia-Saude-DF_16-m1MDvu-150x150-e8GFTi.jpeg\",\"datePublished\":\"2024-06-07T00:30:21+00:00\",\"author\":{\"@id\":\"\"},\"breadcrumb\":{\"@id\":\"https:\\\/\\\/www.p31noticias.com.br\\\/?p=53289#breadcrumb\"},\"inLanguage\":\"pt-BR\",\"potentialAction\":[{\"@type\":\"ReadAction\",\"target\":[\"https:\\\/\\\/www.p31noticias.com.br\\\/?p=53289\"]}]},{\"@type\":\"ImageObject\",\"inLanguage\":\"pt-BR\",\"@id\":\"https:\\\/\\\/www.p31noticias.com.br\\\/?p=53289#primaryimage\",\"url\":\"https:\\\/\\\/www.p31noticias.com.br\\\/wp-content\\\/uploads\\\/2024\\\/06\\\/Foto-1-Foto_Jhonatan-Cantarelle_Agencia-Saude-DF_16-m1MDvu-150x150-e8GFTi.jpeg\",\"contentUrl\":\"https:\\\/\\\/www.p31noticias.com.br\\\/wp-content\\\/uploads\\\/2024\\\/06\\\/Foto-1-Foto_Jhonatan-Cantarelle_Agencia-Saude-DF_16-m1MDvu-150x150-e8GFTi.jpeg\",\"width\":150,\"height\":150},{\"@type\":\"BreadcrumbList\",\"@id\":\"https:\\\/\\\/www.p31noticias.com.br\\\/?p=53289#breadcrumb\",\"itemListElement\":[{\"@type\":\"ListItem\",\"position\":1,\"name\":\"In\u00edcio\",\"item\":\"https:\\\/\\\/www.p31noticias.com.br\\\/\"},{\"@type\":\"ListItem\",\"position\":2,\"name\":\"F\u00f3rum re\u00fane experi\u00eancias bem-sucedidas de sa\u00fade no ambiente escolar\"}]},{\"@type\":\"WebSite\",\"@id\":\"https:\\\/\\\/www.p31noticias.com.br\\\/#website\",\"url\":\"https:\\\/\\\/www.p31noticias.com.br\\\/\",\"name\":\"P31\",\"description\":\"NOT\u00cdCIAS\",\"potentialAction\":[{\"@type\":\"SearchAction\",\"target\":{\"@type\":\"EntryPoint\",\"urlTemplate\":\"https:\\\/\\\/www.p31noticias.com.br\\\/?s={search_term_string}\"},\"query-input\":{\"@type\":\"PropertyValueSpecification\",\"valueRequired\":true,\"valueName\":\"search_term_string\"}}],\"inLanguage\":\"pt-BR\"}]}<\/script>\n<!-- \/ Yoast SEO Premium plugin. -->","yoast_head_json":{"title":"F\u00f3rum re\u00fane experi\u00eancias bem-sucedidas de sa\u00fade no ambiente escolar - P31","robots":{"index":"index","follow":"follow","max-snippet":"max-snippet:-1","max-image-preview":"max-image-preview:large","max-video-preview":"max-video-preview:-1"},"canonical":"https:\/\/www.p31noticias.com.br\/?p=53289","og_locale":"pt_BR","og_type":"article","og_title":"F\u00f3rum re\u00fane experi\u00eancias bem-sucedidas de sa\u00fade no ambiente escolar","og_description":"As secretarias de Sa\u00fade (SES-DF) e de Educa\u00e7\u00e3o (SEE-DF) realizaram, nesta quinta-feira (6), o I F\u00f3rum de Experi\u00eancias Exitosas do Programa Sa\u00fade na Escola (PSE). O intuito \u00e9 promover a articula\u00e7\u00e3o entre as equipes da aten\u00e7\u00e3o prim\u00e1ria e as da educa\u00e7\u00e3o b\u00e1sica, fortalecendo o combate a vulnerabilidades e ampliando o acesso aos servi\u00e7os da rede. [&hellip;]","og_url":"https:\/\/www.p31noticias.com.br\/?p=53289","og_site_name":"P31","article_published_time":"2024-06-07T00:30:21+00:00","og_image":[{"width":150,"height":150,"url":"https:\/\/www.p31noticias.com.br\/wp-content\/uploads\/2024\/06\/Foto-1-Foto_Jhonatan-Cantarelle_Agencia-Saude-DF_16-m1MDvu-150x150-e8GFTi.jpeg","type":"image\/jpeg"}],"twitter_card":"summary_large_image","schema":{"@context":"https:\/\/schema.org","@graph":[{"@type":"Article","@id":"https:\/\/www.p31noticias.com.br\/?p=53289#article","isPartOf":{"@id":"https:\/\/www.p31noticias.com.br\/?p=53289"},"author":{"name":"","@id":""},"headline":"F\u00f3rum re\u00fane experi\u00eancias bem-sucedidas de sa\u00fade no ambiente escolar","datePublished":"2024-06-07T00:30:21+00:00","mainEntityOfPage":{"@id":"https:\/\/www.p31noticias.com.br\/?p=53289"},"wordCount":100,"commentCount":0,"image":{"@id":"https:\/\/www.p31noticias.com.br\/?p=53289#primaryimage"},"thumbnailUrl":"https:\/\/www.p31noticias.com.br\/wp-content\/uploads\/2024\/06\/Foto-1-Foto_Jhonatan-Cantarelle_Agencia-Saude-DF_16-m1MDvu-150x150-e8GFTi.jpeg","articleSection":["Bras\u00edlia"],"inLanguage":"pt-BR","potentialAction":[{"@type":"CommentAction","name":"Comment","target":["https:\/\/www.p31noticias.com.br\/?p=53289#respond"]}],"copyrightYear":"2024","copyrightHolder":{"@id":"https:\/\/www.p31noticias.com.br\/#organization"}},{"@type":"WebPage","@id":"https:\/\/www.p31noticias.com.br\/?p=53289","url":"https:\/\/www.p31noticias.com.br\/?p=53289","name":"F\u00f3rum re\u00fane experi\u00eancias bem-sucedidas de sa\u00fade no ambiente escolar - P31","isPartOf":{"@id":"https:\/\/www.p31noticias.com.br\/#website"},"primaryImageOfPage":{"@id":"https:\/\/www.p31noticias.com.br\/?p=53289#primaryimage"},"image":{"@id":"https:\/\/www.p31noticias.com.br\/?p=53289#primaryimage"},"thumbnailUrl":"https:\/\/www.p31noticias.com.br\/wp-content\/uploads\/2024\/06\/Foto-1-Foto_Jhonatan-Cantarelle_Agencia-Saude-DF_16-m1MDvu-150x150-e8GFTi.jpeg","datePublished":"2024-06-07T00:30:21+00:00","author":{"@id":""},"breadcrumb":{"@id":"https:\/\/www.p31noticias.com.br\/?p=53289#breadcrumb"},"inLanguage":"pt-BR","potentialAction":[{"@type":"ReadAction","target":["https:\/\/www.p31noticias.com.br\/?p=53289"]}]},{"@type":"ImageObject","inLanguage":"pt-BR","@id":"https:\/\/www.p31noticias.com.br\/?p=53289#primaryimage","url":"https:\/\/www.p31noticias.com.br\/wp-content\/uploads\/2024\/06\/Foto-1-Foto_Jhonatan-Cantarelle_Agencia-Saude-DF_16-m1MDvu-150x150-e8GFTi.jpeg","contentUrl":"https:\/\/www.p31noticias.com.br\/wp-content\/uploads\/2024\/06\/Foto-1-Foto_Jhonatan-Cantarelle_Agencia-Saude-DF_16-m1MDvu-150x150-e8GFTi.jpeg","width":150,"height":150},{"@type":"BreadcrumbList","@id":"https:\/\/www.p31noticias.com.br\/?p=53289#breadcrumb","itemListElement":[{"@type":"ListItem","position":1,"name":"In\u00edcio","item":"https:\/\/www.p31noticias.com.br\/"},{"@type":"ListItem","position":2,"name":"F\u00f3rum re\u00fane experi\u00eancias bem-sucedidas de sa\u00fade no ambiente escolar"}]},{"@type":"WebSite","@id":"https:\/\/www.p31noticias.com.br\/#website","url":"https:\/\/www.p31noticias.com.br\/","name":"P31","description":"NOT\u00cdCIAS","potentialAction":[{"@type":"SearchAction","target":{"@type":"EntryPoint","urlTemplate":"https:\/\/www.p31noticias.com.br\/?s={search_term_string}"},"query-input":{"@type":"PropertyValueSpecification","valueRequired":true,"valueName":"search_term_string"}}],"inLanguage":"pt-BR"}]}},"amp_enabled":true,"_links":{"self":[{"href":"https:\/\/www.p31noticias.com.br\/index.php?rest_route=\/wp\/v2\/posts\/53289","targetHints":{"allow":["GET"]}}],"collection":[{"href":"https:\/\/www.p31noticias.com.br\/index.php?rest_route=\/wp\/v2\/posts"}],"about":[{"href":"https:\/\/www.p31noticias.com.br\/index.php?rest_route=\/wp\/v2\/types\/post"}],"replies":[{"embeddable":true,"href":"https:\/\/www.p31noticias.com.br\/index.php?rest_route=%2Fwp%2Fv2%2Fcomments&post=53289"}],"version-history":[{"count":0,"href":"https:\/\/www.p31noticias.com.br\/index.php?rest_route=\/wp\/v2\/posts\/53289\/revisions"}],"wp:featuredmedia":[{"embeddable":true,"href":"https:\/\/www.p31noticias.com.br\/index.php?rest_route=\/wp\/v2\/media\/53290"}],"wp:attachment":[{"href":"https:\/\/www.p31noticias.com.br\/index.php?rest_route=%2Fwp%2Fv2%2Fmedia&parent=53289"}],"wp:term":[{"taxonomy":"category","embeddable":true,"href":"https:\/\/www.p31noticias.com.br\/index.php?rest_route=%2Fwp%2Fv2%2Fcategories&post=53289"},{"taxonomy":"post_tag","embeddable":true,"href":"https:\/\/www.p31noticias.com.br\/index.php?rest_route=%2Fwp%2Fv2%2Ftags&post=53289"}],"curies":[{"name":"wp","href":"https:\/\/api.w.org\/{rel}","templated":true}]}}