{"id":53283,"date":"2024-06-06T20:32:46","date_gmt":"2024-06-06T23:32:46","guid":{"rendered":"https:\/\/p31noticias.com.br\/tv-cancao-nova-transmite-missa-pelos-10-anos-de-canonizacao-de-sao-jose-de-anchieta\/"},"modified":"2024-06-06T20:32:46","modified_gmt":"2024-06-06T23:32:46","slug":"tv-cancao-nova-transmite-missa-pelos-10-anos-de-canonizacao-de-sao-jose-de-anchieta","status":"publish","type":"post","link":"https:\/\/www.p31noticias.com.br\/?p=53283","title":{"rendered":"TV Can\u00e7\u00e3o Nova transmite missa pelos 10 anos de canoniza\u00e7\u00e3o de S\u00e3o Jos\u00e9 de Anchieta"},"content":{"rendered":"<p>\u00a0 Neste domingo, 9 de junho de 2024, a TV Can\u00e7\u00e3o Nova far\u00e1 a transmiss\u00e3o da missa celebrativa aos 10 anos de canoniza\u00e7\u00e3o de S\u00e3o Jos\u00e9 de Anchieta, que acontece \u00e0s 16h, no Santu\u00e1rio Nacional S\u00e3o Jos\u00e9 de Anchieta, inaugurado no ano de 1590, na cidade de Anchieta (ES). O presidente da celebra\u00e7\u00e3o ser\u00e1 dom [\u2026]<\/p>\n<p>O post <a href=\"https:\/\/www.delioandrade.com.br\/tv-cancao-nova-transmite-missa-pelos-10-anos-de-canonizacao-de-sao-jose-de-anchieta\/\">TV Can\u00e7\u00e3o Nova transmite missa pelos 10 anos de canoniza\u00e7\u00e3o de S\u00e3o Jos\u00e9 de Anchieta<\/a> apareceu primeiro em <a href=\"https:\/\/www.delioandrade.com.br\/\">Blog do D\u00c9LIO ANDRADE<\/a>.<\/p>\n","protected":false},"excerpt":{"rendered":"<p>\u00a0 Neste domingo, 9 de junho de 2024, a TV Can\u00e7\u00e3o Nova far\u00e1 a transmiss\u00e3o da missa celebrativa aos 10 anos de canoniza\u00e7\u00e3o de S\u00e3o Jos\u00e9 de Anchieta, que acontece \u00e0s 16h, no Santu\u00e1rio Nacional S\u00e3o Jos\u00e9 de Anchieta, inaugurado no ano de 1590, na cidade de Anchieta (ES). O presidente da celebra\u00e7\u00e3o ser\u00e1 dom [&hellip;]<\/p>\n","protected":false},"author":0,"featured_media":53284,"comment_status":"open","ping_status":"open","sticky":false,"template":"","format":"standard","meta":{"footnotes":""},"categories":[21],"tags":[],"class_list":{"0":"post-53283","1":"post","2":"type-post","3":"status-publish","4":"format-standard","5":"has-post-thumbnail","7":"category-brasilia"},"yoast_head":"<!-- This site is optimized with the Yoast SEO Premium plugin v24.5 (Yoast SEO v27.5) - https:\/\/yoast.com\/product\/yoast-seo-premium-wordpress\/ -->\n<title>TV Can\u00e7\u00e3o Nova transmite missa pelos 10 anos de canoniza\u00e7\u00e3o de S\u00e3o Jos\u00e9 de Anchieta - P31<\/title>\n<meta name=\"robots\" content=\"index, follow, max-snippet:-1, max-image-preview:large, max-video-preview:-1\" \/>\n<link rel=\"canonical\" href=\"https:\/\/www.p31noticias.com.br\/?p=53283\" \/>\n<meta property=\"og:locale\" content=\"pt_BR\" \/>\n<meta property=\"og:type\" content=\"article\" \/>\n<meta property=\"og:title\" content=\"TV Can\u00e7\u00e3o Nova transmite missa pelos 10 anos de canoniza\u00e7\u00e3o de S\u00e3o Jos\u00e9 de Anchieta\" \/>\n<meta property=\"og:description\" content=\"\u00a0 Neste domingo, 9 de junho de 2024, a TV Can\u00e7\u00e3o Nova far\u00e1 a transmiss\u00e3o da missa celebrativa aos 10 anos de canoniza\u00e7\u00e3o de S\u00e3o Jos\u00e9 de Anchieta, que acontece \u00e0s 16h, no Santu\u00e1rio Nacional S\u00e3o Jos\u00e9 de Anchieta, inaugurado no ano de 1590, na cidade de Anchieta (ES). O presidente da celebra\u00e7\u00e3o ser\u00e1 dom [&hellip;]\" \/>\n<meta property=\"og:url\" content=\"https:\/\/www.p31noticias.com.br\/?p=53283\" \/>\n<meta property=\"og:site_name\" content=\"P31\" \/>\n<meta property=\"article:published_time\" content=\"2024-06-06T23:32:46+00:00\" \/>\n<meta property=\"og:image\" content=\"https:\/\/www.p31noticias.com.br\/wp-content\/uploads\/2024\/06\/channels4_profile-150x150-3ul1Li-oOX3Jj.jpeg\" \/>\n\t<meta property=\"og:image:width\" content=\"150\" \/>\n\t<meta property=\"og:image:height\" content=\"150\" \/>\n\t<meta property=\"og:image:type\" content=\"image\/jpeg\" \/>\n<meta name=\"twitter:card\" content=\"summary_large_image\" \/>\n<script type=\"application\/ld+json\" class=\"yoast-schema-graph\">{\"@context\":\"https:\\\/\\\/schema.org\",\"@graph\":[{\"@type\":\"Article\",\"@id\":\"https:\\\/\\\/www.p31noticias.com.br\\\/?p=53283#article\",\"isPartOf\":{\"@id\":\"https:\\\/\\\/www.p31noticias.com.br\\\/?p=53283\"},\"author\":{\"name\":\"\",\"@id\":\"\"},\"headline\":\"TV Can\u00e7\u00e3o Nova transmite missa pelos 10 anos de canoniza\u00e7\u00e3o de S\u00e3o Jos\u00e9 de Anchieta\",\"datePublished\":\"2024-06-06T23:32:46+00:00\",\"mainEntityOfPage\":{\"@id\":\"https:\\\/\\\/www.p31noticias.com.br\\\/?p=53283\"},\"wordCount\":101,\"commentCount\":0,\"image\":{\"@id\":\"https:\\\/\\\/www.p31noticias.com.br\\\/?p=53283#primaryimage\"},\"thumbnailUrl\":\"https:\\\/\\\/www.p31noticias.com.br\\\/wp-content\\\/uploads\\\/2024\\\/06\\\/channels4_profile-150x150-3ul1Li-oOX3Jj.jpeg\",\"articleSection\":[\"Bras\u00edlia\"],\"inLanguage\":\"pt-BR\",\"potentialAction\":[{\"@type\":\"CommentAction\",\"name\":\"Comment\",\"target\":[\"https:\\\/\\\/www.p31noticias.com.br\\\/?p=53283#respond\"]}],\"copyrightYear\":\"2024\",\"copyrightHolder\":{\"@id\":\"https:\\\/\\\/www.p31noticias.com.br\\\/#organization\"}},{\"@type\":\"WebPage\",\"@id\":\"https:\\\/\\\/www.p31noticias.com.br\\\/?p=53283\",\"url\":\"https:\\\/\\\/www.p31noticias.com.br\\\/?p=53283\",\"name\":\"TV Can\u00e7\u00e3o Nova transmite missa pelos 10 anos de canoniza\u00e7\u00e3o de S\u00e3o Jos\u00e9 de Anchieta - P31\",\"isPartOf\":{\"@id\":\"https:\\\/\\\/www.p31noticias.com.br\\\/#website\"},\"primaryImageOfPage\":{\"@id\":\"https:\\\/\\\/www.p31noticias.com.br\\\/?p=53283#primaryimage\"},\"image\":{\"@id\":\"https:\\\/\\\/www.p31noticias.com.br\\\/?p=53283#primaryimage\"},\"thumbnailUrl\":\"https:\\\/\\\/www.p31noticias.com.br\\\/wp-content\\\/uploads\\\/2024\\\/06\\\/channels4_profile-150x150-3ul1Li-oOX3Jj.jpeg\",\"datePublished\":\"2024-06-06T23:32:46+00:00\",\"author\":{\"@id\":\"\"},\"breadcrumb\":{\"@id\":\"https:\\\/\\\/www.p31noticias.com.br\\\/?p=53283#breadcrumb\"},\"inLanguage\":\"pt-BR\",\"potentialAction\":[{\"@type\":\"ReadAction\",\"target\":[\"https:\\\/\\\/www.p31noticias.com.br\\\/?p=53283\"]}]},{\"@type\":\"ImageObject\",\"inLanguage\":\"pt-BR\",\"@id\":\"https:\\\/\\\/www.p31noticias.com.br\\\/?p=53283#primaryimage\",\"url\":\"https:\\\/\\\/www.p31noticias.com.br\\\/wp-content\\\/uploads\\\/2024\\\/06\\\/channels4_profile-150x150-3ul1Li-oOX3Jj.jpeg\",\"contentUrl\":\"https:\\\/\\\/www.p31noticias.com.br\\\/wp-content\\\/uploads\\\/2024\\\/06\\\/channels4_profile-150x150-3ul1Li-oOX3Jj.jpeg\",\"width\":150,\"height\":150},{\"@type\":\"BreadcrumbList\",\"@id\":\"https:\\\/\\\/www.p31noticias.com.br\\\/?p=53283#breadcrumb\",\"itemListElement\":[{\"@type\":\"ListItem\",\"position\":1,\"name\":\"In\u00edcio\",\"item\":\"https:\\\/\\\/www.p31noticias.com.br\\\/\"},{\"@type\":\"ListItem\",\"position\":2,\"name\":\"TV Can\u00e7\u00e3o Nova transmite missa pelos 10 anos de canoniza\u00e7\u00e3o de S\u00e3o Jos\u00e9 de Anchieta\"}]},{\"@type\":\"WebSite\",\"@id\":\"https:\\\/\\\/www.p31noticias.com.br\\\/#website\",\"url\":\"https:\\\/\\\/www.p31noticias.com.br\\\/\",\"name\":\"P31\",\"description\":\"NOT\u00cdCIAS\",\"potentialAction\":[{\"@type\":\"SearchAction\",\"target\":{\"@type\":\"EntryPoint\",\"urlTemplate\":\"https:\\\/\\\/www.p31noticias.com.br\\\/?s={search_term_string}\"},\"query-input\":{\"@type\":\"PropertyValueSpecification\",\"valueRequired\":true,\"valueName\":\"search_term_string\"}}],\"inLanguage\":\"pt-BR\"}]}<\/script>\n<!-- \/ Yoast SEO Premium plugin. -->","yoast_head_json":{"title":"TV Can\u00e7\u00e3o Nova transmite missa pelos 10 anos de canoniza\u00e7\u00e3o de S\u00e3o Jos\u00e9 de Anchieta - P31","robots":{"index":"index","follow":"follow","max-snippet":"max-snippet:-1","max-image-preview":"max-image-preview:large","max-video-preview":"max-video-preview:-1"},"canonical":"https:\/\/www.p31noticias.com.br\/?p=53283","og_locale":"pt_BR","og_type":"article","og_title":"TV Can\u00e7\u00e3o Nova transmite missa pelos 10 anos de canoniza\u00e7\u00e3o de S\u00e3o Jos\u00e9 de Anchieta","og_description":"\u00a0 Neste domingo, 9 de junho de 2024, a TV Can\u00e7\u00e3o Nova far\u00e1 a transmiss\u00e3o da missa celebrativa aos 10 anos de canoniza\u00e7\u00e3o de S\u00e3o Jos\u00e9 de Anchieta, que acontece \u00e0s 16h, no Santu\u00e1rio Nacional S\u00e3o Jos\u00e9 de Anchieta, inaugurado no ano de 1590, na cidade de Anchieta (ES). O presidente da celebra\u00e7\u00e3o ser\u00e1 dom [&hellip;]","og_url":"https:\/\/www.p31noticias.com.br\/?p=53283","og_site_name":"P31","article_published_time":"2024-06-06T23:32:46+00:00","og_image":[{"width":150,"height":150,"url":"https:\/\/www.p31noticias.com.br\/wp-content\/uploads\/2024\/06\/channels4_profile-150x150-3ul1Li-oOX3Jj.jpeg","type":"image\/jpeg"}],"twitter_card":"summary_large_image","schema":{"@context":"https:\/\/schema.org","@graph":[{"@type":"Article","@id":"https:\/\/www.p31noticias.com.br\/?p=53283#article","isPartOf":{"@id":"https:\/\/www.p31noticias.com.br\/?p=53283"},"author":{"name":"","@id":""},"headline":"TV Can\u00e7\u00e3o Nova transmite missa pelos 10 anos de canoniza\u00e7\u00e3o de S\u00e3o Jos\u00e9 de Anchieta","datePublished":"2024-06-06T23:32:46+00:00","mainEntityOfPage":{"@id":"https:\/\/www.p31noticias.com.br\/?p=53283"},"wordCount":101,"commentCount":0,"image":{"@id":"https:\/\/www.p31noticias.com.br\/?p=53283#primaryimage"},"thumbnailUrl":"https:\/\/www.p31noticias.com.br\/wp-content\/uploads\/2024\/06\/channels4_profile-150x150-3ul1Li-oOX3Jj.jpeg","articleSection":["Bras\u00edlia"],"inLanguage":"pt-BR","potentialAction":[{"@type":"CommentAction","name":"Comment","target":["https:\/\/www.p31noticias.com.br\/?p=53283#respond"]}],"copyrightYear":"2024","copyrightHolder":{"@id":"https:\/\/www.p31noticias.com.br\/#organization"}},{"@type":"WebPage","@id":"https:\/\/www.p31noticias.com.br\/?p=53283","url":"https:\/\/www.p31noticias.com.br\/?p=53283","name":"TV Can\u00e7\u00e3o Nova transmite missa pelos 10 anos de canoniza\u00e7\u00e3o de S\u00e3o Jos\u00e9 de Anchieta - P31","isPartOf":{"@id":"https:\/\/www.p31noticias.com.br\/#website"},"primaryImageOfPage":{"@id":"https:\/\/www.p31noticias.com.br\/?p=53283#primaryimage"},"image":{"@id":"https:\/\/www.p31noticias.com.br\/?p=53283#primaryimage"},"thumbnailUrl":"https:\/\/www.p31noticias.com.br\/wp-content\/uploads\/2024\/06\/channels4_profile-150x150-3ul1Li-oOX3Jj.jpeg","datePublished":"2024-06-06T23:32:46+00:00","author":{"@id":""},"breadcrumb":{"@id":"https:\/\/www.p31noticias.com.br\/?p=53283#breadcrumb"},"inLanguage":"pt-BR","potentialAction":[{"@type":"ReadAction","target":["https:\/\/www.p31noticias.com.br\/?p=53283"]}]},{"@type":"ImageObject","inLanguage":"pt-BR","@id":"https:\/\/www.p31noticias.com.br\/?p=53283#primaryimage","url":"https:\/\/www.p31noticias.com.br\/wp-content\/uploads\/2024\/06\/channels4_profile-150x150-3ul1Li-oOX3Jj.jpeg","contentUrl":"https:\/\/www.p31noticias.com.br\/wp-content\/uploads\/2024\/06\/channels4_profile-150x150-3ul1Li-oOX3Jj.jpeg","width":150,"height":150},{"@type":"BreadcrumbList","@id":"https:\/\/www.p31noticias.com.br\/?p=53283#breadcrumb","itemListElement":[{"@type":"ListItem","position":1,"name":"In\u00edcio","item":"https:\/\/www.p31noticias.com.br\/"},{"@type":"ListItem","position":2,"name":"TV Can\u00e7\u00e3o Nova transmite missa pelos 10 anos de canoniza\u00e7\u00e3o de S\u00e3o Jos\u00e9 de Anchieta"}]},{"@type":"WebSite","@id":"https:\/\/www.p31noticias.com.br\/#website","url":"https:\/\/www.p31noticias.com.br\/","name":"P31","description":"NOT\u00cdCIAS","potentialAction":[{"@type":"SearchAction","target":{"@type":"EntryPoint","urlTemplate":"https:\/\/www.p31noticias.com.br\/?s={search_term_string}"},"query-input":{"@type":"PropertyValueSpecification","valueRequired":true,"valueName":"search_term_string"}}],"inLanguage":"pt-BR"}]}},"amp_enabled":true,"_links":{"self":[{"href":"https:\/\/www.p31noticias.com.br\/index.php?rest_route=\/wp\/v2\/posts\/53283","targetHints":{"allow":["GET"]}}],"collection":[{"href":"https:\/\/www.p31noticias.com.br\/index.php?rest_route=\/wp\/v2\/posts"}],"about":[{"href":"https:\/\/www.p31noticias.com.br\/index.php?rest_route=\/wp\/v2\/types\/post"}],"replies":[{"embeddable":true,"href":"https:\/\/www.p31noticias.com.br\/index.php?rest_route=%2Fwp%2Fv2%2Fcomments&post=53283"}],"version-history":[{"count":0,"href":"https:\/\/www.p31noticias.com.br\/index.php?rest_route=\/wp\/v2\/posts\/53283\/revisions"}],"wp:featuredmedia":[{"embeddable":true,"href":"https:\/\/www.p31noticias.com.br\/index.php?rest_route=\/wp\/v2\/media\/53284"}],"wp:attachment":[{"href":"https:\/\/www.p31noticias.com.br\/index.php?rest_route=%2Fwp%2Fv2%2Fmedia&parent=53283"}],"wp:term":[{"taxonomy":"category","embeddable":true,"href":"https:\/\/www.p31noticias.com.br\/index.php?rest_route=%2Fwp%2Fv2%2Fcategories&post=53283"},{"taxonomy":"post_tag","embeddable":true,"href":"https:\/\/www.p31noticias.com.br\/index.php?rest_route=%2Fwp%2Fv2%2Ftags&post=53283"}],"curies":[{"name":"wp","href":"https:\/\/api.w.org\/{rel}","templated":true}]}}