{"id":53236,"date":"2024-06-06T16:31:04","date_gmt":"2024-06-06T19:31:04","guid":{"rendered":"https:\/\/p31noticias.com.br\/gdf-renova-programa-parque-educador-e-oficializa-parceria-com-undf-para-estagios\/"},"modified":"2024-06-06T16:31:04","modified_gmt":"2024-06-06T19:31:04","slug":"gdf-renova-programa-parque-educador-e-oficializa-parceria-com-undf-para-estagios","status":"publish","type":"post","link":"https:\/\/www.p31noticias.com.br\/?p=53236","title":{"rendered":"GDF renova programa Parque Educador e oficializa parceria com UnDF para est\u00e1gios"},"content":{"rendered":"<p>Em comemora\u00e7\u00e3o ao Dia Mundial do Meio Ambiente, celebrado em 5 de junho, o Governo do Distrito Federal (GDF) promoveu nesta quinta-feira (6), entre as a\u00e7\u00f5es voltadas para a educa\u00e7\u00e3o ambiental, as assinaturas do Termo de Coopera\u00e7\u00e3o T\u00e9cnica (TCT) do Programa Parque Educador e a do Acordo de Coopera\u00e7\u00e3o T\u00e9cnica (ACT) entre a Secretaria de [\u2026]<\/p>\n<p>O post <a href=\"https:\/\/www.delioandrade.com.br\/gdf-renova-programa-parque-educador-e-oficializa-parceria-com-undf-para-estagios\/\">GDF renova programa Parque Educador e oficializa parceria com UnDF para est\u00e1gios<\/a> apareceu primeiro em <a href=\"https:\/\/www.delioandrade.com.br\/\">Blog do D\u00c9LIO ANDRADE<\/a>.<\/p>\n","protected":false},"excerpt":{"rendered":"<p>Em comemora\u00e7\u00e3o ao Dia Mundial do Meio Ambiente, celebrado em 5 de junho, o Governo do Distrito Federal (GDF) promoveu nesta quinta-feira (6), entre as a\u00e7\u00f5es voltadas para a educa\u00e7\u00e3o ambiental, as assinaturas do Termo de Coopera\u00e7\u00e3o T\u00e9cnica (TCT) do Programa Parque Educador e a do Acordo de Coopera\u00e7\u00e3o T\u00e9cnica (ACT) entre a Secretaria de [&hellip;]<\/p>\n","protected":false},"author":0,"featured_media":53237,"comment_status":"open","ping_status":"open","sticky":false,"template":"","format":"standard","meta":{"footnotes":""},"categories":[21],"tags":[],"class_list":{"0":"post-53236","1":"post","2":"type-post","3":"status-publish","4":"format-standard","5":"has-post-thumbnail","7":"category-brasilia"},"yoast_head":"<!-- This site is optimized with the Yoast SEO Premium plugin v24.5 (Yoast SEO v27.5) - https:\/\/yoast.com\/product\/yoast-seo-premium-wordpress\/ -->\n<title>GDF renova programa Parque Educador e oficializa parceria com UnDF para est\u00e1gios - P31<\/title>\n<meta name=\"robots\" content=\"index, follow, max-snippet:-1, max-image-preview:large, max-video-preview:-1\" \/>\n<link rel=\"canonical\" href=\"https:\/\/www.p31noticias.com.br\/?p=53236\" \/>\n<meta property=\"og:locale\" content=\"pt_BR\" \/>\n<meta property=\"og:type\" content=\"article\" \/>\n<meta property=\"og:title\" content=\"GDF renova programa Parque Educador e oficializa parceria com UnDF para est\u00e1gios\" \/>\n<meta property=\"og:description\" content=\"Em comemora\u00e7\u00e3o ao Dia Mundial do Meio Ambiente, celebrado em 5 de junho, o Governo do Distrito Federal (GDF) promoveu nesta quinta-feira (6), entre as a\u00e7\u00f5es voltadas para a educa\u00e7\u00e3o ambiental, as assinaturas do Termo de Coopera\u00e7\u00e3o T\u00e9cnica (TCT) do Programa Parque Educador e a do Acordo de Coopera\u00e7\u00e3o T\u00e9cnica (ACT) entre a Secretaria de [&hellip;]\" \/>\n<meta property=\"og:url\" content=\"https:\/\/www.p31noticias.com.br\/?p=53236\" \/>\n<meta property=\"og:site_name\" content=\"P31\" \/>\n<meta property=\"article:published_time\" content=\"2024-06-06T19:31:04+00:00\" \/>\n<meta property=\"og:image\" content=\"https:\/\/www.p31noticias.com.br\/wp-content\/uploads\/2024\/06\/Capa-7-taSI6R-150x150-PbTs8P.jpeg\" \/>\n\t<meta property=\"og:image:width\" content=\"150\" \/>\n\t<meta property=\"og:image:height\" content=\"150\" \/>\n\t<meta property=\"og:image:type\" content=\"image\/jpeg\" \/>\n<meta name=\"twitter:card\" content=\"summary_large_image\" \/>\n<script type=\"application\/ld+json\" class=\"yoast-schema-graph\">{\"@context\":\"https:\\\/\\\/schema.org\",\"@graph\":[{\"@type\":\"Article\",\"@id\":\"https:\\\/\\\/www.p31noticias.com.br\\\/?p=53236#article\",\"isPartOf\":{\"@id\":\"https:\\\/\\\/www.p31noticias.com.br\\\/?p=53236\"},\"author\":{\"name\":\"\",\"@id\":\"\"},\"headline\":\"GDF renova programa Parque Educador e oficializa parceria com UnDF para est\u00e1gios\",\"datePublished\":\"2024-06-06T19:31:04+00:00\",\"mainEntityOfPage\":{\"@id\":\"https:\\\/\\\/www.p31noticias.com.br\\\/?p=53236\"},\"wordCount\":96,\"commentCount\":0,\"image\":{\"@id\":\"https:\\\/\\\/www.p31noticias.com.br\\\/?p=53236#primaryimage\"},\"thumbnailUrl\":\"https:\\\/\\\/www.p31noticias.com.br\\\/wp-content\\\/uploads\\\/2024\\\/06\\\/Capa-7-taSI6R-150x150-PbTs8P.jpeg\",\"articleSection\":[\"Bras\u00edlia\"],\"inLanguage\":\"pt-BR\",\"potentialAction\":[{\"@type\":\"CommentAction\",\"name\":\"Comment\",\"target\":[\"https:\\\/\\\/www.p31noticias.com.br\\\/?p=53236#respond\"]}],\"copyrightYear\":\"2024\",\"copyrightHolder\":{\"@id\":\"https:\\\/\\\/www.p31noticias.com.br\\\/#organization\"}},{\"@type\":\"WebPage\",\"@id\":\"https:\\\/\\\/www.p31noticias.com.br\\\/?p=53236\",\"url\":\"https:\\\/\\\/www.p31noticias.com.br\\\/?p=53236\",\"name\":\"GDF renova programa Parque Educador e oficializa parceria com UnDF para est\u00e1gios - P31\",\"isPartOf\":{\"@id\":\"https:\\\/\\\/www.p31noticias.com.br\\\/#website\"},\"primaryImageOfPage\":{\"@id\":\"https:\\\/\\\/www.p31noticias.com.br\\\/?p=53236#primaryimage\"},\"image\":{\"@id\":\"https:\\\/\\\/www.p31noticias.com.br\\\/?p=53236#primaryimage\"},\"thumbnailUrl\":\"https:\\\/\\\/www.p31noticias.com.br\\\/wp-content\\\/uploads\\\/2024\\\/06\\\/Capa-7-taSI6R-150x150-PbTs8P.jpeg\",\"datePublished\":\"2024-06-06T19:31:04+00:00\",\"author\":{\"@id\":\"\"},\"breadcrumb\":{\"@id\":\"https:\\\/\\\/www.p31noticias.com.br\\\/?p=53236#breadcrumb\"},\"inLanguage\":\"pt-BR\",\"potentialAction\":[{\"@type\":\"ReadAction\",\"target\":[\"https:\\\/\\\/www.p31noticias.com.br\\\/?p=53236\"]}]},{\"@type\":\"ImageObject\",\"inLanguage\":\"pt-BR\",\"@id\":\"https:\\\/\\\/www.p31noticias.com.br\\\/?p=53236#primaryimage\",\"url\":\"https:\\\/\\\/www.p31noticias.com.br\\\/wp-content\\\/uploads\\\/2024\\\/06\\\/Capa-7-taSI6R-150x150-PbTs8P.jpeg\",\"contentUrl\":\"https:\\\/\\\/www.p31noticias.com.br\\\/wp-content\\\/uploads\\\/2024\\\/06\\\/Capa-7-taSI6R-150x150-PbTs8P.jpeg\",\"width\":150,\"height\":150},{\"@type\":\"BreadcrumbList\",\"@id\":\"https:\\\/\\\/www.p31noticias.com.br\\\/?p=53236#breadcrumb\",\"itemListElement\":[{\"@type\":\"ListItem\",\"position\":1,\"name\":\"In\u00edcio\",\"item\":\"https:\\\/\\\/www.p31noticias.com.br\\\/\"},{\"@type\":\"ListItem\",\"position\":2,\"name\":\"GDF renova programa Parque Educador e oficializa parceria com UnDF para est\u00e1gios\"}]},{\"@type\":\"WebSite\",\"@id\":\"https:\\\/\\\/www.p31noticias.com.br\\\/#website\",\"url\":\"https:\\\/\\\/www.p31noticias.com.br\\\/\",\"name\":\"P31\",\"description\":\"NOT\u00cdCIAS\",\"potentialAction\":[{\"@type\":\"SearchAction\",\"target\":{\"@type\":\"EntryPoint\",\"urlTemplate\":\"https:\\\/\\\/www.p31noticias.com.br\\\/?s={search_term_string}\"},\"query-input\":{\"@type\":\"PropertyValueSpecification\",\"valueRequired\":true,\"valueName\":\"search_term_string\"}}],\"inLanguage\":\"pt-BR\"}]}<\/script>\n<!-- \/ Yoast SEO Premium plugin. -->","yoast_head_json":{"title":"GDF renova programa Parque Educador e oficializa parceria com UnDF para est\u00e1gios - P31","robots":{"index":"index","follow":"follow","max-snippet":"max-snippet:-1","max-image-preview":"max-image-preview:large","max-video-preview":"max-video-preview:-1"},"canonical":"https:\/\/www.p31noticias.com.br\/?p=53236","og_locale":"pt_BR","og_type":"article","og_title":"GDF renova programa Parque Educador e oficializa parceria com UnDF para est\u00e1gios","og_description":"Em comemora\u00e7\u00e3o ao Dia Mundial do Meio Ambiente, celebrado em 5 de junho, o Governo do Distrito Federal (GDF) promoveu nesta quinta-feira (6), entre as a\u00e7\u00f5es voltadas para a educa\u00e7\u00e3o ambiental, as assinaturas do Termo de Coopera\u00e7\u00e3o T\u00e9cnica (TCT) do Programa Parque Educador e a do Acordo de Coopera\u00e7\u00e3o T\u00e9cnica (ACT) entre a Secretaria de [&hellip;]","og_url":"https:\/\/www.p31noticias.com.br\/?p=53236","og_site_name":"P31","article_published_time":"2024-06-06T19:31:04+00:00","og_image":[{"width":150,"height":150,"url":"https:\/\/www.p31noticias.com.br\/wp-content\/uploads\/2024\/06\/Capa-7-taSI6R-150x150-PbTs8P.jpeg","type":"image\/jpeg"}],"twitter_card":"summary_large_image","schema":{"@context":"https:\/\/schema.org","@graph":[{"@type":"Article","@id":"https:\/\/www.p31noticias.com.br\/?p=53236#article","isPartOf":{"@id":"https:\/\/www.p31noticias.com.br\/?p=53236"},"author":{"name":"","@id":""},"headline":"GDF renova programa Parque Educador e oficializa parceria com UnDF para est\u00e1gios","datePublished":"2024-06-06T19:31:04+00:00","mainEntityOfPage":{"@id":"https:\/\/www.p31noticias.com.br\/?p=53236"},"wordCount":96,"commentCount":0,"image":{"@id":"https:\/\/www.p31noticias.com.br\/?p=53236#primaryimage"},"thumbnailUrl":"https:\/\/www.p31noticias.com.br\/wp-content\/uploads\/2024\/06\/Capa-7-taSI6R-150x150-PbTs8P.jpeg","articleSection":["Bras\u00edlia"],"inLanguage":"pt-BR","potentialAction":[{"@type":"CommentAction","name":"Comment","target":["https:\/\/www.p31noticias.com.br\/?p=53236#respond"]}],"copyrightYear":"2024","copyrightHolder":{"@id":"https:\/\/www.p31noticias.com.br\/#organization"}},{"@type":"WebPage","@id":"https:\/\/www.p31noticias.com.br\/?p=53236","url":"https:\/\/www.p31noticias.com.br\/?p=53236","name":"GDF renova programa Parque Educador e oficializa parceria com UnDF para est\u00e1gios - P31","isPartOf":{"@id":"https:\/\/www.p31noticias.com.br\/#website"},"primaryImageOfPage":{"@id":"https:\/\/www.p31noticias.com.br\/?p=53236#primaryimage"},"image":{"@id":"https:\/\/www.p31noticias.com.br\/?p=53236#primaryimage"},"thumbnailUrl":"https:\/\/www.p31noticias.com.br\/wp-content\/uploads\/2024\/06\/Capa-7-taSI6R-150x150-PbTs8P.jpeg","datePublished":"2024-06-06T19:31:04+00:00","author":{"@id":""},"breadcrumb":{"@id":"https:\/\/www.p31noticias.com.br\/?p=53236#breadcrumb"},"inLanguage":"pt-BR","potentialAction":[{"@type":"ReadAction","target":["https:\/\/www.p31noticias.com.br\/?p=53236"]}]},{"@type":"ImageObject","inLanguage":"pt-BR","@id":"https:\/\/www.p31noticias.com.br\/?p=53236#primaryimage","url":"https:\/\/www.p31noticias.com.br\/wp-content\/uploads\/2024\/06\/Capa-7-taSI6R-150x150-PbTs8P.jpeg","contentUrl":"https:\/\/www.p31noticias.com.br\/wp-content\/uploads\/2024\/06\/Capa-7-taSI6R-150x150-PbTs8P.jpeg","width":150,"height":150},{"@type":"BreadcrumbList","@id":"https:\/\/www.p31noticias.com.br\/?p=53236#breadcrumb","itemListElement":[{"@type":"ListItem","position":1,"name":"In\u00edcio","item":"https:\/\/www.p31noticias.com.br\/"},{"@type":"ListItem","position":2,"name":"GDF renova programa Parque Educador e oficializa parceria com UnDF para est\u00e1gios"}]},{"@type":"WebSite","@id":"https:\/\/www.p31noticias.com.br\/#website","url":"https:\/\/www.p31noticias.com.br\/","name":"P31","description":"NOT\u00cdCIAS","potentialAction":[{"@type":"SearchAction","target":{"@type":"EntryPoint","urlTemplate":"https:\/\/www.p31noticias.com.br\/?s={search_term_string}"},"query-input":{"@type":"PropertyValueSpecification","valueRequired":true,"valueName":"search_term_string"}}],"inLanguage":"pt-BR"}]}},"amp_enabled":true,"_links":{"self":[{"href":"https:\/\/www.p31noticias.com.br\/index.php?rest_route=\/wp\/v2\/posts\/53236","targetHints":{"allow":["GET"]}}],"collection":[{"href":"https:\/\/www.p31noticias.com.br\/index.php?rest_route=\/wp\/v2\/posts"}],"about":[{"href":"https:\/\/www.p31noticias.com.br\/index.php?rest_route=\/wp\/v2\/types\/post"}],"replies":[{"embeddable":true,"href":"https:\/\/www.p31noticias.com.br\/index.php?rest_route=%2Fwp%2Fv2%2Fcomments&post=53236"}],"version-history":[{"count":0,"href":"https:\/\/www.p31noticias.com.br\/index.php?rest_route=\/wp\/v2\/posts\/53236\/revisions"}],"wp:featuredmedia":[{"embeddable":true,"href":"https:\/\/www.p31noticias.com.br\/index.php?rest_route=\/wp\/v2\/media\/53237"}],"wp:attachment":[{"href":"https:\/\/www.p31noticias.com.br\/index.php?rest_route=%2Fwp%2Fv2%2Fmedia&parent=53236"}],"wp:term":[{"taxonomy":"category","embeddable":true,"href":"https:\/\/www.p31noticias.com.br\/index.php?rest_route=%2Fwp%2Fv2%2Fcategories&post=53236"},{"taxonomy":"post_tag","embeddable":true,"href":"https:\/\/www.p31noticias.com.br\/index.php?rest_route=%2Fwp%2Fv2%2Ftags&post=53236"}],"curies":[{"name":"wp","href":"https:\/\/api.w.org\/{rel}","templated":true}]}}