{"id":53217,"date":"2024-06-06T14:30:17","date_gmt":"2024-06-06T17:30:17","guid":{"rendered":"https:\/\/p31noticias.com.br\/brigadistas-florestais-passam-por-testes-antes-de-contratacao-temporaria\/"},"modified":"2024-06-06T14:30:17","modified_gmt":"2024-06-06T17:30:17","slug":"brigadistas-florestais-passam-por-testes-antes-de-contratacao-temporaria","status":"publish","type":"post","link":"https:\/\/www.p31noticias.com.br\/?p=53217","title":{"rendered":"Brigadistas florestais passam por testes antes de contrata\u00e7\u00e3o tempor\u00e1ria"},"content":{"rendered":"<p>Quinta (6) e sexta-feiras (7) ser\u00e3o dois dias decisivos para aqueles que concorrem \u00e0 vaga no processo seletivo simplificado para a contrata\u00e7\u00e3o tempor\u00e1ria de 2024 da brigada florestal do Instituto Bras\u00edlia Ambiental. Neste per\u00edodo est\u00e3o sendo realizados, no Parque Ecol\u00f3gico Ezechias Heringer, localizado no Guar\u00e1, os testes de aptid\u00e3o f\u00edsica (TAF) e o de habilidades [\u2026]<\/p>\n<p>O post <a href=\"https:\/\/www.delioandrade.com.br\/brigadistas-florestais-passam-por-testes-antes-de-contratacao-temporaria\/\">Brigadistas florestais passam por testes antes de contrata\u00e7\u00e3o tempor\u00e1ria<\/a> apareceu primeiro em <a href=\"https:\/\/www.delioandrade.com.br\/\">Blog do D\u00c9LIO ANDRADE<\/a>.<\/p>\n","protected":false},"excerpt":{"rendered":"<p>Quinta (6) e sexta-feiras (7) ser\u00e3o dois dias decisivos para aqueles que concorrem \u00e0 vaga no processo seletivo simplificado para a contrata\u00e7\u00e3o tempor\u00e1ria de 2024 da brigada florestal do Instituto Bras\u00edlia Ambiental. Neste per\u00edodo est\u00e3o sendo realizados, no Parque Ecol\u00f3gico Ezechias Heringer, localizado no Guar\u00e1, os testes de aptid\u00e3o f\u00edsica (TAF) e o de habilidades [&hellip;]<\/p>\n","protected":false},"author":0,"featured_media":53218,"comment_status":"open","ping_status":"open","sticky":false,"template":"","format":"standard","meta":{"footnotes":""},"categories":[21],"tags":[],"class_list":{"0":"post-53217","1":"post","2":"type-post","3":"status-publish","4":"format-standard","5":"has-post-thumbnail","7":"category-brasilia"},"yoast_head":"<!-- This site is optimized with the Yoast SEO Premium plugin v24.5 (Yoast SEO v27.5) - https:\/\/yoast.com\/product\/yoast-seo-premium-wordpress\/ -->\n<title>Brigadistas florestais passam por testes antes de contrata\u00e7\u00e3o tempor\u00e1ria - P31<\/title>\n<meta name=\"robots\" content=\"index, follow, max-snippet:-1, max-image-preview:large, max-video-preview:-1\" \/>\n<link rel=\"canonical\" href=\"https:\/\/www.p31noticias.com.br\/?p=53217\" \/>\n<meta property=\"og:locale\" content=\"pt_BR\" \/>\n<meta property=\"og:type\" content=\"article\" \/>\n<meta property=\"og:title\" content=\"Brigadistas florestais passam por testes antes de contrata\u00e7\u00e3o tempor\u00e1ria\" \/>\n<meta property=\"og:description\" content=\"Quinta (6) e sexta-feiras (7) ser\u00e3o dois dias decisivos para aqueles que concorrem \u00e0 vaga no processo seletivo simplificado para a contrata\u00e7\u00e3o tempor\u00e1ria de 2024 da brigada florestal do Instituto Bras\u00edlia Ambiental. Neste per\u00edodo est\u00e3o sendo realizados, no Parque Ecol\u00f3gico Ezechias Heringer, localizado no Guar\u00e1, os testes de aptid\u00e3o f\u00edsica (TAF) e o de habilidades [&hellip;]\" \/>\n<meta property=\"og:url\" content=\"https:\/\/www.p31noticias.com.br\/?p=53217\" \/>\n<meta property=\"og:site_name\" content=\"P31\" \/>\n<meta property=\"article:published_time\" content=\"2024-06-06T17:30:17+00:00\" \/>\n<meta property=\"og:image\" content=\"https:\/\/www.p31noticias.com.br\/wp-content\/uploads\/2024\/06\/Prova-Thufa-Selecao-Brigadistas2024-bODQ21-150x150-UMXFsS.jpeg\" \/>\n\t<meta property=\"og:image:width\" content=\"150\" \/>\n\t<meta property=\"og:image:height\" content=\"150\" \/>\n\t<meta property=\"og:image:type\" content=\"image\/jpeg\" \/>\n<meta name=\"twitter:card\" content=\"summary_large_image\" \/>\n<script type=\"application\/ld+json\" class=\"yoast-schema-graph\">{\"@context\":\"https:\\\/\\\/schema.org\",\"@graph\":[{\"@type\":\"Article\",\"@id\":\"https:\\\/\\\/www.p31noticias.com.br\\\/?p=53217#article\",\"isPartOf\":{\"@id\":\"https:\\\/\\\/www.p31noticias.com.br\\\/?p=53217\"},\"author\":{\"name\":\"\",\"@id\":\"\"},\"headline\":\"Brigadistas florestais passam por testes antes de contrata\u00e7\u00e3o tempor\u00e1ria\",\"datePublished\":\"2024-06-06T17:30:17+00:00\",\"mainEntityOfPage\":{\"@id\":\"https:\\\/\\\/www.p31noticias.com.br\\\/?p=53217\"},\"wordCount\":92,\"commentCount\":0,\"image\":{\"@id\":\"https:\\\/\\\/www.p31noticias.com.br\\\/?p=53217#primaryimage\"},\"thumbnailUrl\":\"https:\\\/\\\/www.p31noticias.com.br\\\/wp-content\\\/uploads\\\/2024\\\/06\\\/Prova-Thufa-Selecao-Brigadistas2024-bODQ21-150x150-UMXFsS.jpeg\",\"articleSection\":[\"Bras\u00edlia\"],\"inLanguage\":\"pt-BR\",\"potentialAction\":[{\"@type\":\"CommentAction\",\"name\":\"Comment\",\"target\":[\"https:\\\/\\\/www.p31noticias.com.br\\\/?p=53217#respond\"]}],\"copyrightYear\":\"2024\",\"copyrightHolder\":{\"@id\":\"https:\\\/\\\/www.p31noticias.com.br\\\/#organization\"}},{\"@type\":\"WebPage\",\"@id\":\"https:\\\/\\\/www.p31noticias.com.br\\\/?p=53217\",\"url\":\"https:\\\/\\\/www.p31noticias.com.br\\\/?p=53217\",\"name\":\"Brigadistas florestais passam por testes antes de contrata\u00e7\u00e3o tempor\u00e1ria - P31\",\"isPartOf\":{\"@id\":\"https:\\\/\\\/www.p31noticias.com.br\\\/#website\"},\"primaryImageOfPage\":{\"@id\":\"https:\\\/\\\/www.p31noticias.com.br\\\/?p=53217#primaryimage\"},\"image\":{\"@id\":\"https:\\\/\\\/www.p31noticias.com.br\\\/?p=53217#primaryimage\"},\"thumbnailUrl\":\"https:\\\/\\\/www.p31noticias.com.br\\\/wp-content\\\/uploads\\\/2024\\\/06\\\/Prova-Thufa-Selecao-Brigadistas2024-bODQ21-150x150-UMXFsS.jpeg\",\"datePublished\":\"2024-06-06T17:30:17+00:00\",\"author\":{\"@id\":\"\"},\"breadcrumb\":{\"@id\":\"https:\\\/\\\/www.p31noticias.com.br\\\/?p=53217#breadcrumb\"},\"inLanguage\":\"pt-BR\",\"potentialAction\":[{\"@type\":\"ReadAction\",\"target\":[\"https:\\\/\\\/www.p31noticias.com.br\\\/?p=53217\"]}]},{\"@type\":\"ImageObject\",\"inLanguage\":\"pt-BR\",\"@id\":\"https:\\\/\\\/www.p31noticias.com.br\\\/?p=53217#primaryimage\",\"url\":\"https:\\\/\\\/www.p31noticias.com.br\\\/wp-content\\\/uploads\\\/2024\\\/06\\\/Prova-Thufa-Selecao-Brigadistas2024-bODQ21-150x150-UMXFsS.jpeg\",\"contentUrl\":\"https:\\\/\\\/www.p31noticias.com.br\\\/wp-content\\\/uploads\\\/2024\\\/06\\\/Prova-Thufa-Selecao-Brigadistas2024-bODQ21-150x150-UMXFsS.jpeg\",\"width\":150,\"height\":150},{\"@type\":\"BreadcrumbList\",\"@id\":\"https:\\\/\\\/www.p31noticias.com.br\\\/?p=53217#breadcrumb\",\"itemListElement\":[{\"@type\":\"ListItem\",\"position\":1,\"name\":\"In\u00edcio\",\"item\":\"https:\\\/\\\/www.p31noticias.com.br\\\/\"},{\"@type\":\"ListItem\",\"position\":2,\"name\":\"Brigadistas florestais passam por testes antes de contrata\u00e7\u00e3o tempor\u00e1ria\"}]},{\"@type\":\"WebSite\",\"@id\":\"https:\\\/\\\/www.p31noticias.com.br\\\/#website\",\"url\":\"https:\\\/\\\/www.p31noticias.com.br\\\/\",\"name\":\"P31\",\"description\":\"NOT\u00cdCIAS\",\"potentialAction\":[{\"@type\":\"SearchAction\",\"target\":{\"@type\":\"EntryPoint\",\"urlTemplate\":\"https:\\\/\\\/www.p31noticias.com.br\\\/?s={search_term_string}\"},\"query-input\":{\"@type\":\"PropertyValueSpecification\",\"valueRequired\":true,\"valueName\":\"search_term_string\"}}],\"inLanguage\":\"pt-BR\"}]}<\/script>\n<!-- \/ Yoast SEO Premium plugin. -->","yoast_head_json":{"title":"Brigadistas florestais passam por testes antes de contrata\u00e7\u00e3o tempor\u00e1ria - P31","robots":{"index":"index","follow":"follow","max-snippet":"max-snippet:-1","max-image-preview":"max-image-preview:large","max-video-preview":"max-video-preview:-1"},"canonical":"https:\/\/www.p31noticias.com.br\/?p=53217","og_locale":"pt_BR","og_type":"article","og_title":"Brigadistas florestais passam por testes antes de contrata\u00e7\u00e3o tempor\u00e1ria","og_description":"Quinta (6) e sexta-feiras (7) ser\u00e3o dois dias decisivos para aqueles que concorrem \u00e0 vaga no processo seletivo simplificado para a contrata\u00e7\u00e3o tempor\u00e1ria de 2024 da brigada florestal do Instituto Bras\u00edlia Ambiental. Neste per\u00edodo est\u00e3o sendo realizados, no Parque Ecol\u00f3gico Ezechias Heringer, localizado no Guar\u00e1, os testes de aptid\u00e3o f\u00edsica (TAF) e o de habilidades [&hellip;]","og_url":"https:\/\/www.p31noticias.com.br\/?p=53217","og_site_name":"P31","article_published_time":"2024-06-06T17:30:17+00:00","og_image":[{"width":150,"height":150,"url":"https:\/\/www.p31noticias.com.br\/wp-content\/uploads\/2024\/06\/Prova-Thufa-Selecao-Brigadistas2024-bODQ21-150x150-UMXFsS.jpeg","type":"image\/jpeg"}],"twitter_card":"summary_large_image","schema":{"@context":"https:\/\/schema.org","@graph":[{"@type":"Article","@id":"https:\/\/www.p31noticias.com.br\/?p=53217#article","isPartOf":{"@id":"https:\/\/www.p31noticias.com.br\/?p=53217"},"author":{"name":"","@id":""},"headline":"Brigadistas florestais passam por testes antes de contrata\u00e7\u00e3o tempor\u00e1ria","datePublished":"2024-06-06T17:30:17+00:00","mainEntityOfPage":{"@id":"https:\/\/www.p31noticias.com.br\/?p=53217"},"wordCount":92,"commentCount":0,"image":{"@id":"https:\/\/www.p31noticias.com.br\/?p=53217#primaryimage"},"thumbnailUrl":"https:\/\/www.p31noticias.com.br\/wp-content\/uploads\/2024\/06\/Prova-Thufa-Selecao-Brigadistas2024-bODQ21-150x150-UMXFsS.jpeg","articleSection":["Bras\u00edlia"],"inLanguage":"pt-BR","potentialAction":[{"@type":"CommentAction","name":"Comment","target":["https:\/\/www.p31noticias.com.br\/?p=53217#respond"]}],"copyrightYear":"2024","copyrightHolder":{"@id":"https:\/\/www.p31noticias.com.br\/#organization"}},{"@type":"WebPage","@id":"https:\/\/www.p31noticias.com.br\/?p=53217","url":"https:\/\/www.p31noticias.com.br\/?p=53217","name":"Brigadistas florestais passam por testes antes de contrata\u00e7\u00e3o tempor\u00e1ria - P31","isPartOf":{"@id":"https:\/\/www.p31noticias.com.br\/#website"},"primaryImageOfPage":{"@id":"https:\/\/www.p31noticias.com.br\/?p=53217#primaryimage"},"image":{"@id":"https:\/\/www.p31noticias.com.br\/?p=53217#primaryimage"},"thumbnailUrl":"https:\/\/www.p31noticias.com.br\/wp-content\/uploads\/2024\/06\/Prova-Thufa-Selecao-Brigadistas2024-bODQ21-150x150-UMXFsS.jpeg","datePublished":"2024-06-06T17:30:17+00:00","author":{"@id":""},"breadcrumb":{"@id":"https:\/\/www.p31noticias.com.br\/?p=53217#breadcrumb"},"inLanguage":"pt-BR","potentialAction":[{"@type":"ReadAction","target":["https:\/\/www.p31noticias.com.br\/?p=53217"]}]},{"@type":"ImageObject","inLanguage":"pt-BR","@id":"https:\/\/www.p31noticias.com.br\/?p=53217#primaryimage","url":"https:\/\/www.p31noticias.com.br\/wp-content\/uploads\/2024\/06\/Prova-Thufa-Selecao-Brigadistas2024-bODQ21-150x150-UMXFsS.jpeg","contentUrl":"https:\/\/www.p31noticias.com.br\/wp-content\/uploads\/2024\/06\/Prova-Thufa-Selecao-Brigadistas2024-bODQ21-150x150-UMXFsS.jpeg","width":150,"height":150},{"@type":"BreadcrumbList","@id":"https:\/\/www.p31noticias.com.br\/?p=53217#breadcrumb","itemListElement":[{"@type":"ListItem","position":1,"name":"In\u00edcio","item":"https:\/\/www.p31noticias.com.br\/"},{"@type":"ListItem","position":2,"name":"Brigadistas florestais passam por testes antes de contrata\u00e7\u00e3o tempor\u00e1ria"}]},{"@type":"WebSite","@id":"https:\/\/www.p31noticias.com.br\/#website","url":"https:\/\/www.p31noticias.com.br\/","name":"P31","description":"NOT\u00cdCIAS","potentialAction":[{"@type":"SearchAction","target":{"@type":"EntryPoint","urlTemplate":"https:\/\/www.p31noticias.com.br\/?s={search_term_string}"},"query-input":{"@type":"PropertyValueSpecification","valueRequired":true,"valueName":"search_term_string"}}],"inLanguage":"pt-BR"}]}},"amp_enabled":true,"_links":{"self":[{"href":"https:\/\/www.p31noticias.com.br\/index.php?rest_route=\/wp\/v2\/posts\/53217","targetHints":{"allow":["GET"]}}],"collection":[{"href":"https:\/\/www.p31noticias.com.br\/index.php?rest_route=\/wp\/v2\/posts"}],"about":[{"href":"https:\/\/www.p31noticias.com.br\/index.php?rest_route=\/wp\/v2\/types\/post"}],"replies":[{"embeddable":true,"href":"https:\/\/www.p31noticias.com.br\/index.php?rest_route=%2Fwp%2Fv2%2Fcomments&post=53217"}],"version-history":[{"count":0,"href":"https:\/\/www.p31noticias.com.br\/index.php?rest_route=\/wp\/v2\/posts\/53217\/revisions"}],"wp:featuredmedia":[{"embeddable":true,"href":"https:\/\/www.p31noticias.com.br\/index.php?rest_route=\/wp\/v2\/media\/53218"}],"wp:attachment":[{"href":"https:\/\/www.p31noticias.com.br\/index.php?rest_route=%2Fwp%2Fv2%2Fmedia&parent=53217"}],"wp:term":[{"taxonomy":"category","embeddable":true,"href":"https:\/\/www.p31noticias.com.br\/index.php?rest_route=%2Fwp%2Fv2%2Fcategories&post=53217"},{"taxonomy":"post_tag","embeddable":true,"href":"https:\/\/www.p31noticias.com.br\/index.php?rest_route=%2Fwp%2Fv2%2Ftags&post=53217"}],"curies":[{"name":"wp","href":"https:\/\/api.w.org\/{rel}","templated":true}]}}