{"id":53215,"date":"2024-06-06T14:30:17","date_gmt":"2024-06-06T17:30:17","guid":{"rendered":"https:\/\/p31noticias.com.br\/areas-do-lago-sul-planaltina-e-sobradinho-sem-energia-nesta-sexta-7\/"},"modified":"2024-06-06T14:30:17","modified_gmt":"2024-06-06T17:30:17","slug":"areas-do-lago-sul-planaltina-e-sobradinho-sem-energia-nesta-sexta-7","status":"publish","type":"post","link":"https:\/\/www.p31noticias.com.br\/?p=53215","title":{"rendered":"\u00c1reas do Lago Sul, Planaltina e Sobradinho sem energia nesta sexta (7)"},"content":{"rendered":"<p>Nesta sexta-feira (7), est\u00e1 previsto desligamento programado de energia em Planaltina, Lago Sul e em Sobradinho. O procedimento \u00e9 necess\u00e1rio para garantir a seguran\u00e7a das equipes da Neoenergia que atuar\u00e3o nos servi\u00e7os de poda de \u00e1rvores e manuten\u00e7\u00e3o na rede el\u00e9trica. Frequentadores do Parque da Cidade ganham mais um ponto com ilumina\u00e7\u00e3o de LED Mais [\u2026]<\/p>\n<p>O post <a href=\"https:\/\/www.delioandrade.com.br\/areas-do-lago-sul-planaltina-e-sobradinho-sem-energia-nesta-sexta-7\/\">\u00c1reas do Lago Sul, Planaltina e Sobradinho sem energia nesta sexta (7)<\/a> apareceu primeiro em <a href=\"https:\/\/www.delioandrade.com.br\/\">Blog do D\u00c9LIO ANDRADE<\/a>.<\/p>\n","protected":false},"excerpt":{"rendered":"<p>Nesta sexta-feira (7), est\u00e1 previsto desligamento programado de energia em Planaltina, Lago Sul e em Sobradinho. O procedimento \u00e9 necess\u00e1rio para garantir a seguran\u00e7a das equipes da Neoenergia que atuar\u00e3o nos servi\u00e7os de poda de \u00e1rvores e manuten\u00e7\u00e3o na rede el\u00e9trica. Frequentadores do Parque da Cidade ganham mais um ponto com ilumina\u00e7\u00e3o de LED Mais [&hellip;]<\/p>\n","protected":false},"author":0,"featured_media":53216,"comment_status":"open","ping_status":"open","sticky":false,"template":"","format":"standard","meta":{"footnotes":""},"categories":[21],"tags":[],"class_list":{"0":"post-53215","1":"post","2":"type-post","3":"status-publish","4":"format-standard","5":"has-post-thumbnail","7":"category-brasilia"},"yoast_head":"<!-- This site is optimized with the Yoast SEO Premium plugin v24.5 (Yoast SEO v27.5) - https:\/\/yoast.com\/product\/yoast-seo-premium-wordpress\/ -->\n<title>\u00c1reas do Lago Sul, Planaltina e Sobradinho sem energia nesta sexta (7) - P31<\/title>\n<meta name=\"robots\" content=\"index, follow, max-snippet:-1, max-image-preview:large, max-video-preview:-1\" \/>\n<link rel=\"canonical\" href=\"https:\/\/www.p31noticias.com.br\/?p=53215\" \/>\n<meta property=\"og:locale\" content=\"pt_BR\" \/>\n<meta property=\"og:type\" content=\"article\" \/>\n<meta property=\"og:title\" content=\"\u00c1reas do Lago Sul, Planaltina e Sobradinho sem energia nesta sexta (7)\" \/>\n<meta property=\"og:description\" content=\"Nesta sexta-feira (7), est\u00e1 previsto desligamento programado de energia em Planaltina, Lago Sul e em Sobradinho. O procedimento \u00e9 necess\u00e1rio para garantir a seguran\u00e7a das equipes da Neoenergia que atuar\u00e3o nos servi\u00e7os de poda de \u00e1rvores e manuten\u00e7\u00e3o na rede el\u00e9trica. Frequentadores do Parque da Cidade ganham mais um ponto com ilumina\u00e7\u00e3o de LED Mais [&hellip;]\" \/>\n<meta property=\"og:url\" content=\"https:\/\/www.p31noticias.com.br\/?p=53215\" \/>\n<meta property=\"og:site_name\" content=\"P31\" \/>\n<meta property=\"article:published_time\" content=\"2024-06-06T17:30:17+00:00\" \/>\n<meta property=\"og:image\" content=\"https:\/\/www.p31noticias.com.br\/wp-content\/uploads\/2024\/06\/Manutencao.-Desligamento.-CEB-NEOENERGIA.-Foto-Arquivo-Agencia-Brasilia-7-3ckILf-150x150-YUjbmU.jpeg\" \/>\n\t<meta property=\"og:image:width\" content=\"150\" \/>\n\t<meta property=\"og:image:height\" content=\"150\" \/>\n\t<meta property=\"og:image:type\" content=\"image\/jpeg\" \/>\n<meta name=\"twitter:card\" content=\"summary_large_image\" \/>\n<script type=\"application\/ld+json\" class=\"yoast-schema-graph\">{\"@context\":\"https:\\\/\\\/schema.org\",\"@graph\":[{\"@type\":\"Article\",\"@id\":\"https:\\\/\\\/www.p31noticias.com.br\\\/?p=53215#article\",\"isPartOf\":{\"@id\":\"https:\\\/\\\/www.p31noticias.com.br\\\/?p=53215\"},\"author\":{\"name\":\"\",\"@id\":\"\"},\"headline\":\"\u00c1reas do Lago Sul, Planaltina e Sobradinho sem energia nesta sexta (7)\",\"datePublished\":\"2024-06-06T17:30:17+00:00\",\"mainEntityOfPage\":{\"@id\":\"https:\\\/\\\/www.p31noticias.com.br\\\/?p=53215\"},\"wordCount\":92,\"commentCount\":0,\"image\":{\"@id\":\"https:\\\/\\\/www.p31noticias.com.br\\\/?p=53215#primaryimage\"},\"thumbnailUrl\":\"https:\\\/\\\/www.p31noticias.com.br\\\/wp-content\\\/uploads\\\/2024\\\/06\\\/Manutencao.-Desligamento.-CEB-NEOENERGIA.-Foto-Arquivo-Agencia-Brasilia-7-3ckILf-150x150-YUjbmU.jpeg\",\"articleSection\":[\"Bras\u00edlia\"],\"inLanguage\":\"pt-BR\",\"potentialAction\":[{\"@type\":\"CommentAction\",\"name\":\"Comment\",\"target\":[\"https:\\\/\\\/www.p31noticias.com.br\\\/?p=53215#respond\"]}],\"copyrightYear\":\"2024\",\"copyrightHolder\":{\"@id\":\"https:\\\/\\\/www.p31noticias.com.br\\\/#organization\"}},{\"@type\":\"WebPage\",\"@id\":\"https:\\\/\\\/www.p31noticias.com.br\\\/?p=53215\",\"url\":\"https:\\\/\\\/www.p31noticias.com.br\\\/?p=53215\",\"name\":\"\u00c1reas do Lago Sul, Planaltina e Sobradinho sem energia nesta sexta (7) - P31\",\"isPartOf\":{\"@id\":\"https:\\\/\\\/www.p31noticias.com.br\\\/#website\"},\"primaryImageOfPage\":{\"@id\":\"https:\\\/\\\/www.p31noticias.com.br\\\/?p=53215#primaryimage\"},\"image\":{\"@id\":\"https:\\\/\\\/www.p31noticias.com.br\\\/?p=53215#primaryimage\"},\"thumbnailUrl\":\"https:\\\/\\\/www.p31noticias.com.br\\\/wp-content\\\/uploads\\\/2024\\\/06\\\/Manutencao.-Desligamento.-CEB-NEOENERGIA.-Foto-Arquivo-Agencia-Brasilia-7-3ckILf-150x150-YUjbmU.jpeg\",\"datePublished\":\"2024-06-06T17:30:17+00:00\",\"author\":{\"@id\":\"\"},\"breadcrumb\":{\"@id\":\"https:\\\/\\\/www.p31noticias.com.br\\\/?p=53215#breadcrumb\"},\"inLanguage\":\"pt-BR\",\"potentialAction\":[{\"@type\":\"ReadAction\",\"target\":[\"https:\\\/\\\/www.p31noticias.com.br\\\/?p=53215\"]}]},{\"@type\":\"ImageObject\",\"inLanguage\":\"pt-BR\",\"@id\":\"https:\\\/\\\/www.p31noticias.com.br\\\/?p=53215#primaryimage\",\"url\":\"https:\\\/\\\/www.p31noticias.com.br\\\/wp-content\\\/uploads\\\/2024\\\/06\\\/Manutencao.-Desligamento.-CEB-NEOENERGIA.-Foto-Arquivo-Agencia-Brasilia-7-3ckILf-150x150-YUjbmU.jpeg\",\"contentUrl\":\"https:\\\/\\\/www.p31noticias.com.br\\\/wp-content\\\/uploads\\\/2024\\\/06\\\/Manutencao.-Desligamento.-CEB-NEOENERGIA.-Foto-Arquivo-Agencia-Brasilia-7-3ckILf-150x150-YUjbmU.jpeg\",\"width\":150,\"height\":150},{\"@type\":\"BreadcrumbList\",\"@id\":\"https:\\\/\\\/www.p31noticias.com.br\\\/?p=53215#breadcrumb\",\"itemListElement\":[{\"@type\":\"ListItem\",\"position\":1,\"name\":\"In\u00edcio\",\"item\":\"https:\\\/\\\/www.p31noticias.com.br\\\/\"},{\"@type\":\"ListItem\",\"position\":2,\"name\":\"\u00c1reas do Lago Sul, Planaltina e Sobradinho sem energia nesta sexta (7)\"}]},{\"@type\":\"WebSite\",\"@id\":\"https:\\\/\\\/www.p31noticias.com.br\\\/#website\",\"url\":\"https:\\\/\\\/www.p31noticias.com.br\\\/\",\"name\":\"P31\",\"description\":\"NOT\u00cdCIAS\",\"potentialAction\":[{\"@type\":\"SearchAction\",\"target\":{\"@type\":\"EntryPoint\",\"urlTemplate\":\"https:\\\/\\\/www.p31noticias.com.br\\\/?s={search_term_string}\"},\"query-input\":{\"@type\":\"PropertyValueSpecification\",\"valueRequired\":true,\"valueName\":\"search_term_string\"}}],\"inLanguage\":\"pt-BR\"}]}<\/script>\n<!-- \/ Yoast SEO Premium plugin. -->","yoast_head_json":{"title":"\u00c1reas do Lago Sul, Planaltina e Sobradinho sem energia nesta sexta (7) - P31","robots":{"index":"index","follow":"follow","max-snippet":"max-snippet:-1","max-image-preview":"max-image-preview:large","max-video-preview":"max-video-preview:-1"},"canonical":"https:\/\/www.p31noticias.com.br\/?p=53215","og_locale":"pt_BR","og_type":"article","og_title":"\u00c1reas do Lago Sul, Planaltina e Sobradinho sem energia nesta sexta (7)","og_description":"Nesta sexta-feira (7), est\u00e1 previsto desligamento programado de energia em Planaltina, Lago Sul e em Sobradinho. O procedimento \u00e9 necess\u00e1rio para garantir a seguran\u00e7a das equipes da Neoenergia que atuar\u00e3o nos servi\u00e7os de poda de \u00e1rvores e manuten\u00e7\u00e3o na rede el\u00e9trica. Frequentadores do Parque da Cidade ganham mais um ponto com ilumina\u00e7\u00e3o de LED Mais [&hellip;]","og_url":"https:\/\/www.p31noticias.com.br\/?p=53215","og_site_name":"P31","article_published_time":"2024-06-06T17:30:17+00:00","og_image":[{"width":150,"height":150,"url":"https:\/\/www.p31noticias.com.br\/wp-content\/uploads\/2024\/06\/Manutencao.-Desligamento.-CEB-NEOENERGIA.-Foto-Arquivo-Agencia-Brasilia-7-3ckILf-150x150-YUjbmU.jpeg","type":"image\/jpeg"}],"twitter_card":"summary_large_image","schema":{"@context":"https:\/\/schema.org","@graph":[{"@type":"Article","@id":"https:\/\/www.p31noticias.com.br\/?p=53215#article","isPartOf":{"@id":"https:\/\/www.p31noticias.com.br\/?p=53215"},"author":{"name":"","@id":""},"headline":"\u00c1reas do Lago Sul, Planaltina e Sobradinho sem energia nesta sexta (7)","datePublished":"2024-06-06T17:30:17+00:00","mainEntityOfPage":{"@id":"https:\/\/www.p31noticias.com.br\/?p=53215"},"wordCount":92,"commentCount":0,"image":{"@id":"https:\/\/www.p31noticias.com.br\/?p=53215#primaryimage"},"thumbnailUrl":"https:\/\/www.p31noticias.com.br\/wp-content\/uploads\/2024\/06\/Manutencao.-Desligamento.-CEB-NEOENERGIA.-Foto-Arquivo-Agencia-Brasilia-7-3ckILf-150x150-YUjbmU.jpeg","articleSection":["Bras\u00edlia"],"inLanguage":"pt-BR","potentialAction":[{"@type":"CommentAction","name":"Comment","target":["https:\/\/www.p31noticias.com.br\/?p=53215#respond"]}],"copyrightYear":"2024","copyrightHolder":{"@id":"https:\/\/www.p31noticias.com.br\/#organization"}},{"@type":"WebPage","@id":"https:\/\/www.p31noticias.com.br\/?p=53215","url":"https:\/\/www.p31noticias.com.br\/?p=53215","name":"\u00c1reas do Lago Sul, Planaltina e Sobradinho sem energia nesta sexta (7) - P31","isPartOf":{"@id":"https:\/\/www.p31noticias.com.br\/#website"},"primaryImageOfPage":{"@id":"https:\/\/www.p31noticias.com.br\/?p=53215#primaryimage"},"image":{"@id":"https:\/\/www.p31noticias.com.br\/?p=53215#primaryimage"},"thumbnailUrl":"https:\/\/www.p31noticias.com.br\/wp-content\/uploads\/2024\/06\/Manutencao.-Desligamento.-CEB-NEOENERGIA.-Foto-Arquivo-Agencia-Brasilia-7-3ckILf-150x150-YUjbmU.jpeg","datePublished":"2024-06-06T17:30:17+00:00","author":{"@id":""},"breadcrumb":{"@id":"https:\/\/www.p31noticias.com.br\/?p=53215#breadcrumb"},"inLanguage":"pt-BR","potentialAction":[{"@type":"ReadAction","target":["https:\/\/www.p31noticias.com.br\/?p=53215"]}]},{"@type":"ImageObject","inLanguage":"pt-BR","@id":"https:\/\/www.p31noticias.com.br\/?p=53215#primaryimage","url":"https:\/\/www.p31noticias.com.br\/wp-content\/uploads\/2024\/06\/Manutencao.-Desligamento.-CEB-NEOENERGIA.-Foto-Arquivo-Agencia-Brasilia-7-3ckILf-150x150-YUjbmU.jpeg","contentUrl":"https:\/\/www.p31noticias.com.br\/wp-content\/uploads\/2024\/06\/Manutencao.-Desligamento.-CEB-NEOENERGIA.-Foto-Arquivo-Agencia-Brasilia-7-3ckILf-150x150-YUjbmU.jpeg","width":150,"height":150},{"@type":"BreadcrumbList","@id":"https:\/\/www.p31noticias.com.br\/?p=53215#breadcrumb","itemListElement":[{"@type":"ListItem","position":1,"name":"In\u00edcio","item":"https:\/\/www.p31noticias.com.br\/"},{"@type":"ListItem","position":2,"name":"\u00c1reas do Lago Sul, Planaltina e Sobradinho sem energia nesta sexta (7)"}]},{"@type":"WebSite","@id":"https:\/\/www.p31noticias.com.br\/#website","url":"https:\/\/www.p31noticias.com.br\/","name":"P31","description":"NOT\u00cdCIAS","potentialAction":[{"@type":"SearchAction","target":{"@type":"EntryPoint","urlTemplate":"https:\/\/www.p31noticias.com.br\/?s={search_term_string}"},"query-input":{"@type":"PropertyValueSpecification","valueRequired":true,"valueName":"search_term_string"}}],"inLanguage":"pt-BR"}]}},"amp_enabled":true,"_links":{"self":[{"href":"https:\/\/www.p31noticias.com.br\/index.php?rest_route=\/wp\/v2\/posts\/53215","targetHints":{"allow":["GET"]}}],"collection":[{"href":"https:\/\/www.p31noticias.com.br\/index.php?rest_route=\/wp\/v2\/posts"}],"about":[{"href":"https:\/\/www.p31noticias.com.br\/index.php?rest_route=\/wp\/v2\/types\/post"}],"replies":[{"embeddable":true,"href":"https:\/\/www.p31noticias.com.br\/index.php?rest_route=%2Fwp%2Fv2%2Fcomments&post=53215"}],"version-history":[{"count":0,"href":"https:\/\/www.p31noticias.com.br\/index.php?rest_route=\/wp\/v2\/posts\/53215\/revisions"}],"wp:featuredmedia":[{"embeddable":true,"href":"https:\/\/www.p31noticias.com.br\/index.php?rest_route=\/wp\/v2\/media\/53216"}],"wp:attachment":[{"href":"https:\/\/www.p31noticias.com.br\/index.php?rest_route=%2Fwp%2Fv2%2Fmedia&parent=53215"}],"wp:term":[{"taxonomy":"category","embeddable":true,"href":"https:\/\/www.p31noticias.com.br\/index.php?rest_route=%2Fwp%2Fv2%2Fcategories&post=53215"},{"taxonomy":"post_tag","embeddable":true,"href":"https:\/\/www.p31noticias.com.br\/index.php?rest_route=%2Fwp%2Fv2%2Ftags&post=53215"}],"curies":[{"name":"wp","href":"https:\/\/api.w.org\/{rel}","templated":true}]}}