{"id":53208,"date":"2024-06-06T13:30:14","date_gmt":"2024-06-06T16:30:14","guid":{"rendered":"https:\/\/p31noticias.com.br\/detran-cobra-diarias-de-carro-destruido-por-fogo-no-patio-da-autarquia\/"},"modified":"2024-06-06T13:30:14","modified_gmt":"2024-06-06T16:30:14","slug":"detran-cobra-diarias-de-carro-destruido-por-fogo-no-patio-da-autarquia","status":"publish","type":"post","link":"https:\/\/www.p31noticias.com.br\/?p=53208","title":{"rendered":"Detran cobra di\u00e1rias de carro destru\u00eddo por fogo no p\u00e1tio da autarquia"},"content":{"rendered":"<p>Uma locadora de carros do Distrito Federal enfrentou diversos preju\u00edzos, na \u00faltima semana, ap\u00f3s um autom\u00f3vel da empresa se envolver em um acidente de tr\u00e2nsito, ser apreendido pelo Departamento de Tr\u00e2nsito do Distrito Federal (Detran-DF) e acabar destru\u00eddo em um inc\u00eandio no p\u00e1tio do \u00f3rg\u00e3o. Al\u00e9m disso, apesar de o ve\u00edculo ficar totalmente queimado, a [\u2026]<\/p>\n<p>O post <a href=\"https:\/\/www.delioandrade.com.br\/detran-cobra-diarias-de-carro-destruido-por-fogo-no-patio-da-autarquia\/\">Detran cobra di\u00e1rias de carro destru\u00eddo por fogo no p\u00e1tio da autarquia<\/a> apareceu primeiro em <a href=\"https:\/\/www.delioandrade.com.br\/\">Blog do D\u00c9LIO ANDRADE<\/a>.<\/p>\n","protected":false},"excerpt":{"rendered":"<p>Uma locadora de carros do Distrito Federal enfrentou diversos preju\u00edzos, na \u00faltima semana, ap\u00f3s um autom\u00f3vel da empresa se envolver em um acidente de tr\u00e2nsito, ser apreendido pelo Departamento de Tr\u00e2nsito do Distrito Federal (Detran-DF) e acabar destru\u00eddo em um inc\u00eandio no p\u00e1tio do \u00f3rg\u00e3o. Al\u00e9m disso, apesar de o ve\u00edculo ficar totalmente queimado, a [&hellip;]<\/p>\n","protected":false},"author":0,"featured_media":0,"comment_status":"open","ping_status":"open","sticky":false,"template":"","format":"standard","meta":{"footnotes":""},"categories":[21],"tags":[],"class_list":{"0":"post-53208","1":"post","2":"type-post","3":"status-publish","4":"format-standard","6":"category-brasilia"},"yoast_head":"<!-- This site is optimized with the Yoast SEO Premium plugin v24.5 (Yoast SEO v27.5) - https:\/\/yoast.com\/product\/yoast-seo-premium-wordpress\/ -->\n<title>Detran cobra di\u00e1rias de carro destru\u00eddo por fogo no p\u00e1tio da autarquia - P31<\/title>\n<meta name=\"robots\" content=\"index, follow, max-snippet:-1, max-image-preview:large, max-video-preview:-1\" \/>\n<link rel=\"canonical\" href=\"https:\/\/www.p31noticias.com.br\/?p=53208\" \/>\n<meta property=\"og:locale\" content=\"pt_BR\" \/>\n<meta property=\"og:type\" content=\"article\" \/>\n<meta property=\"og:title\" content=\"Detran cobra di\u00e1rias de carro destru\u00eddo por fogo no p\u00e1tio da autarquia\" \/>\n<meta property=\"og:description\" content=\"Uma locadora de carros do Distrito Federal enfrentou diversos preju\u00edzos, na \u00faltima semana, ap\u00f3s um autom\u00f3vel da empresa se envolver em um acidente de tr\u00e2nsito, ser apreendido pelo Departamento de Tr\u00e2nsito do Distrito Federal (Detran-DF) e acabar destru\u00eddo em um inc\u00eandio no p\u00e1tio do \u00f3rg\u00e3o. Al\u00e9m disso, apesar de o ve\u00edculo ficar totalmente queimado, a [&hellip;]\" \/>\n<meta property=\"og:url\" content=\"https:\/\/www.p31noticias.com.br\/?p=53208\" \/>\n<meta property=\"og:site_name\" content=\"P31\" \/>\n<meta property=\"article:published_time\" content=\"2024-06-06T16:30:14+00:00\" \/>\n<meta name=\"twitter:card\" content=\"summary_large_image\" \/>\n<script type=\"application\/ld+json\" class=\"yoast-schema-graph\">{\"@context\":\"https:\\\/\\\/schema.org\",\"@graph\":[{\"@type\":\"Article\",\"@id\":\"https:\\\/\\\/www.p31noticias.com.br\\\/?p=53208#article\",\"isPartOf\":{\"@id\":\"https:\\\/\\\/www.p31noticias.com.br\\\/?p=53208\"},\"author\":{\"name\":\"\",\"@id\":\"\"},\"headline\":\"Detran cobra di\u00e1rias de carro destru\u00eddo por fogo no p\u00e1tio da autarquia\",\"datePublished\":\"2024-06-06T16:30:14+00:00\",\"mainEntityOfPage\":{\"@id\":\"https:\\\/\\\/www.p31noticias.com.br\\\/?p=53208\"},\"wordCount\":106,\"commentCount\":0,\"articleSection\":[\"Bras\u00edlia\"],\"inLanguage\":\"pt-BR\",\"potentialAction\":[{\"@type\":\"CommentAction\",\"name\":\"Comment\",\"target\":[\"https:\\\/\\\/www.p31noticias.com.br\\\/?p=53208#respond\"]}],\"copyrightYear\":\"2024\",\"copyrightHolder\":{\"@id\":\"https:\\\/\\\/www.p31noticias.com.br\\\/#organization\"}},{\"@type\":\"WebPage\",\"@id\":\"https:\\\/\\\/www.p31noticias.com.br\\\/?p=53208\",\"url\":\"https:\\\/\\\/www.p31noticias.com.br\\\/?p=53208\",\"name\":\"Detran cobra di\u00e1rias de carro destru\u00eddo por fogo no p\u00e1tio da autarquia - P31\",\"isPartOf\":{\"@id\":\"https:\\\/\\\/www.p31noticias.com.br\\\/#website\"},\"datePublished\":\"2024-06-06T16:30:14+00:00\",\"author\":{\"@id\":\"\"},\"breadcrumb\":{\"@id\":\"https:\\\/\\\/www.p31noticias.com.br\\\/?p=53208#breadcrumb\"},\"inLanguage\":\"pt-BR\",\"potentialAction\":[{\"@type\":\"ReadAction\",\"target\":[\"https:\\\/\\\/www.p31noticias.com.br\\\/?p=53208\"]}]},{\"@type\":\"BreadcrumbList\",\"@id\":\"https:\\\/\\\/www.p31noticias.com.br\\\/?p=53208#breadcrumb\",\"itemListElement\":[{\"@type\":\"ListItem\",\"position\":1,\"name\":\"In\u00edcio\",\"item\":\"https:\\\/\\\/www.p31noticias.com.br\\\/\"},{\"@type\":\"ListItem\",\"position\":2,\"name\":\"Detran cobra di\u00e1rias de carro destru\u00eddo por fogo no p\u00e1tio da autarquia\"}]},{\"@type\":\"WebSite\",\"@id\":\"https:\\\/\\\/www.p31noticias.com.br\\\/#website\",\"url\":\"https:\\\/\\\/www.p31noticias.com.br\\\/\",\"name\":\"P31\",\"description\":\"NOT\u00cdCIAS\",\"potentialAction\":[{\"@type\":\"SearchAction\",\"target\":{\"@type\":\"EntryPoint\",\"urlTemplate\":\"https:\\\/\\\/www.p31noticias.com.br\\\/?s={search_term_string}\"},\"query-input\":{\"@type\":\"PropertyValueSpecification\",\"valueRequired\":true,\"valueName\":\"search_term_string\"}}],\"inLanguage\":\"pt-BR\"}]}<\/script>\n<!-- \/ Yoast SEO Premium plugin. -->","yoast_head_json":{"title":"Detran cobra di\u00e1rias de carro destru\u00eddo por fogo no p\u00e1tio da autarquia - P31","robots":{"index":"index","follow":"follow","max-snippet":"max-snippet:-1","max-image-preview":"max-image-preview:large","max-video-preview":"max-video-preview:-1"},"canonical":"https:\/\/www.p31noticias.com.br\/?p=53208","og_locale":"pt_BR","og_type":"article","og_title":"Detran cobra di\u00e1rias de carro destru\u00eddo por fogo no p\u00e1tio da autarquia","og_description":"Uma locadora de carros do Distrito Federal enfrentou diversos preju\u00edzos, na \u00faltima semana, ap\u00f3s um autom\u00f3vel da empresa se envolver em um acidente de tr\u00e2nsito, ser apreendido pelo Departamento de Tr\u00e2nsito do Distrito Federal (Detran-DF) e acabar destru\u00eddo em um inc\u00eandio no p\u00e1tio do \u00f3rg\u00e3o. Al\u00e9m disso, apesar de o ve\u00edculo ficar totalmente queimado, a [&hellip;]","og_url":"https:\/\/www.p31noticias.com.br\/?p=53208","og_site_name":"P31","article_published_time":"2024-06-06T16:30:14+00:00","twitter_card":"summary_large_image","schema":{"@context":"https:\/\/schema.org","@graph":[{"@type":"Article","@id":"https:\/\/www.p31noticias.com.br\/?p=53208#article","isPartOf":{"@id":"https:\/\/www.p31noticias.com.br\/?p=53208"},"author":{"name":"","@id":""},"headline":"Detran cobra di\u00e1rias de carro destru\u00eddo por fogo no p\u00e1tio da autarquia","datePublished":"2024-06-06T16:30:14+00:00","mainEntityOfPage":{"@id":"https:\/\/www.p31noticias.com.br\/?p=53208"},"wordCount":106,"commentCount":0,"articleSection":["Bras\u00edlia"],"inLanguage":"pt-BR","potentialAction":[{"@type":"CommentAction","name":"Comment","target":["https:\/\/www.p31noticias.com.br\/?p=53208#respond"]}],"copyrightYear":"2024","copyrightHolder":{"@id":"https:\/\/www.p31noticias.com.br\/#organization"}},{"@type":"WebPage","@id":"https:\/\/www.p31noticias.com.br\/?p=53208","url":"https:\/\/www.p31noticias.com.br\/?p=53208","name":"Detran cobra di\u00e1rias de carro destru\u00eddo por fogo no p\u00e1tio da autarquia - P31","isPartOf":{"@id":"https:\/\/www.p31noticias.com.br\/#website"},"datePublished":"2024-06-06T16:30:14+00:00","author":{"@id":""},"breadcrumb":{"@id":"https:\/\/www.p31noticias.com.br\/?p=53208#breadcrumb"},"inLanguage":"pt-BR","potentialAction":[{"@type":"ReadAction","target":["https:\/\/www.p31noticias.com.br\/?p=53208"]}]},{"@type":"BreadcrumbList","@id":"https:\/\/www.p31noticias.com.br\/?p=53208#breadcrumb","itemListElement":[{"@type":"ListItem","position":1,"name":"In\u00edcio","item":"https:\/\/www.p31noticias.com.br\/"},{"@type":"ListItem","position":2,"name":"Detran cobra di\u00e1rias de carro destru\u00eddo por fogo no p\u00e1tio da autarquia"}]},{"@type":"WebSite","@id":"https:\/\/www.p31noticias.com.br\/#website","url":"https:\/\/www.p31noticias.com.br\/","name":"P31","description":"NOT\u00cdCIAS","potentialAction":[{"@type":"SearchAction","target":{"@type":"EntryPoint","urlTemplate":"https:\/\/www.p31noticias.com.br\/?s={search_term_string}"},"query-input":{"@type":"PropertyValueSpecification","valueRequired":true,"valueName":"search_term_string"}}],"inLanguage":"pt-BR"}]}},"amp_enabled":true,"_links":{"self":[{"href":"https:\/\/www.p31noticias.com.br\/index.php?rest_route=\/wp\/v2\/posts\/53208","targetHints":{"allow":["GET"]}}],"collection":[{"href":"https:\/\/www.p31noticias.com.br\/index.php?rest_route=\/wp\/v2\/posts"}],"about":[{"href":"https:\/\/www.p31noticias.com.br\/index.php?rest_route=\/wp\/v2\/types\/post"}],"replies":[{"embeddable":true,"href":"https:\/\/www.p31noticias.com.br\/index.php?rest_route=%2Fwp%2Fv2%2Fcomments&post=53208"}],"version-history":[{"count":0,"href":"https:\/\/www.p31noticias.com.br\/index.php?rest_route=\/wp\/v2\/posts\/53208\/revisions"}],"wp:attachment":[{"href":"https:\/\/www.p31noticias.com.br\/index.php?rest_route=%2Fwp%2Fv2%2Fmedia&parent=53208"}],"wp:term":[{"taxonomy":"category","embeddable":true,"href":"https:\/\/www.p31noticias.com.br\/index.php?rest_route=%2Fwp%2Fv2%2Fcategories&post=53208"},{"taxonomy":"post_tag","embeddable":true,"href":"https:\/\/www.p31noticias.com.br\/index.php?rest_route=%2Fwp%2Fv2%2Ftags&post=53208"}],"curies":[{"name":"wp","href":"https:\/\/api.w.org\/{rel}","templated":true}]}}