{"id":53133,"date":"2024-06-05T21:30:11","date_gmt":"2024-06-06T00:30:11","guid":{"rendered":"https:\/\/p31noticias.com.br\/laura-segall-elegancia-e-autenticidade-feminina\/"},"modified":"2024-06-05T21:30:11","modified_gmt":"2024-06-06T00:30:11","slug":"laura-segall-elegancia-e-autenticidade-feminina","status":"publish","type":"post","link":"https:\/\/www.p31noticias.com.br\/?p=53133","title":{"rendered":"Laura Segall \u2013 eleg\u00e2ncia e autenticidade feminina"},"content":{"rendered":"<p>O Guar\u00e1 \u00e9 reconhecido no DF pelo seu polo produtivo de moda que abastece marcas e grifes da cidade e regi\u00e3o. Entre elas est\u00e1 tamb\u00e9m a marca feminina Laura Segall, que investe significativamente na regi\u00e3o, apoiando diversas profissionais locais e contribuindo para o desenvolvimento econ\u00f4mico e criativo do Polo de Modas. A marca valoriza a [\u2026]<\/p>\n<p>O post <a href=\"https:\/\/www.delioandrade.com.br\/laura-segall-elegancia-e-autenticidade-feminina\/\">Laura Segall \u2013 eleg\u00e2ncia e autenticidade feminina<\/a> apareceu primeiro em <a href=\"https:\/\/www.delioandrade.com.br\/\">Blog do D\u00c9LIO ANDRADE<\/a>.<\/p>\n","protected":false},"excerpt":{"rendered":"<p>O Guar\u00e1 \u00e9 reconhecido no DF pelo seu polo produtivo de moda que abastece marcas e grifes da cidade e regi\u00e3o. Entre elas est\u00e1 tamb\u00e9m a marca feminina Laura Segall, que investe significativamente na regi\u00e3o, apoiando diversas profissionais locais e contribuindo para o desenvolvimento econ\u00f4mico e criativo do Polo de Modas. A marca valoriza a [&hellip;]<\/p>\n","protected":false},"author":0,"featured_media":53134,"comment_status":"open","ping_status":"open","sticky":false,"template":"","format":"standard","meta":{"footnotes":""},"categories":[21],"tags":[],"class_list":{"0":"post-53133","1":"post","2":"type-post","3":"status-publish","4":"format-standard","5":"has-post-thumbnail","7":"category-brasilia"},"yoast_head":"<!-- This site is optimized with the Yoast SEO Premium plugin v24.5 (Yoast SEO v27.5) - https:\/\/yoast.com\/product\/yoast-seo-premium-wordpress\/ -->\n<title>Laura Segall \u2013 eleg\u00e2ncia e autenticidade feminina - P31<\/title>\n<meta name=\"robots\" content=\"index, follow, max-snippet:-1, max-image-preview:large, max-video-preview:-1\" \/>\n<link rel=\"canonical\" href=\"https:\/\/www.p31noticias.com.br\/?p=53133\" \/>\n<meta property=\"og:locale\" content=\"pt_BR\" \/>\n<meta property=\"og:type\" content=\"article\" \/>\n<meta property=\"og:title\" content=\"Laura Segall \u2013 eleg\u00e2ncia e autenticidade feminina\" \/>\n<meta property=\"og:description\" content=\"O Guar\u00e1 \u00e9 reconhecido no DF pelo seu polo produtivo de moda que abastece marcas e grifes da cidade e regi\u00e3o. Entre elas est\u00e1 tamb\u00e9m a marca feminina Laura Segall, que investe significativamente na regi\u00e3o, apoiando diversas profissionais locais e contribuindo para o desenvolvimento econ\u00f4mico e criativo do Polo de Modas. A marca valoriza a [&hellip;]\" \/>\n<meta property=\"og:url\" content=\"https:\/\/www.p31noticias.com.br\/?p=53133\" \/>\n<meta property=\"og:site_name\" content=\"P31\" \/>\n<meta property=\"article:published_time\" content=\"2024-06-06T00:30:11+00:00\" \/>\n<meta property=\"og:image\" content=\"https:\/\/www.p31noticias.com.br\/wp-content\/uploads\/2024\/06\/WhatsApp-Image-2024-06-03-at-12.51.35-1-e1717596814916-283x300-FtOkOS-150x150-gmHu3E.jpeg\" \/>\n\t<meta property=\"og:image:width\" content=\"150\" \/>\n\t<meta property=\"og:image:height\" content=\"150\" \/>\n\t<meta property=\"og:image:type\" content=\"image\/jpeg\" \/>\n<meta name=\"twitter:card\" content=\"summary_large_image\" \/>\n<script type=\"application\/ld+json\" class=\"yoast-schema-graph\">{\"@context\":\"https:\\\/\\\/schema.org\",\"@graph\":[{\"@type\":\"Article\",\"@id\":\"https:\\\/\\\/www.p31noticias.com.br\\\/?p=53133#article\",\"isPartOf\":{\"@id\":\"https:\\\/\\\/www.p31noticias.com.br\\\/?p=53133\"},\"author\":{\"name\":\"\",\"@id\":\"\"},\"headline\":\"Laura Segall \u2013 eleg\u00e2ncia e autenticidade feminina\",\"datePublished\":\"2024-06-06T00:30:11+00:00\",\"mainEntityOfPage\":{\"@id\":\"https:\\\/\\\/www.p31noticias.com.br\\\/?p=53133\"},\"wordCount\":82,\"commentCount\":0,\"image\":{\"@id\":\"https:\\\/\\\/www.p31noticias.com.br\\\/?p=53133#primaryimage\"},\"thumbnailUrl\":\"https:\\\/\\\/www.p31noticias.com.br\\\/wp-content\\\/uploads\\\/2024\\\/06\\\/WhatsApp-Image-2024-06-03-at-12.51.35-1-e1717596814916-283x300-FtOkOS-150x150-gmHu3E.jpeg\",\"articleSection\":[\"Bras\u00edlia\"],\"inLanguage\":\"pt-BR\",\"potentialAction\":[{\"@type\":\"CommentAction\",\"name\":\"Comment\",\"target\":[\"https:\\\/\\\/www.p31noticias.com.br\\\/?p=53133#respond\"]}],\"copyrightYear\":\"2024\",\"copyrightHolder\":{\"@id\":\"https:\\\/\\\/www.p31noticias.com.br\\\/#organization\"}},{\"@type\":\"WebPage\",\"@id\":\"https:\\\/\\\/www.p31noticias.com.br\\\/?p=53133\",\"url\":\"https:\\\/\\\/www.p31noticias.com.br\\\/?p=53133\",\"name\":\"Laura Segall \u2013 eleg\u00e2ncia e autenticidade feminina - P31\",\"isPartOf\":{\"@id\":\"https:\\\/\\\/www.p31noticias.com.br\\\/#website\"},\"primaryImageOfPage\":{\"@id\":\"https:\\\/\\\/www.p31noticias.com.br\\\/?p=53133#primaryimage\"},\"image\":{\"@id\":\"https:\\\/\\\/www.p31noticias.com.br\\\/?p=53133#primaryimage\"},\"thumbnailUrl\":\"https:\\\/\\\/www.p31noticias.com.br\\\/wp-content\\\/uploads\\\/2024\\\/06\\\/WhatsApp-Image-2024-06-03-at-12.51.35-1-e1717596814916-283x300-FtOkOS-150x150-gmHu3E.jpeg\",\"datePublished\":\"2024-06-06T00:30:11+00:00\",\"author\":{\"@id\":\"\"},\"breadcrumb\":{\"@id\":\"https:\\\/\\\/www.p31noticias.com.br\\\/?p=53133#breadcrumb\"},\"inLanguage\":\"pt-BR\",\"potentialAction\":[{\"@type\":\"ReadAction\",\"target\":[\"https:\\\/\\\/www.p31noticias.com.br\\\/?p=53133\"]}]},{\"@type\":\"ImageObject\",\"inLanguage\":\"pt-BR\",\"@id\":\"https:\\\/\\\/www.p31noticias.com.br\\\/?p=53133#primaryimage\",\"url\":\"https:\\\/\\\/www.p31noticias.com.br\\\/wp-content\\\/uploads\\\/2024\\\/06\\\/WhatsApp-Image-2024-06-03-at-12.51.35-1-e1717596814916-283x300-FtOkOS-150x150-gmHu3E.jpeg\",\"contentUrl\":\"https:\\\/\\\/www.p31noticias.com.br\\\/wp-content\\\/uploads\\\/2024\\\/06\\\/WhatsApp-Image-2024-06-03-at-12.51.35-1-e1717596814916-283x300-FtOkOS-150x150-gmHu3E.jpeg\",\"width\":150,\"height\":150},{\"@type\":\"BreadcrumbList\",\"@id\":\"https:\\\/\\\/www.p31noticias.com.br\\\/?p=53133#breadcrumb\",\"itemListElement\":[{\"@type\":\"ListItem\",\"position\":1,\"name\":\"In\u00edcio\",\"item\":\"https:\\\/\\\/www.p31noticias.com.br\\\/\"},{\"@type\":\"ListItem\",\"position\":2,\"name\":\"Laura Segall \u2013 eleg\u00e2ncia e autenticidade feminina\"}]},{\"@type\":\"WebSite\",\"@id\":\"https:\\\/\\\/www.p31noticias.com.br\\\/#website\",\"url\":\"https:\\\/\\\/www.p31noticias.com.br\\\/\",\"name\":\"P31\",\"description\":\"NOT\u00cdCIAS\",\"potentialAction\":[{\"@type\":\"SearchAction\",\"target\":{\"@type\":\"EntryPoint\",\"urlTemplate\":\"https:\\\/\\\/www.p31noticias.com.br\\\/?s={search_term_string}\"},\"query-input\":{\"@type\":\"PropertyValueSpecification\",\"valueRequired\":true,\"valueName\":\"search_term_string\"}}],\"inLanguage\":\"pt-BR\"}]}<\/script>\n<!-- \/ Yoast SEO Premium plugin. -->","yoast_head_json":{"title":"Laura Segall \u2013 eleg\u00e2ncia e autenticidade feminina - P31","robots":{"index":"index","follow":"follow","max-snippet":"max-snippet:-1","max-image-preview":"max-image-preview:large","max-video-preview":"max-video-preview:-1"},"canonical":"https:\/\/www.p31noticias.com.br\/?p=53133","og_locale":"pt_BR","og_type":"article","og_title":"Laura Segall \u2013 eleg\u00e2ncia e autenticidade feminina","og_description":"O Guar\u00e1 \u00e9 reconhecido no DF pelo seu polo produtivo de moda que abastece marcas e grifes da cidade e regi\u00e3o. Entre elas est\u00e1 tamb\u00e9m a marca feminina Laura Segall, que investe significativamente na regi\u00e3o, apoiando diversas profissionais locais e contribuindo para o desenvolvimento econ\u00f4mico e criativo do Polo de Modas. A marca valoriza a [&hellip;]","og_url":"https:\/\/www.p31noticias.com.br\/?p=53133","og_site_name":"P31","article_published_time":"2024-06-06T00:30:11+00:00","og_image":[{"width":150,"height":150,"url":"https:\/\/www.p31noticias.com.br\/wp-content\/uploads\/2024\/06\/WhatsApp-Image-2024-06-03-at-12.51.35-1-e1717596814916-283x300-FtOkOS-150x150-gmHu3E.jpeg","type":"image\/jpeg"}],"twitter_card":"summary_large_image","schema":{"@context":"https:\/\/schema.org","@graph":[{"@type":"Article","@id":"https:\/\/www.p31noticias.com.br\/?p=53133#article","isPartOf":{"@id":"https:\/\/www.p31noticias.com.br\/?p=53133"},"author":{"name":"","@id":""},"headline":"Laura Segall \u2013 eleg\u00e2ncia e autenticidade feminina","datePublished":"2024-06-06T00:30:11+00:00","mainEntityOfPage":{"@id":"https:\/\/www.p31noticias.com.br\/?p=53133"},"wordCount":82,"commentCount":0,"image":{"@id":"https:\/\/www.p31noticias.com.br\/?p=53133#primaryimage"},"thumbnailUrl":"https:\/\/www.p31noticias.com.br\/wp-content\/uploads\/2024\/06\/WhatsApp-Image-2024-06-03-at-12.51.35-1-e1717596814916-283x300-FtOkOS-150x150-gmHu3E.jpeg","articleSection":["Bras\u00edlia"],"inLanguage":"pt-BR","potentialAction":[{"@type":"CommentAction","name":"Comment","target":["https:\/\/www.p31noticias.com.br\/?p=53133#respond"]}],"copyrightYear":"2024","copyrightHolder":{"@id":"https:\/\/www.p31noticias.com.br\/#organization"}},{"@type":"WebPage","@id":"https:\/\/www.p31noticias.com.br\/?p=53133","url":"https:\/\/www.p31noticias.com.br\/?p=53133","name":"Laura Segall \u2013 eleg\u00e2ncia e autenticidade feminina - P31","isPartOf":{"@id":"https:\/\/www.p31noticias.com.br\/#website"},"primaryImageOfPage":{"@id":"https:\/\/www.p31noticias.com.br\/?p=53133#primaryimage"},"image":{"@id":"https:\/\/www.p31noticias.com.br\/?p=53133#primaryimage"},"thumbnailUrl":"https:\/\/www.p31noticias.com.br\/wp-content\/uploads\/2024\/06\/WhatsApp-Image-2024-06-03-at-12.51.35-1-e1717596814916-283x300-FtOkOS-150x150-gmHu3E.jpeg","datePublished":"2024-06-06T00:30:11+00:00","author":{"@id":""},"breadcrumb":{"@id":"https:\/\/www.p31noticias.com.br\/?p=53133#breadcrumb"},"inLanguage":"pt-BR","potentialAction":[{"@type":"ReadAction","target":["https:\/\/www.p31noticias.com.br\/?p=53133"]}]},{"@type":"ImageObject","inLanguage":"pt-BR","@id":"https:\/\/www.p31noticias.com.br\/?p=53133#primaryimage","url":"https:\/\/www.p31noticias.com.br\/wp-content\/uploads\/2024\/06\/WhatsApp-Image-2024-06-03-at-12.51.35-1-e1717596814916-283x300-FtOkOS-150x150-gmHu3E.jpeg","contentUrl":"https:\/\/www.p31noticias.com.br\/wp-content\/uploads\/2024\/06\/WhatsApp-Image-2024-06-03-at-12.51.35-1-e1717596814916-283x300-FtOkOS-150x150-gmHu3E.jpeg","width":150,"height":150},{"@type":"BreadcrumbList","@id":"https:\/\/www.p31noticias.com.br\/?p=53133#breadcrumb","itemListElement":[{"@type":"ListItem","position":1,"name":"In\u00edcio","item":"https:\/\/www.p31noticias.com.br\/"},{"@type":"ListItem","position":2,"name":"Laura Segall \u2013 eleg\u00e2ncia e autenticidade feminina"}]},{"@type":"WebSite","@id":"https:\/\/www.p31noticias.com.br\/#website","url":"https:\/\/www.p31noticias.com.br\/","name":"P31","description":"NOT\u00cdCIAS","potentialAction":[{"@type":"SearchAction","target":{"@type":"EntryPoint","urlTemplate":"https:\/\/www.p31noticias.com.br\/?s={search_term_string}"},"query-input":{"@type":"PropertyValueSpecification","valueRequired":true,"valueName":"search_term_string"}}],"inLanguage":"pt-BR"}]}},"amp_enabled":true,"_links":{"self":[{"href":"https:\/\/www.p31noticias.com.br\/index.php?rest_route=\/wp\/v2\/posts\/53133","targetHints":{"allow":["GET"]}}],"collection":[{"href":"https:\/\/www.p31noticias.com.br\/index.php?rest_route=\/wp\/v2\/posts"}],"about":[{"href":"https:\/\/www.p31noticias.com.br\/index.php?rest_route=\/wp\/v2\/types\/post"}],"replies":[{"embeddable":true,"href":"https:\/\/www.p31noticias.com.br\/index.php?rest_route=%2Fwp%2Fv2%2Fcomments&post=53133"}],"version-history":[{"count":0,"href":"https:\/\/www.p31noticias.com.br\/index.php?rest_route=\/wp\/v2\/posts\/53133\/revisions"}],"wp:featuredmedia":[{"embeddable":true,"href":"https:\/\/www.p31noticias.com.br\/index.php?rest_route=\/wp\/v2\/media\/53134"}],"wp:attachment":[{"href":"https:\/\/www.p31noticias.com.br\/index.php?rest_route=%2Fwp%2Fv2%2Fmedia&parent=53133"}],"wp:term":[{"taxonomy":"category","embeddable":true,"href":"https:\/\/www.p31noticias.com.br\/index.php?rest_route=%2Fwp%2Fv2%2Fcategories&post=53133"},{"taxonomy":"post_tag","embeddable":true,"href":"https:\/\/www.p31noticias.com.br\/index.php?rest_route=%2Fwp%2Fv2%2Ftags&post=53133"}],"curies":[{"name":"wp","href":"https:\/\/api.w.org\/{rel}","templated":true}]}}