{"id":53129,"date":"2024-06-05T20:30:23","date_gmt":"2024-06-05T23:30:23","guid":{"rendered":"https:\/\/p31noticias.com.br\/pagamento-de-coletivo-so-com-cartao\/"},"modified":"2024-06-05T20:30:23","modified_gmt":"2024-06-05T23:30:23","slug":"pagamento-de-coletivo-so-com-cartao","status":"publish","type":"post","link":"https:\/\/www.p31noticias.com.br\/?p=53129","title":{"rendered":"Pagamento de coletivo s\u00f3 com cart\u00e3o"},"content":{"rendered":"<p>Desde o an\u00fancio das mudan\u00e7as no Sistema de Bilhetagem Autom\u00e1tica (SBA) do transporte coletivo pelo Governo do Distrito Federal (GDF), no \u00faltimo dia 16 de maio, 134 \u00f4nibus que circulam pelas regi\u00f5es de Taguatinga, Ceil\u00e2ndia, Park Way, Guar\u00e1 e \u00c1guas Claras est\u00e3o operando em fase de teste com o validador habilitado para receber pagamentos por [\u2026]<\/p>\n<p>O post <a href=\"https:\/\/www.delioandrade.com.br\/pagamento-de-coletivo-so-com-cartao\/\">Pagamento de coletivo s\u00f3 com cart\u00e3o<\/a> apareceu primeiro em <a href=\"https:\/\/www.delioandrade.com.br\/\">Blog do D\u00c9LIO ANDRADE<\/a>.<\/p>\n","protected":false},"excerpt":{"rendered":"<p>Desde o an\u00fancio das mudan\u00e7as no Sistema de Bilhetagem Autom\u00e1tica (SBA) do transporte coletivo pelo Governo do Distrito Federal (GDF), no \u00faltimo dia 16 de maio, 134 \u00f4nibus que circulam pelas regi\u00f5es de Taguatinga, Ceil\u00e2ndia, Park Way, Guar\u00e1 e \u00c1guas Claras est\u00e3o operando em fase de teste com o validador habilitado para receber pagamentos por [&hellip;]<\/p>\n","protected":false},"author":0,"featured_media":0,"comment_status":"open","ping_status":"open","sticky":false,"template":"","format":"standard","meta":{"footnotes":""},"categories":[21],"tags":[],"class_list":{"0":"post-53129","1":"post","2":"type-post","3":"status-publish","4":"format-standard","6":"category-brasilia"},"yoast_head":"<!-- This site is optimized with the Yoast SEO Premium plugin v24.5 (Yoast SEO v27.5) - https:\/\/yoast.com\/product\/yoast-seo-premium-wordpress\/ -->\n<title>Pagamento de coletivo s\u00f3 com cart\u00e3o - P31<\/title>\n<meta name=\"robots\" content=\"index, follow, max-snippet:-1, max-image-preview:large, max-video-preview:-1\" \/>\n<link rel=\"canonical\" href=\"https:\/\/www.p31noticias.com.br\/?p=53129\" \/>\n<meta property=\"og:locale\" content=\"pt_BR\" \/>\n<meta property=\"og:type\" content=\"article\" \/>\n<meta property=\"og:title\" content=\"Pagamento de coletivo s\u00f3 com cart\u00e3o\" \/>\n<meta property=\"og:description\" content=\"Desde o an\u00fancio das mudan\u00e7as no Sistema de Bilhetagem Autom\u00e1tica (SBA) do transporte coletivo pelo Governo do Distrito Federal (GDF), no \u00faltimo dia 16 de maio, 134 \u00f4nibus que circulam pelas regi\u00f5es de Taguatinga, Ceil\u00e2ndia, Park Way, Guar\u00e1 e \u00c1guas Claras est\u00e3o operando em fase de teste com o validador habilitado para receber pagamentos por [&hellip;]\" \/>\n<meta property=\"og:url\" content=\"https:\/\/www.p31noticias.com.br\/?p=53129\" \/>\n<meta property=\"og:site_name\" content=\"P31\" \/>\n<meta property=\"article:published_time\" content=\"2024-06-05T23:30:23+00:00\" \/>\n<meta name=\"twitter:card\" content=\"summary_large_image\" \/>\n<script type=\"application\/ld+json\" class=\"yoast-schema-graph\">{\"@context\":\"https:\\\/\\\/schema.org\",\"@graph\":[{\"@type\":\"Article\",\"@id\":\"https:\\\/\\\/www.p31noticias.com.br\\\/?p=53129#article\",\"isPartOf\":{\"@id\":\"https:\\\/\\\/www.p31noticias.com.br\\\/?p=53129\"},\"author\":{\"name\":\"\",\"@id\":\"\"},\"headline\":\"Pagamento de coletivo s\u00f3 com cart\u00e3o\",\"datePublished\":\"2024-06-05T23:30:23+00:00\",\"mainEntityOfPage\":{\"@id\":\"https:\\\/\\\/www.p31noticias.com.br\\\/?p=53129\"},\"wordCount\":83,\"commentCount\":0,\"articleSection\":[\"Bras\u00edlia\"],\"inLanguage\":\"pt-BR\",\"potentialAction\":[{\"@type\":\"CommentAction\",\"name\":\"Comment\",\"target\":[\"https:\\\/\\\/www.p31noticias.com.br\\\/?p=53129#respond\"]}],\"copyrightYear\":\"2024\",\"copyrightHolder\":{\"@id\":\"https:\\\/\\\/www.p31noticias.com.br\\\/#organization\"}},{\"@type\":\"WebPage\",\"@id\":\"https:\\\/\\\/www.p31noticias.com.br\\\/?p=53129\",\"url\":\"https:\\\/\\\/www.p31noticias.com.br\\\/?p=53129\",\"name\":\"Pagamento de coletivo s\u00f3 com cart\u00e3o - P31\",\"isPartOf\":{\"@id\":\"https:\\\/\\\/www.p31noticias.com.br\\\/#website\"},\"datePublished\":\"2024-06-05T23:30:23+00:00\",\"author\":{\"@id\":\"\"},\"breadcrumb\":{\"@id\":\"https:\\\/\\\/www.p31noticias.com.br\\\/?p=53129#breadcrumb\"},\"inLanguage\":\"pt-BR\",\"potentialAction\":[{\"@type\":\"ReadAction\",\"target\":[\"https:\\\/\\\/www.p31noticias.com.br\\\/?p=53129\"]}]},{\"@type\":\"BreadcrumbList\",\"@id\":\"https:\\\/\\\/www.p31noticias.com.br\\\/?p=53129#breadcrumb\",\"itemListElement\":[{\"@type\":\"ListItem\",\"position\":1,\"name\":\"In\u00edcio\",\"item\":\"https:\\\/\\\/www.p31noticias.com.br\\\/\"},{\"@type\":\"ListItem\",\"position\":2,\"name\":\"Pagamento de coletivo s\u00f3 com cart\u00e3o\"}]},{\"@type\":\"WebSite\",\"@id\":\"https:\\\/\\\/www.p31noticias.com.br\\\/#website\",\"url\":\"https:\\\/\\\/www.p31noticias.com.br\\\/\",\"name\":\"P31\",\"description\":\"NOT\u00cdCIAS\",\"potentialAction\":[{\"@type\":\"SearchAction\",\"target\":{\"@type\":\"EntryPoint\",\"urlTemplate\":\"https:\\\/\\\/www.p31noticias.com.br\\\/?s={search_term_string}\"},\"query-input\":{\"@type\":\"PropertyValueSpecification\",\"valueRequired\":true,\"valueName\":\"search_term_string\"}}],\"inLanguage\":\"pt-BR\"}]}<\/script>\n<!-- \/ Yoast SEO Premium plugin. -->","yoast_head_json":{"title":"Pagamento de coletivo s\u00f3 com cart\u00e3o - P31","robots":{"index":"index","follow":"follow","max-snippet":"max-snippet:-1","max-image-preview":"max-image-preview:large","max-video-preview":"max-video-preview:-1"},"canonical":"https:\/\/www.p31noticias.com.br\/?p=53129","og_locale":"pt_BR","og_type":"article","og_title":"Pagamento de coletivo s\u00f3 com cart\u00e3o","og_description":"Desde o an\u00fancio das mudan\u00e7as no Sistema de Bilhetagem Autom\u00e1tica (SBA) do transporte coletivo pelo Governo do Distrito Federal (GDF), no \u00faltimo dia 16 de maio, 134 \u00f4nibus que circulam pelas regi\u00f5es de Taguatinga, Ceil\u00e2ndia, Park Way, Guar\u00e1 e \u00c1guas Claras est\u00e3o operando em fase de teste com o validador habilitado para receber pagamentos por [&hellip;]","og_url":"https:\/\/www.p31noticias.com.br\/?p=53129","og_site_name":"P31","article_published_time":"2024-06-05T23:30:23+00:00","twitter_card":"summary_large_image","schema":{"@context":"https:\/\/schema.org","@graph":[{"@type":"Article","@id":"https:\/\/www.p31noticias.com.br\/?p=53129#article","isPartOf":{"@id":"https:\/\/www.p31noticias.com.br\/?p=53129"},"author":{"name":"","@id":""},"headline":"Pagamento de coletivo s\u00f3 com cart\u00e3o","datePublished":"2024-06-05T23:30:23+00:00","mainEntityOfPage":{"@id":"https:\/\/www.p31noticias.com.br\/?p=53129"},"wordCount":83,"commentCount":0,"articleSection":["Bras\u00edlia"],"inLanguage":"pt-BR","potentialAction":[{"@type":"CommentAction","name":"Comment","target":["https:\/\/www.p31noticias.com.br\/?p=53129#respond"]}],"copyrightYear":"2024","copyrightHolder":{"@id":"https:\/\/www.p31noticias.com.br\/#organization"}},{"@type":"WebPage","@id":"https:\/\/www.p31noticias.com.br\/?p=53129","url":"https:\/\/www.p31noticias.com.br\/?p=53129","name":"Pagamento de coletivo s\u00f3 com cart\u00e3o - P31","isPartOf":{"@id":"https:\/\/www.p31noticias.com.br\/#website"},"datePublished":"2024-06-05T23:30:23+00:00","author":{"@id":""},"breadcrumb":{"@id":"https:\/\/www.p31noticias.com.br\/?p=53129#breadcrumb"},"inLanguage":"pt-BR","potentialAction":[{"@type":"ReadAction","target":["https:\/\/www.p31noticias.com.br\/?p=53129"]}]},{"@type":"BreadcrumbList","@id":"https:\/\/www.p31noticias.com.br\/?p=53129#breadcrumb","itemListElement":[{"@type":"ListItem","position":1,"name":"In\u00edcio","item":"https:\/\/www.p31noticias.com.br\/"},{"@type":"ListItem","position":2,"name":"Pagamento de coletivo s\u00f3 com cart\u00e3o"}]},{"@type":"WebSite","@id":"https:\/\/www.p31noticias.com.br\/#website","url":"https:\/\/www.p31noticias.com.br\/","name":"P31","description":"NOT\u00cdCIAS","potentialAction":[{"@type":"SearchAction","target":{"@type":"EntryPoint","urlTemplate":"https:\/\/www.p31noticias.com.br\/?s={search_term_string}"},"query-input":{"@type":"PropertyValueSpecification","valueRequired":true,"valueName":"search_term_string"}}],"inLanguage":"pt-BR"}]}},"amp_enabled":true,"_links":{"self":[{"href":"https:\/\/www.p31noticias.com.br\/index.php?rest_route=\/wp\/v2\/posts\/53129","targetHints":{"allow":["GET"]}}],"collection":[{"href":"https:\/\/www.p31noticias.com.br\/index.php?rest_route=\/wp\/v2\/posts"}],"about":[{"href":"https:\/\/www.p31noticias.com.br\/index.php?rest_route=\/wp\/v2\/types\/post"}],"replies":[{"embeddable":true,"href":"https:\/\/www.p31noticias.com.br\/index.php?rest_route=%2Fwp%2Fv2%2Fcomments&post=53129"}],"version-history":[{"count":0,"href":"https:\/\/www.p31noticias.com.br\/index.php?rest_route=\/wp\/v2\/posts\/53129\/revisions"}],"wp:attachment":[{"href":"https:\/\/www.p31noticias.com.br\/index.php?rest_route=%2Fwp%2Fv2%2Fmedia&parent=53129"}],"wp:term":[{"taxonomy":"category","embeddable":true,"href":"https:\/\/www.p31noticias.com.br\/index.php?rest_route=%2Fwp%2Fv2%2Fcategories&post=53129"},{"taxonomy":"post_tag","embeddable":true,"href":"https:\/\/www.p31noticias.com.br\/index.php?rest_route=%2Fwp%2Fv2%2Ftags&post=53129"}],"curies":[{"name":"wp","href":"https:\/\/api.w.org\/{rel}","templated":true}]}}