{"id":53074,"date":"2024-06-05T16:30:11","date_gmt":"2024-06-05T19:30:11","guid":{"rendered":"https:\/\/p31noticias.com.br\/pcdf-realiza-confeccao-de-carteiras-de-identidade-em-domicilio\/"},"modified":"2024-06-05T16:30:11","modified_gmt":"2024-06-05T19:30:11","slug":"pcdf-realiza-confeccao-de-carteiras-de-identidade-em-domicilio","status":"publish","type":"post","link":"https:\/\/www.p31noticias.com.br\/?p=53074","title":{"rendered":"PCDF realiza confec\u00e7\u00e3o de carteiras de identidade em domic\u00edlio"},"content":{"rendered":"<p>A Pol\u00edcia Civil do Distrito Federal (PCDF), por meio do Instituto de Identifica\u00e7\u00e3o (II), leva servi\u00e7os essenciais diretamente \u00e0 comunidade com a confec\u00e7\u00e3o de carteiras de identidade em domic\u00edlio. Na semana passada, uma institui\u00e7\u00e3o no Lago Sul foi beneficiada por essa a\u00e7\u00e3o. Foram emitidos 20 documentos de identidade durante oito horas de atendimento, divididos em [\u2026]<\/p>\n<p>O post <a href=\"https:\/\/www.delioandrade.com.br\/pcdf-realiza-confeccao-de-carteiras-de-identidade-em-domicilio\/\">PCDF realiza confec\u00e7\u00e3o de carteiras de identidade em domic\u00edlio<\/a> apareceu primeiro em <a href=\"https:\/\/www.delioandrade.com.br\/\">Blog do D\u00c9LIO ANDRADE<\/a>.<\/p>\n","protected":false},"excerpt":{"rendered":"<p>A Pol\u00edcia Civil do Distrito Federal (PCDF), por meio do Instituto de Identifica\u00e7\u00e3o (II), leva servi\u00e7os essenciais diretamente \u00e0 comunidade com a confec\u00e7\u00e3o de carteiras de identidade em domic\u00edlio. Na semana passada, uma institui\u00e7\u00e3o no Lago Sul foi beneficiada por essa a\u00e7\u00e3o. Foram emitidos 20 documentos de identidade durante oito horas de atendimento, divididos em [&hellip;]<\/p>\n","protected":false},"author":0,"featured_media":53075,"comment_status":"open","ping_status":"open","sticky":false,"template":"","format":"standard","meta":{"footnotes":""},"categories":[21],"tags":[],"class_list":{"0":"post-53074","1":"post","2":"type-post","3":"status-publish","4":"format-standard","5":"has-post-thumbnail","7":"category-brasilia"},"yoast_head":"<!-- This site is optimized with the Yoast SEO Premium plugin v24.5 (Yoast SEO v27.4) - https:\/\/yoast.com\/product\/yoast-seo-premium-wordpress\/ -->\n<title>PCDF realiza confec\u00e7\u00e3o de carteiras de identidade em domic\u00edlio - P31<\/title>\n<meta name=\"robots\" content=\"index, follow, max-snippet:-1, max-image-preview:large, max-video-preview:-1\" \/>\n<link rel=\"canonical\" href=\"https:\/\/www.p31noticias.com.br\/?p=53074\" \/>\n<meta property=\"og:locale\" content=\"pt_BR\" \/>\n<meta property=\"og:type\" content=\"article\" \/>\n<meta property=\"og:title\" content=\"PCDF realiza confec\u00e7\u00e3o de carteiras de identidade em domic\u00edlio\" \/>\n<meta property=\"og:description\" content=\"A Pol\u00edcia Civil do Distrito Federal (PCDF), por meio do Instituto de Identifica\u00e7\u00e3o (II), leva servi\u00e7os essenciais diretamente \u00e0 comunidade com a confec\u00e7\u00e3o de carteiras de identidade em domic\u00edlio. Na semana passada, uma institui\u00e7\u00e3o no Lago Sul foi beneficiada por essa a\u00e7\u00e3o. Foram emitidos 20 documentos de identidade durante oito horas de atendimento, divididos em [&hellip;]\" \/>\n<meta property=\"og:url\" content=\"https:\/\/www.p31noticias.com.br\/?p=53074\" \/>\n<meta property=\"og:site_name\" content=\"P31\" \/>\n<meta property=\"article:published_time\" content=\"2024-06-05T19:30:11+00:00\" \/>\n<meta property=\"og:image\" content=\"https:\/\/www.p31noticias.com.br\/wp-content\/uploads\/2024\/06\/Tony-Oliveira-F24x8P-150x150-R4BDAc.jpeg\" \/>\n\t<meta property=\"og:image:width\" content=\"150\" \/>\n\t<meta property=\"og:image:height\" content=\"150\" \/>\n\t<meta property=\"og:image:type\" content=\"image\/jpeg\" \/>\n<meta name=\"twitter:card\" content=\"summary_large_image\" \/>\n<script type=\"application\/ld+json\" class=\"yoast-schema-graph\">{\"@context\":\"https:\\\/\\\/schema.org\",\"@graph\":[{\"@type\":\"Article\",\"@id\":\"https:\\\/\\\/www.p31noticias.com.br\\\/?p=53074#article\",\"isPartOf\":{\"@id\":\"https:\\\/\\\/www.p31noticias.com.br\\\/?p=53074\"},\"author\":{\"name\":\"\",\"@id\":\"\"},\"headline\":\"PCDF realiza confec\u00e7\u00e3o de carteiras de identidade em domic\u00edlio\",\"datePublished\":\"2024-06-05T19:30:11+00:00\",\"mainEntityOfPage\":{\"@id\":\"https:\\\/\\\/www.p31noticias.com.br\\\/?p=53074\"},\"wordCount\":92,\"commentCount\":0,\"image\":{\"@id\":\"https:\\\/\\\/www.p31noticias.com.br\\\/?p=53074#primaryimage\"},\"thumbnailUrl\":\"https:\\\/\\\/www.p31noticias.com.br\\\/wp-content\\\/uploads\\\/2024\\\/06\\\/Tony-Oliveira-F24x8P-150x150-R4BDAc.jpeg\",\"articleSection\":[\"Bras\u00edlia\"],\"inLanguage\":\"pt-BR\",\"potentialAction\":[{\"@type\":\"CommentAction\",\"name\":\"Comment\",\"target\":[\"https:\\\/\\\/www.p31noticias.com.br\\\/?p=53074#respond\"]}],\"copyrightYear\":\"2024\",\"copyrightHolder\":{\"@id\":\"https:\\\/\\\/www.p31noticias.com.br\\\/#organization\"}},{\"@type\":\"WebPage\",\"@id\":\"https:\\\/\\\/www.p31noticias.com.br\\\/?p=53074\",\"url\":\"https:\\\/\\\/www.p31noticias.com.br\\\/?p=53074\",\"name\":\"PCDF realiza confec\u00e7\u00e3o de carteiras de identidade em domic\u00edlio - P31\",\"isPartOf\":{\"@id\":\"https:\\\/\\\/www.p31noticias.com.br\\\/#website\"},\"primaryImageOfPage\":{\"@id\":\"https:\\\/\\\/www.p31noticias.com.br\\\/?p=53074#primaryimage\"},\"image\":{\"@id\":\"https:\\\/\\\/www.p31noticias.com.br\\\/?p=53074#primaryimage\"},\"thumbnailUrl\":\"https:\\\/\\\/www.p31noticias.com.br\\\/wp-content\\\/uploads\\\/2024\\\/06\\\/Tony-Oliveira-F24x8P-150x150-R4BDAc.jpeg\",\"datePublished\":\"2024-06-05T19:30:11+00:00\",\"author\":{\"@id\":\"\"},\"breadcrumb\":{\"@id\":\"https:\\\/\\\/www.p31noticias.com.br\\\/?p=53074#breadcrumb\"},\"inLanguage\":\"pt-BR\",\"potentialAction\":[{\"@type\":\"ReadAction\",\"target\":[\"https:\\\/\\\/www.p31noticias.com.br\\\/?p=53074\"]}]},{\"@type\":\"ImageObject\",\"inLanguage\":\"pt-BR\",\"@id\":\"https:\\\/\\\/www.p31noticias.com.br\\\/?p=53074#primaryimage\",\"url\":\"https:\\\/\\\/www.p31noticias.com.br\\\/wp-content\\\/uploads\\\/2024\\\/06\\\/Tony-Oliveira-F24x8P-150x150-R4BDAc.jpeg\",\"contentUrl\":\"https:\\\/\\\/www.p31noticias.com.br\\\/wp-content\\\/uploads\\\/2024\\\/06\\\/Tony-Oliveira-F24x8P-150x150-R4BDAc.jpeg\",\"width\":150,\"height\":150},{\"@type\":\"BreadcrumbList\",\"@id\":\"https:\\\/\\\/www.p31noticias.com.br\\\/?p=53074#breadcrumb\",\"itemListElement\":[{\"@type\":\"ListItem\",\"position\":1,\"name\":\"In\u00edcio\",\"item\":\"https:\\\/\\\/www.p31noticias.com.br\\\/\"},{\"@type\":\"ListItem\",\"position\":2,\"name\":\"PCDF realiza confec\u00e7\u00e3o de carteiras de identidade em domic\u00edlio\"}]},{\"@type\":\"WebSite\",\"@id\":\"https:\\\/\\\/www.p31noticias.com.br\\\/#website\",\"url\":\"https:\\\/\\\/www.p31noticias.com.br\\\/\",\"name\":\"P31\",\"description\":\"NOT\u00cdCIAS\",\"potentialAction\":[{\"@type\":\"SearchAction\",\"target\":{\"@type\":\"EntryPoint\",\"urlTemplate\":\"https:\\\/\\\/www.p31noticias.com.br\\\/?s={search_term_string}\"},\"query-input\":{\"@type\":\"PropertyValueSpecification\",\"valueRequired\":true,\"valueName\":\"search_term_string\"}}],\"inLanguage\":\"pt-BR\"}]}<\/script>\n<!-- \/ Yoast SEO Premium plugin. -->","yoast_head_json":{"title":"PCDF realiza confec\u00e7\u00e3o de carteiras de identidade em domic\u00edlio - P31","robots":{"index":"index","follow":"follow","max-snippet":"max-snippet:-1","max-image-preview":"max-image-preview:large","max-video-preview":"max-video-preview:-1"},"canonical":"https:\/\/www.p31noticias.com.br\/?p=53074","og_locale":"pt_BR","og_type":"article","og_title":"PCDF realiza confec\u00e7\u00e3o de carteiras de identidade em domic\u00edlio","og_description":"A Pol\u00edcia Civil do Distrito Federal (PCDF), por meio do Instituto de Identifica\u00e7\u00e3o (II), leva servi\u00e7os essenciais diretamente \u00e0 comunidade com a confec\u00e7\u00e3o de carteiras de identidade em domic\u00edlio. Na semana passada, uma institui\u00e7\u00e3o no Lago Sul foi beneficiada por essa a\u00e7\u00e3o. Foram emitidos 20 documentos de identidade durante oito horas de atendimento, divididos em [&hellip;]","og_url":"https:\/\/www.p31noticias.com.br\/?p=53074","og_site_name":"P31","article_published_time":"2024-06-05T19:30:11+00:00","og_image":[{"width":150,"height":150,"url":"https:\/\/www.p31noticias.com.br\/wp-content\/uploads\/2024\/06\/Tony-Oliveira-F24x8P-150x150-R4BDAc.jpeg","type":"image\/jpeg"}],"twitter_card":"summary_large_image","schema":{"@context":"https:\/\/schema.org","@graph":[{"@type":"Article","@id":"https:\/\/www.p31noticias.com.br\/?p=53074#article","isPartOf":{"@id":"https:\/\/www.p31noticias.com.br\/?p=53074"},"author":{"name":"","@id":""},"headline":"PCDF realiza confec\u00e7\u00e3o de carteiras de identidade em domic\u00edlio","datePublished":"2024-06-05T19:30:11+00:00","mainEntityOfPage":{"@id":"https:\/\/www.p31noticias.com.br\/?p=53074"},"wordCount":92,"commentCount":0,"image":{"@id":"https:\/\/www.p31noticias.com.br\/?p=53074#primaryimage"},"thumbnailUrl":"https:\/\/www.p31noticias.com.br\/wp-content\/uploads\/2024\/06\/Tony-Oliveira-F24x8P-150x150-R4BDAc.jpeg","articleSection":["Bras\u00edlia"],"inLanguage":"pt-BR","potentialAction":[{"@type":"CommentAction","name":"Comment","target":["https:\/\/www.p31noticias.com.br\/?p=53074#respond"]}],"copyrightYear":"2024","copyrightHolder":{"@id":"https:\/\/www.p31noticias.com.br\/#organization"}},{"@type":"WebPage","@id":"https:\/\/www.p31noticias.com.br\/?p=53074","url":"https:\/\/www.p31noticias.com.br\/?p=53074","name":"PCDF realiza confec\u00e7\u00e3o de carteiras de identidade em domic\u00edlio - P31","isPartOf":{"@id":"https:\/\/www.p31noticias.com.br\/#website"},"primaryImageOfPage":{"@id":"https:\/\/www.p31noticias.com.br\/?p=53074#primaryimage"},"image":{"@id":"https:\/\/www.p31noticias.com.br\/?p=53074#primaryimage"},"thumbnailUrl":"https:\/\/www.p31noticias.com.br\/wp-content\/uploads\/2024\/06\/Tony-Oliveira-F24x8P-150x150-R4BDAc.jpeg","datePublished":"2024-06-05T19:30:11+00:00","author":{"@id":""},"breadcrumb":{"@id":"https:\/\/www.p31noticias.com.br\/?p=53074#breadcrumb"},"inLanguage":"pt-BR","potentialAction":[{"@type":"ReadAction","target":["https:\/\/www.p31noticias.com.br\/?p=53074"]}]},{"@type":"ImageObject","inLanguage":"pt-BR","@id":"https:\/\/www.p31noticias.com.br\/?p=53074#primaryimage","url":"https:\/\/www.p31noticias.com.br\/wp-content\/uploads\/2024\/06\/Tony-Oliveira-F24x8P-150x150-R4BDAc.jpeg","contentUrl":"https:\/\/www.p31noticias.com.br\/wp-content\/uploads\/2024\/06\/Tony-Oliveira-F24x8P-150x150-R4BDAc.jpeg","width":150,"height":150},{"@type":"BreadcrumbList","@id":"https:\/\/www.p31noticias.com.br\/?p=53074#breadcrumb","itemListElement":[{"@type":"ListItem","position":1,"name":"In\u00edcio","item":"https:\/\/www.p31noticias.com.br\/"},{"@type":"ListItem","position":2,"name":"PCDF realiza confec\u00e7\u00e3o de carteiras de identidade em domic\u00edlio"}]},{"@type":"WebSite","@id":"https:\/\/www.p31noticias.com.br\/#website","url":"https:\/\/www.p31noticias.com.br\/","name":"P31","description":"NOT\u00cdCIAS","potentialAction":[{"@type":"SearchAction","target":{"@type":"EntryPoint","urlTemplate":"https:\/\/www.p31noticias.com.br\/?s={search_term_string}"},"query-input":{"@type":"PropertyValueSpecification","valueRequired":true,"valueName":"search_term_string"}}],"inLanguage":"pt-BR"}]}},"amp_enabled":true,"_links":{"self":[{"href":"https:\/\/www.p31noticias.com.br\/index.php?rest_route=\/wp\/v2\/posts\/53074","targetHints":{"allow":["GET"]}}],"collection":[{"href":"https:\/\/www.p31noticias.com.br\/index.php?rest_route=\/wp\/v2\/posts"}],"about":[{"href":"https:\/\/www.p31noticias.com.br\/index.php?rest_route=\/wp\/v2\/types\/post"}],"replies":[{"embeddable":true,"href":"https:\/\/www.p31noticias.com.br\/index.php?rest_route=%2Fwp%2Fv2%2Fcomments&post=53074"}],"version-history":[{"count":0,"href":"https:\/\/www.p31noticias.com.br\/index.php?rest_route=\/wp\/v2\/posts\/53074\/revisions"}],"wp:featuredmedia":[{"embeddable":true,"href":"https:\/\/www.p31noticias.com.br\/index.php?rest_route=\/wp\/v2\/media\/53075"}],"wp:attachment":[{"href":"https:\/\/www.p31noticias.com.br\/index.php?rest_route=%2Fwp%2Fv2%2Fmedia&parent=53074"}],"wp:term":[{"taxonomy":"category","embeddable":true,"href":"https:\/\/www.p31noticias.com.br\/index.php?rest_route=%2Fwp%2Fv2%2Fcategories&post=53074"},{"taxonomy":"post_tag","embeddable":true,"href":"https:\/\/www.p31noticias.com.br\/index.php?rest_route=%2Fwp%2Fv2%2Ftags&post=53074"}],"curies":[{"name":"wp","href":"https:\/\/api.w.org\/{rel}","templated":true}]}}