{"id":53072,"date":"2024-06-05T16:30:11","date_gmt":"2024-06-05T19:30:11","guid":{"rendered":"https:\/\/p31noticias.com.br\/campanha-arrecada-doacoes-para-agricultores-do-sul\/"},"modified":"2024-06-05T16:30:11","modified_gmt":"2024-06-05T19:30:11","slug":"campanha-arrecada-doacoes-para-agricultores-do-sul","status":"publish","type":"post","link":"https:\/\/www.p31noticias.com.br\/?p=53072","title":{"rendered":"Campanha arrecada doa\u00e7\u00f5es para agricultores do Sul"},"content":{"rendered":"<p>A campanha Agro Solid\u00e1rio, empreendida pela Empresa de Assist\u00eancia T\u00e9cnica e Extens\u00e3o Rural do DF (Emater) em parceria com a Cooperativa dos Agricultores da Regi\u00e3o do Distrito Federal (Coopa-DF), j\u00e1 arrecadou 6 toneladas de mantimentos, roupas, rem\u00e9dios e insumos para os produtores rurais do Rio Grande do Sul, que sofrem, h\u00e1 quatro semanas, com uma [\u2026]<\/p>\n<p>O post <a href=\"https:\/\/www.delioandrade.com.br\/campanha-arrecada-doacoes-para-agricultores-do-sul\/\">Campanha arrecada doa\u00e7\u00f5es para agricultores do Sul<\/a> apareceu primeiro em <a href=\"https:\/\/www.delioandrade.com.br\/\">Blog do D\u00c9LIO ANDRADE<\/a>.<\/p>\n","protected":false},"excerpt":{"rendered":"<p>A campanha Agro Solid\u00e1rio, empreendida pela Empresa de Assist\u00eancia T\u00e9cnica e Extens\u00e3o Rural do DF (Emater) em parceria com a Cooperativa dos Agricultores da Regi\u00e3o do Distrito Federal (Coopa-DF), j\u00e1 arrecadou 6 toneladas de mantimentos, roupas, rem\u00e9dios e insumos para os produtores rurais do Rio Grande do Sul, que sofrem, h\u00e1 quatro semanas, com uma [&hellip;]<\/p>\n","protected":false},"author":0,"featured_media":53073,"comment_status":"open","ping_status":"open","sticky":false,"template":"","format":"standard","meta":{"footnotes":""},"categories":[21],"tags":[],"class_list":{"0":"post-53072","1":"post","2":"type-post","3":"status-publish","4":"format-standard","5":"has-post-thumbnail","7":"category-brasilia"},"yoast_head":"<!-- This site is optimized with the Yoast SEO Premium plugin v24.5 (Yoast SEO v27.4) - https:\/\/yoast.com\/product\/yoast-seo-premium-wordpress\/ -->\n<title>Campanha arrecada doa\u00e7\u00f5es para agricultores do Sul - P31<\/title>\n<meta name=\"robots\" content=\"index, follow, max-snippet:-1, max-image-preview:large, max-video-preview:-1\" \/>\n<link rel=\"canonical\" href=\"https:\/\/www.p31noticias.com.br\/?p=53072\" \/>\n<meta property=\"og:locale\" content=\"pt_BR\" \/>\n<meta property=\"og:type\" content=\"article\" \/>\n<meta property=\"og:title\" content=\"Campanha arrecada doa\u00e7\u00f5es para agricultores do Sul\" \/>\n<meta property=\"og:description\" content=\"A campanha Agro Solid\u00e1rio, empreendida pela Empresa de Assist\u00eancia T\u00e9cnica e Extens\u00e3o Rural do DF (Emater) em parceria com a Cooperativa dos Agricultores da Regi\u00e3o do Distrito Federal (Coopa-DF), j\u00e1 arrecadou 6 toneladas de mantimentos, roupas, rem\u00e9dios e insumos para os produtores rurais do Rio Grande do Sul, que sofrem, h\u00e1 quatro semanas, com uma [&hellip;]\" \/>\n<meta property=\"og:url\" content=\"https:\/\/www.p31noticias.com.br\/?p=53072\" \/>\n<meta property=\"og:site_name\" content=\"P31\" \/>\n<meta property=\"article:published_time\" content=\"2024-06-05T19:30:11+00:00\" \/>\n<meta property=\"og:image\" content=\"https:\/\/www.p31noticias.com.br\/wp-content\/uploads\/2024\/06\/5.6.-Materia-Emater.-Foto-Divulgacao-Emater2-MFMRdX-150x150-E3qROj.jpeg\" \/>\n\t<meta property=\"og:image:width\" content=\"150\" \/>\n\t<meta property=\"og:image:height\" content=\"150\" \/>\n\t<meta property=\"og:image:type\" content=\"image\/jpeg\" \/>\n<meta name=\"twitter:card\" content=\"summary_large_image\" \/>\n<script type=\"application\/ld+json\" class=\"yoast-schema-graph\">{\"@context\":\"https:\\\/\\\/schema.org\",\"@graph\":[{\"@type\":\"Article\",\"@id\":\"https:\\\/\\\/www.p31noticias.com.br\\\/?p=53072#article\",\"isPartOf\":{\"@id\":\"https:\\\/\\\/www.p31noticias.com.br\\\/?p=53072\"},\"author\":{\"name\":\"\",\"@id\":\"\"},\"headline\":\"Campanha arrecada doa\u00e7\u00f5es para agricultores do Sul\",\"datePublished\":\"2024-06-05T19:30:11+00:00\",\"mainEntityOfPage\":{\"@id\":\"https:\\\/\\\/www.p31noticias.com.br\\\/?p=53072\"},\"wordCount\":86,\"commentCount\":0,\"image\":{\"@id\":\"https:\\\/\\\/www.p31noticias.com.br\\\/?p=53072#primaryimage\"},\"thumbnailUrl\":\"https:\\\/\\\/www.p31noticias.com.br\\\/wp-content\\\/uploads\\\/2024\\\/06\\\/5.6.-Materia-Emater.-Foto-Divulgacao-Emater2-MFMRdX-150x150-E3qROj.jpeg\",\"articleSection\":[\"Bras\u00edlia\"],\"inLanguage\":\"pt-BR\",\"potentialAction\":[{\"@type\":\"CommentAction\",\"name\":\"Comment\",\"target\":[\"https:\\\/\\\/www.p31noticias.com.br\\\/?p=53072#respond\"]}],\"copyrightYear\":\"2024\",\"copyrightHolder\":{\"@id\":\"https:\\\/\\\/www.p31noticias.com.br\\\/#organization\"}},{\"@type\":\"WebPage\",\"@id\":\"https:\\\/\\\/www.p31noticias.com.br\\\/?p=53072\",\"url\":\"https:\\\/\\\/www.p31noticias.com.br\\\/?p=53072\",\"name\":\"Campanha arrecada doa\u00e7\u00f5es para agricultores do Sul - P31\",\"isPartOf\":{\"@id\":\"https:\\\/\\\/www.p31noticias.com.br\\\/#website\"},\"primaryImageOfPage\":{\"@id\":\"https:\\\/\\\/www.p31noticias.com.br\\\/?p=53072#primaryimage\"},\"image\":{\"@id\":\"https:\\\/\\\/www.p31noticias.com.br\\\/?p=53072#primaryimage\"},\"thumbnailUrl\":\"https:\\\/\\\/www.p31noticias.com.br\\\/wp-content\\\/uploads\\\/2024\\\/06\\\/5.6.-Materia-Emater.-Foto-Divulgacao-Emater2-MFMRdX-150x150-E3qROj.jpeg\",\"datePublished\":\"2024-06-05T19:30:11+00:00\",\"author\":{\"@id\":\"\"},\"breadcrumb\":{\"@id\":\"https:\\\/\\\/www.p31noticias.com.br\\\/?p=53072#breadcrumb\"},\"inLanguage\":\"pt-BR\",\"potentialAction\":[{\"@type\":\"ReadAction\",\"target\":[\"https:\\\/\\\/www.p31noticias.com.br\\\/?p=53072\"]}]},{\"@type\":\"ImageObject\",\"inLanguage\":\"pt-BR\",\"@id\":\"https:\\\/\\\/www.p31noticias.com.br\\\/?p=53072#primaryimage\",\"url\":\"https:\\\/\\\/www.p31noticias.com.br\\\/wp-content\\\/uploads\\\/2024\\\/06\\\/5.6.-Materia-Emater.-Foto-Divulgacao-Emater2-MFMRdX-150x150-E3qROj.jpeg\",\"contentUrl\":\"https:\\\/\\\/www.p31noticias.com.br\\\/wp-content\\\/uploads\\\/2024\\\/06\\\/5.6.-Materia-Emater.-Foto-Divulgacao-Emater2-MFMRdX-150x150-E3qROj.jpeg\",\"width\":150,\"height\":150},{\"@type\":\"BreadcrumbList\",\"@id\":\"https:\\\/\\\/www.p31noticias.com.br\\\/?p=53072#breadcrumb\",\"itemListElement\":[{\"@type\":\"ListItem\",\"position\":1,\"name\":\"In\u00edcio\",\"item\":\"https:\\\/\\\/www.p31noticias.com.br\\\/\"},{\"@type\":\"ListItem\",\"position\":2,\"name\":\"Campanha arrecada doa\u00e7\u00f5es para agricultores do Sul\"}]},{\"@type\":\"WebSite\",\"@id\":\"https:\\\/\\\/www.p31noticias.com.br\\\/#website\",\"url\":\"https:\\\/\\\/www.p31noticias.com.br\\\/\",\"name\":\"P31\",\"description\":\"NOT\u00cdCIAS\",\"potentialAction\":[{\"@type\":\"SearchAction\",\"target\":{\"@type\":\"EntryPoint\",\"urlTemplate\":\"https:\\\/\\\/www.p31noticias.com.br\\\/?s={search_term_string}\"},\"query-input\":{\"@type\":\"PropertyValueSpecification\",\"valueRequired\":true,\"valueName\":\"search_term_string\"}}],\"inLanguage\":\"pt-BR\"}]}<\/script>\n<!-- \/ Yoast SEO Premium plugin. -->","yoast_head_json":{"title":"Campanha arrecada doa\u00e7\u00f5es para agricultores do Sul - P31","robots":{"index":"index","follow":"follow","max-snippet":"max-snippet:-1","max-image-preview":"max-image-preview:large","max-video-preview":"max-video-preview:-1"},"canonical":"https:\/\/www.p31noticias.com.br\/?p=53072","og_locale":"pt_BR","og_type":"article","og_title":"Campanha arrecada doa\u00e7\u00f5es para agricultores do Sul","og_description":"A campanha Agro Solid\u00e1rio, empreendida pela Empresa de Assist\u00eancia T\u00e9cnica e Extens\u00e3o Rural do DF (Emater) em parceria com a Cooperativa dos Agricultores da Regi\u00e3o do Distrito Federal (Coopa-DF), j\u00e1 arrecadou 6 toneladas de mantimentos, roupas, rem\u00e9dios e insumos para os produtores rurais do Rio Grande do Sul, que sofrem, h\u00e1 quatro semanas, com uma [&hellip;]","og_url":"https:\/\/www.p31noticias.com.br\/?p=53072","og_site_name":"P31","article_published_time":"2024-06-05T19:30:11+00:00","og_image":[{"width":150,"height":150,"url":"https:\/\/www.p31noticias.com.br\/wp-content\/uploads\/2024\/06\/5.6.-Materia-Emater.-Foto-Divulgacao-Emater2-MFMRdX-150x150-E3qROj.jpeg","type":"image\/jpeg"}],"twitter_card":"summary_large_image","schema":{"@context":"https:\/\/schema.org","@graph":[{"@type":"Article","@id":"https:\/\/www.p31noticias.com.br\/?p=53072#article","isPartOf":{"@id":"https:\/\/www.p31noticias.com.br\/?p=53072"},"author":{"name":"","@id":""},"headline":"Campanha arrecada doa\u00e7\u00f5es para agricultores do Sul","datePublished":"2024-06-05T19:30:11+00:00","mainEntityOfPage":{"@id":"https:\/\/www.p31noticias.com.br\/?p=53072"},"wordCount":86,"commentCount":0,"image":{"@id":"https:\/\/www.p31noticias.com.br\/?p=53072#primaryimage"},"thumbnailUrl":"https:\/\/www.p31noticias.com.br\/wp-content\/uploads\/2024\/06\/5.6.-Materia-Emater.-Foto-Divulgacao-Emater2-MFMRdX-150x150-E3qROj.jpeg","articleSection":["Bras\u00edlia"],"inLanguage":"pt-BR","potentialAction":[{"@type":"CommentAction","name":"Comment","target":["https:\/\/www.p31noticias.com.br\/?p=53072#respond"]}],"copyrightYear":"2024","copyrightHolder":{"@id":"https:\/\/www.p31noticias.com.br\/#organization"}},{"@type":"WebPage","@id":"https:\/\/www.p31noticias.com.br\/?p=53072","url":"https:\/\/www.p31noticias.com.br\/?p=53072","name":"Campanha arrecada doa\u00e7\u00f5es para agricultores do Sul - P31","isPartOf":{"@id":"https:\/\/www.p31noticias.com.br\/#website"},"primaryImageOfPage":{"@id":"https:\/\/www.p31noticias.com.br\/?p=53072#primaryimage"},"image":{"@id":"https:\/\/www.p31noticias.com.br\/?p=53072#primaryimage"},"thumbnailUrl":"https:\/\/www.p31noticias.com.br\/wp-content\/uploads\/2024\/06\/5.6.-Materia-Emater.-Foto-Divulgacao-Emater2-MFMRdX-150x150-E3qROj.jpeg","datePublished":"2024-06-05T19:30:11+00:00","author":{"@id":""},"breadcrumb":{"@id":"https:\/\/www.p31noticias.com.br\/?p=53072#breadcrumb"},"inLanguage":"pt-BR","potentialAction":[{"@type":"ReadAction","target":["https:\/\/www.p31noticias.com.br\/?p=53072"]}]},{"@type":"ImageObject","inLanguage":"pt-BR","@id":"https:\/\/www.p31noticias.com.br\/?p=53072#primaryimage","url":"https:\/\/www.p31noticias.com.br\/wp-content\/uploads\/2024\/06\/5.6.-Materia-Emater.-Foto-Divulgacao-Emater2-MFMRdX-150x150-E3qROj.jpeg","contentUrl":"https:\/\/www.p31noticias.com.br\/wp-content\/uploads\/2024\/06\/5.6.-Materia-Emater.-Foto-Divulgacao-Emater2-MFMRdX-150x150-E3qROj.jpeg","width":150,"height":150},{"@type":"BreadcrumbList","@id":"https:\/\/www.p31noticias.com.br\/?p=53072#breadcrumb","itemListElement":[{"@type":"ListItem","position":1,"name":"In\u00edcio","item":"https:\/\/www.p31noticias.com.br\/"},{"@type":"ListItem","position":2,"name":"Campanha arrecada doa\u00e7\u00f5es para agricultores do Sul"}]},{"@type":"WebSite","@id":"https:\/\/www.p31noticias.com.br\/#website","url":"https:\/\/www.p31noticias.com.br\/","name":"P31","description":"NOT\u00cdCIAS","potentialAction":[{"@type":"SearchAction","target":{"@type":"EntryPoint","urlTemplate":"https:\/\/www.p31noticias.com.br\/?s={search_term_string}"},"query-input":{"@type":"PropertyValueSpecification","valueRequired":true,"valueName":"search_term_string"}}],"inLanguage":"pt-BR"}]}},"amp_enabled":true,"_links":{"self":[{"href":"https:\/\/www.p31noticias.com.br\/index.php?rest_route=\/wp\/v2\/posts\/53072","targetHints":{"allow":["GET"]}}],"collection":[{"href":"https:\/\/www.p31noticias.com.br\/index.php?rest_route=\/wp\/v2\/posts"}],"about":[{"href":"https:\/\/www.p31noticias.com.br\/index.php?rest_route=\/wp\/v2\/types\/post"}],"replies":[{"embeddable":true,"href":"https:\/\/www.p31noticias.com.br\/index.php?rest_route=%2Fwp%2Fv2%2Fcomments&post=53072"}],"version-history":[{"count":0,"href":"https:\/\/www.p31noticias.com.br\/index.php?rest_route=\/wp\/v2\/posts\/53072\/revisions"}],"wp:featuredmedia":[{"embeddable":true,"href":"https:\/\/www.p31noticias.com.br\/index.php?rest_route=\/wp\/v2\/media\/53073"}],"wp:attachment":[{"href":"https:\/\/www.p31noticias.com.br\/index.php?rest_route=%2Fwp%2Fv2%2Fmedia&parent=53072"}],"wp:term":[{"taxonomy":"category","embeddable":true,"href":"https:\/\/www.p31noticias.com.br\/index.php?rest_route=%2Fwp%2Fv2%2Fcategories&post=53072"},{"taxonomy":"post_tag","embeddable":true,"href":"https:\/\/www.p31noticias.com.br\/index.php?rest_route=%2Fwp%2Fv2%2Ftags&post=53072"}],"curies":[{"name":"wp","href":"https:\/\/api.w.org\/{rel}","templated":true}]}}