{"id":53066,"date":"2024-06-05T15:30:43","date_gmt":"2024-06-05T18:30:43","guid":{"rendered":"https:\/\/p31noticias.com.br\/equipe-acompanha-reflorestamento-de-area-do-gama-no-dia-mundial-do-meio-ambiente\/"},"modified":"2024-06-05T15:30:43","modified_gmt":"2024-06-05T18:30:43","slug":"equipe-acompanha-reflorestamento-de-area-do-gama-no-dia-mundial-do-meio-ambiente","status":"publish","type":"post","link":"https:\/\/www.p31noticias.com.br\/?p=53066","title":{"rendered":"Equipe acompanha reflorestamento de \u00e1rea do Gama no Dia Mundial do Meio Ambiente"},"content":{"rendered":"<p>Na manh\u00e3 desta quarta-feira (5), o Bras\u00edlia Ambiental realizou visita t\u00e9cnica \u00e0 Petroenge Engenharia S\/A, localizado na Regi\u00e3o Administrativa do Gama, com o objetivo de acompanhar o Plano de Recupera\u00e7\u00e3o de \u00c1rea Degradada (Prad), que est\u00e1 em fase de execu\u00e7\u00e3o pelo empreendimento. O presidente da autarquia ambiental, R\u00f4ney Nemer, acompanhou a equipe que foi vistoriar [\u2026]<\/p>\n<p>O post <a href=\"https:\/\/www.delioandrade.com.br\/equipe-acompanha-reflorestamento-de-area-do-gama-no-dia-mundial-do-meio-ambiente\/\">Equipe acompanha reflorestamento de \u00e1rea do Gama no Dia Mundial do Meio Ambiente<\/a> apareceu primeiro em <a href=\"https:\/\/www.delioandrade.com.br\/\">Blog do D\u00c9LIO ANDRADE<\/a>.<\/p>\n","protected":false},"excerpt":{"rendered":"<p>Na manh\u00e3 desta quarta-feira (5), o Bras\u00edlia Ambiental realizou visita t\u00e9cnica \u00e0 Petroenge Engenharia S\/A, localizado na Regi\u00e3o Administrativa do Gama, com o objetivo de acompanhar o Plano de Recupera\u00e7\u00e3o de \u00c1rea Degradada (Prad), que est\u00e1 em fase de execu\u00e7\u00e3o pelo empreendimento. O presidente da autarquia ambiental, R\u00f4ney Nemer, acompanhou a equipe que foi vistoriar [&hellip;]<\/p>\n","protected":false},"author":0,"featured_media":53067,"comment_status":"open","ping_status":"open","sticky":false,"template":"","format":"standard","meta":{"footnotes":""},"categories":[21],"tags":[],"class_list":{"0":"post-53066","1":"post","2":"type-post","3":"status-publish","4":"format-standard","5":"has-post-thumbnail","7":"category-brasilia"},"yoast_head":"<!-- This site is optimized with the Yoast SEO Premium plugin v24.5 (Yoast SEO v27.4) - https:\/\/yoast.com\/product\/yoast-seo-premium-wordpress\/ -->\n<title>Equipe acompanha reflorestamento de \u00e1rea do Gama no Dia Mundial do Meio Ambiente - P31<\/title>\n<meta name=\"robots\" content=\"index, follow, max-snippet:-1, max-image-preview:large, max-video-preview:-1\" \/>\n<link rel=\"canonical\" href=\"https:\/\/www.p31noticias.com.br\/?p=53066\" \/>\n<meta property=\"og:locale\" content=\"pt_BR\" \/>\n<meta property=\"og:type\" content=\"article\" \/>\n<meta property=\"og:title\" content=\"Equipe acompanha reflorestamento de \u00e1rea do Gama no Dia Mundial do Meio Ambiente\" \/>\n<meta property=\"og:description\" content=\"Na manh\u00e3 desta quarta-feira (5), o Bras\u00edlia Ambiental realizou visita t\u00e9cnica \u00e0 Petroenge Engenharia S\/A, localizado na Regi\u00e3o Administrativa do Gama, com o objetivo de acompanhar o Plano de Recupera\u00e7\u00e3o de \u00c1rea Degradada (Prad), que est\u00e1 em fase de execu\u00e7\u00e3o pelo empreendimento. O presidente da autarquia ambiental, R\u00f4ney Nemer, acompanhou a equipe que foi vistoriar [&hellip;]\" \/>\n<meta property=\"og:url\" content=\"https:\/\/www.p31noticias.com.br\/?p=53066\" \/>\n<meta property=\"og:site_name\" content=\"P31\" \/>\n<meta property=\"article:published_time\" content=\"2024-06-05T18:30:43+00:00\" \/>\n<meta property=\"og:image\" content=\"https:\/\/www.p31noticias.com.br\/wp-content\/uploads\/2024\/06\/plantio-prad-Petroenge-e1717609074434-oLa7oC-150x150-miDqNT.jpeg\" \/>\n\t<meta property=\"og:image:width\" content=\"150\" \/>\n\t<meta property=\"og:image:height\" content=\"150\" \/>\n\t<meta property=\"og:image:type\" content=\"image\/jpeg\" \/>\n<meta name=\"twitter:card\" content=\"summary_large_image\" \/>\n<script type=\"application\/ld+json\" class=\"yoast-schema-graph\">{\"@context\":\"https:\\\/\\\/schema.org\",\"@graph\":[{\"@type\":\"Article\",\"@id\":\"https:\\\/\\\/www.p31noticias.com.br\\\/?p=53066#article\",\"isPartOf\":{\"@id\":\"https:\\\/\\\/www.p31noticias.com.br\\\/?p=53066\"},\"author\":{\"name\":\"\",\"@id\":\"\"},\"headline\":\"Equipe acompanha reflorestamento de \u00e1rea do Gama no Dia Mundial do Meio Ambiente\",\"datePublished\":\"2024-06-05T18:30:43+00:00\",\"mainEntityOfPage\":{\"@id\":\"https:\\\/\\\/www.p31noticias.com.br\\\/?p=53066\"},\"wordCount\":96,\"commentCount\":0,\"image\":{\"@id\":\"https:\\\/\\\/www.p31noticias.com.br\\\/?p=53066#primaryimage\"},\"thumbnailUrl\":\"https:\\\/\\\/www.p31noticias.com.br\\\/wp-content\\\/uploads\\\/2024\\\/06\\\/plantio-prad-Petroenge-e1717609074434-oLa7oC-150x150-miDqNT.jpeg\",\"articleSection\":[\"Bras\u00edlia\"],\"inLanguage\":\"pt-BR\",\"potentialAction\":[{\"@type\":\"CommentAction\",\"name\":\"Comment\",\"target\":[\"https:\\\/\\\/www.p31noticias.com.br\\\/?p=53066#respond\"]}],\"copyrightYear\":\"2024\",\"copyrightHolder\":{\"@id\":\"https:\\\/\\\/www.p31noticias.com.br\\\/#organization\"}},{\"@type\":\"WebPage\",\"@id\":\"https:\\\/\\\/www.p31noticias.com.br\\\/?p=53066\",\"url\":\"https:\\\/\\\/www.p31noticias.com.br\\\/?p=53066\",\"name\":\"Equipe acompanha reflorestamento de \u00e1rea do Gama no Dia Mundial do Meio Ambiente - P31\",\"isPartOf\":{\"@id\":\"https:\\\/\\\/www.p31noticias.com.br\\\/#website\"},\"primaryImageOfPage\":{\"@id\":\"https:\\\/\\\/www.p31noticias.com.br\\\/?p=53066#primaryimage\"},\"image\":{\"@id\":\"https:\\\/\\\/www.p31noticias.com.br\\\/?p=53066#primaryimage\"},\"thumbnailUrl\":\"https:\\\/\\\/www.p31noticias.com.br\\\/wp-content\\\/uploads\\\/2024\\\/06\\\/plantio-prad-Petroenge-e1717609074434-oLa7oC-150x150-miDqNT.jpeg\",\"datePublished\":\"2024-06-05T18:30:43+00:00\",\"author\":{\"@id\":\"\"},\"breadcrumb\":{\"@id\":\"https:\\\/\\\/www.p31noticias.com.br\\\/?p=53066#breadcrumb\"},\"inLanguage\":\"pt-BR\",\"potentialAction\":[{\"@type\":\"ReadAction\",\"target\":[\"https:\\\/\\\/www.p31noticias.com.br\\\/?p=53066\"]}]},{\"@type\":\"ImageObject\",\"inLanguage\":\"pt-BR\",\"@id\":\"https:\\\/\\\/www.p31noticias.com.br\\\/?p=53066#primaryimage\",\"url\":\"https:\\\/\\\/www.p31noticias.com.br\\\/wp-content\\\/uploads\\\/2024\\\/06\\\/plantio-prad-Petroenge-e1717609074434-oLa7oC-150x150-miDqNT.jpeg\",\"contentUrl\":\"https:\\\/\\\/www.p31noticias.com.br\\\/wp-content\\\/uploads\\\/2024\\\/06\\\/plantio-prad-Petroenge-e1717609074434-oLa7oC-150x150-miDqNT.jpeg\",\"width\":150,\"height\":150},{\"@type\":\"BreadcrumbList\",\"@id\":\"https:\\\/\\\/www.p31noticias.com.br\\\/?p=53066#breadcrumb\",\"itemListElement\":[{\"@type\":\"ListItem\",\"position\":1,\"name\":\"In\u00edcio\",\"item\":\"https:\\\/\\\/www.p31noticias.com.br\\\/\"},{\"@type\":\"ListItem\",\"position\":2,\"name\":\"Equipe acompanha reflorestamento de \u00e1rea do Gama no Dia Mundial do Meio Ambiente\"}]},{\"@type\":\"WebSite\",\"@id\":\"https:\\\/\\\/www.p31noticias.com.br\\\/#website\",\"url\":\"https:\\\/\\\/www.p31noticias.com.br\\\/\",\"name\":\"P31\",\"description\":\"NOT\u00cdCIAS\",\"potentialAction\":[{\"@type\":\"SearchAction\",\"target\":{\"@type\":\"EntryPoint\",\"urlTemplate\":\"https:\\\/\\\/www.p31noticias.com.br\\\/?s={search_term_string}\"},\"query-input\":{\"@type\":\"PropertyValueSpecification\",\"valueRequired\":true,\"valueName\":\"search_term_string\"}}],\"inLanguage\":\"pt-BR\"}]}<\/script>\n<!-- \/ Yoast SEO Premium plugin. -->","yoast_head_json":{"title":"Equipe acompanha reflorestamento de \u00e1rea do Gama no Dia Mundial do Meio Ambiente - P31","robots":{"index":"index","follow":"follow","max-snippet":"max-snippet:-1","max-image-preview":"max-image-preview:large","max-video-preview":"max-video-preview:-1"},"canonical":"https:\/\/www.p31noticias.com.br\/?p=53066","og_locale":"pt_BR","og_type":"article","og_title":"Equipe acompanha reflorestamento de \u00e1rea do Gama no Dia Mundial do Meio Ambiente","og_description":"Na manh\u00e3 desta quarta-feira (5), o Bras\u00edlia Ambiental realizou visita t\u00e9cnica \u00e0 Petroenge Engenharia S\/A, localizado na Regi\u00e3o Administrativa do Gama, com o objetivo de acompanhar o Plano de Recupera\u00e7\u00e3o de \u00c1rea Degradada (Prad), que est\u00e1 em fase de execu\u00e7\u00e3o pelo empreendimento. O presidente da autarquia ambiental, R\u00f4ney Nemer, acompanhou a equipe que foi vistoriar [&hellip;]","og_url":"https:\/\/www.p31noticias.com.br\/?p=53066","og_site_name":"P31","article_published_time":"2024-06-05T18:30:43+00:00","og_image":[{"width":150,"height":150,"url":"https:\/\/www.p31noticias.com.br\/wp-content\/uploads\/2024\/06\/plantio-prad-Petroenge-e1717609074434-oLa7oC-150x150-miDqNT.jpeg","type":"image\/jpeg"}],"twitter_card":"summary_large_image","schema":{"@context":"https:\/\/schema.org","@graph":[{"@type":"Article","@id":"https:\/\/www.p31noticias.com.br\/?p=53066#article","isPartOf":{"@id":"https:\/\/www.p31noticias.com.br\/?p=53066"},"author":{"name":"","@id":""},"headline":"Equipe acompanha reflorestamento de \u00e1rea do Gama no Dia Mundial do Meio Ambiente","datePublished":"2024-06-05T18:30:43+00:00","mainEntityOfPage":{"@id":"https:\/\/www.p31noticias.com.br\/?p=53066"},"wordCount":96,"commentCount":0,"image":{"@id":"https:\/\/www.p31noticias.com.br\/?p=53066#primaryimage"},"thumbnailUrl":"https:\/\/www.p31noticias.com.br\/wp-content\/uploads\/2024\/06\/plantio-prad-Petroenge-e1717609074434-oLa7oC-150x150-miDqNT.jpeg","articleSection":["Bras\u00edlia"],"inLanguage":"pt-BR","potentialAction":[{"@type":"CommentAction","name":"Comment","target":["https:\/\/www.p31noticias.com.br\/?p=53066#respond"]}],"copyrightYear":"2024","copyrightHolder":{"@id":"https:\/\/www.p31noticias.com.br\/#organization"}},{"@type":"WebPage","@id":"https:\/\/www.p31noticias.com.br\/?p=53066","url":"https:\/\/www.p31noticias.com.br\/?p=53066","name":"Equipe acompanha reflorestamento de \u00e1rea do Gama no Dia Mundial do Meio Ambiente - P31","isPartOf":{"@id":"https:\/\/www.p31noticias.com.br\/#website"},"primaryImageOfPage":{"@id":"https:\/\/www.p31noticias.com.br\/?p=53066#primaryimage"},"image":{"@id":"https:\/\/www.p31noticias.com.br\/?p=53066#primaryimage"},"thumbnailUrl":"https:\/\/www.p31noticias.com.br\/wp-content\/uploads\/2024\/06\/plantio-prad-Petroenge-e1717609074434-oLa7oC-150x150-miDqNT.jpeg","datePublished":"2024-06-05T18:30:43+00:00","author":{"@id":""},"breadcrumb":{"@id":"https:\/\/www.p31noticias.com.br\/?p=53066#breadcrumb"},"inLanguage":"pt-BR","potentialAction":[{"@type":"ReadAction","target":["https:\/\/www.p31noticias.com.br\/?p=53066"]}]},{"@type":"ImageObject","inLanguage":"pt-BR","@id":"https:\/\/www.p31noticias.com.br\/?p=53066#primaryimage","url":"https:\/\/www.p31noticias.com.br\/wp-content\/uploads\/2024\/06\/plantio-prad-Petroenge-e1717609074434-oLa7oC-150x150-miDqNT.jpeg","contentUrl":"https:\/\/www.p31noticias.com.br\/wp-content\/uploads\/2024\/06\/plantio-prad-Petroenge-e1717609074434-oLa7oC-150x150-miDqNT.jpeg","width":150,"height":150},{"@type":"BreadcrumbList","@id":"https:\/\/www.p31noticias.com.br\/?p=53066#breadcrumb","itemListElement":[{"@type":"ListItem","position":1,"name":"In\u00edcio","item":"https:\/\/www.p31noticias.com.br\/"},{"@type":"ListItem","position":2,"name":"Equipe acompanha reflorestamento de \u00e1rea do Gama no Dia Mundial do Meio Ambiente"}]},{"@type":"WebSite","@id":"https:\/\/www.p31noticias.com.br\/#website","url":"https:\/\/www.p31noticias.com.br\/","name":"P31","description":"NOT\u00cdCIAS","potentialAction":[{"@type":"SearchAction","target":{"@type":"EntryPoint","urlTemplate":"https:\/\/www.p31noticias.com.br\/?s={search_term_string}"},"query-input":{"@type":"PropertyValueSpecification","valueRequired":true,"valueName":"search_term_string"}}],"inLanguage":"pt-BR"}]}},"amp_enabled":true,"_links":{"self":[{"href":"https:\/\/www.p31noticias.com.br\/index.php?rest_route=\/wp\/v2\/posts\/53066","targetHints":{"allow":["GET"]}}],"collection":[{"href":"https:\/\/www.p31noticias.com.br\/index.php?rest_route=\/wp\/v2\/posts"}],"about":[{"href":"https:\/\/www.p31noticias.com.br\/index.php?rest_route=\/wp\/v2\/types\/post"}],"replies":[{"embeddable":true,"href":"https:\/\/www.p31noticias.com.br\/index.php?rest_route=%2Fwp%2Fv2%2Fcomments&post=53066"}],"version-history":[{"count":0,"href":"https:\/\/www.p31noticias.com.br\/index.php?rest_route=\/wp\/v2\/posts\/53066\/revisions"}],"wp:featuredmedia":[{"embeddable":true,"href":"https:\/\/www.p31noticias.com.br\/index.php?rest_route=\/wp\/v2\/media\/53067"}],"wp:attachment":[{"href":"https:\/\/www.p31noticias.com.br\/index.php?rest_route=%2Fwp%2Fv2%2Fmedia&parent=53066"}],"wp:term":[{"taxonomy":"category","embeddable":true,"href":"https:\/\/www.p31noticias.com.br\/index.php?rest_route=%2Fwp%2Fv2%2Fcategories&post=53066"},{"taxonomy":"post_tag","embeddable":true,"href":"https:\/\/www.p31noticias.com.br\/index.php?rest_route=%2Fwp%2Fv2%2Ftags&post=53066"}],"curies":[{"name":"wp","href":"https:\/\/api.w.org\/{rel}","templated":true}]}}