{"id":52904,"date":"2024-06-04T18:30:33","date_gmt":"2024-06-04T21:30:33","guid":{"rendered":"https:\/\/p31noticias.com.br\/abertas-inscricoes-para-o-congresso-regional-de-mulheres-do-distrito-federal-e-entorno\/"},"modified":"2024-06-04T18:30:33","modified_gmt":"2024-06-04T21:30:33","slug":"abertas-inscricoes-para-o-congresso-regional-de-mulheres-do-distrito-federal-e-entorno","status":"publish","type":"post","link":"https:\/\/www.p31noticias.com.br\/?p=52904","title":{"rendered":"Abertas inscri\u00e7\u00f5es para o Congresso Regional de Mulheres do Distrito Federal e Entorno"},"content":{"rendered":"<p>Est\u00e3o abertas as inscri\u00e7\u00f5es para o Congresso Regional de Mulheres do Distrito Federal e Entorno, que ocorrer\u00e1 nos dias 14 e 15 de junho, no Centro Ol\u00edmpico e Paral\u00edmpico de Planaltina. A iniciativa, que tem como objetivo proporcionar um espa\u00e7o de aprendizado, reflex\u00e3o e empoderamento para as mulheres da regi\u00e3o, \u00e9 uma parceria da Secretaria [\u2026]<\/p>\n<p>O post <a href=\"https:\/\/www.delioandrade.com.br\/abertas-inscricoes-para-o-congresso-regional-de-mulheres-do-distrito-federal-e-entorno\/\">Abertas inscri\u00e7\u00f5es para o Congresso Regional de Mulheres do Distrito Federal e Entorno<\/a> apareceu primeiro em <a href=\"https:\/\/www.delioandrade.com.br\/\">Blog do D\u00c9LIO ANDRADE<\/a>.<\/p>\n","protected":false},"excerpt":{"rendered":"<p>Est\u00e3o abertas as inscri\u00e7\u00f5es para o Congresso Regional de Mulheres do Distrito Federal e Entorno, que ocorrer\u00e1 nos dias 14 e 15 de junho, no Centro Ol\u00edmpico e Paral\u00edmpico de Planaltina. A iniciativa, que tem como objetivo proporcionar um espa\u00e7o de aprendizado, reflex\u00e3o e empoderamento para as mulheres da regi\u00e3o, \u00e9 uma parceria da Secretaria [&hellip;]<\/p>\n","protected":false},"author":0,"featured_media":52905,"comment_status":"open","ping_status":"open","sticky":false,"template":"","format":"standard","meta":{"footnotes":""},"categories":[21],"tags":[],"class_list":{"0":"post-52904","1":"post","2":"type-post","3":"status-publish","4":"format-standard","5":"has-post-thumbnail","7":"category-brasilia"},"yoast_head":"<!-- This site is optimized with the Yoast SEO Premium plugin v24.5 (Yoast SEO v27.4) - https:\/\/yoast.com\/product\/yoast-seo-premium-wordpress\/ -->\n<title>Abertas inscri\u00e7\u00f5es para o Congresso Regional de Mulheres do Distrito Federal e Entorno - P31<\/title>\n<meta name=\"robots\" content=\"index, follow, max-snippet:-1, max-image-preview:large, max-video-preview:-1\" \/>\n<link rel=\"canonical\" href=\"https:\/\/www.p31noticias.com.br\/?p=52904\" \/>\n<meta property=\"og:locale\" content=\"pt_BR\" \/>\n<meta property=\"og:type\" content=\"article\" \/>\n<meta property=\"og:title\" content=\"Abertas inscri\u00e7\u00f5es para o Congresso Regional de Mulheres do Distrito Federal e Entorno\" \/>\n<meta property=\"og:description\" content=\"Est\u00e3o abertas as inscri\u00e7\u00f5es para o Congresso Regional de Mulheres do Distrito Federal e Entorno, que ocorrer\u00e1 nos dias 14 e 15 de junho, no Centro Ol\u00edmpico e Paral\u00edmpico de Planaltina. A iniciativa, que tem como objetivo proporcionar um espa\u00e7o de aprendizado, reflex\u00e3o e empoderamento para as mulheres da regi\u00e3o, \u00e9 uma parceria da Secretaria [&hellip;]\" \/>\n<meta property=\"og:url\" content=\"https:\/\/www.p31noticias.com.br\/?p=52904\" \/>\n<meta property=\"og:site_name\" content=\"P31\" \/>\n<meta property=\"article:published_time\" content=\"2024-06-04T21:30:33+00:00\" \/>\n<meta property=\"og:image\" content=\"https:\/\/www.p31noticias.com.br\/wp-content\/uploads\/2024\/06\/image0-aLIcRR-150x150-6Iyipb.jpeg\" \/>\n\t<meta property=\"og:image:width\" content=\"150\" \/>\n\t<meta property=\"og:image:height\" content=\"150\" \/>\n\t<meta property=\"og:image:type\" content=\"image\/jpeg\" \/>\n<meta name=\"twitter:card\" content=\"summary_large_image\" \/>\n<script type=\"application\/ld+json\" class=\"yoast-schema-graph\">{\"@context\":\"https:\\\/\\\/schema.org\",\"@graph\":[{\"@type\":\"Article\",\"@id\":\"https:\\\/\\\/www.p31noticias.com.br\\\/?p=52904#article\",\"isPartOf\":{\"@id\":\"https:\\\/\\\/www.p31noticias.com.br\\\/?p=52904\"},\"author\":{\"name\":\"\",\"@id\":\"\"},\"headline\":\"Abertas inscri\u00e7\u00f5es para o Congresso Regional de Mulheres do Distrito Federal e Entorno\",\"datePublished\":\"2024-06-04T21:30:33+00:00\",\"mainEntityOfPage\":{\"@id\":\"https:\\\/\\\/www.p31noticias.com.br\\\/?p=52904\"},\"wordCount\":97,\"commentCount\":0,\"image\":{\"@id\":\"https:\\\/\\\/www.p31noticias.com.br\\\/?p=52904#primaryimage\"},\"thumbnailUrl\":\"https:\\\/\\\/www.p31noticias.com.br\\\/wp-content\\\/uploads\\\/2024\\\/06\\\/image0-aLIcRR-150x150-6Iyipb.jpeg\",\"articleSection\":[\"Bras\u00edlia\"],\"inLanguage\":\"pt-BR\",\"potentialAction\":[{\"@type\":\"CommentAction\",\"name\":\"Comment\",\"target\":[\"https:\\\/\\\/www.p31noticias.com.br\\\/?p=52904#respond\"]}],\"copyrightYear\":\"2024\",\"copyrightHolder\":{\"@id\":\"https:\\\/\\\/www.p31noticias.com.br\\\/#organization\"}},{\"@type\":\"WebPage\",\"@id\":\"https:\\\/\\\/www.p31noticias.com.br\\\/?p=52904\",\"url\":\"https:\\\/\\\/www.p31noticias.com.br\\\/?p=52904\",\"name\":\"Abertas inscri\u00e7\u00f5es para o Congresso Regional de Mulheres do Distrito Federal e Entorno - P31\",\"isPartOf\":{\"@id\":\"https:\\\/\\\/www.p31noticias.com.br\\\/#website\"},\"primaryImageOfPage\":{\"@id\":\"https:\\\/\\\/www.p31noticias.com.br\\\/?p=52904#primaryimage\"},\"image\":{\"@id\":\"https:\\\/\\\/www.p31noticias.com.br\\\/?p=52904#primaryimage\"},\"thumbnailUrl\":\"https:\\\/\\\/www.p31noticias.com.br\\\/wp-content\\\/uploads\\\/2024\\\/06\\\/image0-aLIcRR-150x150-6Iyipb.jpeg\",\"datePublished\":\"2024-06-04T21:30:33+00:00\",\"author\":{\"@id\":\"\"},\"breadcrumb\":{\"@id\":\"https:\\\/\\\/www.p31noticias.com.br\\\/?p=52904#breadcrumb\"},\"inLanguage\":\"pt-BR\",\"potentialAction\":[{\"@type\":\"ReadAction\",\"target\":[\"https:\\\/\\\/www.p31noticias.com.br\\\/?p=52904\"]}]},{\"@type\":\"ImageObject\",\"inLanguage\":\"pt-BR\",\"@id\":\"https:\\\/\\\/www.p31noticias.com.br\\\/?p=52904#primaryimage\",\"url\":\"https:\\\/\\\/www.p31noticias.com.br\\\/wp-content\\\/uploads\\\/2024\\\/06\\\/image0-aLIcRR-150x150-6Iyipb.jpeg\",\"contentUrl\":\"https:\\\/\\\/www.p31noticias.com.br\\\/wp-content\\\/uploads\\\/2024\\\/06\\\/image0-aLIcRR-150x150-6Iyipb.jpeg\",\"width\":150,\"height\":150},{\"@type\":\"BreadcrumbList\",\"@id\":\"https:\\\/\\\/www.p31noticias.com.br\\\/?p=52904#breadcrumb\",\"itemListElement\":[{\"@type\":\"ListItem\",\"position\":1,\"name\":\"In\u00edcio\",\"item\":\"https:\\\/\\\/www.p31noticias.com.br\\\/\"},{\"@type\":\"ListItem\",\"position\":2,\"name\":\"Abertas inscri\u00e7\u00f5es para o Congresso Regional de Mulheres do Distrito Federal e Entorno\"}]},{\"@type\":\"WebSite\",\"@id\":\"https:\\\/\\\/www.p31noticias.com.br\\\/#website\",\"url\":\"https:\\\/\\\/www.p31noticias.com.br\\\/\",\"name\":\"P31\",\"description\":\"NOT\u00cdCIAS\",\"potentialAction\":[{\"@type\":\"SearchAction\",\"target\":{\"@type\":\"EntryPoint\",\"urlTemplate\":\"https:\\\/\\\/www.p31noticias.com.br\\\/?s={search_term_string}\"},\"query-input\":{\"@type\":\"PropertyValueSpecification\",\"valueRequired\":true,\"valueName\":\"search_term_string\"}}],\"inLanguage\":\"pt-BR\"}]}<\/script>\n<!-- \/ Yoast SEO Premium plugin. -->","yoast_head_json":{"title":"Abertas inscri\u00e7\u00f5es para o Congresso Regional de Mulheres do Distrito Federal e Entorno - P31","robots":{"index":"index","follow":"follow","max-snippet":"max-snippet:-1","max-image-preview":"max-image-preview:large","max-video-preview":"max-video-preview:-1"},"canonical":"https:\/\/www.p31noticias.com.br\/?p=52904","og_locale":"pt_BR","og_type":"article","og_title":"Abertas inscri\u00e7\u00f5es para o Congresso Regional de Mulheres do Distrito Federal e Entorno","og_description":"Est\u00e3o abertas as inscri\u00e7\u00f5es para o Congresso Regional de Mulheres do Distrito Federal e Entorno, que ocorrer\u00e1 nos dias 14 e 15 de junho, no Centro Ol\u00edmpico e Paral\u00edmpico de Planaltina. A iniciativa, que tem como objetivo proporcionar um espa\u00e7o de aprendizado, reflex\u00e3o e empoderamento para as mulheres da regi\u00e3o, \u00e9 uma parceria da Secretaria [&hellip;]","og_url":"https:\/\/www.p31noticias.com.br\/?p=52904","og_site_name":"P31","article_published_time":"2024-06-04T21:30:33+00:00","og_image":[{"width":150,"height":150,"url":"https:\/\/www.p31noticias.com.br\/wp-content\/uploads\/2024\/06\/image0-aLIcRR-150x150-6Iyipb.jpeg","type":"image\/jpeg"}],"twitter_card":"summary_large_image","schema":{"@context":"https:\/\/schema.org","@graph":[{"@type":"Article","@id":"https:\/\/www.p31noticias.com.br\/?p=52904#article","isPartOf":{"@id":"https:\/\/www.p31noticias.com.br\/?p=52904"},"author":{"name":"","@id":""},"headline":"Abertas inscri\u00e7\u00f5es para o Congresso Regional de Mulheres do Distrito Federal e Entorno","datePublished":"2024-06-04T21:30:33+00:00","mainEntityOfPage":{"@id":"https:\/\/www.p31noticias.com.br\/?p=52904"},"wordCount":97,"commentCount":0,"image":{"@id":"https:\/\/www.p31noticias.com.br\/?p=52904#primaryimage"},"thumbnailUrl":"https:\/\/www.p31noticias.com.br\/wp-content\/uploads\/2024\/06\/image0-aLIcRR-150x150-6Iyipb.jpeg","articleSection":["Bras\u00edlia"],"inLanguage":"pt-BR","potentialAction":[{"@type":"CommentAction","name":"Comment","target":["https:\/\/www.p31noticias.com.br\/?p=52904#respond"]}],"copyrightYear":"2024","copyrightHolder":{"@id":"https:\/\/www.p31noticias.com.br\/#organization"}},{"@type":"WebPage","@id":"https:\/\/www.p31noticias.com.br\/?p=52904","url":"https:\/\/www.p31noticias.com.br\/?p=52904","name":"Abertas inscri\u00e7\u00f5es para o Congresso Regional de Mulheres do Distrito Federal e Entorno - P31","isPartOf":{"@id":"https:\/\/www.p31noticias.com.br\/#website"},"primaryImageOfPage":{"@id":"https:\/\/www.p31noticias.com.br\/?p=52904#primaryimage"},"image":{"@id":"https:\/\/www.p31noticias.com.br\/?p=52904#primaryimage"},"thumbnailUrl":"https:\/\/www.p31noticias.com.br\/wp-content\/uploads\/2024\/06\/image0-aLIcRR-150x150-6Iyipb.jpeg","datePublished":"2024-06-04T21:30:33+00:00","author":{"@id":""},"breadcrumb":{"@id":"https:\/\/www.p31noticias.com.br\/?p=52904#breadcrumb"},"inLanguage":"pt-BR","potentialAction":[{"@type":"ReadAction","target":["https:\/\/www.p31noticias.com.br\/?p=52904"]}]},{"@type":"ImageObject","inLanguage":"pt-BR","@id":"https:\/\/www.p31noticias.com.br\/?p=52904#primaryimage","url":"https:\/\/www.p31noticias.com.br\/wp-content\/uploads\/2024\/06\/image0-aLIcRR-150x150-6Iyipb.jpeg","contentUrl":"https:\/\/www.p31noticias.com.br\/wp-content\/uploads\/2024\/06\/image0-aLIcRR-150x150-6Iyipb.jpeg","width":150,"height":150},{"@type":"BreadcrumbList","@id":"https:\/\/www.p31noticias.com.br\/?p=52904#breadcrumb","itemListElement":[{"@type":"ListItem","position":1,"name":"In\u00edcio","item":"https:\/\/www.p31noticias.com.br\/"},{"@type":"ListItem","position":2,"name":"Abertas inscri\u00e7\u00f5es para o Congresso Regional de Mulheres do Distrito Federal e Entorno"}]},{"@type":"WebSite","@id":"https:\/\/www.p31noticias.com.br\/#website","url":"https:\/\/www.p31noticias.com.br\/","name":"P31","description":"NOT\u00cdCIAS","potentialAction":[{"@type":"SearchAction","target":{"@type":"EntryPoint","urlTemplate":"https:\/\/www.p31noticias.com.br\/?s={search_term_string}"},"query-input":{"@type":"PropertyValueSpecification","valueRequired":true,"valueName":"search_term_string"}}],"inLanguage":"pt-BR"}]}},"amp_enabled":true,"_links":{"self":[{"href":"https:\/\/www.p31noticias.com.br\/index.php?rest_route=\/wp\/v2\/posts\/52904","targetHints":{"allow":["GET"]}}],"collection":[{"href":"https:\/\/www.p31noticias.com.br\/index.php?rest_route=\/wp\/v2\/posts"}],"about":[{"href":"https:\/\/www.p31noticias.com.br\/index.php?rest_route=\/wp\/v2\/types\/post"}],"replies":[{"embeddable":true,"href":"https:\/\/www.p31noticias.com.br\/index.php?rest_route=%2Fwp%2Fv2%2Fcomments&post=52904"}],"version-history":[{"count":0,"href":"https:\/\/www.p31noticias.com.br\/index.php?rest_route=\/wp\/v2\/posts\/52904\/revisions"}],"wp:featuredmedia":[{"embeddable":true,"href":"https:\/\/www.p31noticias.com.br\/index.php?rest_route=\/wp\/v2\/media\/52905"}],"wp:attachment":[{"href":"https:\/\/www.p31noticias.com.br\/index.php?rest_route=%2Fwp%2Fv2%2Fmedia&parent=52904"}],"wp:term":[{"taxonomy":"category","embeddable":true,"href":"https:\/\/www.p31noticias.com.br\/index.php?rest_route=%2Fwp%2Fv2%2Fcategories&post=52904"},{"taxonomy":"post_tag","embeddable":true,"href":"https:\/\/www.p31noticias.com.br\/index.php?rest_route=%2Fwp%2Fv2%2Ftags&post=52904"}],"curies":[{"name":"wp","href":"https:\/\/api.w.org\/{rel}","templated":true}]}}