{"id":52520,"date":"2024-05-31T17:31:51","date_gmt":"2024-05-31T20:31:51","guid":{"rendered":"https:\/\/p31noticias.com.br\/inscricoes-abertas-para-a-4a-etapa-do-projeto-rede-comunidade\/"},"modified":"2024-05-31T17:31:51","modified_gmt":"2024-05-31T20:31:51","slug":"inscricoes-abertas-para-a-4a-etapa-do-projeto-rede-comunidade","status":"publish","type":"post","link":"https:\/\/www.p31noticias.com.br\/?p=52520","title":{"rendered":"Inscri\u00e7\u00f5es abertas para a 4\u00aa etapa do Projeto Rede Comunidade"},"content":{"rendered":"<p>Est\u00e3o abertas as inscri\u00e7\u00f5es para a 4\u00aa Etapa do Projeto Rede Comunidade. A iniciativa visa qualificar e capacitar organiza\u00e7\u00f5es da sociedade civil (OSCs) do Distrito Federal sobre os processos necess\u00e1rios de formaliza\u00e7\u00e3o e regulariza\u00e7\u00e3o da atua\u00e7\u00e3o das entidades. Nesta edi\u00e7\u00e3o, ser\u00e3o contempladas institui\u00e7\u00f5es das regi\u00f5es administrativas de Sobradinho, Sobradinho II e Fercal. O programa \u00e9 [\u2026]<\/p>\n<p>O post <a href=\"https:\/\/www.delioandrade.com.br\/inscricoes-abertas-para-a-4a-etapa-do-projeto-rede-comunidade\/\">Inscri\u00e7\u00f5es abertas para a 4\u00aa etapa do Projeto Rede Comunidade<\/a> apareceu primeiro em <a href=\"https:\/\/www.delioandrade.com.br\/\">Blog do D\u00c9LIO ANDRADE<\/a>.<\/p>\n","protected":false},"excerpt":{"rendered":"<p>Est\u00e3o abertas as inscri\u00e7\u00f5es para a 4\u00aa Etapa do Projeto Rede Comunidade. A iniciativa visa qualificar e capacitar organiza\u00e7\u00f5es da sociedade civil (OSCs) do Distrito Federal sobre os processos necess\u00e1rios de formaliza\u00e7\u00e3o e regulariza\u00e7\u00e3o da atua\u00e7\u00e3o das entidades. Nesta edi\u00e7\u00e3o, ser\u00e3o contempladas institui\u00e7\u00f5es das regi\u00f5es administrativas de Sobradinho, Sobradinho II e Fercal. O programa \u00e9 [&hellip;]<\/p>\n","protected":false},"author":0,"featured_media":52521,"comment_status":"open","ping_status":"open","sticky":false,"template":"","format":"standard","meta":{"footnotes":""},"categories":[21],"tags":[],"class_list":{"0":"post-52520","1":"post","2":"type-post","3":"status-publish","4":"format-standard","5":"has-post-thumbnail","7":"category-brasilia"},"yoast_head":"<!-- This site is optimized with the Yoast SEO Premium plugin v24.5 (Yoast SEO v27.4) - https:\/\/yoast.com\/product\/yoast-seo-premium-wordpress\/ -->\n<title>Inscri\u00e7\u00f5es abertas para a 4\u00aa etapa do Projeto Rede Comunidade - P31<\/title>\n<meta name=\"robots\" content=\"index, follow, max-snippet:-1, max-image-preview:large, max-video-preview:-1\" \/>\n<link rel=\"canonical\" href=\"https:\/\/www.p31noticias.com.br\/?p=52520\" \/>\n<meta property=\"og:locale\" content=\"pt_BR\" \/>\n<meta property=\"og:type\" content=\"article\" \/>\n<meta property=\"og:title\" content=\"Inscri\u00e7\u00f5es abertas para a 4\u00aa etapa do Projeto Rede Comunidade\" \/>\n<meta property=\"og:description\" content=\"Est\u00e3o abertas as inscri\u00e7\u00f5es para a 4\u00aa Etapa do Projeto Rede Comunidade. A iniciativa visa qualificar e capacitar organiza\u00e7\u00f5es da sociedade civil (OSCs) do Distrito Federal sobre os processos necess\u00e1rios de formaliza\u00e7\u00e3o e regulariza\u00e7\u00e3o da atua\u00e7\u00e3o das entidades. Nesta edi\u00e7\u00e3o, ser\u00e3o contempladas institui\u00e7\u00f5es das regi\u00f5es administrativas de Sobradinho, Sobradinho II e Fercal. O programa \u00e9 [&hellip;]\" \/>\n<meta property=\"og:url\" content=\"https:\/\/www.p31noticias.com.br\/?p=52520\" \/>\n<meta property=\"og:site_name\" content=\"P31\" \/>\n<meta property=\"article:published_time\" content=\"2024-05-31T20:31:51+00:00\" \/>\n<meta property=\"og:image\" content=\"https:\/\/www.p31noticias.com.br\/wp-content\/uploads\/2024\/05\/Foto-Joel-Rodrigues-2-3-OcyyKW-150x150-GQGXU1.jpeg\" \/>\n\t<meta property=\"og:image:width\" content=\"150\" \/>\n\t<meta property=\"og:image:height\" content=\"150\" \/>\n\t<meta property=\"og:image:type\" content=\"image\/jpeg\" \/>\n<meta name=\"twitter:card\" content=\"summary_large_image\" \/>\n<script type=\"application\/ld+json\" class=\"yoast-schema-graph\">{\"@context\":\"https:\\\/\\\/schema.org\",\"@graph\":[{\"@type\":\"Article\",\"@id\":\"https:\\\/\\\/www.p31noticias.com.br\\\/?p=52520#article\",\"isPartOf\":{\"@id\":\"https:\\\/\\\/www.p31noticias.com.br\\\/?p=52520\"},\"author\":{\"name\":\"\",\"@id\":\"\"},\"headline\":\"Inscri\u00e7\u00f5es abertas para a 4\u00aa etapa do Projeto Rede Comunidade\",\"datePublished\":\"2024-05-31T20:31:51+00:00\",\"mainEntityOfPage\":{\"@id\":\"https:\\\/\\\/www.p31noticias.com.br\\\/?p=52520\"},\"wordCount\":94,\"commentCount\":0,\"image\":{\"@id\":\"https:\\\/\\\/www.p31noticias.com.br\\\/?p=52520#primaryimage\"},\"thumbnailUrl\":\"https:\\\/\\\/www.p31noticias.com.br\\\/wp-content\\\/uploads\\\/2024\\\/05\\\/Foto-Joel-Rodrigues-2-3-OcyyKW-150x150-GQGXU1.jpeg\",\"articleSection\":[\"Bras\u00edlia\"],\"inLanguage\":\"pt-BR\",\"potentialAction\":[{\"@type\":\"CommentAction\",\"name\":\"Comment\",\"target\":[\"https:\\\/\\\/www.p31noticias.com.br\\\/?p=52520#respond\"]}],\"copyrightYear\":\"2024\",\"copyrightHolder\":{\"@id\":\"https:\\\/\\\/www.p31noticias.com.br\\\/#organization\"}},{\"@type\":\"WebPage\",\"@id\":\"https:\\\/\\\/www.p31noticias.com.br\\\/?p=52520\",\"url\":\"https:\\\/\\\/www.p31noticias.com.br\\\/?p=52520\",\"name\":\"Inscri\u00e7\u00f5es abertas para a 4\u00aa etapa do Projeto Rede Comunidade - P31\",\"isPartOf\":{\"@id\":\"https:\\\/\\\/www.p31noticias.com.br\\\/#website\"},\"primaryImageOfPage\":{\"@id\":\"https:\\\/\\\/www.p31noticias.com.br\\\/?p=52520#primaryimage\"},\"image\":{\"@id\":\"https:\\\/\\\/www.p31noticias.com.br\\\/?p=52520#primaryimage\"},\"thumbnailUrl\":\"https:\\\/\\\/www.p31noticias.com.br\\\/wp-content\\\/uploads\\\/2024\\\/05\\\/Foto-Joel-Rodrigues-2-3-OcyyKW-150x150-GQGXU1.jpeg\",\"datePublished\":\"2024-05-31T20:31:51+00:00\",\"author\":{\"@id\":\"\"},\"breadcrumb\":{\"@id\":\"https:\\\/\\\/www.p31noticias.com.br\\\/?p=52520#breadcrumb\"},\"inLanguage\":\"pt-BR\",\"potentialAction\":[{\"@type\":\"ReadAction\",\"target\":[\"https:\\\/\\\/www.p31noticias.com.br\\\/?p=52520\"]}]},{\"@type\":\"ImageObject\",\"inLanguage\":\"pt-BR\",\"@id\":\"https:\\\/\\\/www.p31noticias.com.br\\\/?p=52520#primaryimage\",\"url\":\"https:\\\/\\\/www.p31noticias.com.br\\\/wp-content\\\/uploads\\\/2024\\\/05\\\/Foto-Joel-Rodrigues-2-3-OcyyKW-150x150-GQGXU1.jpeg\",\"contentUrl\":\"https:\\\/\\\/www.p31noticias.com.br\\\/wp-content\\\/uploads\\\/2024\\\/05\\\/Foto-Joel-Rodrigues-2-3-OcyyKW-150x150-GQGXU1.jpeg\",\"width\":150,\"height\":150},{\"@type\":\"BreadcrumbList\",\"@id\":\"https:\\\/\\\/www.p31noticias.com.br\\\/?p=52520#breadcrumb\",\"itemListElement\":[{\"@type\":\"ListItem\",\"position\":1,\"name\":\"In\u00edcio\",\"item\":\"https:\\\/\\\/www.p31noticias.com.br\\\/\"},{\"@type\":\"ListItem\",\"position\":2,\"name\":\"Inscri\u00e7\u00f5es abertas para a 4\u00aa etapa do Projeto Rede Comunidade\"}]},{\"@type\":\"WebSite\",\"@id\":\"https:\\\/\\\/www.p31noticias.com.br\\\/#website\",\"url\":\"https:\\\/\\\/www.p31noticias.com.br\\\/\",\"name\":\"P31\",\"description\":\"NOT\u00cdCIAS\",\"potentialAction\":[{\"@type\":\"SearchAction\",\"target\":{\"@type\":\"EntryPoint\",\"urlTemplate\":\"https:\\\/\\\/www.p31noticias.com.br\\\/?s={search_term_string}\"},\"query-input\":{\"@type\":\"PropertyValueSpecification\",\"valueRequired\":true,\"valueName\":\"search_term_string\"}}],\"inLanguage\":\"pt-BR\"}]}<\/script>\n<!-- \/ Yoast SEO Premium plugin. -->","yoast_head_json":{"title":"Inscri\u00e7\u00f5es abertas para a 4\u00aa etapa do Projeto Rede Comunidade - P31","robots":{"index":"index","follow":"follow","max-snippet":"max-snippet:-1","max-image-preview":"max-image-preview:large","max-video-preview":"max-video-preview:-1"},"canonical":"https:\/\/www.p31noticias.com.br\/?p=52520","og_locale":"pt_BR","og_type":"article","og_title":"Inscri\u00e7\u00f5es abertas para a 4\u00aa etapa do Projeto Rede Comunidade","og_description":"Est\u00e3o abertas as inscri\u00e7\u00f5es para a 4\u00aa Etapa do Projeto Rede Comunidade. A iniciativa visa qualificar e capacitar organiza\u00e7\u00f5es da sociedade civil (OSCs) do Distrito Federal sobre os processos necess\u00e1rios de formaliza\u00e7\u00e3o e regulariza\u00e7\u00e3o da atua\u00e7\u00e3o das entidades. Nesta edi\u00e7\u00e3o, ser\u00e3o contempladas institui\u00e7\u00f5es das regi\u00f5es administrativas de Sobradinho, Sobradinho II e Fercal. O programa \u00e9 [&hellip;]","og_url":"https:\/\/www.p31noticias.com.br\/?p=52520","og_site_name":"P31","article_published_time":"2024-05-31T20:31:51+00:00","og_image":[{"width":150,"height":150,"url":"https:\/\/www.p31noticias.com.br\/wp-content\/uploads\/2024\/05\/Foto-Joel-Rodrigues-2-3-OcyyKW-150x150-GQGXU1.jpeg","type":"image\/jpeg"}],"twitter_card":"summary_large_image","schema":{"@context":"https:\/\/schema.org","@graph":[{"@type":"Article","@id":"https:\/\/www.p31noticias.com.br\/?p=52520#article","isPartOf":{"@id":"https:\/\/www.p31noticias.com.br\/?p=52520"},"author":{"name":"","@id":""},"headline":"Inscri\u00e7\u00f5es abertas para a 4\u00aa etapa do Projeto Rede Comunidade","datePublished":"2024-05-31T20:31:51+00:00","mainEntityOfPage":{"@id":"https:\/\/www.p31noticias.com.br\/?p=52520"},"wordCount":94,"commentCount":0,"image":{"@id":"https:\/\/www.p31noticias.com.br\/?p=52520#primaryimage"},"thumbnailUrl":"https:\/\/www.p31noticias.com.br\/wp-content\/uploads\/2024\/05\/Foto-Joel-Rodrigues-2-3-OcyyKW-150x150-GQGXU1.jpeg","articleSection":["Bras\u00edlia"],"inLanguage":"pt-BR","potentialAction":[{"@type":"CommentAction","name":"Comment","target":["https:\/\/www.p31noticias.com.br\/?p=52520#respond"]}],"copyrightYear":"2024","copyrightHolder":{"@id":"https:\/\/www.p31noticias.com.br\/#organization"}},{"@type":"WebPage","@id":"https:\/\/www.p31noticias.com.br\/?p=52520","url":"https:\/\/www.p31noticias.com.br\/?p=52520","name":"Inscri\u00e7\u00f5es abertas para a 4\u00aa etapa do Projeto Rede Comunidade - P31","isPartOf":{"@id":"https:\/\/www.p31noticias.com.br\/#website"},"primaryImageOfPage":{"@id":"https:\/\/www.p31noticias.com.br\/?p=52520#primaryimage"},"image":{"@id":"https:\/\/www.p31noticias.com.br\/?p=52520#primaryimage"},"thumbnailUrl":"https:\/\/www.p31noticias.com.br\/wp-content\/uploads\/2024\/05\/Foto-Joel-Rodrigues-2-3-OcyyKW-150x150-GQGXU1.jpeg","datePublished":"2024-05-31T20:31:51+00:00","author":{"@id":""},"breadcrumb":{"@id":"https:\/\/www.p31noticias.com.br\/?p=52520#breadcrumb"},"inLanguage":"pt-BR","potentialAction":[{"@type":"ReadAction","target":["https:\/\/www.p31noticias.com.br\/?p=52520"]}]},{"@type":"ImageObject","inLanguage":"pt-BR","@id":"https:\/\/www.p31noticias.com.br\/?p=52520#primaryimage","url":"https:\/\/www.p31noticias.com.br\/wp-content\/uploads\/2024\/05\/Foto-Joel-Rodrigues-2-3-OcyyKW-150x150-GQGXU1.jpeg","contentUrl":"https:\/\/www.p31noticias.com.br\/wp-content\/uploads\/2024\/05\/Foto-Joel-Rodrigues-2-3-OcyyKW-150x150-GQGXU1.jpeg","width":150,"height":150},{"@type":"BreadcrumbList","@id":"https:\/\/www.p31noticias.com.br\/?p=52520#breadcrumb","itemListElement":[{"@type":"ListItem","position":1,"name":"In\u00edcio","item":"https:\/\/www.p31noticias.com.br\/"},{"@type":"ListItem","position":2,"name":"Inscri\u00e7\u00f5es abertas para a 4\u00aa etapa do Projeto Rede Comunidade"}]},{"@type":"WebSite","@id":"https:\/\/www.p31noticias.com.br\/#website","url":"https:\/\/www.p31noticias.com.br\/","name":"P31","description":"NOT\u00cdCIAS","potentialAction":[{"@type":"SearchAction","target":{"@type":"EntryPoint","urlTemplate":"https:\/\/www.p31noticias.com.br\/?s={search_term_string}"},"query-input":{"@type":"PropertyValueSpecification","valueRequired":true,"valueName":"search_term_string"}}],"inLanguage":"pt-BR"}]}},"amp_enabled":true,"_links":{"self":[{"href":"https:\/\/www.p31noticias.com.br\/index.php?rest_route=\/wp\/v2\/posts\/52520","targetHints":{"allow":["GET"]}}],"collection":[{"href":"https:\/\/www.p31noticias.com.br\/index.php?rest_route=\/wp\/v2\/posts"}],"about":[{"href":"https:\/\/www.p31noticias.com.br\/index.php?rest_route=\/wp\/v2\/types\/post"}],"replies":[{"embeddable":true,"href":"https:\/\/www.p31noticias.com.br\/index.php?rest_route=%2Fwp%2Fv2%2Fcomments&post=52520"}],"version-history":[{"count":0,"href":"https:\/\/www.p31noticias.com.br\/index.php?rest_route=\/wp\/v2\/posts\/52520\/revisions"}],"wp:featuredmedia":[{"embeddable":true,"href":"https:\/\/www.p31noticias.com.br\/index.php?rest_route=\/wp\/v2\/media\/52521"}],"wp:attachment":[{"href":"https:\/\/www.p31noticias.com.br\/index.php?rest_route=%2Fwp%2Fv2%2Fmedia&parent=52520"}],"wp:term":[{"taxonomy":"category","embeddable":true,"href":"https:\/\/www.p31noticias.com.br\/index.php?rest_route=%2Fwp%2Fv2%2Fcategories&post=52520"},{"taxonomy":"post_tag","embeddable":true,"href":"https:\/\/www.p31noticias.com.br\/index.php?rest_route=%2Fwp%2Fv2%2Ftags&post=52520"}],"curies":[{"name":"wp","href":"https:\/\/api.w.org\/{rel}","templated":true}]}}