{"id":52390,"date":"2024-05-30T09:30:14","date_gmt":"2024-05-30T12:30:14","guid":{"rendered":"https:\/\/p31noticias.com.br\/senatran-realiza-fiscalizacao-e-palestras-educativas-em-santa-catarina-na-primeira-acao-integrada-pnatrans\/"},"modified":"2024-05-30T09:30:14","modified_gmt":"2024-05-30T12:30:14","slug":"senatran-realiza-fiscalizacao-e-palestras-educativas-em-santa-catarina-na-primeira-acao-integrada-pnatrans","status":"publish","type":"post","link":"https:\/\/www.p31noticias.com.br\/?p=52390","title":{"rendered":"Senatran realiza fiscaliza\u00e7\u00e3o e palestras educativas em Santa Catarina na primeira A\u00e7\u00e3o Integrada Pnatrans"},"content":{"rendered":"<p>Evento conta com participa\u00e7\u00e3o de diversos \u00f3rg\u00e3os e entidades do Sistema Nacional de Tr\u00e2nsito e busca refor\u00e7ar a aten\u00e7\u00e3o de condutores para evitar mortes no tr\u00e2nsito \u00a0 Desta quarta-feira (29) at\u00e9 domingo (2) todos os pedestres, ciclistas, motociclistas e motoristas que passarem pela BR-101\/SC, na altura do km 220 no munic\u00edpio de Palho\u00e7a, ser\u00e3o convidados [\u2026]<\/p>\n<p>O post <a href=\"https:\/\/www.delioandrade.com.br\/senatran-realiza-fiscalizacao-e-palestras-educativas-em-santa-catarina-na-primeira-acao-integrada-pnatrans\/\">Senatran realiza fiscaliza\u00e7\u00e3o e palestras educativas em Santa Catarina na primeira A\u00e7\u00e3o Integrada Pnatrans<\/a> apareceu primeiro em <a href=\"https:\/\/www.delioandrade.com.br\/\">Blog do D\u00c9LIO ANDRADE<\/a>.<\/p>\n","protected":false},"excerpt":{"rendered":"<p>Evento conta com participa\u00e7\u00e3o de diversos \u00f3rg\u00e3os e entidades do Sistema Nacional de Tr\u00e2nsito e busca refor\u00e7ar a aten\u00e7\u00e3o de condutores para evitar mortes no tr\u00e2nsito \u00a0 Desta quarta-feira (29) at\u00e9 domingo (2) todos os pedestres, ciclistas, motociclistas e motoristas que passarem pela BR-101\/SC, na altura do km 220 no munic\u00edpio de Palho\u00e7a, ser\u00e3o convidados [&hellip;]<\/p>\n","protected":false},"author":0,"featured_media":52391,"comment_status":"open","ping_status":"open","sticky":false,"template":"","format":"standard","meta":{"footnotes":""},"categories":[21],"tags":[],"class_list":{"0":"post-52390","1":"post","2":"type-post","3":"status-publish","4":"format-standard","5":"has-post-thumbnail","7":"category-brasilia"},"yoast_head":"<!-- This site is optimized with the Yoast SEO Premium plugin v24.5 (Yoast SEO v27.4) - https:\/\/yoast.com\/product\/yoast-seo-premium-wordpress\/ -->\n<title>Senatran realiza fiscaliza\u00e7\u00e3o e palestras educativas em Santa Catarina na primeira A\u00e7\u00e3o Integrada Pnatrans - P31<\/title>\n<meta name=\"robots\" content=\"index, follow, max-snippet:-1, max-image-preview:large, max-video-preview:-1\" \/>\n<link rel=\"canonical\" href=\"https:\/\/www.p31noticias.com.br\/?p=52390\" \/>\n<meta property=\"og:locale\" content=\"pt_BR\" \/>\n<meta property=\"og:type\" content=\"article\" \/>\n<meta property=\"og:title\" content=\"Senatran realiza fiscaliza\u00e7\u00e3o e palestras educativas em Santa Catarina na primeira A\u00e7\u00e3o Integrada Pnatrans\" \/>\n<meta property=\"og:description\" content=\"Evento conta com participa\u00e7\u00e3o de diversos \u00f3rg\u00e3os e entidades do Sistema Nacional de Tr\u00e2nsito e busca refor\u00e7ar a aten\u00e7\u00e3o de condutores para evitar mortes no tr\u00e2nsito \u00a0 Desta quarta-feira (29) at\u00e9 domingo (2) todos os pedestres, ciclistas, motociclistas e motoristas que passarem pela BR-101\/SC, na altura do km 220 no munic\u00edpio de Palho\u00e7a, ser\u00e3o convidados [&hellip;]\" \/>\n<meta property=\"og:url\" content=\"https:\/\/www.p31noticias.com.br\/?p=52390\" \/>\n<meta property=\"og:site_name\" content=\"P31\" \/>\n<meta property=\"article:published_time\" content=\"2024-05-30T12:30:14+00:00\" \/>\n<meta property=\"og:image\" content=\"https:\/\/www.p31noticias.com.br\/wp-content\/uploads\/2024\/05\/MaioAmareloBanner-150x150-KqFrnY-HtADJ7.png\" \/>\n\t<meta property=\"og:image:width\" content=\"150\" \/>\n\t<meta property=\"og:image:height\" content=\"150\" \/>\n\t<meta property=\"og:image:type\" content=\"image\/png\" \/>\n<meta name=\"twitter:card\" content=\"summary_large_image\" \/>\n<script type=\"application\/ld+json\" class=\"yoast-schema-graph\">{\"@context\":\"https:\\\/\\\/schema.org\",\"@graph\":[{\"@type\":\"Article\",\"@id\":\"https:\\\/\\\/www.p31noticias.com.br\\\/?p=52390#article\",\"isPartOf\":{\"@id\":\"https:\\\/\\\/www.p31noticias.com.br\\\/?p=52390\"},\"author\":{\"name\":\"\",\"@id\":\"\"},\"headline\":\"Senatran realiza fiscaliza\u00e7\u00e3o e palestras educativas em Santa Catarina na primeira A\u00e7\u00e3o Integrada Pnatrans\",\"datePublished\":\"2024-05-30T12:30:14+00:00\",\"mainEntityOfPage\":{\"@id\":\"https:\\\/\\\/www.p31noticias.com.br\\\/?p=52390\"},\"wordCount\":103,\"commentCount\":0,\"image\":{\"@id\":\"https:\\\/\\\/www.p31noticias.com.br\\\/?p=52390#primaryimage\"},\"thumbnailUrl\":\"https:\\\/\\\/www.p31noticias.com.br\\\/wp-content\\\/uploads\\\/2024\\\/05\\\/MaioAmareloBanner-150x150-KqFrnY-HtADJ7.png\",\"articleSection\":[\"Bras\u00edlia\"],\"inLanguage\":\"pt-BR\",\"potentialAction\":[{\"@type\":\"CommentAction\",\"name\":\"Comment\",\"target\":[\"https:\\\/\\\/www.p31noticias.com.br\\\/?p=52390#respond\"]}],\"copyrightYear\":\"2024\",\"copyrightHolder\":{\"@id\":\"https:\\\/\\\/www.p31noticias.com.br\\\/#organization\"}},{\"@type\":\"WebPage\",\"@id\":\"https:\\\/\\\/www.p31noticias.com.br\\\/?p=52390\",\"url\":\"https:\\\/\\\/www.p31noticias.com.br\\\/?p=52390\",\"name\":\"Senatran realiza fiscaliza\u00e7\u00e3o e palestras educativas em Santa Catarina na primeira A\u00e7\u00e3o Integrada Pnatrans - P31\",\"isPartOf\":{\"@id\":\"https:\\\/\\\/www.p31noticias.com.br\\\/#website\"},\"primaryImageOfPage\":{\"@id\":\"https:\\\/\\\/www.p31noticias.com.br\\\/?p=52390#primaryimage\"},\"image\":{\"@id\":\"https:\\\/\\\/www.p31noticias.com.br\\\/?p=52390#primaryimage\"},\"thumbnailUrl\":\"https:\\\/\\\/www.p31noticias.com.br\\\/wp-content\\\/uploads\\\/2024\\\/05\\\/MaioAmareloBanner-150x150-KqFrnY-HtADJ7.png\",\"datePublished\":\"2024-05-30T12:30:14+00:00\",\"author\":{\"@id\":\"\"},\"breadcrumb\":{\"@id\":\"https:\\\/\\\/www.p31noticias.com.br\\\/?p=52390#breadcrumb\"},\"inLanguage\":\"pt-BR\",\"potentialAction\":[{\"@type\":\"ReadAction\",\"target\":[\"https:\\\/\\\/www.p31noticias.com.br\\\/?p=52390\"]}]},{\"@type\":\"ImageObject\",\"inLanguage\":\"pt-BR\",\"@id\":\"https:\\\/\\\/www.p31noticias.com.br\\\/?p=52390#primaryimage\",\"url\":\"https:\\\/\\\/www.p31noticias.com.br\\\/wp-content\\\/uploads\\\/2024\\\/05\\\/MaioAmareloBanner-150x150-KqFrnY-HtADJ7.png\",\"contentUrl\":\"https:\\\/\\\/www.p31noticias.com.br\\\/wp-content\\\/uploads\\\/2024\\\/05\\\/MaioAmareloBanner-150x150-KqFrnY-HtADJ7.png\",\"width\":150,\"height\":150},{\"@type\":\"BreadcrumbList\",\"@id\":\"https:\\\/\\\/www.p31noticias.com.br\\\/?p=52390#breadcrumb\",\"itemListElement\":[{\"@type\":\"ListItem\",\"position\":1,\"name\":\"In\u00edcio\",\"item\":\"https:\\\/\\\/www.p31noticias.com.br\\\/\"},{\"@type\":\"ListItem\",\"position\":2,\"name\":\"Senatran realiza fiscaliza\u00e7\u00e3o e palestras educativas em Santa Catarina na primeira A\u00e7\u00e3o Integrada Pnatrans\"}]},{\"@type\":\"WebSite\",\"@id\":\"https:\\\/\\\/www.p31noticias.com.br\\\/#website\",\"url\":\"https:\\\/\\\/www.p31noticias.com.br\\\/\",\"name\":\"P31\",\"description\":\"NOT\u00cdCIAS\",\"potentialAction\":[{\"@type\":\"SearchAction\",\"target\":{\"@type\":\"EntryPoint\",\"urlTemplate\":\"https:\\\/\\\/www.p31noticias.com.br\\\/?s={search_term_string}\"},\"query-input\":{\"@type\":\"PropertyValueSpecification\",\"valueRequired\":true,\"valueName\":\"search_term_string\"}}],\"inLanguage\":\"pt-BR\"}]}<\/script>\n<!-- \/ Yoast SEO Premium plugin. -->","yoast_head_json":{"title":"Senatran realiza fiscaliza\u00e7\u00e3o e palestras educativas em Santa Catarina na primeira A\u00e7\u00e3o Integrada Pnatrans - P31","robots":{"index":"index","follow":"follow","max-snippet":"max-snippet:-1","max-image-preview":"max-image-preview:large","max-video-preview":"max-video-preview:-1"},"canonical":"https:\/\/www.p31noticias.com.br\/?p=52390","og_locale":"pt_BR","og_type":"article","og_title":"Senatran realiza fiscaliza\u00e7\u00e3o e palestras educativas em Santa Catarina na primeira A\u00e7\u00e3o Integrada Pnatrans","og_description":"Evento conta com participa\u00e7\u00e3o de diversos \u00f3rg\u00e3os e entidades do Sistema Nacional de Tr\u00e2nsito e busca refor\u00e7ar a aten\u00e7\u00e3o de condutores para evitar mortes no tr\u00e2nsito \u00a0 Desta quarta-feira (29) at\u00e9 domingo (2) todos os pedestres, ciclistas, motociclistas e motoristas que passarem pela BR-101\/SC, na altura do km 220 no munic\u00edpio de Palho\u00e7a, ser\u00e3o convidados [&hellip;]","og_url":"https:\/\/www.p31noticias.com.br\/?p=52390","og_site_name":"P31","article_published_time":"2024-05-30T12:30:14+00:00","og_image":[{"width":150,"height":150,"url":"https:\/\/www.p31noticias.com.br\/wp-content\/uploads\/2024\/05\/MaioAmareloBanner-150x150-KqFrnY-HtADJ7.png","type":"image\/png"}],"twitter_card":"summary_large_image","schema":{"@context":"https:\/\/schema.org","@graph":[{"@type":"Article","@id":"https:\/\/www.p31noticias.com.br\/?p=52390#article","isPartOf":{"@id":"https:\/\/www.p31noticias.com.br\/?p=52390"},"author":{"name":"","@id":""},"headline":"Senatran realiza fiscaliza\u00e7\u00e3o e palestras educativas em Santa Catarina na primeira A\u00e7\u00e3o Integrada Pnatrans","datePublished":"2024-05-30T12:30:14+00:00","mainEntityOfPage":{"@id":"https:\/\/www.p31noticias.com.br\/?p=52390"},"wordCount":103,"commentCount":0,"image":{"@id":"https:\/\/www.p31noticias.com.br\/?p=52390#primaryimage"},"thumbnailUrl":"https:\/\/www.p31noticias.com.br\/wp-content\/uploads\/2024\/05\/MaioAmareloBanner-150x150-KqFrnY-HtADJ7.png","articleSection":["Bras\u00edlia"],"inLanguage":"pt-BR","potentialAction":[{"@type":"CommentAction","name":"Comment","target":["https:\/\/www.p31noticias.com.br\/?p=52390#respond"]}],"copyrightYear":"2024","copyrightHolder":{"@id":"https:\/\/www.p31noticias.com.br\/#organization"}},{"@type":"WebPage","@id":"https:\/\/www.p31noticias.com.br\/?p=52390","url":"https:\/\/www.p31noticias.com.br\/?p=52390","name":"Senatran realiza fiscaliza\u00e7\u00e3o e palestras educativas em Santa Catarina na primeira A\u00e7\u00e3o Integrada Pnatrans - P31","isPartOf":{"@id":"https:\/\/www.p31noticias.com.br\/#website"},"primaryImageOfPage":{"@id":"https:\/\/www.p31noticias.com.br\/?p=52390#primaryimage"},"image":{"@id":"https:\/\/www.p31noticias.com.br\/?p=52390#primaryimage"},"thumbnailUrl":"https:\/\/www.p31noticias.com.br\/wp-content\/uploads\/2024\/05\/MaioAmareloBanner-150x150-KqFrnY-HtADJ7.png","datePublished":"2024-05-30T12:30:14+00:00","author":{"@id":""},"breadcrumb":{"@id":"https:\/\/www.p31noticias.com.br\/?p=52390#breadcrumb"},"inLanguage":"pt-BR","potentialAction":[{"@type":"ReadAction","target":["https:\/\/www.p31noticias.com.br\/?p=52390"]}]},{"@type":"ImageObject","inLanguage":"pt-BR","@id":"https:\/\/www.p31noticias.com.br\/?p=52390#primaryimage","url":"https:\/\/www.p31noticias.com.br\/wp-content\/uploads\/2024\/05\/MaioAmareloBanner-150x150-KqFrnY-HtADJ7.png","contentUrl":"https:\/\/www.p31noticias.com.br\/wp-content\/uploads\/2024\/05\/MaioAmareloBanner-150x150-KqFrnY-HtADJ7.png","width":150,"height":150},{"@type":"BreadcrumbList","@id":"https:\/\/www.p31noticias.com.br\/?p=52390#breadcrumb","itemListElement":[{"@type":"ListItem","position":1,"name":"In\u00edcio","item":"https:\/\/www.p31noticias.com.br\/"},{"@type":"ListItem","position":2,"name":"Senatran realiza fiscaliza\u00e7\u00e3o e palestras educativas em Santa Catarina na primeira A\u00e7\u00e3o Integrada Pnatrans"}]},{"@type":"WebSite","@id":"https:\/\/www.p31noticias.com.br\/#website","url":"https:\/\/www.p31noticias.com.br\/","name":"P31","description":"NOT\u00cdCIAS","potentialAction":[{"@type":"SearchAction","target":{"@type":"EntryPoint","urlTemplate":"https:\/\/www.p31noticias.com.br\/?s={search_term_string}"},"query-input":{"@type":"PropertyValueSpecification","valueRequired":true,"valueName":"search_term_string"}}],"inLanguage":"pt-BR"}]}},"amp_enabled":true,"_links":{"self":[{"href":"https:\/\/www.p31noticias.com.br\/index.php?rest_route=\/wp\/v2\/posts\/52390","targetHints":{"allow":["GET"]}}],"collection":[{"href":"https:\/\/www.p31noticias.com.br\/index.php?rest_route=\/wp\/v2\/posts"}],"about":[{"href":"https:\/\/www.p31noticias.com.br\/index.php?rest_route=\/wp\/v2\/types\/post"}],"replies":[{"embeddable":true,"href":"https:\/\/www.p31noticias.com.br\/index.php?rest_route=%2Fwp%2Fv2%2Fcomments&post=52390"}],"version-history":[{"count":0,"href":"https:\/\/www.p31noticias.com.br\/index.php?rest_route=\/wp\/v2\/posts\/52390\/revisions"}],"wp:featuredmedia":[{"embeddable":true,"href":"https:\/\/www.p31noticias.com.br\/index.php?rest_route=\/wp\/v2\/media\/52391"}],"wp:attachment":[{"href":"https:\/\/www.p31noticias.com.br\/index.php?rest_route=%2Fwp%2Fv2%2Fmedia&parent=52390"}],"wp:term":[{"taxonomy":"category","embeddable":true,"href":"https:\/\/www.p31noticias.com.br\/index.php?rest_route=%2Fwp%2Fv2%2Fcategories&post=52390"},{"taxonomy":"post_tag","embeddable":true,"href":"https:\/\/www.p31noticias.com.br\/index.php?rest_route=%2Fwp%2Fv2%2Ftags&post=52390"}],"curies":[{"name":"wp","href":"https:\/\/api.w.org\/{rel}","templated":true}]}}