{"id":52377,"date":"2024-05-30T03:30:15","date_gmt":"2024-05-30T06:30:15","guid":{"rendered":"https:\/\/p31noticias.com.br\/brasil-registra-54-milhoes-de-jovens-que-nao-estudam-nao-trabalham-nem-procuram-trabalho-no-1o-trimestre-de-2024\/"},"modified":"2024-05-30T03:30:15","modified_gmt":"2024-05-30T06:30:15","slug":"brasil-registra-54-milhoes-de-jovens-que-nao-estudam-nao-trabalham-nem-procuram-trabalho-no-1o-trimestre-de-2024","status":"publish","type":"post","link":"https:\/\/www.p31noticias.com.br\/?p=52377","title":{"rendered":"Brasil registra 5,4 milh\u00f5es de jovens que n\u00e3o estudam, n\u00e3o trabalham, nem procuram trabalho no 1\u00ba trimestre de 2024"},"content":{"rendered":"<p>\u00a0 Dados in\u00e9ditos do Minist\u00e9rio do Trabalho e Emprego mostram que os estados de S\u00e3o Paulo, Paran\u00e1 e Goi\u00e1s tiveram aumento do n\u00famero de jovens ocupados, em compara\u00e7\u00e3o com a m\u00e9dia nacional \u00a0 O Centro de Integra\u00e7\u00e3o Empresa-Escola \u2013 CIEE, maior ONG de inclus\u00e3o social e empregabilidade jovem da Am\u00e9rica Latina, realizou nesta ter\u00e7a-feira, 28, [\u2026]<\/p>\n<p>O post <a href=\"https:\/\/www.delioandrade.com.br\/brasil-registra-54-milhoes-de-jovens-que-nao-estudam-nao-trabalham-nem-procuram-trabalho-no-1o-trimestre-de-2024\/\">Brasil registra 5,4 milh\u00f5es de jovens que n\u00e3o estudam, n\u00e3o trabalham, nem procuram trabalho no 1\u00ba trimestre de 2024<\/a> apareceu primeiro em <a href=\"https:\/\/www.delioandrade.com.br\/\">Blog do D\u00c9LIO ANDRADE<\/a>.<\/p>\n","protected":false},"excerpt":{"rendered":"<p>\u00a0 Dados in\u00e9ditos do Minist\u00e9rio do Trabalho e Emprego mostram que os estados de S\u00e3o Paulo, Paran\u00e1 e Goi\u00e1s tiveram aumento do n\u00famero de jovens ocupados, em compara\u00e7\u00e3o com a m\u00e9dia nacional \u00a0 O Centro de Integra\u00e7\u00e3o Empresa-Escola \u2013 CIEE, maior ONG de inclus\u00e3o social e empregabilidade jovem da Am\u00e9rica Latina, realizou nesta ter\u00e7a-feira, 28, [&hellip;]<\/p>\n","protected":false},"author":0,"featured_media":52378,"comment_status":"open","ping_status":"open","sticky":false,"template":"","format":"standard","meta":{"footnotes":""},"categories":[21],"tags":[],"class_list":{"0":"post-52377","1":"post","2":"type-post","3":"status-publish","4":"format-standard","5":"has-post-thumbnail","7":"category-brasilia"},"yoast_head":"<!-- This site is optimized with the Yoast SEO Premium plugin v24.5 (Yoast SEO v27.4) - https:\/\/yoast.com\/product\/yoast-seo-premium-wordpress\/ -->\n<title>Brasil registra 5,4 milh\u00f5es de jovens que n\u00e3o estudam, n\u00e3o trabalham, nem procuram trabalho no 1\u00ba trimestre de 2024 - P31<\/title>\n<meta name=\"robots\" content=\"index, follow, max-snippet:-1, max-image-preview:large, max-video-preview:-1\" \/>\n<link rel=\"canonical\" href=\"https:\/\/www.p31noticias.com.br\/?p=52377\" \/>\n<meta property=\"og:locale\" content=\"pt_BR\" \/>\n<meta property=\"og:type\" content=\"article\" \/>\n<meta property=\"og:title\" content=\"Brasil registra 5,4 milh\u00f5es de jovens que n\u00e3o estudam, n\u00e3o trabalham, nem procuram trabalho no 1\u00ba trimestre de 2024\" \/>\n<meta property=\"og:description\" content=\"\u00a0 Dados in\u00e9ditos do Minist\u00e9rio do Trabalho e Emprego mostram que os estados de S\u00e3o Paulo, Paran\u00e1 e Goi\u00e1s tiveram aumento do n\u00famero de jovens ocupados, em compara\u00e7\u00e3o com a m\u00e9dia nacional \u00a0 O Centro de Integra\u00e7\u00e3o Empresa-Escola \u2013 CIEE, maior ONG de inclus\u00e3o social e empregabilidade jovem da Am\u00e9rica Latina, realizou nesta ter\u00e7a-feira, 28, [&hellip;]\" \/>\n<meta property=\"og:url\" content=\"https:\/\/www.p31noticias.com.br\/?p=52377\" \/>\n<meta property=\"og:site_name\" content=\"P31\" \/>\n<meta property=\"article:published_time\" content=\"2024-05-30T06:30:15+00:00\" \/>\n<meta property=\"og:image\" content=\"https:\/\/www.p31noticias.com.br\/wp-content\/uploads\/2024\/05\/Rodrigo-Dib-Superintendente-Institucional-e-de-Inovacao-do-CIE-Credito-Dener-Alcardi-150x150-OT3rCb-0K6rEE.jpeg\" \/>\n\t<meta property=\"og:image:width\" content=\"150\" \/>\n\t<meta property=\"og:image:height\" content=\"150\" \/>\n\t<meta property=\"og:image:type\" content=\"image\/jpeg\" \/>\n<meta name=\"twitter:card\" content=\"summary_large_image\" \/>\n<script type=\"application\/ld+json\" class=\"yoast-schema-graph\">{\"@context\":\"https:\\\/\\\/schema.org\",\"@graph\":[{\"@type\":\"Article\",\"@id\":\"https:\\\/\\\/www.p31noticias.com.br\\\/?p=52377#article\",\"isPartOf\":{\"@id\":\"https:\\\/\\\/www.p31noticias.com.br\\\/?p=52377\"},\"author\":{\"name\":\"\",\"@id\":\"\"},\"headline\":\"Brasil registra 5,4 milh\u00f5es de jovens que n\u00e3o estudam, n\u00e3o trabalham, nem procuram trabalho no 1\u00ba trimestre de 2024\",\"datePublished\":\"2024-05-30T06:30:15+00:00\",\"mainEntityOfPage\":{\"@id\":\"https:\\\/\\\/www.p31noticias.com.br\\\/?p=52377\"},\"wordCount\":110,\"commentCount\":0,\"image\":{\"@id\":\"https:\\\/\\\/www.p31noticias.com.br\\\/?p=52377#primaryimage\"},\"thumbnailUrl\":\"https:\\\/\\\/www.p31noticias.com.br\\\/wp-content\\\/uploads\\\/2024\\\/05\\\/Rodrigo-Dib-Superintendente-Institucional-e-de-Inovacao-do-CIE-Credito-Dener-Alcardi-150x150-OT3rCb-0K6rEE.jpeg\",\"articleSection\":[\"Bras\u00edlia\"],\"inLanguage\":\"pt-BR\",\"potentialAction\":[{\"@type\":\"CommentAction\",\"name\":\"Comment\",\"target\":[\"https:\\\/\\\/www.p31noticias.com.br\\\/?p=52377#respond\"]}],\"copyrightYear\":\"2024\",\"copyrightHolder\":{\"@id\":\"https:\\\/\\\/www.p31noticias.com.br\\\/#organization\"}},{\"@type\":\"WebPage\",\"@id\":\"https:\\\/\\\/www.p31noticias.com.br\\\/?p=52377\",\"url\":\"https:\\\/\\\/www.p31noticias.com.br\\\/?p=52377\",\"name\":\"Brasil registra 5,4 milh\u00f5es de jovens que n\u00e3o estudam, n\u00e3o trabalham, nem procuram trabalho no 1\u00ba trimestre de 2024 - P31\",\"isPartOf\":{\"@id\":\"https:\\\/\\\/www.p31noticias.com.br\\\/#website\"},\"primaryImageOfPage\":{\"@id\":\"https:\\\/\\\/www.p31noticias.com.br\\\/?p=52377#primaryimage\"},\"image\":{\"@id\":\"https:\\\/\\\/www.p31noticias.com.br\\\/?p=52377#primaryimage\"},\"thumbnailUrl\":\"https:\\\/\\\/www.p31noticias.com.br\\\/wp-content\\\/uploads\\\/2024\\\/05\\\/Rodrigo-Dib-Superintendente-Institucional-e-de-Inovacao-do-CIE-Credito-Dener-Alcardi-150x150-OT3rCb-0K6rEE.jpeg\",\"datePublished\":\"2024-05-30T06:30:15+00:00\",\"author\":{\"@id\":\"\"},\"breadcrumb\":{\"@id\":\"https:\\\/\\\/www.p31noticias.com.br\\\/?p=52377#breadcrumb\"},\"inLanguage\":\"pt-BR\",\"potentialAction\":[{\"@type\":\"ReadAction\",\"target\":[\"https:\\\/\\\/www.p31noticias.com.br\\\/?p=52377\"]}]},{\"@type\":\"ImageObject\",\"inLanguage\":\"pt-BR\",\"@id\":\"https:\\\/\\\/www.p31noticias.com.br\\\/?p=52377#primaryimage\",\"url\":\"https:\\\/\\\/www.p31noticias.com.br\\\/wp-content\\\/uploads\\\/2024\\\/05\\\/Rodrigo-Dib-Superintendente-Institucional-e-de-Inovacao-do-CIE-Credito-Dener-Alcardi-150x150-OT3rCb-0K6rEE.jpeg\",\"contentUrl\":\"https:\\\/\\\/www.p31noticias.com.br\\\/wp-content\\\/uploads\\\/2024\\\/05\\\/Rodrigo-Dib-Superintendente-Institucional-e-de-Inovacao-do-CIE-Credito-Dener-Alcardi-150x150-OT3rCb-0K6rEE.jpeg\",\"width\":150,\"height\":150},{\"@type\":\"BreadcrumbList\",\"@id\":\"https:\\\/\\\/www.p31noticias.com.br\\\/?p=52377#breadcrumb\",\"itemListElement\":[{\"@type\":\"ListItem\",\"position\":1,\"name\":\"In\u00edcio\",\"item\":\"https:\\\/\\\/www.p31noticias.com.br\\\/\"},{\"@type\":\"ListItem\",\"position\":2,\"name\":\"Brasil registra 5,4 milh\u00f5es de jovens que n\u00e3o estudam, n\u00e3o trabalham, nem procuram trabalho no 1\u00ba trimestre de 2024\"}]},{\"@type\":\"WebSite\",\"@id\":\"https:\\\/\\\/www.p31noticias.com.br\\\/#website\",\"url\":\"https:\\\/\\\/www.p31noticias.com.br\\\/\",\"name\":\"P31\",\"description\":\"NOT\u00cdCIAS\",\"potentialAction\":[{\"@type\":\"SearchAction\",\"target\":{\"@type\":\"EntryPoint\",\"urlTemplate\":\"https:\\\/\\\/www.p31noticias.com.br\\\/?s={search_term_string}\"},\"query-input\":{\"@type\":\"PropertyValueSpecification\",\"valueRequired\":true,\"valueName\":\"search_term_string\"}}],\"inLanguage\":\"pt-BR\"}]}<\/script>\n<!-- \/ Yoast SEO Premium plugin. -->","yoast_head_json":{"title":"Brasil registra 5,4 milh\u00f5es de jovens que n\u00e3o estudam, n\u00e3o trabalham, nem procuram trabalho no 1\u00ba trimestre de 2024 - P31","robots":{"index":"index","follow":"follow","max-snippet":"max-snippet:-1","max-image-preview":"max-image-preview:large","max-video-preview":"max-video-preview:-1"},"canonical":"https:\/\/www.p31noticias.com.br\/?p=52377","og_locale":"pt_BR","og_type":"article","og_title":"Brasil registra 5,4 milh\u00f5es de jovens que n\u00e3o estudam, n\u00e3o trabalham, nem procuram trabalho no 1\u00ba trimestre de 2024","og_description":"\u00a0 Dados in\u00e9ditos do Minist\u00e9rio do Trabalho e Emprego mostram que os estados de S\u00e3o Paulo, Paran\u00e1 e Goi\u00e1s tiveram aumento do n\u00famero de jovens ocupados, em compara\u00e7\u00e3o com a m\u00e9dia nacional \u00a0 O Centro de Integra\u00e7\u00e3o Empresa-Escola \u2013 CIEE, maior ONG de inclus\u00e3o social e empregabilidade jovem da Am\u00e9rica Latina, realizou nesta ter\u00e7a-feira, 28, [&hellip;]","og_url":"https:\/\/www.p31noticias.com.br\/?p=52377","og_site_name":"P31","article_published_time":"2024-05-30T06:30:15+00:00","og_image":[{"width":150,"height":150,"url":"https:\/\/www.p31noticias.com.br\/wp-content\/uploads\/2024\/05\/Rodrigo-Dib-Superintendente-Institucional-e-de-Inovacao-do-CIE-Credito-Dener-Alcardi-150x150-OT3rCb-0K6rEE.jpeg","type":"image\/jpeg"}],"twitter_card":"summary_large_image","schema":{"@context":"https:\/\/schema.org","@graph":[{"@type":"Article","@id":"https:\/\/www.p31noticias.com.br\/?p=52377#article","isPartOf":{"@id":"https:\/\/www.p31noticias.com.br\/?p=52377"},"author":{"name":"","@id":""},"headline":"Brasil registra 5,4 milh\u00f5es de jovens que n\u00e3o estudam, n\u00e3o trabalham, nem procuram trabalho no 1\u00ba trimestre de 2024","datePublished":"2024-05-30T06:30:15+00:00","mainEntityOfPage":{"@id":"https:\/\/www.p31noticias.com.br\/?p=52377"},"wordCount":110,"commentCount":0,"image":{"@id":"https:\/\/www.p31noticias.com.br\/?p=52377#primaryimage"},"thumbnailUrl":"https:\/\/www.p31noticias.com.br\/wp-content\/uploads\/2024\/05\/Rodrigo-Dib-Superintendente-Institucional-e-de-Inovacao-do-CIE-Credito-Dener-Alcardi-150x150-OT3rCb-0K6rEE.jpeg","articleSection":["Bras\u00edlia"],"inLanguage":"pt-BR","potentialAction":[{"@type":"CommentAction","name":"Comment","target":["https:\/\/www.p31noticias.com.br\/?p=52377#respond"]}],"copyrightYear":"2024","copyrightHolder":{"@id":"https:\/\/www.p31noticias.com.br\/#organization"}},{"@type":"WebPage","@id":"https:\/\/www.p31noticias.com.br\/?p=52377","url":"https:\/\/www.p31noticias.com.br\/?p=52377","name":"Brasil registra 5,4 milh\u00f5es de jovens que n\u00e3o estudam, n\u00e3o trabalham, nem procuram trabalho no 1\u00ba trimestre de 2024 - P31","isPartOf":{"@id":"https:\/\/www.p31noticias.com.br\/#website"},"primaryImageOfPage":{"@id":"https:\/\/www.p31noticias.com.br\/?p=52377#primaryimage"},"image":{"@id":"https:\/\/www.p31noticias.com.br\/?p=52377#primaryimage"},"thumbnailUrl":"https:\/\/www.p31noticias.com.br\/wp-content\/uploads\/2024\/05\/Rodrigo-Dib-Superintendente-Institucional-e-de-Inovacao-do-CIE-Credito-Dener-Alcardi-150x150-OT3rCb-0K6rEE.jpeg","datePublished":"2024-05-30T06:30:15+00:00","author":{"@id":""},"breadcrumb":{"@id":"https:\/\/www.p31noticias.com.br\/?p=52377#breadcrumb"},"inLanguage":"pt-BR","potentialAction":[{"@type":"ReadAction","target":["https:\/\/www.p31noticias.com.br\/?p=52377"]}]},{"@type":"ImageObject","inLanguage":"pt-BR","@id":"https:\/\/www.p31noticias.com.br\/?p=52377#primaryimage","url":"https:\/\/www.p31noticias.com.br\/wp-content\/uploads\/2024\/05\/Rodrigo-Dib-Superintendente-Institucional-e-de-Inovacao-do-CIE-Credito-Dener-Alcardi-150x150-OT3rCb-0K6rEE.jpeg","contentUrl":"https:\/\/www.p31noticias.com.br\/wp-content\/uploads\/2024\/05\/Rodrigo-Dib-Superintendente-Institucional-e-de-Inovacao-do-CIE-Credito-Dener-Alcardi-150x150-OT3rCb-0K6rEE.jpeg","width":150,"height":150},{"@type":"BreadcrumbList","@id":"https:\/\/www.p31noticias.com.br\/?p=52377#breadcrumb","itemListElement":[{"@type":"ListItem","position":1,"name":"In\u00edcio","item":"https:\/\/www.p31noticias.com.br\/"},{"@type":"ListItem","position":2,"name":"Brasil registra 5,4 milh\u00f5es de jovens que n\u00e3o estudam, n\u00e3o trabalham, nem procuram trabalho no 1\u00ba trimestre de 2024"}]},{"@type":"WebSite","@id":"https:\/\/www.p31noticias.com.br\/#website","url":"https:\/\/www.p31noticias.com.br\/","name":"P31","description":"NOT\u00cdCIAS","potentialAction":[{"@type":"SearchAction","target":{"@type":"EntryPoint","urlTemplate":"https:\/\/www.p31noticias.com.br\/?s={search_term_string}"},"query-input":{"@type":"PropertyValueSpecification","valueRequired":true,"valueName":"search_term_string"}}],"inLanguage":"pt-BR"}]}},"amp_enabled":true,"_links":{"self":[{"href":"https:\/\/www.p31noticias.com.br\/index.php?rest_route=\/wp\/v2\/posts\/52377","targetHints":{"allow":["GET"]}}],"collection":[{"href":"https:\/\/www.p31noticias.com.br\/index.php?rest_route=\/wp\/v2\/posts"}],"about":[{"href":"https:\/\/www.p31noticias.com.br\/index.php?rest_route=\/wp\/v2\/types\/post"}],"replies":[{"embeddable":true,"href":"https:\/\/www.p31noticias.com.br\/index.php?rest_route=%2Fwp%2Fv2%2Fcomments&post=52377"}],"version-history":[{"count":0,"href":"https:\/\/www.p31noticias.com.br\/index.php?rest_route=\/wp\/v2\/posts\/52377\/revisions"}],"wp:featuredmedia":[{"embeddable":true,"href":"https:\/\/www.p31noticias.com.br\/index.php?rest_route=\/wp\/v2\/media\/52378"}],"wp:attachment":[{"href":"https:\/\/www.p31noticias.com.br\/index.php?rest_route=%2Fwp%2Fv2%2Fmedia&parent=52377"}],"wp:term":[{"taxonomy":"category","embeddable":true,"href":"https:\/\/www.p31noticias.com.br\/index.php?rest_route=%2Fwp%2Fv2%2Fcategories&post=52377"},{"taxonomy":"post_tag","embeddable":true,"href":"https:\/\/www.p31noticias.com.br\/index.php?rest_route=%2Fwp%2Fv2%2Ftags&post=52377"}],"curies":[{"name":"wp","href":"https:\/\/api.w.org\/{rel}","templated":true}]}}