{"id":52360,"date":"2024-05-29T21:30:09","date_gmt":"2024-05-30T00:30:09","guid":{"rendered":"https:\/\/p31noticias.com.br\/autorizada-a-nomeacao-de-mais-41-mil-servidores-para-a-rede-de-ensino-do-df\/"},"modified":"2024-05-29T21:30:09","modified_gmt":"2024-05-30T00:30:09","slug":"autorizada-a-nomeacao-de-mais-41-mil-servidores-para-a-rede-de-ensino-do-df","status":"publish","type":"post","link":"https:\/\/www.p31noticias.com.br\/?p=52360","title":{"rendered":"Autorizada a nomea\u00e7\u00e3o de mais 4,1 mil servidores para a rede de ensino do DF"},"content":{"rendered":"<p>O governador Ibaneis Rocha autorizou, em edi\u00e7\u00e3o extra do Di\u00e1rio Oficial do Distrito Federal (DODF) desta quarta-feira (29), a nomea\u00e7\u00e3o de 4.172 novos profissionais para a rede p\u00fablica de educa\u00e7\u00e3o do DF. Entre eles est\u00e3o professores da educa\u00e7\u00e3o b\u00e1sica, orientadores educacionais, analistas e gestores de pol\u00edticas p\u00fablicas. A rela\u00e7\u00e3o inclui 3.204 mil professores da educa\u00e7\u00e3o [\u2026]<\/p>\n<p>O post <a href=\"https:\/\/www.delioandrade.com.br\/autorizada-a-nomeacao-de-mais-41-mil-servidores-para-a-rede-de-ensino-do-df\/\">Autorizada a nomea\u00e7\u00e3o de mais 4,1 mil servidores para a rede de ensino do DF<\/a> apareceu primeiro em <a href=\"https:\/\/www.delioandrade.com.br\/\">Blog do D\u00c9LIO ANDRADE<\/a>.<\/p>\n","protected":false},"excerpt":{"rendered":"<p>O governador Ibaneis Rocha autorizou, em edi\u00e7\u00e3o extra do Di\u00e1rio Oficial do Distrito Federal (DODF) desta quarta-feira (29), a nomea\u00e7\u00e3o de 4.172 novos profissionais para a rede p\u00fablica de educa\u00e7\u00e3o do DF. Entre eles est\u00e3o professores da educa\u00e7\u00e3o b\u00e1sica, orientadores educacionais, analistas e gestores de pol\u00edticas p\u00fablicas. A rela\u00e7\u00e3o inclui 3.204 mil professores da educa\u00e7\u00e3o [&hellip;]<\/p>\n","protected":false},"author":0,"featured_media":52361,"comment_status":"open","ping_status":"open","sticky":false,"template":"","format":"standard","meta":{"footnotes":""},"categories":[21],"tags":[],"class_list":{"0":"post-52360","1":"post","2":"type-post","3":"status-publish","4":"format-standard","5":"has-post-thumbnail","7":"category-brasilia"},"yoast_head":"<!-- This site is optimized with the Yoast SEO Premium plugin v24.5 (Yoast SEO v27.4) - https:\/\/yoast.com\/product\/yoast-seo-premium-wordpress\/ -->\n<title>Autorizada a nomea\u00e7\u00e3o de mais 4,1 mil servidores para a rede de ensino do DF - P31<\/title>\n<meta name=\"robots\" content=\"index, follow, max-snippet:-1, max-image-preview:large, max-video-preview:-1\" \/>\n<link rel=\"canonical\" href=\"https:\/\/www.p31noticias.com.br\/?p=52360\" \/>\n<meta property=\"og:locale\" content=\"pt_BR\" \/>\n<meta property=\"og:type\" content=\"article\" \/>\n<meta property=\"og:title\" content=\"Autorizada a nomea\u00e7\u00e3o de mais 4,1 mil servidores para a rede de ensino do DF\" \/>\n<meta property=\"og:description\" content=\"O governador Ibaneis Rocha autorizou, em edi\u00e7\u00e3o extra do Di\u00e1rio Oficial do Distrito Federal (DODF) desta quarta-feira (29), a nomea\u00e7\u00e3o de 4.172 novos profissionais para a rede p\u00fablica de educa\u00e7\u00e3o do DF. Entre eles est\u00e3o professores da educa\u00e7\u00e3o b\u00e1sica, orientadores educacionais, analistas e gestores de pol\u00edticas p\u00fablicas. A rela\u00e7\u00e3o inclui 3.204 mil professores da educa\u00e7\u00e3o [&hellip;]\" \/>\n<meta property=\"og:url\" content=\"https:\/\/www.p31noticias.com.br\/?p=52360\" \/>\n<meta property=\"og:site_name\" content=\"P31\" \/>\n<meta property=\"article:published_time\" content=\"2024-05-30T00:30:09+00:00\" \/>\n<meta property=\"og:image\" content=\"https:\/\/www.p31noticias.com.br\/wp-content\/uploads\/2024\/05\/WhatsApp-Image-2024-05-29-at-20.54.11-zfcdeS-150x150-I17jne.jpeg\" \/>\n\t<meta property=\"og:image:width\" content=\"150\" \/>\n\t<meta property=\"og:image:height\" content=\"150\" \/>\n\t<meta property=\"og:image:type\" content=\"image\/jpeg\" \/>\n<meta name=\"twitter:card\" content=\"summary_large_image\" \/>\n<script type=\"application\/ld+json\" class=\"yoast-schema-graph\">{\"@context\":\"https:\\\/\\\/schema.org\",\"@graph\":[{\"@type\":\"Article\",\"@id\":\"https:\\\/\\\/www.p31noticias.com.br\\\/?p=52360#article\",\"isPartOf\":{\"@id\":\"https:\\\/\\\/www.p31noticias.com.br\\\/?p=52360\"},\"author\":{\"name\":\"\",\"@id\":\"\"},\"headline\":\"Autorizada a nomea\u00e7\u00e3o de mais 4,1 mil servidores para a rede de ensino do DF\",\"datePublished\":\"2024-05-30T00:30:09+00:00\",\"mainEntityOfPage\":{\"@id\":\"https:\\\/\\\/www.p31noticias.com.br\\\/?p=52360\"},\"wordCount\":104,\"commentCount\":0,\"image\":{\"@id\":\"https:\\\/\\\/www.p31noticias.com.br\\\/?p=52360#primaryimage\"},\"thumbnailUrl\":\"https:\\\/\\\/www.p31noticias.com.br\\\/wp-content\\\/uploads\\\/2024\\\/05\\\/WhatsApp-Image-2024-05-29-at-20.54.11-zfcdeS-150x150-I17jne.jpeg\",\"articleSection\":[\"Bras\u00edlia\"],\"inLanguage\":\"pt-BR\",\"potentialAction\":[{\"@type\":\"CommentAction\",\"name\":\"Comment\",\"target\":[\"https:\\\/\\\/www.p31noticias.com.br\\\/?p=52360#respond\"]}],\"copyrightYear\":\"2024\",\"copyrightHolder\":{\"@id\":\"https:\\\/\\\/www.p31noticias.com.br\\\/#organization\"}},{\"@type\":\"WebPage\",\"@id\":\"https:\\\/\\\/www.p31noticias.com.br\\\/?p=52360\",\"url\":\"https:\\\/\\\/www.p31noticias.com.br\\\/?p=52360\",\"name\":\"Autorizada a nomea\u00e7\u00e3o de mais 4,1 mil servidores para a rede de ensino do DF - P31\",\"isPartOf\":{\"@id\":\"https:\\\/\\\/www.p31noticias.com.br\\\/#website\"},\"primaryImageOfPage\":{\"@id\":\"https:\\\/\\\/www.p31noticias.com.br\\\/?p=52360#primaryimage\"},\"image\":{\"@id\":\"https:\\\/\\\/www.p31noticias.com.br\\\/?p=52360#primaryimage\"},\"thumbnailUrl\":\"https:\\\/\\\/www.p31noticias.com.br\\\/wp-content\\\/uploads\\\/2024\\\/05\\\/WhatsApp-Image-2024-05-29-at-20.54.11-zfcdeS-150x150-I17jne.jpeg\",\"datePublished\":\"2024-05-30T00:30:09+00:00\",\"author\":{\"@id\":\"\"},\"breadcrumb\":{\"@id\":\"https:\\\/\\\/www.p31noticias.com.br\\\/?p=52360#breadcrumb\"},\"inLanguage\":\"pt-BR\",\"potentialAction\":[{\"@type\":\"ReadAction\",\"target\":[\"https:\\\/\\\/www.p31noticias.com.br\\\/?p=52360\"]}]},{\"@type\":\"ImageObject\",\"inLanguage\":\"pt-BR\",\"@id\":\"https:\\\/\\\/www.p31noticias.com.br\\\/?p=52360#primaryimage\",\"url\":\"https:\\\/\\\/www.p31noticias.com.br\\\/wp-content\\\/uploads\\\/2024\\\/05\\\/WhatsApp-Image-2024-05-29-at-20.54.11-zfcdeS-150x150-I17jne.jpeg\",\"contentUrl\":\"https:\\\/\\\/www.p31noticias.com.br\\\/wp-content\\\/uploads\\\/2024\\\/05\\\/WhatsApp-Image-2024-05-29-at-20.54.11-zfcdeS-150x150-I17jne.jpeg\",\"width\":150,\"height\":150},{\"@type\":\"BreadcrumbList\",\"@id\":\"https:\\\/\\\/www.p31noticias.com.br\\\/?p=52360#breadcrumb\",\"itemListElement\":[{\"@type\":\"ListItem\",\"position\":1,\"name\":\"In\u00edcio\",\"item\":\"https:\\\/\\\/www.p31noticias.com.br\\\/\"},{\"@type\":\"ListItem\",\"position\":2,\"name\":\"Autorizada a nomea\u00e7\u00e3o de mais 4,1 mil servidores para a rede de ensino do DF\"}]},{\"@type\":\"WebSite\",\"@id\":\"https:\\\/\\\/www.p31noticias.com.br\\\/#website\",\"url\":\"https:\\\/\\\/www.p31noticias.com.br\\\/\",\"name\":\"P31\",\"description\":\"NOT\u00cdCIAS\",\"potentialAction\":[{\"@type\":\"SearchAction\",\"target\":{\"@type\":\"EntryPoint\",\"urlTemplate\":\"https:\\\/\\\/www.p31noticias.com.br\\\/?s={search_term_string}\"},\"query-input\":{\"@type\":\"PropertyValueSpecification\",\"valueRequired\":true,\"valueName\":\"search_term_string\"}}],\"inLanguage\":\"pt-BR\"}]}<\/script>\n<!-- \/ Yoast SEO Premium plugin. -->","yoast_head_json":{"title":"Autorizada a nomea\u00e7\u00e3o de mais 4,1 mil servidores para a rede de ensino do DF - P31","robots":{"index":"index","follow":"follow","max-snippet":"max-snippet:-1","max-image-preview":"max-image-preview:large","max-video-preview":"max-video-preview:-1"},"canonical":"https:\/\/www.p31noticias.com.br\/?p=52360","og_locale":"pt_BR","og_type":"article","og_title":"Autorizada a nomea\u00e7\u00e3o de mais 4,1 mil servidores para a rede de ensino do DF","og_description":"O governador Ibaneis Rocha autorizou, em edi\u00e7\u00e3o extra do Di\u00e1rio Oficial do Distrito Federal (DODF) desta quarta-feira (29), a nomea\u00e7\u00e3o de 4.172 novos profissionais para a rede p\u00fablica de educa\u00e7\u00e3o do DF. Entre eles est\u00e3o professores da educa\u00e7\u00e3o b\u00e1sica, orientadores educacionais, analistas e gestores de pol\u00edticas p\u00fablicas. A rela\u00e7\u00e3o inclui 3.204 mil professores da educa\u00e7\u00e3o [&hellip;]","og_url":"https:\/\/www.p31noticias.com.br\/?p=52360","og_site_name":"P31","article_published_time":"2024-05-30T00:30:09+00:00","og_image":[{"width":150,"height":150,"url":"https:\/\/www.p31noticias.com.br\/wp-content\/uploads\/2024\/05\/WhatsApp-Image-2024-05-29-at-20.54.11-zfcdeS-150x150-I17jne.jpeg","type":"image\/jpeg"}],"twitter_card":"summary_large_image","schema":{"@context":"https:\/\/schema.org","@graph":[{"@type":"Article","@id":"https:\/\/www.p31noticias.com.br\/?p=52360#article","isPartOf":{"@id":"https:\/\/www.p31noticias.com.br\/?p=52360"},"author":{"name":"","@id":""},"headline":"Autorizada a nomea\u00e7\u00e3o de mais 4,1 mil servidores para a rede de ensino do DF","datePublished":"2024-05-30T00:30:09+00:00","mainEntityOfPage":{"@id":"https:\/\/www.p31noticias.com.br\/?p=52360"},"wordCount":104,"commentCount":0,"image":{"@id":"https:\/\/www.p31noticias.com.br\/?p=52360#primaryimage"},"thumbnailUrl":"https:\/\/www.p31noticias.com.br\/wp-content\/uploads\/2024\/05\/WhatsApp-Image-2024-05-29-at-20.54.11-zfcdeS-150x150-I17jne.jpeg","articleSection":["Bras\u00edlia"],"inLanguage":"pt-BR","potentialAction":[{"@type":"CommentAction","name":"Comment","target":["https:\/\/www.p31noticias.com.br\/?p=52360#respond"]}],"copyrightYear":"2024","copyrightHolder":{"@id":"https:\/\/www.p31noticias.com.br\/#organization"}},{"@type":"WebPage","@id":"https:\/\/www.p31noticias.com.br\/?p=52360","url":"https:\/\/www.p31noticias.com.br\/?p=52360","name":"Autorizada a nomea\u00e7\u00e3o de mais 4,1 mil servidores para a rede de ensino do DF - P31","isPartOf":{"@id":"https:\/\/www.p31noticias.com.br\/#website"},"primaryImageOfPage":{"@id":"https:\/\/www.p31noticias.com.br\/?p=52360#primaryimage"},"image":{"@id":"https:\/\/www.p31noticias.com.br\/?p=52360#primaryimage"},"thumbnailUrl":"https:\/\/www.p31noticias.com.br\/wp-content\/uploads\/2024\/05\/WhatsApp-Image-2024-05-29-at-20.54.11-zfcdeS-150x150-I17jne.jpeg","datePublished":"2024-05-30T00:30:09+00:00","author":{"@id":""},"breadcrumb":{"@id":"https:\/\/www.p31noticias.com.br\/?p=52360#breadcrumb"},"inLanguage":"pt-BR","potentialAction":[{"@type":"ReadAction","target":["https:\/\/www.p31noticias.com.br\/?p=52360"]}]},{"@type":"ImageObject","inLanguage":"pt-BR","@id":"https:\/\/www.p31noticias.com.br\/?p=52360#primaryimage","url":"https:\/\/www.p31noticias.com.br\/wp-content\/uploads\/2024\/05\/WhatsApp-Image-2024-05-29-at-20.54.11-zfcdeS-150x150-I17jne.jpeg","contentUrl":"https:\/\/www.p31noticias.com.br\/wp-content\/uploads\/2024\/05\/WhatsApp-Image-2024-05-29-at-20.54.11-zfcdeS-150x150-I17jne.jpeg","width":150,"height":150},{"@type":"BreadcrumbList","@id":"https:\/\/www.p31noticias.com.br\/?p=52360#breadcrumb","itemListElement":[{"@type":"ListItem","position":1,"name":"In\u00edcio","item":"https:\/\/www.p31noticias.com.br\/"},{"@type":"ListItem","position":2,"name":"Autorizada a nomea\u00e7\u00e3o de mais 4,1 mil servidores para a rede de ensino do DF"}]},{"@type":"WebSite","@id":"https:\/\/www.p31noticias.com.br\/#website","url":"https:\/\/www.p31noticias.com.br\/","name":"P31","description":"NOT\u00cdCIAS","potentialAction":[{"@type":"SearchAction","target":{"@type":"EntryPoint","urlTemplate":"https:\/\/www.p31noticias.com.br\/?s={search_term_string}"},"query-input":{"@type":"PropertyValueSpecification","valueRequired":true,"valueName":"search_term_string"}}],"inLanguage":"pt-BR"}]}},"amp_enabled":true,"_links":{"self":[{"href":"https:\/\/www.p31noticias.com.br\/index.php?rest_route=\/wp\/v2\/posts\/52360","targetHints":{"allow":["GET"]}}],"collection":[{"href":"https:\/\/www.p31noticias.com.br\/index.php?rest_route=\/wp\/v2\/posts"}],"about":[{"href":"https:\/\/www.p31noticias.com.br\/index.php?rest_route=\/wp\/v2\/types\/post"}],"replies":[{"embeddable":true,"href":"https:\/\/www.p31noticias.com.br\/index.php?rest_route=%2Fwp%2Fv2%2Fcomments&post=52360"}],"version-history":[{"count":0,"href":"https:\/\/www.p31noticias.com.br\/index.php?rest_route=\/wp\/v2\/posts\/52360\/revisions"}],"wp:featuredmedia":[{"embeddable":true,"href":"https:\/\/www.p31noticias.com.br\/index.php?rest_route=\/wp\/v2\/media\/52361"}],"wp:attachment":[{"href":"https:\/\/www.p31noticias.com.br\/index.php?rest_route=%2Fwp%2Fv2%2Fmedia&parent=52360"}],"wp:term":[{"taxonomy":"category","embeddable":true,"href":"https:\/\/www.p31noticias.com.br\/index.php?rest_route=%2Fwp%2Fv2%2Fcategories&post=52360"},{"taxonomy":"post_tag","embeddable":true,"href":"https:\/\/www.p31noticias.com.br\/index.php?rest_route=%2Fwp%2Fv2%2Ftags&post=52360"}],"curies":[{"name":"wp","href":"https:\/\/api.w.org\/{rel}","templated":true}]}}