{"id":52356,"date":"2024-05-29T20:30:13","date_gmt":"2024-05-29T23:30:13","guid":{"rendered":"https:\/\/p31noticias.com.br\/8-1-saiba-quem-sao-os-dois-pms-do-df-soltos-por-alexandre-de-moraes\/"},"modified":"2024-05-29T20:30:13","modified_gmt":"2024-05-29T23:30:13","slug":"8-1-saiba-quem-sao-os-dois-pms-do-df-soltos-por-alexandre-de-moraes","status":"publish","type":"post","link":"https:\/\/www.p31noticias.com.br\/?p=52356","title":{"rendered":"8\/1: saiba quem s\u00e3o os dois PMs do DF soltos por Alexandre de Moraes"},"content":{"rendered":"<p>Os \u00faltimos dois policiais militares do Distrito Federal presos pelo 8 de Janeiro receberam liberdade provis\u00f3ria nesta quarta-feira (29\/5). O tenente Rafael Pereira Martins e o major Fl\u00e1vio Silvestre de Alencar juntam-se aos outros PMs investigados pelo Supremo Tribunal Federal (STF) que aguardam o julgamento em liberdade. Rafael era chefe de um dos destacamentos do [\u2026]<\/p>\n<p>O post <a href=\"https:\/\/www.delioandrade.com.br\/8-1-saiba-quem-sao-os-dois-pms-do-df-soltos-por-alexandre-de-moraes\/\">8\/1: saiba quem s\u00e3o os dois PMs do DF soltos por Alexandre de Moraes<\/a> apareceu primeiro em <a href=\"https:\/\/www.delioandrade.com.br\/\">Blog do D\u00c9LIO ANDRADE<\/a>.<\/p>\n","protected":false},"excerpt":{"rendered":"<p>Os \u00faltimos dois policiais militares do Distrito Federal presos pelo 8 de Janeiro receberam liberdade provis\u00f3ria nesta quarta-feira (29\/5). O tenente Rafael Pereira Martins e o major Fl\u00e1vio Silvestre de Alencar juntam-se aos outros PMs investigados pelo Supremo Tribunal Federal (STF) que aguardam o julgamento em liberdade. Rafael era chefe de um dos destacamentos do [&hellip;]<\/p>\n","protected":false},"author":0,"featured_media":0,"comment_status":"open","ping_status":"open","sticky":false,"template":"","format":"standard","meta":{"footnotes":""},"categories":[21],"tags":[],"class_list":{"0":"post-52356","1":"post","2":"type-post","3":"status-publish","4":"format-standard","6":"category-brasilia"},"yoast_head":"<!-- This site is optimized with the Yoast SEO Premium plugin v24.5 (Yoast SEO v27.4) - https:\/\/yoast.com\/product\/yoast-seo-premium-wordpress\/ -->\n<title>8\/1: saiba quem s\u00e3o os dois PMs do DF soltos por Alexandre de Moraes - P31<\/title>\n<meta name=\"robots\" content=\"index, follow, max-snippet:-1, max-image-preview:large, max-video-preview:-1\" \/>\n<link rel=\"canonical\" href=\"https:\/\/www.p31noticias.com.br\/?p=52356\" \/>\n<meta property=\"og:locale\" content=\"pt_BR\" \/>\n<meta property=\"og:type\" content=\"article\" \/>\n<meta property=\"og:title\" content=\"8\/1: saiba quem s\u00e3o os dois PMs do DF soltos por Alexandre de Moraes\" \/>\n<meta property=\"og:description\" content=\"Os \u00faltimos dois policiais militares do Distrito Federal presos pelo 8 de Janeiro receberam liberdade provis\u00f3ria nesta quarta-feira (29\/5). O tenente Rafael Pereira Martins e o major Fl\u00e1vio Silvestre de Alencar juntam-se aos outros PMs investigados pelo Supremo Tribunal Federal (STF) que aguardam o julgamento em liberdade. Rafael era chefe de um dos destacamentos do [&hellip;]\" \/>\n<meta property=\"og:url\" content=\"https:\/\/www.p31noticias.com.br\/?p=52356\" \/>\n<meta property=\"og:site_name\" content=\"P31\" \/>\n<meta property=\"article:published_time\" content=\"2024-05-29T23:30:13+00:00\" \/>\n<meta name=\"twitter:card\" content=\"summary_large_image\" \/>\n<script type=\"application\/ld+json\" class=\"yoast-schema-graph\">{\"@context\":\"https:\\\/\\\/schema.org\",\"@graph\":[{\"@type\":\"Article\",\"@id\":\"https:\\\/\\\/www.p31noticias.com.br\\\/?p=52356#article\",\"isPartOf\":{\"@id\":\"https:\\\/\\\/www.p31noticias.com.br\\\/?p=52356\"},\"author\":{\"name\":\"\",\"@id\":\"\"},\"headline\":\"8\\\/1: saiba quem s\u00e3o os dois PMs do DF soltos por Alexandre de Moraes\",\"datePublished\":\"2024-05-29T23:30:13+00:00\",\"mainEntityOfPage\":{\"@id\":\"https:\\\/\\\/www.p31noticias.com.br\\\/?p=52356\"},\"wordCount\":93,\"commentCount\":0,\"articleSection\":[\"Bras\u00edlia\"],\"inLanguage\":\"pt-BR\",\"potentialAction\":[{\"@type\":\"CommentAction\",\"name\":\"Comment\",\"target\":[\"https:\\\/\\\/www.p31noticias.com.br\\\/?p=52356#respond\"]}],\"copyrightYear\":\"2024\",\"copyrightHolder\":{\"@id\":\"https:\\\/\\\/www.p31noticias.com.br\\\/#organization\"}},{\"@type\":\"WebPage\",\"@id\":\"https:\\\/\\\/www.p31noticias.com.br\\\/?p=52356\",\"url\":\"https:\\\/\\\/www.p31noticias.com.br\\\/?p=52356\",\"name\":\"8\\\/1: saiba quem s\u00e3o os dois PMs do DF soltos por Alexandre de Moraes - P31\",\"isPartOf\":{\"@id\":\"https:\\\/\\\/www.p31noticias.com.br\\\/#website\"},\"datePublished\":\"2024-05-29T23:30:13+00:00\",\"author\":{\"@id\":\"\"},\"breadcrumb\":{\"@id\":\"https:\\\/\\\/www.p31noticias.com.br\\\/?p=52356#breadcrumb\"},\"inLanguage\":\"pt-BR\",\"potentialAction\":[{\"@type\":\"ReadAction\",\"target\":[\"https:\\\/\\\/www.p31noticias.com.br\\\/?p=52356\"]}]},{\"@type\":\"BreadcrumbList\",\"@id\":\"https:\\\/\\\/www.p31noticias.com.br\\\/?p=52356#breadcrumb\",\"itemListElement\":[{\"@type\":\"ListItem\",\"position\":1,\"name\":\"In\u00edcio\",\"item\":\"https:\\\/\\\/www.p31noticias.com.br\\\/\"},{\"@type\":\"ListItem\",\"position\":2,\"name\":\"8\\\/1: saiba quem s\u00e3o os dois PMs do DF soltos por Alexandre de Moraes\"}]},{\"@type\":\"WebSite\",\"@id\":\"https:\\\/\\\/www.p31noticias.com.br\\\/#website\",\"url\":\"https:\\\/\\\/www.p31noticias.com.br\\\/\",\"name\":\"P31\",\"description\":\"NOT\u00cdCIAS\",\"potentialAction\":[{\"@type\":\"SearchAction\",\"target\":{\"@type\":\"EntryPoint\",\"urlTemplate\":\"https:\\\/\\\/www.p31noticias.com.br\\\/?s={search_term_string}\"},\"query-input\":{\"@type\":\"PropertyValueSpecification\",\"valueRequired\":true,\"valueName\":\"search_term_string\"}}],\"inLanguage\":\"pt-BR\"}]}<\/script>\n<!-- \/ Yoast SEO Premium plugin. -->","yoast_head_json":{"title":"8\/1: saiba quem s\u00e3o os dois PMs do DF soltos por Alexandre de Moraes - P31","robots":{"index":"index","follow":"follow","max-snippet":"max-snippet:-1","max-image-preview":"max-image-preview:large","max-video-preview":"max-video-preview:-1"},"canonical":"https:\/\/www.p31noticias.com.br\/?p=52356","og_locale":"pt_BR","og_type":"article","og_title":"8\/1: saiba quem s\u00e3o os dois PMs do DF soltos por Alexandre de Moraes","og_description":"Os \u00faltimos dois policiais militares do Distrito Federal presos pelo 8 de Janeiro receberam liberdade provis\u00f3ria nesta quarta-feira (29\/5). O tenente Rafael Pereira Martins e o major Fl\u00e1vio Silvestre de Alencar juntam-se aos outros PMs investigados pelo Supremo Tribunal Federal (STF) que aguardam o julgamento em liberdade. Rafael era chefe de um dos destacamentos do [&hellip;]","og_url":"https:\/\/www.p31noticias.com.br\/?p=52356","og_site_name":"P31","article_published_time":"2024-05-29T23:30:13+00:00","twitter_card":"summary_large_image","schema":{"@context":"https:\/\/schema.org","@graph":[{"@type":"Article","@id":"https:\/\/www.p31noticias.com.br\/?p=52356#article","isPartOf":{"@id":"https:\/\/www.p31noticias.com.br\/?p=52356"},"author":{"name":"","@id":""},"headline":"8\/1: saiba quem s\u00e3o os dois PMs do DF soltos por Alexandre de Moraes","datePublished":"2024-05-29T23:30:13+00:00","mainEntityOfPage":{"@id":"https:\/\/www.p31noticias.com.br\/?p=52356"},"wordCount":93,"commentCount":0,"articleSection":["Bras\u00edlia"],"inLanguage":"pt-BR","potentialAction":[{"@type":"CommentAction","name":"Comment","target":["https:\/\/www.p31noticias.com.br\/?p=52356#respond"]}],"copyrightYear":"2024","copyrightHolder":{"@id":"https:\/\/www.p31noticias.com.br\/#organization"}},{"@type":"WebPage","@id":"https:\/\/www.p31noticias.com.br\/?p=52356","url":"https:\/\/www.p31noticias.com.br\/?p=52356","name":"8\/1: saiba quem s\u00e3o os dois PMs do DF soltos por Alexandre de Moraes - P31","isPartOf":{"@id":"https:\/\/www.p31noticias.com.br\/#website"},"datePublished":"2024-05-29T23:30:13+00:00","author":{"@id":""},"breadcrumb":{"@id":"https:\/\/www.p31noticias.com.br\/?p=52356#breadcrumb"},"inLanguage":"pt-BR","potentialAction":[{"@type":"ReadAction","target":["https:\/\/www.p31noticias.com.br\/?p=52356"]}]},{"@type":"BreadcrumbList","@id":"https:\/\/www.p31noticias.com.br\/?p=52356#breadcrumb","itemListElement":[{"@type":"ListItem","position":1,"name":"In\u00edcio","item":"https:\/\/www.p31noticias.com.br\/"},{"@type":"ListItem","position":2,"name":"8\/1: saiba quem s\u00e3o os dois PMs do DF soltos por Alexandre de Moraes"}]},{"@type":"WebSite","@id":"https:\/\/www.p31noticias.com.br\/#website","url":"https:\/\/www.p31noticias.com.br\/","name":"P31","description":"NOT\u00cdCIAS","potentialAction":[{"@type":"SearchAction","target":{"@type":"EntryPoint","urlTemplate":"https:\/\/www.p31noticias.com.br\/?s={search_term_string}"},"query-input":{"@type":"PropertyValueSpecification","valueRequired":true,"valueName":"search_term_string"}}],"inLanguage":"pt-BR"}]}},"amp_enabled":true,"_links":{"self":[{"href":"https:\/\/www.p31noticias.com.br\/index.php?rest_route=\/wp\/v2\/posts\/52356","targetHints":{"allow":["GET"]}}],"collection":[{"href":"https:\/\/www.p31noticias.com.br\/index.php?rest_route=\/wp\/v2\/posts"}],"about":[{"href":"https:\/\/www.p31noticias.com.br\/index.php?rest_route=\/wp\/v2\/types\/post"}],"replies":[{"embeddable":true,"href":"https:\/\/www.p31noticias.com.br\/index.php?rest_route=%2Fwp%2Fv2%2Fcomments&post=52356"}],"version-history":[{"count":0,"href":"https:\/\/www.p31noticias.com.br\/index.php?rest_route=\/wp\/v2\/posts\/52356\/revisions"}],"wp:attachment":[{"href":"https:\/\/www.p31noticias.com.br\/index.php?rest_route=%2Fwp%2Fv2%2Fmedia&parent=52356"}],"wp:term":[{"taxonomy":"category","embeddable":true,"href":"https:\/\/www.p31noticias.com.br\/index.php?rest_route=%2Fwp%2Fv2%2Fcategories&post=52356"},{"taxonomy":"post_tag","embeddable":true,"href":"https:\/\/www.p31noticias.com.br\/index.php?rest_route=%2Fwp%2Fv2%2Ftags&post=52356"}],"curies":[{"name":"wp","href":"https:\/\/api.w.org\/{rel}","templated":true}]}}