{"id":52352,"date":"2024-05-29T20:30:11","date_gmt":"2024-05-29T23:30:11","guid":{"rendered":"https:\/\/p31noticias.com.br\/estudo-revela-que-quase-metade-da-populacao-do-df-sofre-de-calvicie\/"},"modified":"2024-05-29T20:30:11","modified_gmt":"2024-05-29T23:30:11","slug":"estudo-revela-que-quase-metade-da-populacao-do-df-sofre-de-calvicie","status":"publish","type":"post","link":"https:\/\/www.p31noticias.com.br\/?p=52352","title":{"rendered":"Estudo revela que quase metade da popula\u00e7\u00e3o do DF sofre de calv\u00edcie"},"content":{"rendered":"<p>Segundo dados da Sociedade Brasileira de Dermatologia \u2013 Regional DF, cerca de 40% da popula\u00e7\u00e3o do Distrito Federal sofre com algum grau de calv\u00edcie. Dos quase 3 milh\u00f5es de moradores locais, estima-se que perto de 1,2 milh\u00e3o deles seja acometido por queda de cabelo. O estudo contabiliza, ainda, que 750 mil dos afetados s\u00e3o homens, [\u2026]<\/p>\n<p>O post <a href=\"https:\/\/www.delioandrade.com.br\/estudo-revela-que-quase-metade-da-populacao-do-df-sofre-de-calvicie\/\">Estudo revela que quase metade da popula\u00e7\u00e3o do DF sofre de calv\u00edcie<\/a> apareceu primeiro em <a href=\"https:\/\/www.delioandrade.com.br\/\">Blog do D\u00c9LIO ANDRADE<\/a>.<\/p>\n","protected":false},"excerpt":{"rendered":"<p>Segundo dados da Sociedade Brasileira de Dermatologia \u2013 Regional DF, cerca de 40% da popula\u00e7\u00e3o do Distrito Federal sofre com algum grau de calv\u00edcie. Dos quase 3 milh\u00f5es de moradores locais, estima-se que perto de 1,2 milh\u00e3o deles seja acometido por queda de cabelo. O estudo contabiliza, ainda, que 750 mil dos afetados s\u00e3o homens, [&hellip;]<\/p>\n","protected":false},"author":0,"featured_media":0,"comment_status":"open","ping_status":"open","sticky":false,"template":"","format":"standard","meta":{"footnotes":""},"categories":[21],"tags":[],"class_list":{"0":"post-52352","1":"post","2":"type-post","3":"status-publish","4":"format-standard","6":"category-brasilia"},"yoast_head":"<!-- This site is optimized with the Yoast SEO Premium plugin v24.5 (Yoast SEO v27.4) - https:\/\/yoast.com\/product\/yoast-seo-premium-wordpress\/ -->\n<title>Estudo revela que quase metade da popula\u00e7\u00e3o do DF sofre de calv\u00edcie - P31<\/title>\n<meta name=\"robots\" content=\"index, follow, max-snippet:-1, max-image-preview:large, max-video-preview:-1\" \/>\n<link rel=\"canonical\" href=\"https:\/\/www.p31noticias.com.br\/?p=52352\" \/>\n<meta property=\"og:locale\" content=\"pt_BR\" \/>\n<meta property=\"og:type\" content=\"article\" \/>\n<meta property=\"og:title\" content=\"Estudo revela que quase metade da popula\u00e7\u00e3o do DF sofre de calv\u00edcie\" \/>\n<meta property=\"og:description\" content=\"Segundo dados da Sociedade Brasileira de Dermatologia \u2013 Regional DF, cerca de 40% da popula\u00e7\u00e3o do Distrito Federal sofre com algum grau de calv\u00edcie. Dos quase 3 milh\u00f5es de moradores locais, estima-se que perto de 1,2 milh\u00e3o deles seja acometido por queda de cabelo. O estudo contabiliza, ainda, que 750 mil dos afetados s\u00e3o homens, [&hellip;]\" \/>\n<meta property=\"og:url\" content=\"https:\/\/www.p31noticias.com.br\/?p=52352\" \/>\n<meta property=\"og:site_name\" content=\"P31\" \/>\n<meta property=\"article:published_time\" content=\"2024-05-29T23:30:11+00:00\" \/>\n<meta name=\"twitter:card\" content=\"summary_large_image\" \/>\n<script type=\"application\/ld+json\" class=\"yoast-schema-graph\">{\"@context\":\"https:\\\/\\\/schema.org\",\"@graph\":[{\"@type\":\"Article\",\"@id\":\"https:\\\/\\\/www.p31noticias.com.br\\\/?p=52352#article\",\"isPartOf\":{\"@id\":\"https:\\\/\\\/www.p31noticias.com.br\\\/?p=52352\"},\"author\":{\"name\":\"\",\"@id\":\"\"},\"headline\":\"Estudo revela que quase metade da popula\u00e7\u00e3o do DF sofre de calv\u00edcie\",\"datePublished\":\"2024-05-29T23:30:11+00:00\",\"mainEntityOfPage\":{\"@id\":\"https:\\\/\\\/www.p31noticias.com.br\\\/?p=52352\"},\"wordCount\":93,\"commentCount\":0,\"articleSection\":[\"Bras\u00edlia\"],\"inLanguage\":\"pt-BR\",\"potentialAction\":[{\"@type\":\"CommentAction\",\"name\":\"Comment\",\"target\":[\"https:\\\/\\\/www.p31noticias.com.br\\\/?p=52352#respond\"]}],\"copyrightYear\":\"2024\",\"copyrightHolder\":{\"@id\":\"https:\\\/\\\/www.p31noticias.com.br\\\/#organization\"}},{\"@type\":\"WebPage\",\"@id\":\"https:\\\/\\\/www.p31noticias.com.br\\\/?p=52352\",\"url\":\"https:\\\/\\\/www.p31noticias.com.br\\\/?p=52352\",\"name\":\"Estudo revela que quase metade da popula\u00e7\u00e3o do DF sofre de calv\u00edcie - P31\",\"isPartOf\":{\"@id\":\"https:\\\/\\\/www.p31noticias.com.br\\\/#website\"},\"datePublished\":\"2024-05-29T23:30:11+00:00\",\"author\":{\"@id\":\"\"},\"breadcrumb\":{\"@id\":\"https:\\\/\\\/www.p31noticias.com.br\\\/?p=52352#breadcrumb\"},\"inLanguage\":\"pt-BR\",\"potentialAction\":[{\"@type\":\"ReadAction\",\"target\":[\"https:\\\/\\\/www.p31noticias.com.br\\\/?p=52352\"]}]},{\"@type\":\"BreadcrumbList\",\"@id\":\"https:\\\/\\\/www.p31noticias.com.br\\\/?p=52352#breadcrumb\",\"itemListElement\":[{\"@type\":\"ListItem\",\"position\":1,\"name\":\"In\u00edcio\",\"item\":\"https:\\\/\\\/www.p31noticias.com.br\\\/\"},{\"@type\":\"ListItem\",\"position\":2,\"name\":\"Estudo revela que quase metade da popula\u00e7\u00e3o do DF sofre de calv\u00edcie\"}]},{\"@type\":\"WebSite\",\"@id\":\"https:\\\/\\\/www.p31noticias.com.br\\\/#website\",\"url\":\"https:\\\/\\\/www.p31noticias.com.br\\\/\",\"name\":\"P31\",\"description\":\"NOT\u00cdCIAS\",\"potentialAction\":[{\"@type\":\"SearchAction\",\"target\":{\"@type\":\"EntryPoint\",\"urlTemplate\":\"https:\\\/\\\/www.p31noticias.com.br\\\/?s={search_term_string}\"},\"query-input\":{\"@type\":\"PropertyValueSpecification\",\"valueRequired\":true,\"valueName\":\"search_term_string\"}}],\"inLanguage\":\"pt-BR\"}]}<\/script>\n<!-- \/ Yoast SEO Premium plugin. -->","yoast_head_json":{"title":"Estudo revela que quase metade da popula\u00e7\u00e3o do DF sofre de calv\u00edcie - P31","robots":{"index":"index","follow":"follow","max-snippet":"max-snippet:-1","max-image-preview":"max-image-preview:large","max-video-preview":"max-video-preview:-1"},"canonical":"https:\/\/www.p31noticias.com.br\/?p=52352","og_locale":"pt_BR","og_type":"article","og_title":"Estudo revela que quase metade da popula\u00e7\u00e3o do DF sofre de calv\u00edcie","og_description":"Segundo dados da Sociedade Brasileira de Dermatologia \u2013 Regional DF, cerca de 40% da popula\u00e7\u00e3o do Distrito Federal sofre com algum grau de calv\u00edcie. Dos quase 3 milh\u00f5es de moradores locais, estima-se que perto de 1,2 milh\u00e3o deles seja acometido por queda de cabelo. O estudo contabiliza, ainda, que 750 mil dos afetados s\u00e3o homens, [&hellip;]","og_url":"https:\/\/www.p31noticias.com.br\/?p=52352","og_site_name":"P31","article_published_time":"2024-05-29T23:30:11+00:00","twitter_card":"summary_large_image","schema":{"@context":"https:\/\/schema.org","@graph":[{"@type":"Article","@id":"https:\/\/www.p31noticias.com.br\/?p=52352#article","isPartOf":{"@id":"https:\/\/www.p31noticias.com.br\/?p=52352"},"author":{"name":"","@id":""},"headline":"Estudo revela que quase metade da popula\u00e7\u00e3o do DF sofre de calv\u00edcie","datePublished":"2024-05-29T23:30:11+00:00","mainEntityOfPage":{"@id":"https:\/\/www.p31noticias.com.br\/?p=52352"},"wordCount":93,"commentCount":0,"articleSection":["Bras\u00edlia"],"inLanguage":"pt-BR","potentialAction":[{"@type":"CommentAction","name":"Comment","target":["https:\/\/www.p31noticias.com.br\/?p=52352#respond"]}],"copyrightYear":"2024","copyrightHolder":{"@id":"https:\/\/www.p31noticias.com.br\/#organization"}},{"@type":"WebPage","@id":"https:\/\/www.p31noticias.com.br\/?p=52352","url":"https:\/\/www.p31noticias.com.br\/?p=52352","name":"Estudo revela que quase metade da popula\u00e7\u00e3o do DF sofre de calv\u00edcie - P31","isPartOf":{"@id":"https:\/\/www.p31noticias.com.br\/#website"},"datePublished":"2024-05-29T23:30:11+00:00","author":{"@id":""},"breadcrumb":{"@id":"https:\/\/www.p31noticias.com.br\/?p=52352#breadcrumb"},"inLanguage":"pt-BR","potentialAction":[{"@type":"ReadAction","target":["https:\/\/www.p31noticias.com.br\/?p=52352"]}]},{"@type":"BreadcrumbList","@id":"https:\/\/www.p31noticias.com.br\/?p=52352#breadcrumb","itemListElement":[{"@type":"ListItem","position":1,"name":"In\u00edcio","item":"https:\/\/www.p31noticias.com.br\/"},{"@type":"ListItem","position":2,"name":"Estudo revela que quase metade da popula\u00e7\u00e3o do DF sofre de calv\u00edcie"}]},{"@type":"WebSite","@id":"https:\/\/www.p31noticias.com.br\/#website","url":"https:\/\/www.p31noticias.com.br\/","name":"P31","description":"NOT\u00cdCIAS","potentialAction":[{"@type":"SearchAction","target":{"@type":"EntryPoint","urlTemplate":"https:\/\/www.p31noticias.com.br\/?s={search_term_string}"},"query-input":{"@type":"PropertyValueSpecification","valueRequired":true,"valueName":"search_term_string"}}],"inLanguage":"pt-BR"}]}},"amp_enabled":true,"_links":{"self":[{"href":"https:\/\/www.p31noticias.com.br\/index.php?rest_route=\/wp\/v2\/posts\/52352","targetHints":{"allow":["GET"]}}],"collection":[{"href":"https:\/\/www.p31noticias.com.br\/index.php?rest_route=\/wp\/v2\/posts"}],"about":[{"href":"https:\/\/www.p31noticias.com.br\/index.php?rest_route=\/wp\/v2\/types\/post"}],"replies":[{"embeddable":true,"href":"https:\/\/www.p31noticias.com.br\/index.php?rest_route=%2Fwp%2Fv2%2Fcomments&post=52352"}],"version-history":[{"count":0,"href":"https:\/\/www.p31noticias.com.br\/index.php?rest_route=\/wp\/v2\/posts\/52352\/revisions"}],"wp:attachment":[{"href":"https:\/\/www.p31noticias.com.br\/index.php?rest_route=%2Fwp%2Fv2%2Fmedia&parent=52352"}],"wp:term":[{"taxonomy":"category","embeddable":true,"href":"https:\/\/www.p31noticias.com.br\/index.php?rest_route=%2Fwp%2Fv2%2Fcategories&post=52352"},{"taxonomy":"post_tag","embeddable":true,"href":"https:\/\/www.p31noticias.com.br\/index.php?rest_route=%2Fwp%2Fv2%2Ftags&post=52352"}],"curies":[{"name":"wp","href":"https:\/\/api.w.org\/{rel}","templated":true}]}}