{"id":52346,"date":"2024-05-29T20:30:10","date_gmt":"2024-05-29T23:30:10","guid":{"rendered":"https:\/\/p31noticias.com.br\/estudantes-vivenciam-eleicoes-para-representante-de-turma-com-urnas-eletronicas\/"},"modified":"2024-05-29T20:30:10","modified_gmt":"2024-05-29T23:30:10","slug":"estudantes-vivenciam-eleicoes-para-representante-de-turma-com-urnas-eletronicas","status":"publish","type":"post","link":"https:\/\/www.p31noticias.com.br\/?p=52346","title":{"rendered":"Estudantes vivenciam elei\u00e7\u00f5es para representante de turma com urnas eletr\u00f4nicas"},"content":{"rendered":"<p>Quase 700 estudantes do Centro Educacional (CED) 11 de Ceil\u00e2ndia participaram, na tarde desta quarta-feira (29), de uma experi\u00eancia in\u00e9dita: elei\u00e7\u00f5es para representante de turma com urnas eletr\u00f4nicas cedidas pelo Tribunal Regional Eleitoral do Distrito Federal (TRE-DF). A iniciativa \u00e9 fruto de uma parceria entre a Secretaria de Educa\u00e7\u00e3o do DF (SEEDF) e o Tribunal [\u2026]<\/p>\n<p>O post <a href=\"https:\/\/www.delioandrade.com.br\/estudantes-vivenciam-eleicoes-para-representante-de-turma-com-urnas-eletronicas\/\">Estudantes vivenciam elei\u00e7\u00f5es para representante de turma com urnas eletr\u00f4nicas<\/a> apareceu primeiro em <a href=\"https:\/\/www.delioandrade.com.br\/\">Blog do D\u00c9LIO ANDRADE<\/a>.<\/p>\n","protected":false},"excerpt":{"rendered":"<p>Quase 700 estudantes do Centro Educacional (CED) 11 de Ceil\u00e2ndia participaram, na tarde desta quarta-feira (29), de uma experi\u00eancia in\u00e9dita: elei\u00e7\u00f5es para representante de turma com urnas eletr\u00f4nicas cedidas pelo Tribunal Regional Eleitoral do Distrito Federal (TRE-DF). A iniciativa \u00e9 fruto de uma parceria entre a Secretaria de Educa\u00e7\u00e3o do DF (SEEDF) e o Tribunal [&hellip;]<\/p>\n","protected":false},"author":0,"featured_media":52347,"comment_status":"open","ping_status":"open","sticky":false,"template":"","format":"standard","meta":{"footnotes":""},"categories":[21],"tags":[],"class_list":{"0":"post-52346","1":"post","2":"type-post","3":"status-publish","4":"format-standard","5":"has-post-thumbnail","7":"category-brasilia"},"yoast_head":"<!-- This site is optimized with the Yoast SEO Premium plugin v24.5 (Yoast SEO v27.4) - https:\/\/yoast.com\/product\/yoast-seo-premium-wordpress\/ -->\n<title>Estudantes vivenciam elei\u00e7\u00f5es para representante de turma com urnas eletr\u00f4nicas - P31<\/title>\n<meta name=\"robots\" content=\"index, follow, max-snippet:-1, max-image-preview:large, max-video-preview:-1\" \/>\n<link rel=\"canonical\" href=\"https:\/\/www.p31noticias.com.br\/?p=52346\" \/>\n<meta property=\"og:locale\" content=\"pt_BR\" \/>\n<meta property=\"og:type\" content=\"article\" \/>\n<meta property=\"og:title\" content=\"Estudantes vivenciam elei\u00e7\u00f5es para representante de turma com urnas eletr\u00f4nicas\" \/>\n<meta property=\"og:description\" content=\"Quase 700 estudantes do Centro Educacional (CED) 11 de Ceil\u00e2ndia participaram, na tarde desta quarta-feira (29), de uma experi\u00eancia in\u00e9dita: elei\u00e7\u00f5es para representante de turma com urnas eletr\u00f4nicas cedidas pelo Tribunal Regional Eleitoral do Distrito Federal (TRE-DF). A iniciativa \u00e9 fruto de uma parceria entre a Secretaria de Educa\u00e7\u00e3o do DF (SEEDF) e o Tribunal [&hellip;]\" \/>\n<meta property=\"og:url\" content=\"https:\/\/www.p31noticias.com.br\/?p=52346\" \/>\n<meta property=\"og:site_name\" content=\"P31\" \/>\n<meta property=\"article:published_time\" content=\"2024-05-29T23:30:10+00:00\" \/>\n<meta property=\"og:image\" content=\"https:\/\/www.p31noticias.com.br\/wp-content\/uploads\/2024\/05\/53756133853_17e05124cd_b-cSEDAR-150x150-ex5B8S.jpeg\" \/>\n\t<meta property=\"og:image:width\" content=\"150\" \/>\n\t<meta property=\"og:image:height\" content=\"150\" \/>\n\t<meta property=\"og:image:type\" content=\"image\/jpeg\" \/>\n<meta name=\"twitter:card\" content=\"summary_large_image\" \/>\n<script type=\"application\/ld+json\" class=\"yoast-schema-graph\">{\"@context\":\"https:\\\/\\\/schema.org\",\"@graph\":[{\"@type\":\"Article\",\"@id\":\"https:\\\/\\\/www.p31noticias.com.br\\\/?p=52346#article\",\"isPartOf\":{\"@id\":\"https:\\\/\\\/www.p31noticias.com.br\\\/?p=52346\"},\"author\":{\"name\":\"\",\"@id\":\"\"},\"headline\":\"Estudantes vivenciam elei\u00e7\u00f5es para representante de turma com urnas eletr\u00f4nicas\",\"datePublished\":\"2024-05-29T23:30:10+00:00\",\"mainEntityOfPage\":{\"@id\":\"https:\\\/\\\/www.p31noticias.com.br\\\/?p=52346\"},\"wordCount\":91,\"commentCount\":0,\"image\":{\"@id\":\"https:\\\/\\\/www.p31noticias.com.br\\\/?p=52346#primaryimage\"},\"thumbnailUrl\":\"https:\\\/\\\/www.p31noticias.com.br\\\/wp-content\\\/uploads\\\/2024\\\/05\\\/53756133853_17e05124cd_b-cSEDAR-150x150-ex5B8S.jpeg\",\"articleSection\":[\"Bras\u00edlia\"],\"inLanguage\":\"pt-BR\",\"potentialAction\":[{\"@type\":\"CommentAction\",\"name\":\"Comment\",\"target\":[\"https:\\\/\\\/www.p31noticias.com.br\\\/?p=52346#respond\"]}],\"copyrightYear\":\"2024\",\"copyrightHolder\":{\"@id\":\"https:\\\/\\\/www.p31noticias.com.br\\\/#organization\"}},{\"@type\":\"WebPage\",\"@id\":\"https:\\\/\\\/www.p31noticias.com.br\\\/?p=52346\",\"url\":\"https:\\\/\\\/www.p31noticias.com.br\\\/?p=52346\",\"name\":\"Estudantes vivenciam elei\u00e7\u00f5es para representante de turma com urnas eletr\u00f4nicas - P31\",\"isPartOf\":{\"@id\":\"https:\\\/\\\/www.p31noticias.com.br\\\/#website\"},\"primaryImageOfPage\":{\"@id\":\"https:\\\/\\\/www.p31noticias.com.br\\\/?p=52346#primaryimage\"},\"image\":{\"@id\":\"https:\\\/\\\/www.p31noticias.com.br\\\/?p=52346#primaryimage\"},\"thumbnailUrl\":\"https:\\\/\\\/www.p31noticias.com.br\\\/wp-content\\\/uploads\\\/2024\\\/05\\\/53756133853_17e05124cd_b-cSEDAR-150x150-ex5B8S.jpeg\",\"datePublished\":\"2024-05-29T23:30:10+00:00\",\"author\":{\"@id\":\"\"},\"breadcrumb\":{\"@id\":\"https:\\\/\\\/www.p31noticias.com.br\\\/?p=52346#breadcrumb\"},\"inLanguage\":\"pt-BR\",\"potentialAction\":[{\"@type\":\"ReadAction\",\"target\":[\"https:\\\/\\\/www.p31noticias.com.br\\\/?p=52346\"]}]},{\"@type\":\"ImageObject\",\"inLanguage\":\"pt-BR\",\"@id\":\"https:\\\/\\\/www.p31noticias.com.br\\\/?p=52346#primaryimage\",\"url\":\"https:\\\/\\\/www.p31noticias.com.br\\\/wp-content\\\/uploads\\\/2024\\\/05\\\/53756133853_17e05124cd_b-cSEDAR-150x150-ex5B8S.jpeg\",\"contentUrl\":\"https:\\\/\\\/www.p31noticias.com.br\\\/wp-content\\\/uploads\\\/2024\\\/05\\\/53756133853_17e05124cd_b-cSEDAR-150x150-ex5B8S.jpeg\",\"width\":150,\"height\":150},{\"@type\":\"BreadcrumbList\",\"@id\":\"https:\\\/\\\/www.p31noticias.com.br\\\/?p=52346#breadcrumb\",\"itemListElement\":[{\"@type\":\"ListItem\",\"position\":1,\"name\":\"In\u00edcio\",\"item\":\"https:\\\/\\\/www.p31noticias.com.br\\\/\"},{\"@type\":\"ListItem\",\"position\":2,\"name\":\"Estudantes vivenciam elei\u00e7\u00f5es para representante de turma com urnas eletr\u00f4nicas\"}]},{\"@type\":\"WebSite\",\"@id\":\"https:\\\/\\\/www.p31noticias.com.br\\\/#website\",\"url\":\"https:\\\/\\\/www.p31noticias.com.br\\\/\",\"name\":\"P31\",\"description\":\"NOT\u00cdCIAS\",\"potentialAction\":[{\"@type\":\"SearchAction\",\"target\":{\"@type\":\"EntryPoint\",\"urlTemplate\":\"https:\\\/\\\/www.p31noticias.com.br\\\/?s={search_term_string}\"},\"query-input\":{\"@type\":\"PropertyValueSpecification\",\"valueRequired\":true,\"valueName\":\"search_term_string\"}}],\"inLanguage\":\"pt-BR\"}]}<\/script>\n<!-- \/ Yoast SEO Premium plugin. -->","yoast_head_json":{"title":"Estudantes vivenciam elei\u00e7\u00f5es para representante de turma com urnas eletr\u00f4nicas - P31","robots":{"index":"index","follow":"follow","max-snippet":"max-snippet:-1","max-image-preview":"max-image-preview:large","max-video-preview":"max-video-preview:-1"},"canonical":"https:\/\/www.p31noticias.com.br\/?p=52346","og_locale":"pt_BR","og_type":"article","og_title":"Estudantes vivenciam elei\u00e7\u00f5es para representante de turma com urnas eletr\u00f4nicas","og_description":"Quase 700 estudantes do Centro Educacional (CED) 11 de Ceil\u00e2ndia participaram, na tarde desta quarta-feira (29), de uma experi\u00eancia in\u00e9dita: elei\u00e7\u00f5es para representante de turma com urnas eletr\u00f4nicas cedidas pelo Tribunal Regional Eleitoral do Distrito Federal (TRE-DF). A iniciativa \u00e9 fruto de uma parceria entre a Secretaria de Educa\u00e7\u00e3o do DF (SEEDF) e o Tribunal [&hellip;]","og_url":"https:\/\/www.p31noticias.com.br\/?p=52346","og_site_name":"P31","article_published_time":"2024-05-29T23:30:10+00:00","og_image":[{"width":150,"height":150,"url":"https:\/\/www.p31noticias.com.br\/wp-content\/uploads\/2024\/05\/53756133853_17e05124cd_b-cSEDAR-150x150-ex5B8S.jpeg","type":"image\/jpeg"}],"twitter_card":"summary_large_image","schema":{"@context":"https:\/\/schema.org","@graph":[{"@type":"Article","@id":"https:\/\/www.p31noticias.com.br\/?p=52346#article","isPartOf":{"@id":"https:\/\/www.p31noticias.com.br\/?p=52346"},"author":{"name":"","@id":""},"headline":"Estudantes vivenciam elei\u00e7\u00f5es para representante de turma com urnas eletr\u00f4nicas","datePublished":"2024-05-29T23:30:10+00:00","mainEntityOfPage":{"@id":"https:\/\/www.p31noticias.com.br\/?p=52346"},"wordCount":91,"commentCount":0,"image":{"@id":"https:\/\/www.p31noticias.com.br\/?p=52346#primaryimage"},"thumbnailUrl":"https:\/\/www.p31noticias.com.br\/wp-content\/uploads\/2024\/05\/53756133853_17e05124cd_b-cSEDAR-150x150-ex5B8S.jpeg","articleSection":["Bras\u00edlia"],"inLanguage":"pt-BR","potentialAction":[{"@type":"CommentAction","name":"Comment","target":["https:\/\/www.p31noticias.com.br\/?p=52346#respond"]}],"copyrightYear":"2024","copyrightHolder":{"@id":"https:\/\/www.p31noticias.com.br\/#organization"}},{"@type":"WebPage","@id":"https:\/\/www.p31noticias.com.br\/?p=52346","url":"https:\/\/www.p31noticias.com.br\/?p=52346","name":"Estudantes vivenciam elei\u00e7\u00f5es para representante de turma com urnas eletr\u00f4nicas - P31","isPartOf":{"@id":"https:\/\/www.p31noticias.com.br\/#website"},"primaryImageOfPage":{"@id":"https:\/\/www.p31noticias.com.br\/?p=52346#primaryimage"},"image":{"@id":"https:\/\/www.p31noticias.com.br\/?p=52346#primaryimage"},"thumbnailUrl":"https:\/\/www.p31noticias.com.br\/wp-content\/uploads\/2024\/05\/53756133853_17e05124cd_b-cSEDAR-150x150-ex5B8S.jpeg","datePublished":"2024-05-29T23:30:10+00:00","author":{"@id":""},"breadcrumb":{"@id":"https:\/\/www.p31noticias.com.br\/?p=52346#breadcrumb"},"inLanguage":"pt-BR","potentialAction":[{"@type":"ReadAction","target":["https:\/\/www.p31noticias.com.br\/?p=52346"]}]},{"@type":"ImageObject","inLanguage":"pt-BR","@id":"https:\/\/www.p31noticias.com.br\/?p=52346#primaryimage","url":"https:\/\/www.p31noticias.com.br\/wp-content\/uploads\/2024\/05\/53756133853_17e05124cd_b-cSEDAR-150x150-ex5B8S.jpeg","contentUrl":"https:\/\/www.p31noticias.com.br\/wp-content\/uploads\/2024\/05\/53756133853_17e05124cd_b-cSEDAR-150x150-ex5B8S.jpeg","width":150,"height":150},{"@type":"BreadcrumbList","@id":"https:\/\/www.p31noticias.com.br\/?p=52346#breadcrumb","itemListElement":[{"@type":"ListItem","position":1,"name":"In\u00edcio","item":"https:\/\/www.p31noticias.com.br\/"},{"@type":"ListItem","position":2,"name":"Estudantes vivenciam elei\u00e7\u00f5es para representante de turma com urnas eletr\u00f4nicas"}]},{"@type":"WebSite","@id":"https:\/\/www.p31noticias.com.br\/#website","url":"https:\/\/www.p31noticias.com.br\/","name":"P31","description":"NOT\u00cdCIAS","potentialAction":[{"@type":"SearchAction","target":{"@type":"EntryPoint","urlTemplate":"https:\/\/www.p31noticias.com.br\/?s={search_term_string}"},"query-input":{"@type":"PropertyValueSpecification","valueRequired":true,"valueName":"search_term_string"}}],"inLanguage":"pt-BR"}]}},"amp_enabled":true,"_links":{"self":[{"href":"https:\/\/www.p31noticias.com.br\/index.php?rest_route=\/wp\/v2\/posts\/52346","targetHints":{"allow":["GET"]}}],"collection":[{"href":"https:\/\/www.p31noticias.com.br\/index.php?rest_route=\/wp\/v2\/posts"}],"about":[{"href":"https:\/\/www.p31noticias.com.br\/index.php?rest_route=\/wp\/v2\/types\/post"}],"replies":[{"embeddable":true,"href":"https:\/\/www.p31noticias.com.br\/index.php?rest_route=%2Fwp%2Fv2%2Fcomments&post=52346"}],"version-history":[{"count":0,"href":"https:\/\/www.p31noticias.com.br\/index.php?rest_route=\/wp\/v2\/posts\/52346\/revisions"}],"wp:featuredmedia":[{"embeddable":true,"href":"https:\/\/www.p31noticias.com.br\/index.php?rest_route=\/wp\/v2\/media\/52347"}],"wp:attachment":[{"href":"https:\/\/www.p31noticias.com.br\/index.php?rest_route=%2Fwp%2Fv2%2Fmedia&parent=52346"}],"wp:term":[{"taxonomy":"category","embeddable":true,"href":"https:\/\/www.p31noticias.com.br\/index.php?rest_route=%2Fwp%2Fv2%2Fcategories&post=52346"},{"taxonomy":"post_tag","embeddable":true,"href":"https:\/\/www.p31noticias.com.br\/index.php?rest_route=%2Fwp%2Fv2%2Ftags&post=52346"}],"curies":[{"name":"wp","href":"https:\/\/api.w.org\/{rel}","templated":true}]}}