{"id":52339,"date":"2024-05-29T19:30:25","date_gmt":"2024-05-29T22:30:25","guid":{"rendered":"https:\/\/p31noticias.com.br\/feriado-no-df-tem-acao-solidaria-para-vitimas-das-enchentes-no-sul\/"},"modified":"2024-05-29T19:30:25","modified_gmt":"2024-05-29T22:30:25","slug":"feriado-no-df-tem-acao-solidaria-para-vitimas-das-enchentes-no-sul","status":"publish","type":"post","link":"https:\/\/www.p31noticias.com.br\/?p=52339","title":{"rendered":"Feriado no DF tem a\u00e7\u00e3o solid\u00e1ria para v\u00edtimas das enchentes no Sul"},"content":{"rendered":"<p>A BRL Educa\u00e7\u00e3o, escola de educa\u00e7\u00e3o corporativa, realizar\u00e1 uma a\u00e7\u00e3o solid\u00e1ria neste feriado de Corpus Christi, nesta quinta-feira (30\/5), \u00e0s 17h, com o objetivo de arrecadar alimentos para as v\u00edtimas das recentes enchentes no Rio Grande do Sul. O evento, que acontecer\u00e1 no audit\u00f3rio da BRL, localizado no Edif\u00edcio City Offices em Bras\u00edlia, contar\u00e1 com [\u2026]<\/p>\n<p>O post <a href=\"https:\/\/www.delioandrade.com.br\/feriado-no-df-tem-acao-solidaria-para-vitimas-das-enchentes-no-sul\/\">Feriado no DF tem a\u00e7\u00e3o solid\u00e1ria para v\u00edtimas das enchentes no Sul<\/a> apareceu primeiro em <a href=\"https:\/\/www.delioandrade.com.br\/\">Blog do D\u00c9LIO ANDRADE<\/a>.<\/p>\n","protected":false},"excerpt":{"rendered":"<p>A BRL Educa\u00e7\u00e3o, escola de educa\u00e7\u00e3o corporativa, realizar\u00e1 uma a\u00e7\u00e3o solid\u00e1ria neste feriado de Corpus Christi, nesta quinta-feira (30\/5), \u00e0s 17h, com o objetivo de arrecadar alimentos para as v\u00edtimas das recentes enchentes no Rio Grande do Sul. O evento, que acontecer\u00e1 no audit\u00f3rio da BRL, localizado no Edif\u00edcio City Offices em Bras\u00edlia, contar\u00e1 com [&hellip;]<\/p>\n","protected":false},"author":0,"featured_media":0,"comment_status":"open","ping_status":"open","sticky":false,"template":"","format":"standard","meta":{"footnotes":""},"categories":[21],"tags":[],"class_list":{"0":"post-52339","1":"post","2":"type-post","3":"status-publish","4":"format-standard","6":"category-brasilia"},"yoast_head":"<!-- This site is optimized with the Yoast SEO Premium plugin v24.5 (Yoast SEO v27.4) - https:\/\/yoast.com\/product\/yoast-seo-premium-wordpress\/ -->\n<title>Feriado no DF tem a\u00e7\u00e3o solid\u00e1ria para v\u00edtimas das enchentes no Sul - P31<\/title>\n<meta name=\"robots\" content=\"index, follow, max-snippet:-1, max-image-preview:large, max-video-preview:-1\" \/>\n<link rel=\"canonical\" href=\"https:\/\/www.p31noticias.com.br\/?p=52339\" \/>\n<meta property=\"og:locale\" content=\"pt_BR\" \/>\n<meta property=\"og:type\" content=\"article\" \/>\n<meta property=\"og:title\" content=\"Feriado no DF tem a\u00e7\u00e3o solid\u00e1ria para v\u00edtimas das enchentes no Sul\" \/>\n<meta property=\"og:description\" content=\"A BRL Educa\u00e7\u00e3o, escola de educa\u00e7\u00e3o corporativa, realizar\u00e1 uma a\u00e7\u00e3o solid\u00e1ria neste feriado de Corpus Christi, nesta quinta-feira (30\/5), \u00e0s 17h, com o objetivo de arrecadar alimentos para as v\u00edtimas das recentes enchentes no Rio Grande do Sul. O evento, que acontecer\u00e1 no audit\u00f3rio da BRL, localizado no Edif\u00edcio City Offices em Bras\u00edlia, contar\u00e1 com [&hellip;]\" \/>\n<meta property=\"og:url\" content=\"https:\/\/www.p31noticias.com.br\/?p=52339\" \/>\n<meta property=\"og:site_name\" content=\"P31\" \/>\n<meta property=\"article:published_time\" content=\"2024-05-29T22:30:25+00:00\" \/>\n<meta name=\"twitter:card\" content=\"summary_large_image\" \/>\n<script type=\"application\/ld+json\" class=\"yoast-schema-graph\">{\"@context\":\"https:\\\/\\\/schema.org\",\"@graph\":[{\"@type\":\"Article\",\"@id\":\"https:\\\/\\\/www.p31noticias.com.br\\\/?p=52339#article\",\"isPartOf\":{\"@id\":\"https:\\\/\\\/www.p31noticias.com.br\\\/?p=52339\"},\"author\":{\"name\":\"\",\"@id\":\"\"},\"headline\":\"Feriado no DF tem a\u00e7\u00e3o solid\u00e1ria para v\u00edtimas das enchentes no Sul\",\"datePublished\":\"2024-05-29T22:30:25+00:00\",\"mainEntityOfPage\":{\"@id\":\"https:\\\/\\\/www.p31noticias.com.br\\\/?p=52339\"},\"wordCount\":102,\"commentCount\":0,\"articleSection\":[\"Bras\u00edlia\"],\"inLanguage\":\"pt-BR\",\"potentialAction\":[{\"@type\":\"CommentAction\",\"name\":\"Comment\",\"target\":[\"https:\\\/\\\/www.p31noticias.com.br\\\/?p=52339#respond\"]}],\"copyrightYear\":\"2024\",\"copyrightHolder\":{\"@id\":\"https:\\\/\\\/www.p31noticias.com.br\\\/#organization\"}},{\"@type\":\"WebPage\",\"@id\":\"https:\\\/\\\/www.p31noticias.com.br\\\/?p=52339\",\"url\":\"https:\\\/\\\/www.p31noticias.com.br\\\/?p=52339\",\"name\":\"Feriado no DF tem a\u00e7\u00e3o solid\u00e1ria para v\u00edtimas das enchentes no Sul - P31\",\"isPartOf\":{\"@id\":\"https:\\\/\\\/www.p31noticias.com.br\\\/#website\"},\"datePublished\":\"2024-05-29T22:30:25+00:00\",\"author\":{\"@id\":\"\"},\"breadcrumb\":{\"@id\":\"https:\\\/\\\/www.p31noticias.com.br\\\/?p=52339#breadcrumb\"},\"inLanguage\":\"pt-BR\",\"potentialAction\":[{\"@type\":\"ReadAction\",\"target\":[\"https:\\\/\\\/www.p31noticias.com.br\\\/?p=52339\"]}]},{\"@type\":\"BreadcrumbList\",\"@id\":\"https:\\\/\\\/www.p31noticias.com.br\\\/?p=52339#breadcrumb\",\"itemListElement\":[{\"@type\":\"ListItem\",\"position\":1,\"name\":\"In\u00edcio\",\"item\":\"https:\\\/\\\/www.p31noticias.com.br\\\/\"},{\"@type\":\"ListItem\",\"position\":2,\"name\":\"Feriado no DF tem a\u00e7\u00e3o solid\u00e1ria para v\u00edtimas das enchentes no Sul\"}]},{\"@type\":\"WebSite\",\"@id\":\"https:\\\/\\\/www.p31noticias.com.br\\\/#website\",\"url\":\"https:\\\/\\\/www.p31noticias.com.br\\\/\",\"name\":\"P31\",\"description\":\"NOT\u00cdCIAS\",\"potentialAction\":[{\"@type\":\"SearchAction\",\"target\":{\"@type\":\"EntryPoint\",\"urlTemplate\":\"https:\\\/\\\/www.p31noticias.com.br\\\/?s={search_term_string}\"},\"query-input\":{\"@type\":\"PropertyValueSpecification\",\"valueRequired\":true,\"valueName\":\"search_term_string\"}}],\"inLanguage\":\"pt-BR\"}]}<\/script>\n<!-- \/ Yoast SEO Premium plugin. -->","yoast_head_json":{"title":"Feriado no DF tem a\u00e7\u00e3o solid\u00e1ria para v\u00edtimas das enchentes no Sul - P31","robots":{"index":"index","follow":"follow","max-snippet":"max-snippet:-1","max-image-preview":"max-image-preview:large","max-video-preview":"max-video-preview:-1"},"canonical":"https:\/\/www.p31noticias.com.br\/?p=52339","og_locale":"pt_BR","og_type":"article","og_title":"Feriado no DF tem a\u00e7\u00e3o solid\u00e1ria para v\u00edtimas das enchentes no Sul","og_description":"A BRL Educa\u00e7\u00e3o, escola de educa\u00e7\u00e3o corporativa, realizar\u00e1 uma a\u00e7\u00e3o solid\u00e1ria neste feriado de Corpus Christi, nesta quinta-feira (30\/5), \u00e0s 17h, com o objetivo de arrecadar alimentos para as v\u00edtimas das recentes enchentes no Rio Grande do Sul. O evento, que acontecer\u00e1 no audit\u00f3rio da BRL, localizado no Edif\u00edcio City Offices em Bras\u00edlia, contar\u00e1 com [&hellip;]","og_url":"https:\/\/www.p31noticias.com.br\/?p=52339","og_site_name":"P31","article_published_time":"2024-05-29T22:30:25+00:00","twitter_card":"summary_large_image","schema":{"@context":"https:\/\/schema.org","@graph":[{"@type":"Article","@id":"https:\/\/www.p31noticias.com.br\/?p=52339#article","isPartOf":{"@id":"https:\/\/www.p31noticias.com.br\/?p=52339"},"author":{"name":"","@id":""},"headline":"Feriado no DF tem a\u00e7\u00e3o solid\u00e1ria para v\u00edtimas das enchentes no Sul","datePublished":"2024-05-29T22:30:25+00:00","mainEntityOfPage":{"@id":"https:\/\/www.p31noticias.com.br\/?p=52339"},"wordCount":102,"commentCount":0,"articleSection":["Bras\u00edlia"],"inLanguage":"pt-BR","potentialAction":[{"@type":"CommentAction","name":"Comment","target":["https:\/\/www.p31noticias.com.br\/?p=52339#respond"]}],"copyrightYear":"2024","copyrightHolder":{"@id":"https:\/\/www.p31noticias.com.br\/#organization"}},{"@type":"WebPage","@id":"https:\/\/www.p31noticias.com.br\/?p=52339","url":"https:\/\/www.p31noticias.com.br\/?p=52339","name":"Feriado no DF tem a\u00e7\u00e3o solid\u00e1ria para v\u00edtimas das enchentes no Sul - P31","isPartOf":{"@id":"https:\/\/www.p31noticias.com.br\/#website"},"datePublished":"2024-05-29T22:30:25+00:00","author":{"@id":""},"breadcrumb":{"@id":"https:\/\/www.p31noticias.com.br\/?p=52339#breadcrumb"},"inLanguage":"pt-BR","potentialAction":[{"@type":"ReadAction","target":["https:\/\/www.p31noticias.com.br\/?p=52339"]}]},{"@type":"BreadcrumbList","@id":"https:\/\/www.p31noticias.com.br\/?p=52339#breadcrumb","itemListElement":[{"@type":"ListItem","position":1,"name":"In\u00edcio","item":"https:\/\/www.p31noticias.com.br\/"},{"@type":"ListItem","position":2,"name":"Feriado no DF tem a\u00e7\u00e3o solid\u00e1ria para v\u00edtimas das enchentes no Sul"}]},{"@type":"WebSite","@id":"https:\/\/www.p31noticias.com.br\/#website","url":"https:\/\/www.p31noticias.com.br\/","name":"P31","description":"NOT\u00cdCIAS","potentialAction":[{"@type":"SearchAction","target":{"@type":"EntryPoint","urlTemplate":"https:\/\/www.p31noticias.com.br\/?s={search_term_string}"},"query-input":{"@type":"PropertyValueSpecification","valueRequired":true,"valueName":"search_term_string"}}],"inLanguage":"pt-BR"}]}},"amp_enabled":true,"_links":{"self":[{"href":"https:\/\/www.p31noticias.com.br\/index.php?rest_route=\/wp\/v2\/posts\/52339","targetHints":{"allow":["GET"]}}],"collection":[{"href":"https:\/\/www.p31noticias.com.br\/index.php?rest_route=\/wp\/v2\/posts"}],"about":[{"href":"https:\/\/www.p31noticias.com.br\/index.php?rest_route=\/wp\/v2\/types\/post"}],"replies":[{"embeddable":true,"href":"https:\/\/www.p31noticias.com.br\/index.php?rest_route=%2Fwp%2Fv2%2Fcomments&post=52339"}],"version-history":[{"count":0,"href":"https:\/\/www.p31noticias.com.br\/index.php?rest_route=\/wp\/v2\/posts\/52339\/revisions"}],"wp:attachment":[{"href":"https:\/\/www.p31noticias.com.br\/index.php?rest_route=%2Fwp%2Fv2%2Fmedia&parent=52339"}],"wp:term":[{"taxonomy":"category","embeddable":true,"href":"https:\/\/www.p31noticias.com.br\/index.php?rest_route=%2Fwp%2Fv2%2Fcategories&post=52339"},{"taxonomy":"post_tag","embeddable":true,"href":"https:\/\/www.p31noticias.com.br\/index.php?rest_route=%2Fwp%2Fv2%2Ftags&post=52339"}],"curies":[{"name":"wp","href":"https:\/\/api.w.org\/{rel}","templated":true}]}}