{"id":52320,"date":"2024-05-29T18:30:24","date_gmt":"2024-05-29T21:30:24","guid":{"rendered":"https:\/\/p31noticias.com.br\/nota-da-ciesp-considera-injusto-o-acordo-sobre-a-taxacao-de-plataformas-de-e-commerce\/"},"modified":"2024-05-29T18:30:24","modified_gmt":"2024-05-29T21:30:24","slug":"nota-da-ciesp-considera-injusto-o-acordo-sobre-a-taxacao-de-plataformas-de-e-commerce","status":"publish","type":"post","link":"https:\/\/www.p31noticias.com.br\/?p=52320","title":{"rendered":"Nota da CIESP considera injusto o acordo sobre a taxa\u00e7\u00e3o de plataformas de e-commerce"},"content":{"rendered":"<p>O Centro das Ind\u00fastrias do Estado de S\u00e3o Paulo (CIESP) considera injusto o estabelecimento de Imposto de Importa\u00e7\u00e3o de apenas 20% para as compras de at\u00e9 US$ 50 nas plataformas internacionais de e-commerce, aprovado pela C\u00e2mara dos Deputados nesta ter\u00e7a-feira (28\/05), no \u00e2mbito do Projeto de Lei do Mover, conforme acordo entre o Executivo e [\u2026]<\/p>\n<p>O post <a href=\"https:\/\/www.delioandrade.com.br\/nota-da-ciesp-considera-injusto-o-acordo-sobre-a-taxacao-de-plataformas-de-e-commerce\/\">Nota da CIESP considera injusto o acordo sobre a taxa\u00e7\u00e3o de plataformas de e-commerce<\/a> apareceu primeiro em <a href=\"https:\/\/www.delioandrade.com.br\/\">Blog do D\u00c9LIO ANDRADE<\/a>.<\/p>\n","protected":false},"excerpt":{"rendered":"<p>O Centro das Ind\u00fastrias do Estado de S\u00e3o Paulo (CIESP) considera injusto o estabelecimento de Imposto de Importa\u00e7\u00e3o de apenas 20% para as compras de at\u00e9 US$ 50 nas plataformas internacionais de e-commerce, aprovado pela C\u00e2mara dos Deputados nesta ter\u00e7a-feira (28\/05), no \u00e2mbito do Projeto de Lei do Mover, conforme acordo entre o Executivo e [&hellip;]<\/p>\n","protected":false},"author":0,"featured_media":52321,"comment_status":"open","ping_status":"open","sticky":false,"template":"","format":"standard","meta":{"footnotes":""},"categories":[21],"tags":[],"class_list":{"0":"post-52320","1":"post","2":"type-post","3":"status-publish","4":"format-standard","5":"has-post-thumbnail","7":"category-brasilia"},"yoast_head":"<!-- This site is optimized with the Yoast SEO Premium plugin v24.5 (Yoast SEO v27.5) - https:\/\/yoast.com\/product\/yoast-seo-premium-wordpress\/ -->\n<title>Nota da CIESP considera injusto o acordo sobre a taxa\u00e7\u00e3o de plataformas de e-commerce - P31<\/title>\n<meta name=\"robots\" content=\"index, follow, max-snippet:-1, max-image-preview:large, max-video-preview:-1\" \/>\n<link rel=\"canonical\" href=\"https:\/\/www.p31noticias.com.br\/?p=52320\" \/>\n<meta property=\"og:locale\" content=\"pt_BR\" \/>\n<meta property=\"og:type\" content=\"article\" \/>\n<meta property=\"og:title\" content=\"Nota da CIESP considera injusto o acordo sobre a taxa\u00e7\u00e3o de plataformas de e-commerce\" \/>\n<meta property=\"og:description\" content=\"O Centro das Ind\u00fastrias do Estado de S\u00e3o Paulo (CIESP) considera injusto o estabelecimento de Imposto de Importa\u00e7\u00e3o de apenas 20% para as compras de at\u00e9 US$ 50 nas plataformas internacionais de e-commerce, aprovado pela C\u00e2mara dos Deputados nesta ter\u00e7a-feira (28\/05), no \u00e2mbito do Projeto de Lei do Mover, conforme acordo entre o Executivo e [&hellip;]\" \/>\n<meta property=\"og:url\" content=\"https:\/\/www.p31noticias.com.br\/?p=52320\" \/>\n<meta property=\"og:site_name\" content=\"P31\" \/>\n<meta property=\"article:published_time\" content=\"2024-05-29T21:30:24+00:00\" \/>\n<meta property=\"og:image\" content=\"https:\/\/www.p31noticias.com.br\/wp-content\/uploads\/2024\/05\/ciesp2-150x150-FzeWYr-MjTaW1.jpeg\" \/>\n\t<meta property=\"og:image:width\" content=\"150\" \/>\n\t<meta property=\"og:image:height\" content=\"150\" \/>\n\t<meta property=\"og:image:type\" content=\"image\/jpeg\" \/>\n<meta name=\"twitter:card\" content=\"summary_large_image\" \/>\n<script type=\"application\/ld+json\" class=\"yoast-schema-graph\">{\"@context\":\"https:\\\/\\\/schema.org\",\"@graph\":[{\"@type\":\"Article\",\"@id\":\"https:\\\/\\\/www.p31noticias.com.br\\\/?p=52320#article\",\"isPartOf\":{\"@id\":\"https:\\\/\\\/www.p31noticias.com.br\\\/?p=52320\"},\"author\":{\"name\":\"\",\"@id\":\"\"},\"headline\":\"Nota da CIESP considera injusto o acordo sobre a taxa\u00e7\u00e3o de plataformas de e-commerce\",\"datePublished\":\"2024-05-29T21:30:24+00:00\",\"mainEntityOfPage\":{\"@id\":\"https:\\\/\\\/www.p31noticias.com.br\\\/?p=52320\"},\"wordCount\":97,\"commentCount\":0,\"image\":{\"@id\":\"https:\\\/\\\/www.p31noticias.com.br\\\/?p=52320#primaryimage\"},\"thumbnailUrl\":\"https:\\\/\\\/www.p31noticias.com.br\\\/wp-content\\\/uploads\\\/2024\\\/05\\\/ciesp2-150x150-FzeWYr-MjTaW1.jpeg\",\"articleSection\":[\"Bras\u00edlia\"],\"inLanguage\":\"pt-BR\",\"potentialAction\":[{\"@type\":\"CommentAction\",\"name\":\"Comment\",\"target\":[\"https:\\\/\\\/www.p31noticias.com.br\\\/?p=52320#respond\"]}],\"copyrightYear\":\"2024\",\"copyrightHolder\":{\"@id\":\"https:\\\/\\\/www.p31noticias.com.br\\\/#organization\"}},{\"@type\":\"WebPage\",\"@id\":\"https:\\\/\\\/www.p31noticias.com.br\\\/?p=52320\",\"url\":\"https:\\\/\\\/www.p31noticias.com.br\\\/?p=52320\",\"name\":\"Nota da CIESP considera injusto o acordo sobre a taxa\u00e7\u00e3o de plataformas de e-commerce - P31\",\"isPartOf\":{\"@id\":\"https:\\\/\\\/www.p31noticias.com.br\\\/#website\"},\"primaryImageOfPage\":{\"@id\":\"https:\\\/\\\/www.p31noticias.com.br\\\/?p=52320#primaryimage\"},\"image\":{\"@id\":\"https:\\\/\\\/www.p31noticias.com.br\\\/?p=52320#primaryimage\"},\"thumbnailUrl\":\"https:\\\/\\\/www.p31noticias.com.br\\\/wp-content\\\/uploads\\\/2024\\\/05\\\/ciesp2-150x150-FzeWYr-MjTaW1.jpeg\",\"datePublished\":\"2024-05-29T21:30:24+00:00\",\"author\":{\"@id\":\"\"},\"breadcrumb\":{\"@id\":\"https:\\\/\\\/www.p31noticias.com.br\\\/?p=52320#breadcrumb\"},\"inLanguage\":\"pt-BR\",\"potentialAction\":[{\"@type\":\"ReadAction\",\"target\":[\"https:\\\/\\\/www.p31noticias.com.br\\\/?p=52320\"]}]},{\"@type\":\"ImageObject\",\"inLanguage\":\"pt-BR\",\"@id\":\"https:\\\/\\\/www.p31noticias.com.br\\\/?p=52320#primaryimage\",\"url\":\"https:\\\/\\\/www.p31noticias.com.br\\\/wp-content\\\/uploads\\\/2024\\\/05\\\/ciesp2-150x150-FzeWYr-MjTaW1.jpeg\",\"contentUrl\":\"https:\\\/\\\/www.p31noticias.com.br\\\/wp-content\\\/uploads\\\/2024\\\/05\\\/ciesp2-150x150-FzeWYr-MjTaW1.jpeg\",\"width\":150,\"height\":150},{\"@type\":\"BreadcrumbList\",\"@id\":\"https:\\\/\\\/www.p31noticias.com.br\\\/?p=52320#breadcrumb\",\"itemListElement\":[{\"@type\":\"ListItem\",\"position\":1,\"name\":\"In\u00edcio\",\"item\":\"https:\\\/\\\/www.p31noticias.com.br\\\/\"},{\"@type\":\"ListItem\",\"position\":2,\"name\":\"Nota da CIESP considera injusto o acordo sobre a taxa\u00e7\u00e3o de plataformas de e-commerce\"}]},{\"@type\":\"WebSite\",\"@id\":\"https:\\\/\\\/www.p31noticias.com.br\\\/#website\",\"url\":\"https:\\\/\\\/www.p31noticias.com.br\\\/\",\"name\":\"P31\",\"description\":\"NOT\u00cdCIAS\",\"potentialAction\":[{\"@type\":\"SearchAction\",\"target\":{\"@type\":\"EntryPoint\",\"urlTemplate\":\"https:\\\/\\\/www.p31noticias.com.br\\\/?s={search_term_string}\"},\"query-input\":{\"@type\":\"PropertyValueSpecification\",\"valueRequired\":true,\"valueName\":\"search_term_string\"}}],\"inLanguage\":\"pt-BR\"}]}<\/script>\n<!-- \/ Yoast SEO Premium plugin. -->","yoast_head_json":{"title":"Nota da CIESP considera injusto o acordo sobre a taxa\u00e7\u00e3o de plataformas de e-commerce - P31","robots":{"index":"index","follow":"follow","max-snippet":"max-snippet:-1","max-image-preview":"max-image-preview:large","max-video-preview":"max-video-preview:-1"},"canonical":"https:\/\/www.p31noticias.com.br\/?p=52320","og_locale":"pt_BR","og_type":"article","og_title":"Nota da CIESP considera injusto o acordo sobre a taxa\u00e7\u00e3o de plataformas de e-commerce","og_description":"O Centro das Ind\u00fastrias do Estado de S\u00e3o Paulo (CIESP) considera injusto o estabelecimento de Imposto de Importa\u00e7\u00e3o de apenas 20% para as compras de at\u00e9 US$ 50 nas plataformas internacionais de e-commerce, aprovado pela C\u00e2mara dos Deputados nesta ter\u00e7a-feira (28\/05), no \u00e2mbito do Projeto de Lei do Mover, conforme acordo entre o Executivo e [&hellip;]","og_url":"https:\/\/www.p31noticias.com.br\/?p=52320","og_site_name":"P31","article_published_time":"2024-05-29T21:30:24+00:00","og_image":[{"width":150,"height":150,"url":"https:\/\/www.p31noticias.com.br\/wp-content\/uploads\/2024\/05\/ciesp2-150x150-FzeWYr-MjTaW1.jpeg","type":"image\/jpeg"}],"twitter_card":"summary_large_image","schema":{"@context":"https:\/\/schema.org","@graph":[{"@type":"Article","@id":"https:\/\/www.p31noticias.com.br\/?p=52320#article","isPartOf":{"@id":"https:\/\/www.p31noticias.com.br\/?p=52320"},"author":{"name":"","@id":""},"headline":"Nota da CIESP considera injusto o acordo sobre a taxa\u00e7\u00e3o de plataformas de e-commerce","datePublished":"2024-05-29T21:30:24+00:00","mainEntityOfPage":{"@id":"https:\/\/www.p31noticias.com.br\/?p=52320"},"wordCount":97,"commentCount":0,"image":{"@id":"https:\/\/www.p31noticias.com.br\/?p=52320#primaryimage"},"thumbnailUrl":"https:\/\/www.p31noticias.com.br\/wp-content\/uploads\/2024\/05\/ciesp2-150x150-FzeWYr-MjTaW1.jpeg","articleSection":["Bras\u00edlia"],"inLanguage":"pt-BR","potentialAction":[{"@type":"CommentAction","name":"Comment","target":["https:\/\/www.p31noticias.com.br\/?p=52320#respond"]}],"copyrightYear":"2024","copyrightHolder":{"@id":"https:\/\/www.p31noticias.com.br\/#organization"}},{"@type":"WebPage","@id":"https:\/\/www.p31noticias.com.br\/?p=52320","url":"https:\/\/www.p31noticias.com.br\/?p=52320","name":"Nota da CIESP considera injusto o acordo sobre a taxa\u00e7\u00e3o de plataformas de e-commerce - P31","isPartOf":{"@id":"https:\/\/www.p31noticias.com.br\/#website"},"primaryImageOfPage":{"@id":"https:\/\/www.p31noticias.com.br\/?p=52320#primaryimage"},"image":{"@id":"https:\/\/www.p31noticias.com.br\/?p=52320#primaryimage"},"thumbnailUrl":"https:\/\/www.p31noticias.com.br\/wp-content\/uploads\/2024\/05\/ciesp2-150x150-FzeWYr-MjTaW1.jpeg","datePublished":"2024-05-29T21:30:24+00:00","author":{"@id":""},"breadcrumb":{"@id":"https:\/\/www.p31noticias.com.br\/?p=52320#breadcrumb"},"inLanguage":"pt-BR","potentialAction":[{"@type":"ReadAction","target":["https:\/\/www.p31noticias.com.br\/?p=52320"]}]},{"@type":"ImageObject","inLanguage":"pt-BR","@id":"https:\/\/www.p31noticias.com.br\/?p=52320#primaryimage","url":"https:\/\/www.p31noticias.com.br\/wp-content\/uploads\/2024\/05\/ciesp2-150x150-FzeWYr-MjTaW1.jpeg","contentUrl":"https:\/\/www.p31noticias.com.br\/wp-content\/uploads\/2024\/05\/ciesp2-150x150-FzeWYr-MjTaW1.jpeg","width":150,"height":150},{"@type":"BreadcrumbList","@id":"https:\/\/www.p31noticias.com.br\/?p=52320#breadcrumb","itemListElement":[{"@type":"ListItem","position":1,"name":"In\u00edcio","item":"https:\/\/www.p31noticias.com.br\/"},{"@type":"ListItem","position":2,"name":"Nota da CIESP considera injusto o acordo sobre a taxa\u00e7\u00e3o de plataformas de e-commerce"}]},{"@type":"WebSite","@id":"https:\/\/www.p31noticias.com.br\/#website","url":"https:\/\/www.p31noticias.com.br\/","name":"P31","description":"NOT\u00cdCIAS","potentialAction":[{"@type":"SearchAction","target":{"@type":"EntryPoint","urlTemplate":"https:\/\/www.p31noticias.com.br\/?s={search_term_string}"},"query-input":{"@type":"PropertyValueSpecification","valueRequired":true,"valueName":"search_term_string"}}],"inLanguage":"pt-BR"}]}},"amp_enabled":true,"_links":{"self":[{"href":"https:\/\/www.p31noticias.com.br\/index.php?rest_route=\/wp\/v2\/posts\/52320","targetHints":{"allow":["GET"]}}],"collection":[{"href":"https:\/\/www.p31noticias.com.br\/index.php?rest_route=\/wp\/v2\/posts"}],"about":[{"href":"https:\/\/www.p31noticias.com.br\/index.php?rest_route=\/wp\/v2\/types\/post"}],"replies":[{"embeddable":true,"href":"https:\/\/www.p31noticias.com.br\/index.php?rest_route=%2Fwp%2Fv2%2Fcomments&post=52320"}],"version-history":[{"count":0,"href":"https:\/\/www.p31noticias.com.br\/index.php?rest_route=\/wp\/v2\/posts\/52320\/revisions"}],"wp:featuredmedia":[{"embeddable":true,"href":"https:\/\/www.p31noticias.com.br\/index.php?rest_route=\/wp\/v2\/media\/52321"}],"wp:attachment":[{"href":"https:\/\/www.p31noticias.com.br\/index.php?rest_route=%2Fwp%2Fv2%2Fmedia&parent=52320"}],"wp:term":[{"taxonomy":"category","embeddable":true,"href":"https:\/\/www.p31noticias.com.br\/index.php?rest_route=%2Fwp%2Fv2%2Fcategories&post=52320"},{"taxonomy":"post_tag","embeddable":true,"href":"https:\/\/www.p31noticias.com.br\/index.php?rest_route=%2Fwp%2Fv2%2Ftags&post=52320"}],"curies":[{"name":"wp","href":"https:\/\/api.w.org\/{rel}","templated":true}]}}