{"id":52314,"date":"2024-05-29T17:30:15","date_gmt":"2024-05-29T20:30:15","guid":{"rendered":"https:\/\/p31noticias.com.br\/comissao-da-cldf-pede-auditoria-de-contrato-do-iges-com-a-saude-do-df\/"},"modified":"2024-05-29T17:30:15","modified_gmt":"2024-05-29T20:30:15","slug":"comissao-da-cldf-pede-auditoria-de-contrato-do-iges-com-a-saude-do-df","status":"publish","type":"post","link":"https:\/\/www.p31noticias.com.br\/?p=52314","title":{"rendered":"Comiss\u00e3o da CLDF pede auditoria de contrato do Iges com a Sa\u00fade do DF"},"content":{"rendered":"<p>A Comiss\u00e3o de Fiscaliza\u00e7\u00e3o, Governan\u00e7a, Transpar\u00eancia e Controle (CFGTC) da C\u00e2mara Legislativa (CLDF) aprovou, nesta quarta-feira (29\/5), dois requerimentos de auditoria do contrato firmado entre o Instituto de Gest\u00e3o Estrat\u00e9gica de Sa\u00fade (Iges-DF) e a Secretaria de Sa\u00fade (SES-DF). Os pedidos tamb\u00e9m demandam apresenta\u00e7\u00e3o de todos os dados, metodologias, formas de c\u00e1lculo e defini\u00e7\u00f5es adotadas [\u2026]<\/p>\n<p>O post <a href=\"https:\/\/www.delioandrade.com.br\/comissao-da-cldf-pede-auditoria-de-contrato-do-iges-com-a-saude-do-df\/\">Comiss\u00e3o da CLDF pede auditoria de contrato do Iges com a Sa\u00fade do DF<\/a> apareceu primeiro em <a href=\"https:\/\/www.delioandrade.com.br\/\">Blog do D\u00c9LIO ANDRADE<\/a>.<\/p>\n","protected":false},"excerpt":{"rendered":"<p>A Comiss\u00e3o de Fiscaliza\u00e7\u00e3o, Governan\u00e7a, Transpar\u00eancia e Controle (CFGTC) da C\u00e2mara Legislativa (CLDF) aprovou, nesta quarta-feira (29\/5), dois requerimentos de auditoria do contrato firmado entre o Instituto de Gest\u00e3o Estrat\u00e9gica de Sa\u00fade (Iges-DF) e a Secretaria de Sa\u00fade (SES-DF). Os pedidos tamb\u00e9m demandam apresenta\u00e7\u00e3o de todos os dados, metodologias, formas de c\u00e1lculo e defini\u00e7\u00f5es adotadas [&hellip;]<\/p>\n","protected":false},"author":0,"featured_media":0,"comment_status":"open","ping_status":"open","sticky":false,"template":"","format":"standard","meta":{"footnotes":""},"categories":[21],"tags":[],"class_list":{"0":"post-52314","1":"post","2":"type-post","3":"status-publish","4":"format-standard","6":"category-brasilia"},"yoast_head":"<!-- This site is optimized with the Yoast SEO Premium plugin v24.5 (Yoast SEO v27.5) - https:\/\/yoast.com\/product\/yoast-seo-premium-wordpress\/ -->\n<title>Comiss\u00e3o da CLDF pede auditoria de contrato do Iges com a Sa\u00fade do DF - P31<\/title>\n<meta name=\"robots\" content=\"index, follow, max-snippet:-1, max-image-preview:large, max-video-preview:-1\" \/>\n<link rel=\"canonical\" href=\"https:\/\/www.p31noticias.com.br\/?p=52314\" \/>\n<meta property=\"og:locale\" content=\"pt_BR\" \/>\n<meta property=\"og:type\" content=\"article\" \/>\n<meta property=\"og:title\" content=\"Comiss\u00e3o da CLDF pede auditoria de contrato do Iges com a Sa\u00fade do DF\" \/>\n<meta property=\"og:description\" content=\"A Comiss\u00e3o de Fiscaliza\u00e7\u00e3o, Governan\u00e7a, Transpar\u00eancia e Controle (CFGTC) da C\u00e2mara Legislativa (CLDF) aprovou, nesta quarta-feira (29\/5), dois requerimentos de auditoria do contrato firmado entre o Instituto de Gest\u00e3o Estrat\u00e9gica de Sa\u00fade (Iges-DF) e a Secretaria de Sa\u00fade (SES-DF). Os pedidos tamb\u00e9m demandam apresenta\u00e7\u00e3o de todos os dados, metodologias, formas de c\u00e1lculo e defini\u00e7\u00f5es adotadas [&hellip;]\" \/>\n<meta property=\"og:url\" content=\"https:\/\/www.p31noticias.com.br\/?p=52314\" \/>\n<meta property=\"og:site_name\" content=\"P31\" \/>\n<meta property=\"article:published_time\" content=\"2024-05-29T20:30:15+00:00\" \/>\n<meta name=\"twitter:card\" content=\"summary_large_image\" \/>\n<script type=\"application\/ld+json\" class=\"yoast-schema-graph\">{\"@context\":\"https:\\\/\\\/schema.org\",\"@graph\":[{\"@type\":\"Article\",\"@id\":\"https:\\\/\\\/www.p31noticias.com.br\\\/?p=52314#article\",\"isPartOf\":{\"@id\":\"https:\\\/\\\/www.p31noticias.com.br\\\/?p=52314\"},\"author\":{\"name\":\"\",\"@id\":\"\"},\"headline\":\"Comiss\u00e3o da CLDF pede auditoria de contrato do Iges com a Sa\u00fade do DF\",\"datePublished\":\"2024-05-29T20:30:15+00:00\",\"mainEntityOfPage\":{\"@id\":\"https:\\\/\\\/www.p31noticias.com.br\\\/?p=52314\"},\"wordCount\":109,\"commentCount\":0,\"articleSection\":[\"Bras\u00edlia\"],\"inLanguage\":\"pt-BR\",\"potentialAction\":[{\"@type\":\"CommentAction\",\"name\":\"Comment\",\"target\":[\"https:\\\/\\\/www.p31noticias.com.br\\\/?p=52314#respond\"]}],\"copyrightYear\":\"2024\",\"copyrightHolder\":{\"@id\":\"https:\\\/\\\/www.p31noticias.com.br\\\/#organization\"}},{\"@type\":\"WebPage\",\"@id\":\"https:\\\/\\\/www.p31noticias.com.br\\\/?p=52314\",\"url\":\"https:\\\/\\\/www.p31noticias.com.br\\\/?p=52314\",\"name\":\"Comiss\u00e3o da CLDF pede auditoria de contrato do Iges com a Sa\u00fade do DF - P31\",\"isPartOf\":{\"@id\":\"https:\\\/\\\/www.p31noticias.com.br\\\/#website\"},\"datePublished\":\"2024-05-29T20:30:15+00:00\",\"author\":{\"@id\":\"\"},\"breadcrumb\":{\"@id\":\"https:\\\/\\\/www.p31noticias.com.br\\\/?p=52314#breadcrumb\"},\"inLanguage\":\"pt-BR\",\"potentialAction\":[{\"@type\":\"ReadAction\",\"target\":[\"https:\\\/\\\/www.p31noticias.com.br\\\/?p=52314\"]}]},{\"@type\":\"BreadcrumbList\",\"@id\":\"https:\\\/\\\/www.p31noticias.com.br\\\/?p=52314#breadcrumb\",\"itemListElement\":[{\"@type\":\"ListItem\",\"position\":1,\"name\":\"In\u00edcio\",\"item\":\"https:\\\/\\\/www.p31noticias.com.br\\\/\"},{\"@type\":\"ListItem\",\"position\":2,\"name\":\"Comiss\u00e3o da CLDF pede auditoria de contrato do Iges com a Sa\u00fade do DF\"}]},{\"@type\":\"WebSite\",\"@id\":\"https:\\\/\\\/www.p31noticias.com.br\\\/#website\",\"url\":\"https:\\\/\\\/www.p31noticias.com.br\\\/\",\"name\":\"P31\",\"description\":\"NOT\u00cdCIAS\",\"potentialAction\":[{\"@type\":\"SearchAction\",\"target\":{\"@type\":\"EntryPoint\",\"urlTemplate\":\"https:\\\/\\\/www.p31noticias.com.br\\\/?s={search_term_string}\"},\"query-input\":{\"@type\":\"PropertyValueSpecification\",\"valueRequired\":true,\"valueName\":\"search_term_string\"}}],\"inLanguage\":\"pt-BR\"}]}<\/script>\n<!-- \/ Yoast SEO Premium plugin. -->","yoast_head_json":{"title":"Comiss\u00e3o da CLDF pede auditoria de contrato do Iges com a Sa\u00fade do DF - P31","robots":{"index":"index","follow":"follow","max-snippet":"max-snippet:-1","max-image-preview":"max-image-preview:large","max-video-preview":"max-video-preview:-1"},"canonical":"https:\/\/www.p31noticias.com.br\/?p=52314","og_locale":"pt_BR","og_type":"article","og_title":"Comiss\u00e3o da CLDF pede auditoria de contrato do Iges com a Sa\u00fade do DF","og_description":"A Comiss\u00e3o de Fiscaliza\u00e7\u00e3o, Governan\u00e7a, Transpar\u00eancia e Controle (CFGTC) da C\u00e2mara Legislativa (CLDF) aprovou, nesta quarta-feira (29\/5), dois requerimentos de auditoria do contrato firmado entre o Instituto de Gest\u00e3o Estrat\u00e9gica de Sa\u00fade (Iges-DF) e a Secretaria de Sa\u00fade (SES-DF). Os pedidos tamb\u00e9m demandam apresenta\u00e7\u00e3o de todos os dados, metodologias, formas de c\u00e1lculo e defini\u00e7\u00f5es adotadas [&hellip;]","og_url":"https:\/\/www.p31noticias.com.br\/?p=52314","og_site_name":"P31","article_published_time":"2024-05-29T20:30:15+00:00","twitter_card":"summary_large_image","schema":{"@context":"https:\/\/schema.org","@graph":[{"@type":"Article","@id":"https:\/\/www.p31noticias.com.br\/?p=52314#article","isPartOf":{"@id":"https:\/\/www.p31noticias.com.br\/?p=52314"},"author":{"name":"","@id":""},"headline":"Comiss\u00e3o da CLDF pede auditoria de contrato do Iges com a Sa\u00fade do DF","datePublished":"2024-05-29T20:30:15+00:00","mainEntityOfPage":{"@id":"https:\/\/www.p31noticias.com.br\/?p=52314"},"wordCount":109,"commentCount":0,"articleSection":["Bras\u00edlia"],"inLanguage":"pt-BR","potentialAction":[{"@type":"CommentAction","name":"Comment","target":["https:\/\/www.p31noticias.com.br\/?p=52314#respond"]}],"copyrightYear":"2024","copyrightHolder":{"@id":"https:\/\/www.p31noticias.com.br\/#organization"}},{"@type":"WebPage","@id":"https:\/\/www.p31noticias.com.br\/?p=52314","url":"https:\/\/www.p31noticias.com.br\/?p=52314","name":"Comiss\u00e3o da CLDF pede auditoria de contrato do Iges com a Sa\u00fade do DF - P31","isPartOf":{"@id":"https:\/\/www.p31noticias.com.br\/#website"},"datePublished":"2024-05-29T20:30:15+00:00","author":{"@id":""},"breadcrumb":{"@id":"https:\/\/www.p31noticias.com.br\/?p=52314#breadcrumb"},"inLanguage":"pt-BR","potentialAction":[{"@type":"ReadAction","target":["https:\/\/www.p31noticias.com.br\/?p=52314"]}]},{"@type":"BreadcrumbList","@id":"https:\/\/www.p31noticias.com.br\/?p=52314#breadcrumb","itemListElement":[{"@type":"ListItem","position":1,"name":"In\u00edcio","item":"https:\/\/www.p31noticias.com.br\/"},{"@type":"ListItem","position":2,"name":"Comiss\u00e3o da CLDF pede auditoria de contrato do Iges com a Sa\u00fade do DF"}]},{"@type":"WebSite","@id":"https:\/\/www.p31noticias.com.br\/#website","url":"https:\/\/www.p31noticias.com.br\/","name":"P31","description":"NOT\u00cdCIAS","potentialAction":[{"@type":"SearchAction","target":{"@type":"EntryPoint","urlTemplate":"https:\/\/www.p31noticias.com.br\/?s={search_term_string}"},"query-input":{"@type":"PropertyValueSpecification","valueRequired":true,"valueName":"search_term_string"}}],"inLanguage":"pt-BR"}]}},"amp_enabled":true,"_links":{"self":[{"href":"https:\/\/www.p31noticias.com.br\/index.php?rest_route=\/wp\/v2\/posts\/52314","targetHints":{"allow":["GET"]}}],"collection":[{"href":"https:\/\/www.p31noticias.com.br\/index.php?rest_route=\/wp\/v2\/posts"}],"about":[{"href":"https:\/\/www.p31noticias.com.br\/index.php?rest_route=\/wp\/v2\/types\/post"}],"replies":[{"embeddable":true,"href":"https:\/\/www.p31noticias.com.br\/index.php?rest_route=%2Fwp%2Fv2%2Fcomments&post=52314"}],"version-history":[{"count":0,"href":"https:\/\/www.p31noticias.com.br\/index.php?rest_route=\/wp\/v2\/posts\/52314\/revisions"}],"wp:attachment":[{"href":"https:\/\/www.p31noticias.com.br\/index.php?rest_route=%2Fwp%2Fv2%2Fmedia&parent=52314"}],"wp:term":[{"taxonomy":"category","embeddable":true,"href":"https:\/\/www.p31noticias.com.br\/index.php?rest_route=%2Fwp%2Fv2%2Fcategories&post=52314"},{"taxonomy":"post_tag","embeddable":true,"href":"https:\/\/www.p31noticias.com.br\/index.php?rest_route=%2Fwp%2Fv2%2Ftags&post=52314"}],"curies":[{"name":"wp","href":"https:\/\/api.w.org\/{rel}","templated":true}]}}