{"id":52304,"date":"2024-05-29T16:30:32","date_gmt":"2024-05-29T19:30:32","guid":{"rendered":"https:\/\/p31noticias.com.br\/deputado-pastor-daniel-de-castro-se-posiciona-contra-a-bancada-da-maconha\/"},"modified":"2024-05-29T16:30:32","modified_gmt":"2024-05-29T19:30:32","slug":"deputado-pastor-daniel-de-castro-se-posiciona-contra-a-bancada-da-maconha","status":"publish","type":"post","link":"https:\/\/www.p31noticias.com.br\/?p=52304","title":{"rendered":"Deputado Pastor Daniel de Castro se posiciona contra a \u201cBancada da Maconha\u201d"},"content":{"rendered":"<p>O deputado distrital Daniel de Castro (PP) criticou duramente a chamada \u201cbancada da maconha\u201d na C\u00e2mara Legislativa do Distrito Federal (CLDF). Em suas declara\u00e7\u00f5es, ele afirmou que o grupo representa um desvio moral e \u00e9tico que n\u00e3o pode ser ignorado.<\/p>\n<p>O post <a href=\"https:\/\/www.delioandrade.com.br\/deputado-pastor-daniel-de-castro-se-posiciona-contra-a-bancada-da-maconha\/\">Deputado Pastor Daniel de Castro se posiciona contra a \u201cBancada da Maconha\u201d<\/a> apareceu primeiro em <a href=\"https:\/\/www.delioandrade.com.br\/\">Blog do D\u00c9LIO ANDRADE<\/a>.<\/p>\n","protected":false},"excerpt":{"rendered":"<p>O deputado distrital Daniel de Castro (PP) criticou duramente a chamada \u201cbancada da maconha\u201d na C\u00e2mara Legislativa do Distrito Federal (CLDF). Em suas declara\u00e7\u00f5es, ele afirmou que o grupo representa um desvio moral e \u00e9tico que n\u00e3o pode ser ignorado. O post Deputado Pastor Daniel de Castro se posiciona contra a \u201cBancada da Maconha\u201d apareceu [&hellip;]<\/p>\n","protected":false},"author":0,"featured_media":52305,"comment_status":"open","ping_status":"open","sticky":false,"template":"","format":"standard","meta":{"footnotes":""},"categories":[21],"tags":[],"class_list":{"0":"post-52304","1":"post","2":"type-post","3":"status-publish","4":"format-standard","5":"has-post-thumbnail","7":"category-brasilia"},"yoast_head":"<!-- This site is optimized with the Yoast SEO Premium plugin v24.5 (Yoast SEO v27.5) - https:\/\/yoast.com\/product\/yoast-seo-premium-wordpress\/ -->\n<title>Deputado Pastor Daniel de Castro se posiciona contra a \u201cBancada da Maconha\u201d - P31<\/title>\n<meta name=\"robots\" content=\"index, follow, max-snippet:-1, max-image-preview:large, max-video-preview:-1\" \/>\n<link rel=\"canonical\" href=\"https:\/\/www.p31noticias.com.br\/?p=52304\" \/>\n<meta property=\"og:locale\" content=\"pt_BR\" \/>\n<meta property=\"og:type\" content=\"article\" \/>\n<meta property=\"og:title\" content=\"Deputado Pastor Daniel de Castro se posiciona contra a \u201cBancada da Maconha\u201d\" \/>\n<meta property=\"og:description\" content=\"O deputado distrital Daniel de Castro (PP) criticou duramente a chamada \u201cbancada da maconha\u201d na C\u00e2mara Legislativa do Distrito Federal (CLDF). Em suas declara\u00e7\u00f5es, ele afirmou que o grupo representa um desvio moral e \u00e9tico que n\u00e3o pode ser ignorado. O post Deputado Pastor Daniel de Castro se posiciona contra a \u201cBancada da Maconha\u201d apareceu [&hellip;]\" \/>\n<meta property=\"og:url\" content=\"https:\/\/www.p31noticias.com.br\/?p=52304\" \/>\n<meta property=\"og:site_name\" content=\"P31\" \/>\n<meta property=\"article:published_time\" content=\"2024-05-29T19:30:32+00:00\" \/>\n<meta property=\"og:image\" content=\"https:\/\/www.p31noticias.com.br\/wp-content\/uploads\/2024\/05\/daniel-de-castro-2-150x150-6SHjxg.jpeg\" \/>\n\t<meta property=\"og:image:width\" content=\"150\" \/>\n\t<meta property=\"og:image:height\" content=\"150\" \/>\n\t<meta property=\"og:image:type\" content=\"image\/jpeg\" \/>\n<meta name=\"twitter:card\" content=\"summary_large_image\" \/>\n<script type=\"application\/ld+json\" class=\"yoast-schema-graph\">{\"@context\":\"https:\\\/\\\/schema.org\",\"@graph\":[{\"@type\":\"Article\",\"@id\":\"https:\\\/\\\/www.p31noticias.com.br\\\/?p=52304#article\",\"isPartOf\":{\"@id\":\"https:\\\/\\\/www.p31noticias.com.br\\\/?p=52304\"},\"author\":{\"name\":\"\",\"@id\":\"\"},\"headline\":\"Deputado Pastor Daniel de Castro se posiciona contra a \u201cBancada da Maconha\u201d\",\"datePublished\":\"2024-05-29T19:30:32+00:00\",\"mainEntityOfPage\":{\"@id\":\"https:\\\/\\\/www.p31noticias.com.br\\\/?p=52304\"},\"wordCount\":77,\"commentCount\":0,\"image\":{\"@id\":\"https:\\\/\\\/www.p31noticias.com.br\\\/?p=52304#primaryimage\"},\"thumbnailUrl\":\"https:\\\/\\\/www.p31noticias.com.br\\\/wp-content\\\/uploads\\\/2024\\\/05\\\/daniel-de-castro-2-150x150-6SHjxg.jpeg\",\"articleSection\":[\"Bras\u00edlia\"],\"inLanguage\":\"pt-BR\",\"potentialAction\":[{\"@type\":\"CommentAction\",\"name\":\"Comment\",\"target\":[\"https:\\\/\\\/www.p31noticias.com.br\\\/?p=52304#respond\"]}],\"copyrightYear\":\"2024\",\"copyrightHolder\":{\"@id\":\"https:\\\/\\\/www.p31noticias.com.br\\\/#organization\"}},{\"@type\":\"WebPage\",\"@id\":\"https:\\\/\\\/www.p31noticias.com.br\\\/?p=52304\",\"url\":\"https:\\\/\\\/www.p31noticias.com.br\\\/?p=52304\",\"name\":\"Deputado Pastor Daniel de Castro se posiciona contra a \u201cBancada da Maconha\u201d - P31\",\"isPartOf\":{\"@id\":\"https:\\\/\\\/www.p31noticias.com.br\\\/#website\"},\"primaryImageOfPage\":{\"@id\":\"https:\\\/\\\/www.p31noticias.com.br\\\/?p=52304#primaryimage\"},\"image\":{\"@id\":\"https:\\\/\\\/www.p31noticias.com.br\\\/?p=52304#primaryimage\"},\"thumbnailUrl\":\"https:\\\/\\\/www.p31noticias.com.br\\\/wp-content\\\/uploads\\\/2024\\\/05\\\/daniel-de-castro-2-150x150-6SHjxg.jpeg\",\"datePublished\":\"2024-05-29T19:30:32+00:00\",\"author\":{\"@id\":\"\"},\"breadcrumb\":{\"@id\":\"https:\\\/\\\/www.p31noticias.com.br\\\/?p=52304#breadcrumb\"},\"inLanguage\":\"pt-BR\",\"potentialAction\":[{\"@type\":\"ReadAction\",\"target\":[\"https:\\\/\\\/www.p31noticias.com.br\\\/?p=52304\"]}]},{\"@type\":\"ImageObject\",\"inLanguage\":\"pt-BR\",\"@id\":\"https:\\\/\\\/www.p31noticias.com.br\\\/?p=52304#primaryimage\",\"url\":\"https:\\\/\\\/www.p31noticias.com.br\\\/wp-content\\\/uploads\\\/2024\\\/05\\\/daniel-de-castro-2-150x150-6SHjxg.jpeg\",\"contentUrl\":\"https:\\\/\\\/www.p31noticias.com.br\\\/wp-content\\\/uploads\\\/2024\\\/05\\\/daniel-de-castro-2-150x150-6SHjxg.jpeg\",\"width\":150,\"height\":150},{\"@type\":\"BreadcrumbList\",\"@id\":\"https:\\\/\\\/www.p31noticias.com.br\\\/?p=52304#breadcrumb\",\"itemListElement\":[{\"@type\":\"ListItem\",\"position\":1,\"name\":\"In\u00edcio\",\"item\":\"https:\\\/\\\/www.p31noticias.com.br\\\/\"},{\"@type\":\"ListItem\",\"position\":2,\"name\":\"Deputado Pastor Daniel de Castro se posiciona contra a \u201cBancada da Maconha\u201d\"}]},{\"@type\":\"WebSite\",\"@id\":\"https:\\\/\\\/www.p31noticias.com.br\\\/#website\",\"url\":\"https:\\\/\\\/www.p31noticias.com.br\\\/\",\"name\":\"P31\",\"description\":\"NOT\u00cdCIAS\",\"potentialAction\":[{\"@type\":\"SearchAction\",\"target\":{\"@type\":\"EntryPoint\",\"urlTemplate\":\"https:\\\/\\\/www.p31noticias.com.br\\\/?s={search_term_string}\"},\"query-input\":{\"@type\":\"PropertyValueSpecification\",\"valueRequired\":true,\"valueName\":\"search_term_string\"}}],\"inLanguage\":\"pt-BR\"}]}<\/script>\n<!-- \/ Yoast SEO Premium plugin. -->","yoast_head_json":{"title":"Deputado Pastor Daniel de Castro se posiciona contra a \u201cBancada da Maconha\u201d - P31","robots":{"index":"index","follow":"follow","max-snippet":"max-snippet:-1","max-image-preview":"max-image-preview:large","max-video-preview":"max-video-preview:-1"},"canonical":"https:\/\/www.p31noticias.com.br\/?p=52304","og_locale":"pt_BR","og_type":"article","og_title":"Deputado Pastor Daniel de Castro se posiciona contra a \u201cBancada da Maconha\u201d","og_description":"O deputado distrital Daniel de Castro (PP) criticou duramente a chamada \u201cbancada da maconha\u201d na C\u00e2mara Legislativa do Distrito Federal (CLDF). Em suas declara\u00e7\u00f5es, ele afirmou que o grupo representa um desvio moral e \u00e9tico que n\u00e3o pode ser ignorado. O post Deputado Pastor Daniel de Castro se posiciona contra a \u201cBancada da Maconha\u201d apareceu [&hellip;]","og_url":"https:\/\/www.p31noticias.com.br\/?p=52304","og_site_name":"P31","article_published_time":"2024-05-29T19:30:32+00:00","og_image":[{"width":150,"height":150,"url":"https:\/\/www.p31noticias.com.br\/wp-content\/uploads\/2024\/05\/daniel-de-castro-2-150x150-6SHjxg.jpeg","type":"image\/jpeg"}],"twitter_card":"summary_large_image","schema":{"@context":"https:\/\/schema.org","@graph":[{"@type":"Article","@id":"https:\/\/www.p31noticias.com.br\/?p=52304#article","isPartOf":{"@id":"https:\/\/www.p31noticias.com.br\/?p=52304"},"author":{"name":"","@id":""},"headline":"Deputado Pastor Daniel de Castro se posiciona contra a \u201cBancada da Maconha\u201d","datePublished":"2024-05-29T19:30:32+00:00","mainEntityOfPage":{"@id":"https:\/\/www.p31noticias.com.br\/?p=52304"},"wordCount":77,"commentCount":0,"image":{"@id":"https:\/\/www.p31noticias.com.br\/?p=52304#primaryimage"},"thumbnailUrl":"https:\/\/www.p31noticias.com.br\/wp-content\/uploads\/2024\/05\/daniel-de-castro-2-150x150-6SHjxg.jpeg","articleSection":["Bras\u00edlia"],"inLanguage":"pt-BR","potentialAction":[{"@type":"CommentAction","name":"Comment","target":["https:\/\/www.p31noticias.com.br\/?p=52304#respond"]}],"copyrightYear":"2024","copyrightHolder":{"@id":"https:\/\/www.p31noticias.com.br\/#organization"}},{"@type":"WebPage","@id":"https:\/\/www.p31noticias.com.br\/?p=52304","url":"https:\/\/www.p31noticias.com.br\/?p=52304","name":"Deputado Pastor Daniel de Castro se posiciona contra a \u201cBancada da Maconha\u201d - P31","isPartOf":{"@id":"https:\/\/www.p31noticias.com.br\/#website"},"primaryImageOfPage":{"@id":"https:\/\/www.p31noticias.com.br\/?p=52304#primaryimage"},"image":{"@id":"https:\/\/www.p31noticias.com.br\/?p=52304#primaryimage"},"thumbnailUrl":"https:\/\/www.p31noticias.com.br\/wp-content\/uploads\/2024\/05\/daniel-de-castro-2-150x150-6SHjxg.jpeg","datePublished":"2024-05-29T19:30:32+00:00","author":{"@id":""},"breadcrumb":{"@id":"https:\/\/www.p31noticias.com.br\/?p=52304#breadcrumb"},"inLanguage":"pt-BR","potentialAction":[{"@type":"ReadAction","target":["https:\/\/www.p31noticias.com.br\/?p=52304"]}]},{"@type":"ImageObject","inLanguage":"pt-BR","@id":"https:\/\/www.p31noticias.com.br\/?p=52304#primaryimage","url":"https:\/\/www.p31noticias.com.br\/wp-content\/uploads\/2024\/05\/daniel-de-castro-2-150x150-6SHjxg.jpeg","contentUrl":"https:\/\/www.p31noticias.com.br\/wp-content\/uploads\/2024\/05\/daniel-de-castro-2-150x150-6SHjxg.jpeg","width":150,"height":150},{"@type":"BreadcrumbList","@id":"https:\/\/www.p31noticias.com.br\/?p=52304#breadcrumb","itemListElement":[{"@type":"ListItem","position":1,"name":"In\u00edcio","item":"https:\/\/www.p31noticias.com.br\/"},{"@type":"ListItem","position":2,"name":"Deputado Pastor Daniel de Castro se posiciona contra a \u201cBancada da Maconha\u201d"}]},{"@type":"WebSite","@id":"https:\/\/www.p31noticias.com.br\/#website","url":"https:\/\/www.p31noticias.com.br\/","name":"P31","description":"NOT\u00cdCIAS","potentialAction":[{"@type":"SearchAction","target":{"@type":"EntryPoint","urlTemplate":"https:\/\/www.p31noticias.com.br\/?s={search_term_string}"},"query-input":{"@type":"PropertyValueSpecification","valueRequired":true,"valueName":"search_term_string"}}],"inLanguage":"pt-BR"}]}},"amp_enabled":true,"_links":{"self":[{"href":"https:\/\/www.p31noticias.com.br\/index.php?rest_route=\/wp\/v2\/posts\/52304","targetHints":{"allow":["GET"]}}],"collection":[{"href":"https:\/\/www.p31noticias.com.br\/index.php?rest_route=\/wp\/v2\/posts"}],"about":[{"href":"https:\/\/www.p31noticias.com.br\/index.php?rest_route=\/wp\/v2\/types\/post"}],"replies":[{"embeddable":true,"href":"https:\/\/www.p31noticias.com.br\/index.php?rest_route=%2Fwp%2Fv2%2Fcomments&post=52304"}],"version-history":[{"count":0,"href":"https:\/\/www.p31noticias.com.br\/index.php?rest_route=\/wp\/v2\/posts\/52304\/revisions"}],"wp:featuredmedia":[{"embeddable":true,"href":"https:\/\/www.p31noticias.com.br\/index.php?rest_route=\/wp\/v2\/media\/52305"}],"wp:attachment":[{"href":"https:\/\/www.p31noticias.com.br\/index.php?rest_route=%2Fwp%2Fv2%2Fmedia&parent=52304"}],"wp:term":[{"taxonomy":"category","embeddable":true,"href":"https:\/\/www.p31noticias.com.br\/index.php?rest_route=%2Fwp%2Fv2%2Fcategories&post=52304"},{"taxonomy":"post_tag","embeddable":true,"href":"https:\/\/www.p31noticias.com.br\/index.php?rest_route=%2Fwp%2Fv2%2Ftags&post=52304"}],"curies":[{"name":"wp","href":"https:\/\/api.w.org\/{rel}","templated":true}]}}