{"id":52255,"date":"2024-05-29T11:30:24","date_gmt":"2024-05-29T14:30:24","guid":{"rendered":"https:\/\/p31noticias.com.br\/agro-do-quadrado-producao-de-graos-no-df-cresce-com-qualidade-no-dna-2\/"},"modified":"2024-05-29T11:30:24","modified_gmt":"2024-05-29T14:30:24","slug":"agro-do-quadrado-producao-de-graos-no-df-cresce-com-qualidade-no-dna-2","status":"publish","type":"post","link":"https:\/\/www.p31noticias.com.br\/?p=52255","title":{"rendered":"Agro do Quadrado: Produ\u00e7\u00e3o de gr\u00e3os no DF cresce com qualidade no DNA"},"content":{"rendered":"<p>Trigo \u00e9 uma cultura que se fortalece no Distrito Federal: a safra cresceu 272% entre 2019 e 2023 | Fotos: L\u00facio Bernardo Jr.\/Ag\u00eancia Bras\u00edlia Do cafezinho para come\u00e7ar bem o dia, at\u00e9 o cl\u00e1ssico feij\u00e3o e as deliciosas iguarias feitas a partir do trigo, \u00e9 rara uma refei\u00e7\u00e3o do brasiliense em que os gr\u00e3os n\u00e3o [\u2026]<\/p>\n<p>O post <a href=\"https:\/\/www.delioandrade.com.br\/agro-do-quadrado-producao-de-graos-no-df-cresce-com-qualidade-no-dna-2\/\">Agro do Quadrado: Produ\u00e7\u00e3o de gr\u00e3os no DF cresce com qualidade no DNA<\/a> apareceu primeiro em <a href=\"https:\/\/www.delioandrade.com.br\/\">Blog do D\u00c9LIO ANDRADE<\/a>.<\/p>\n","protected":false},"excerpt":{"rendered":"<p>Trigo \u00e9 uma cultura que se fortalece no Distrito Federal: a safra cresceu 272% entre 2019 e 2023 | Fotos: L\u00facio Bernardo Jr.\/Ag\u00eancia Bras\u00edlia Do cafezinho para come\u00e7ar bem o dia, at\u00e9 o cl\u00e1ssico feij\u00e3o e as deliciosas iguarias feitas a partir do trigo, \u00e9 rara uma refei\u00e7\u00e3o do brasiliense em que os gr\u00e3os n\u00e3o [&hellip;]<\/p>\n","protected":false},"author":0,"featured_media":51705,"comment_status":"open","ping_status":"open","sticky":false,"template":"","format":"standard","meta":{"footnotes":""},"categories":[21],"tags":[],"class_list":{"0":"post-52255","1":"post","2":"type-post","3":"status-publish","4":"format-standard","5":"has-post-thumbnail","7":"category-brasilia"},"yoast_head":"<!-- This site is optimized with the Yoast SEO Premium plugin v24.5 (Yoast SEO v27.5) - https:\/\/yoast.com\/product\/yoast-seo-premium-wordpress\/ -->\n<title>Agro do Quadrado: Produ\u00e7\u00e3o de gr\u00e3os no DF cresce com qualidade no DNA - P31<\/title>\n<meta name=\"robots\" content=\"index, follow, max-snippet:-1, max-image-preview:large, max-video-preview:-1\" \/>\n<link rel=\"canonical\" href=\"https:\/\/www.p31noticias.com.br\/?p=52255\" \/>\n<meta property=\"og:locale\" content=\"pt_BR\" \/>\n<meta property=\"og:type\" content=\"article\" \/>\n<meta property=\"og:title\" content=\"Agro do Quadrado: Produ\u00e7\u00e3o de gr\u00e3os no DF cresce com qualidade no DNA\" \/>\n<meta property=\"og:description\" content=\"Trigo \u00e9 uma cultura que se fortalece no Distrito Federal: a safra cresceu 272% entre 2019 e 2023 | Fotos: L\u00facio Bernardo Jr.\/Ag\u00eancia Bras\u00edlia Do cafezinho para come\u00e7ar bem o dia, at\u00e9 o cl\u00e1ssico feij\u00e3o e as deliciosas iguarias feitas a partir do trigo, \u00e9 rara uma refei\u00e7\u00e3o do brasiliense em que os gr\u00e3os n\u00e3o [&hellip;]\" \/>\n<meta property=\"og:url\" content=\"https:\/\/www.p31noticias.com.br\/?p=52255\" \/>\n<meta property=\"og:site_name\" content=\"P31\" \/>\n<meta property=\"article:published_time\" content=\"2024-05-29T14:30:24+00:00\" \/>\n<meta property=\"og:image\" content=\"https:\/\/www.p31noticias.com.br\/wp-content\/uploads\/2024\/05\/Capa_1-19-qHUAe6-150x150-nez3QB.jpeg\" \/>\n\t<meta property=\"og:image:width\" content=\"150\" \/>\n\t<meta property=\"og:image:height\" content=\"150\" \/>\n\t<meta property=\"og:image:type\" content=\"image\/jpeg\" \/>\n<meta name=\"twitter:card\" content=\"summary_large_image\" \/>\n<script type=\"application\/ld+json\" class=\"yoast-schema-graph\">{\"@context\":\"https:\\\/\\\/schema.org\",\"@graph\":[{\"@type\":\"Article\",\"@id\":\"https:\\\/\\\/www.p31noticias.com.br\\\/?p=52255#article\",\"isPartOf\":{\"@id\":\"https:\\\/\\\/www.p31noticias.com.br\\\/?p=52255\"},\"author\":{\"name\":\"\",\"@id\":\"\"},\"headline\":\"Agro do Quadrado: Produ\u00e7\u00e3o de gr\u00e3os no DF cresce com qualidade no DNA\",\"datePublished\":\"2024-05-29T14:30:24+00:00\",\"mainEntityOfPage\":{\"@id\":\"https:\\\/\\\/www.p31noticias.com.br\\\/?p=52255\"},\"wordCount\":99,\"commentCount\":0,\"image\":{\"@id\":\"https:\\\/\\\/www.p31noticias.com.br\\\/?p=52255#primaryimage\"},\"thumbnailUrl\":\"https:\\\/\\\/www.p31noticias.com.br\\\/wp-content\\\/uploads\\\/2024\\\/05\\\/Capa_1-19-qHUAe6-150x150-nez3QB.jpeg\",\"articleSection\":[\"Bras\u00edlia\"],\"inLanguage\":\"pt-BR\",\"potentialAction\":[{\"@type\":\"CommentAction\",\"name\":\"Comment\",\"target\":[\"https:\\\/\\\/www.p31noticias.com.br\\\/?p=52255#respond\"]}],\"copyrightYear\":\"2024\",\"copyrightHolder\":{\"@id\":\"https:\\\/\\\/www.p31noticias.com.br\\\/#organization\"}},{\"@type\":\"WebPage\",\"@id\":\"https:\\\/\\\/www.p31noticias.com.br\\\/?p=52255\",\"url\":\"https:\\\/\\\/www.p31noticias.com.br\\\/?p=52255\",\"name\":\"Agro do Quadrado: Produ\u00e7\u00e3o de gr\u00e3os no DF cresce com qualidade no DNA - P31\",\"isPartOf\":{\"@id\":\"https:\\\/\\\/www.p31noticias.com.br\\\/#website\"},\"primaryImageOfPage\":{\"@id\":\"https:\\\/\\\/www.p31noticias.com.br\\\/?p=52255#primaryimage\"},\"image\":{\"@id\":\"https:\\\/\\\/www.p31noticias.com.br\\\/?p=52255#primaryimage\"},\"thumbnailUrl\":\"https:\\\/\\\/www.p31noticias.com.br\\\/wp-content\\\/uploads\\\/2024\\\/05\\\/Capa_1-19-qHUAe6-150x150-nez3QB.jpeg\",\"datePublished\":\"2024-05-29T14:30:24+00:00\",\"author\":{\"@id\":\"\"},\"breadcrumb\":{\"@id\":\"https:\\\/\\\/www.p31noticias.com.br\\\/?p=52255#breadcrumb\"},\"inLanguage\":\"pt-BR\",\"potentialAction\":[{\"@type\":\"ReadAction\",\"target\":[\"https:\\\/\\\/www.p31noticias.com.br\\\/?p=52255\"]}]},{\"@type\":\"ImageObject\",\"inLanguage\":\"pt-BR\",\"@id\":\"https:\\\/\\\/www.p31noticias.com.br\\\/?p=52255#primaryimage\",\"url\":\"https:\\\/\\\/www.p31noticias.com.br\\\/wp-content\\\/uploads\\\/2024\\\/05\\\/Capa_1-19-qHUAe6-150x150-nez3QB.jpeg\",\"contentUrl\":\"https:\\\/\\\/www.p31noticias.com.br\\\/wp-content\\\/uploads\\\/2024\\\/05\\\/Capa_1-19-qHUAe6-150x150-nez3QB.jpeg\",\"width\":150,\"height\":150},{\"@type\":\"BreadcrumbList\",\"@id\":\"https:\\\/\\\/www.p31noticias.com.br\\\/?p=52255#breadcrumb\",\"itemListElement\":[{\"@type\":\"ListItem\",\"position\":1,\"name\":\"In\u00edcio\",\"item\":\"https:\\\/\\\/www.p31noticias.com.br\\\/\"},{\"@type\":\"ListItem\",\"position\":2,\"name\":\"Agro do Quadrado: Produ\u00e7\u00e3o de gr\u00e3os no DF cresce com qualidade no DNA\"}]},{\"@type\":\"WebSite\",\"@id\":\"https:\\\/\\\/www.p31noticias.com.br\\\/#website\",\"url\":\"https:\\\/\\\/www.p31noticias.com.br\\\/\",\"name\":\"P31\",\"description\":\"NOT\u00cdCIAS\",\"potentialAction\":[{\"@type\":\"SearchAction\",\"target\":{\"@type\":\"EntryPoint\",\"urlTemplate\":\"https:\\\/\\\/www.p31noticias.com.br\\\/?s={search_term_string}\"},\"query-input\":{\"@type\":\"PropertyValueSpecification\",\"valueRequired\":true,\"valueName\":\"search_term_string\"}}],\"inLanguage\":\"pt-BR\"}]}<\/script>\n<!-- \/ Yoast SEO Premium plugin. -->","yoast_head_json":{"title":"Agro do Quadrado: Produ\u00e7\u00e3o de gr\u00e3os no DF cresce com qualidade no DNA - P31","robots":{"index":"index","follow":"follow","max-snippet":"max-snippet:-1","max-image-preview":"max-image-preview:large","max-video-preview":"max-video-preview:-1"},"canonical":"https:\/\/www.p31noticias.com.br\/?p=52255","og_locale":"pt_BR","og_type":"article","og_title":"Agro do Quadrado: Produ\u00e7\u00e3o de gr\u00e3os no DF cresce com qualidade no DNA","og_description":"Trigo \u00e9 uma cultura que se fortalece no Distrito Federal: a safra cresceu 272% entre 2019 e 2023 | Fotos: L\u00facio Bernardo Jr.\/Ag\u00eancia Bras\u00edlia Do cafezinho para come\u00e7ar bem o dia, at\u00e9 o cl\u00e1ssico feij\u00e3o e as deliciosas iguarias feitas a partir do trigo, \u00e9 rara uma refei\u00e7\u00e3o do brasiliense em que os gr\u00e3os n\u00e3o [&hellip;]","og_url":"https:\/\/www.p31noticias.com.br\/?p=52255","og_site_name":"P31","article_published_time":"2024-05-29T14:30:24+00:00","og_image":[{"width":150,"height":150,"url":"https:\/\/www.p31noticias.com.br\/wp-content\/uploads\/2024\/05\/Capa_1-19-qHUAe6-150x150-nez3QB.jpeg","type":"image\/jpeg"}],"twitter_card":"summary_large_image","schema":{"@context":"https:\/\/schema.org","@graph":[{"@type":"Article","@id":"https:\/\/www.p31noticias.com.br\/?p=52255#article","isPartOf":{"@id":"https:\/\/www.p31noticias.com.br\/?p=52255"},"author":{"name":"","@id":""},"headline":"Agro do Quadrado: Produ\u00e7\u00e3o de gr\u00e3os no DF cresce com qualidade no DNA","datePublished":"2024-05-29T14:30:24+00:00","mainEntityOfPage":{"@id":"https:\/\/www.p31noticias.com.br\/?p=52255"},"wordCount":99,"commentCount":0,"image":{"@id":"https:\/\/www.p31noticias.com.br\/?p=52255#primaryimage"},"thumbnailUrl":"https:\/\/www.p31noticias.com.br\/wp-content\/uploads\/2024\/05\/Capa_1-19-qHUAe6-150x150-nez3QB.jpeg","articleSection":["Bras\u00edlia"],"inLanguage":"pt-BR","potentialAction":[{"@type":"CommentAction","name":"Comment","target":["https:\/\/www.p31noticias.com.br\/?p=52255#respond"]}],"copyrightYear":"2024","copyrightHolder":{"@id":"https:\/\/www.p31noticias.com.br\/#organization"}},{"@type":"WebPage","@id":"https:\/\/www.p31noticias.com.br\/?p=52255","url":"https:\/\/www.p31noticias.com.br\/?p=52255","name":"Agro do Quadrado: Produ\u00e7\u00e3o de gr\u00e3os no DF cresce com qualidade no DNA - P31","isPartOf":{"@id":"https:\/\/www.p31noticias.com.br\/#website"},"primaryImageOfPage":{"@id":"https:\/\/www.p31noticias.com.br\/?p=52255#primaryimage"},"image":{"@id":"https:\/\/www.p31noticias.com.br\/?p=52255#primaryimage"},"thumbnailUrl":"https:\/\/www.p31noticias.com.br\/wp-content\/uploads\/2024\/05\/Capa_1-19-qHUAe6-150x150-nez3QB.jpeg","datePublished":"2024-05-29T14:30:24+00:00","author":{"@id":""},"breadcrumb":{"@id":"https:\/\/www.p31noticias.com.br\/?p=52255#breadcrumb"},"inLanguage":"pt-BR","potentialAction":[{"@type":"ReadAction","target":["https:\/\/www.p31noticias.com.br\/?p=52255"]}]},{"@type":"ImageObject","inLanguage":"pt-BR","@id":"https:\/\/www.p31noticias.com.br\/?p=52255#primaryimage","url":"https:\/\/www.p31noticias.com.br\/wp-content\/uploads\/2024\/05\/Capa_1-19-qHUAe6-150x150-nez3QB.jpeg","contentUrl":"https:\/\/www.p31noticias.com.br\/wp-content\/uploads\/2024\/05\/Capa_1-19-qHUAe6-150x150-nez3QB.jpeg","width":150,"height":150},{"@type":"BreadcrumbList","@id":"https:\/\/www.p31noticias.com.br\/?p=52255#breadcrumb","itemListElement":[{"@type":"ListItem","position":1,"name":"In\u00edcio","item":"https:\/\/www.p31noticias.com.br\/"},{"@type":"ListItem","position":2,"name":"Agro do Quadrado: Produ\u00e7\u00e3o de gr\u00e3os no DF cresce com qualidade no DNA"}]},{"@type":"WebSite","@id":"https:\/\/www.p31noticias.com.br\/#website","url":"https:\/\/www.p31noticias.com.br\/","name":"P31","description":"NOT\u00cdCIAS","potentialAction":[{"@type":"SearchAction","target":{"@type":"EntryPoint","urlTemplate":"https:\/\/www.p31noticias.com.br\/?s={search_term_string}"},"query-input":{"@type":"PropertyValueSpecification","valueRequired":true,"valueName":"search_term_string"}}],"inLanguage":"pt-BR"}]}},"amp_enabled":true,"_links":{"self":[{"href":"https:\/\/www.p31noticias.com.br\/index.php?rest_route=\/wp\/v2\/posts\/52255","targetHints":{"allow":["GET"]}}],"collection":[{"href":"https:\/\/www.p31noticias.com.br\/index.php?rest_route=\/wp\/v2\/posts"}],"about":[{"href":"https:\/\/www.p31noticias.com.br\/index.php?rest_route=\/wp\/v2\/types\/post"}],"replies":[{"embeddable":true,"href":"https:\/\/www.p31noticias.com.br\/index.php?rest_route=%2Fwp%2Fv2%2Fcomments&post=52255"}],"version-history":[{"count":0,"href":"https:\/\/www.p31noticias.com.br\/index.php?rest_route=\/wp\/v2\/posts\/52255\/revisions"}],"wp:featuredmedia":[{"embeddable":true,"href":"https:\/\/www.p31noticias.com.br\/index.php?rest_route=\/wp\/v2\/media\/51705"}],"wp:attachment":[{"href":"https:\/\/www.p31noticias.com.br\/index.php?rest_route=%2Fwp%2Fv2%2Fmedia&parent=52255"}],"wp:term":[{"taxonomy":"category","embeddable":true,"href":"https:\/\/www.p31noticias.com.br\/index.php?rest_route=%2Fwp%2Fv2%2Fcategories&post=52255"},{"taxonomy":"post_tag","embeddable":true,"href":"https:\/\/www.p31noticias.com.br\/index.php?rest_route=%2Fwp%2Fv2%2Ftags&post=52255"}],"curies":[{"name":"wp","href":"https:\/\/api.w.org\/{rel}","templated":true}]}}