{"id":52211,"date":"2024-05-29T00:31:44","date_gmt":"2024-05-29T03:31:44","guid":{"rendered":"https:\/\/p31noticias.com.br\/incendio-destroi-carros-em-deposito-do-detran-em-brasilia-veja-videos\/"},"modified":"2024-05-29T00:31:44","modified_gmt":"2024-05-29T03:31:44","slug":"incendio-destroi-carros-em-deposito-do-detran-em-brasilia-veja-videos","status":"publish","type":"post","link":"https:\/\/www.p31noticias.com.br\/?p=52211","title":{"rendered":"Inc\u00eandio destr\u00f3i carros em dep\u00f3sito do Detran em Bras\u00edlia; veja v\u00eddeos"},"content":{"rendered":"<p>Um inc\u00eandio atingiu o dep\u00f3sito do Departamento de Tr\u00e2nsito do Distrito Federal (Detran-DF) na noite desta ter\u00e7a-feira (28\/5). O dep\u00f3sito fica localizado na Asa Norte, \u00e1rea nobre da capital federal. Leia tamb\u00e9m Brasil Inc\u00eandio de grande propor\u00e7\u00f5es atinge bairro de Porto Alegre. V\u00eddeo Distrito Federal Inc\u00eandio em casa no DF mata gato e deixa cachorro [\u2026]<\/p>\n<p>O post <a href=\"https:\/\/www.delioandrade.com.br\/incendio-destroi-carros-em-deposito-do-detran-em-brasilia-veja-videos\/\">Inc\u00eandio destr\u00f3i carros em dep\u00f3sito do Detran em Bras\u00edlia; veja v\u00eddeos<\/a> apareceu primeiro em <a href=\"https:\/\/www.delioandrade.com.br\/\">Blog do D\u00c9LIO ANDRADE<\/a>.<\/p>\n","protected":false},"excerpt":{"rendered":"<p>Um inc\u00eandio atingiu o dep\u00f3sito do Departamento de Tr\u00e2nsito do Distrito Federal (Detran-DF) na noite desta ter\u00e7a-feira (28\/5). O dep\u00f3sito fica localizado na Asa Norte, \u00e1rea nobre da capital federal. Leia tamb\u00e9m Brasil Inc\u00eandio de grande propor\u00e7\u00f5es atinge bairro de Porto Alegre. V\u00eddeo Distrito Federal Inc\u00eandio em casa no DF mata gato e deixa cachorro [&hellip;]<\/p>\n","protected":false},"author":0,"featured_media":0,"comment_status":"open","ping_status":"open","sticky":false,"template":"","format":"standard","meta":{"footnotes":""},"categories":[21],"tags":[],"class_list":{"0":"post-52211","1":"post","2":"type-post","3":"status-publish","4":"format-standard","6":"category-brasilia"},"yoast_head":"<!-- This site is optimized with the Yoast SEO Premium plugin v24.5 (Yoast SEO v27.5) - https:\/\/yoast.com\/product\/yoast-seo-premium-wordpress\/ -->\n<title>Inc\u00eandio destr\u00f3i carros em dep\u00f3sito do Detran em Bras\u00edlia; veja v\u00eddeos - P31<\/title>\n<meta name=\"robots\" content=\"index, follow, max-snippet:-1, max-image-preview:large, max-video-preview:-1\" \/>\n<link rel=\"canonical\" href=\"https:\/\/www.p31noticias.com.br\/?p=52211\" \/>\n<meta property=\"og:locale\" content=\"pt_BR\" \/>\n<meta property=\"og:type\" content=\"article\" \/>\n<meta property=\"og:title\" content=\"Inc\u00eandio destr\u00f3i carros em dep\u00f3sito do Detran em Bras\u00edlia; veja v\u00eddeos\" \/>\n<meta property=\"og:description\" content=\"Um inc\u00eandio atingiu o dep\u00f3sito do Departamento de Tr\u00e2nsito do Distrito Federal (Detran-DF) na noite desta ter\u00e7a-feira (28\/5). O dep\u00f3sito fica localizado na Asa Norte, \u00e1rea nobre da capital federal. Leia tamb\u00e9m Brasil Inc\u00eandio de grande propor\u00e7\u00f5es atinge bairro de Porto Alegre. V\u00eddeo Distrito Federal Inc\u00eandio em casa no DF mata gato e deixa cachorro [&hellip;]\" \/>\n<meta property=\"og:url\" content=\"https:\/\/www.p31noticias.com.br\/?p=52211\" \/>\n<meta property=\"og:site_name\" content=\"P31\" \/>\n<meta property=\"article:published_time\" content=\"2024-05-29T03:31:44+00:00\" \/>\n<meta name=\"twitter:card\" content=\"summary_large_image\" \/>\n<script type=\"application\/ld+json\" class=\"yoast-schema-graph\">{\"@context\":\"https:\\\/\\\/schema.org\",\"@graph\":[{\"@type\":\"Article\",\"@id\":\"https:\\\/\\\/www.p31noticias.com.br\\\/?p=52211#article\",\"isPartOf\":{\"@id\":\"https:\\\/\\\/www.p31noticias.com.br\\\/?p=52211\"},\"author\":{\"name\":\"\",\"@id\":\"\"},\"headline\":\"Inc\u00eandio destr\u00f3i carros em dep\u00f3sito do Detran em Bras\u00edlia; veja v\u00eddeos\",\"datePublished\":\"2024-05-29T03:31:44+00:00\",\"mainEntityOfPage\":{\"@id\":\"https:\\\/\\\/www.p31noticias.com.br\\\/?p=52211\"},\"wordCount\":106,\"commentCount\":0,\"articleSection\":[\"Bras\u00edlia\"],\"inLanguage\":\"pt-BR\",\"potentialAction\":[{\"@type\":\"CommentAction\",\"name\":\"Comment\",\"target\":[\"https:\\\/\\\/www.p31noticias.com.br\\\/?p=52211#respond\"]}],\"copyrightYear\":\"2024\",\"copyrightHolder\":{\"@id\":\"https:\\\/\\\/www.p31noticias.com.br\\\/#organization\"}},{\"@type\":\"WebPage\",\"@id\":\"https:\\\/\\\/www.p31noticias.com.br\\\/?p=52211\",\"url\":\"https:\\\/\\\/www.p31noticias.com.br\\\/?p=52211\",\"name\":\"Inc\u00eandio destr\u00f3i carros em dep\u00f3sito do Detran em Bras\u00edlia; veja v\u00eddeos - P31\",\"isPartOf\":{\"@id\":\"https:\\\/\\\/www.p31noticias.com.br\\\/#website\"},\"datePublished\":\"2024-05-29T03:31:44+00:00\",\"author\":{\"@id\":\"\"},\"breadcrumb\":{\"@id\":\"https:\\\/\\\/www.p31noticias.com.br\\\/?p=52211#breadcrumb\"},\"inLanguage\":\"pt-BR\",\"potentialAction\":[{\"@type\":\"ReadAction\",\"target\":[\"https:\\\/\\\/www.p31noticias.com.br\\\/?p=52211\"]}]},{\"@type\":\"BreadcrumbList\",\"@id\":\"https:\\\/\\\/www.p31noticias.com.br\\\/?p=52211#breadcrumb\",\"itemListElement\":[{\"@type\":\"ListItem\",\"position\":1,\"name\":\"In\u00edcio\",\"item\":\"https:\\\/\\\/www.p31noticias.com.br\\\/\"},{\"@type\":\"ListItem\",\"position\":2,\"name\":\"Inc\u00eandio destr\u00f3i carros em dep\u00f3sito do Detran em Bras\u00edlia; veja v\u00eddeos\"}]},{\"@type\":\"WebSite\",\"@id\":\"https:\\\/\\\/www.p31noticias.com.br\\\/#website\",\"url\":\"https:\\\/\\\/www.p31noticias.com.br\\\/\",\"name\":\"P31\",\"description\":\"NOT\u00cdCIAS\",\"potentialAction\":[{\"@type\":\"SearchAction\",\"target\":{\"@type\":\"EntryPoint\",\"urlTemplate\":\"https:\\\/\\\/www.p31noticias.com.br\\\/?s={search_term_string}\"},\"query-input\":{\"@type\":\"PropertyValueSpecification\",\"valueRequired\":true,\"valueName\":\"search_term_string\"}}],\"inLanguage\":\"pt-BR\"}]}<\/script>\n<!-- \/ Yoast SEO Premium plugin. -->","yoast_head_json":{"title":"Inc\u00eandio destr\u00f3i carros em dep\u00f3sito do Detran em Bras\u00edlia; veja v\u00eddeos - P31","robots":{"index":"index","follow":"follow","max-snippet":"max-snippet:-1","max-image-preview":"max-image-preview:large","max-video-preview":"max-video-preview:-1"},"canonical":"https:\/\/www.p31noticias.com.br\/?p=52211","og_locale":"pt_BR","og_type":"article","og_title":"Inc\u00eandio destr\u00f3i carros em dep\u00f3sito do Detran em Bras\u00edlia; veja v\u00eddeos","og_description":"Um inc\u00eandio atingiu o dep\u00f3sito do Departamento de Tr\u00e2nsito do Distrito Federal (Detran-DF) na noite desta ter\u00e7a-feira (28\/5). O dep\u00f3sito fica localizado na Asa Norte, \u00e1rea nobre da capital federal. Leia tamb\u00e9m Brasil Inc\u00eandio de grande propor\u00e7\u00f5es atinge bairro de Porto Alegre. V\u00eddeo Distrito Federal Inc\u00eandio em casa no DF mata gato e deixa cachorro [&hellip;]","og_url":"https:\/\/www.p31noticias.com.br\/?p=52211","og_site_name":"P31","article_published_time":"2024-05-29T03:31:44+00:00","twitter_card":"summary_large_image","schema":{"@context":"https:\/\/schema.org","@graph":[{"@type":"Article","@id":"https:\/\/www.p31noticias.com.br\/?p=52211#article","isPartOf":{"@id":"https:\/\/www.p31noticias.com.br\/?p=52211"},"author":{"name":"","@id":""},"headline":"Inc\u00eandio destr\u00f3i carros em dep\u00f3sito do Detran em Bras\u00edlia; veja v\u00eddeos","datePublished":"2024-05-29T03:31:44+00:00","mainEntityOfPage":{"@id":"https:\/\/www.p31noticias.com.br\/?p=52211"},"wordCount":106,"commentCount":0,"articleSection":["Bras\u00edlia"],"inLanguage":"pt-BR","potentialAction":[{"@type":"CommentAction","name":"Comment","target":["https:\/\/www.p31noticias.com.br\/?p=52211#respond"]}],"copyrightYear":"2024","copyrightHolder":{"@id":"https:\/\/www.p31noticias.com.br\/#organization"}},{"@type":"WebPage","@id":"https:\/\/www.p31noticias.com.br\/?p=52211","url":"https:\/\/www.p31noticias.com.br\/?p=52211","name":"Inc\u00eandio destr\u00f3i carros em dep\u00f3sito do Detran em Bras\u00edlia; veja v\u00eddeos - P31","isPartOf":{"@id":"https:\/\/www.p31noticias.com.br\/#website"},"datePublished":"2024-05-29T03:31:44+00:00","author":{"@id":""},"breadcrumb":{"@id":"https:\/\/www.p31noticias.com.br\/?p=52211#breadcrumb"},"inLanguage":"pt-BR","potentialAction":[{"@type":"ReadAction","target":["https:\/\/www.p31noticias.com.br\/?p=52211"]}]},{"@type":"BreadcrumbList","@id":"https:\/\/www.p31noticias.com.br\/?p=52211#breadcrumb","itemListElement":[{"@type":"ListItem","position":1,"name":"In\u00edcio","item":"https:\/\/www.p31noticias.com.br\/"},{"@type":"ListItem","position":2,"name":"Inc\u00eandio destr\u00f3i carros em dep\u00f3sito do Detran em Bras\u00edlia; veja v\u00eddeos"}]},{"@type":"WebSite","@id":"https:\/\/www.p31noticias.com.br\/#website","url":"https:\/\/www.p31noticias.com.br\/","name":"P31","description":"NOT\u00cdCIAS","potentialAction":[{"@type":"SearchAction","target":{"@type":"EntryPoint","urlTemplate":"https:\/\/www.p31noticias.com.br\/?s={search_term_string}"},"query-input":{"@type":"PropertyValueSpecification","valueRequired":true,"valueName":"search_term_string"}}],"inLanguage":"pt-BR"}]}},"amp_enabled":true,"_links":{"self":[{"href":"https:\/\/www.p31noticias.com.br\/index.php?rest_route=\/wp\/v2\/posts\/52211","targetHints":{"allow":["GET"]}}],"collection":[{"href":"https:\/\/www.p31noticias.com.br\/index.php?rest_route=\/wp\/v2\/posts"}],"about":[{"href":"https:\/\/www.p31noticias.com.br\/index.php?rest_route=\/wp\/v2\/types\/post"}],"replies":[{"embeddable":true,"href":"https:\/\/www.p31noticias.com.br\/index.php?rest_route=%2Fwp%2Fv2%2Fcomments&post=52211"}],"version-history":[{"count":0,"href":"https:\/\/www.p31noticias.com.br\/index.php?rest_route=\/wp\/v2\/posts\/52211\/revisions"}],"wp:attachment":[{"href":"https:\/\/www.p31noticias.com.br\/index.php?rest_route=%2Fwp%2Fv2%2Fmedia&parent=52211"}],"wp:term":[{"taxonomy":"category","embeddable":true,"href":"https:\/\/www.p31noticias.com.br\/index.php?rest_route=%2Fwp%2Fv2%2Fcategories&post=52211"},{"taxonomy":"post_tag","embeddable":true,"href":"https:\/\/www.p31noticias.com.br\/index.php?rest_route=%2Fwp%2Fv2%2Ftags&post=52211"}],"curies":[{"name":"wp","href":"https:\/\/api.w.org\/{rel}","templated":true}]}}