{"id":52201,"date":"2024-05-29T00:12:42","date_gmt":"2024-05-29T03:12:42","guid":{"rendered":"https:\/\/p31noticias.com.br\/?p=52201"},"modified":"2024-05-29T00:14:01","modified_gmt":"2024-05-29T03:14:01","slug":"congresso-rejeita-veto-de-lula-e-proibe-saidinhas-de-presos-do-regime-semiaberto-para-visitar-suas-familias","status":"publish","type":"post","link":"https:\/\/www.p31noticias.com.br\/?p=52201","title":{"rendered":"Congresso rejeita veto de Lula e pro\u00edbe &#8216;saidinhas&#8217; de presos do regime semiaberto para visitar suas fam\u00edlias"},"content":{"rendered":"<h3 style=\"text-align: justify;\">Congresso Nacional e Vetos Presidenciais<\/h3>\n<p style=\"text-align: justify;\">O Congresso Nacional rejeitou o veto do presidente Luiz In\u00e1cio Lula da Silva \u00e0 proibi\u00e7\u00e3o das sa\u00eddas tempor\u00e1rias de presos do regime semiaberto, retirando da Lei de Execu\u00e7\u00e3o Penal as possibilidades de sa\u00eddas tempor\u00e1rias para visita \u00e0 fam\u00edlia e participa\u00e7\u00e3o em atividades que concorram para o retorno ao conv\u00edvio social. Ainda \u00e9 permitida a sa\u00edda tempor\u00e1ria para cursos supletivos profissionalizantes e instru\u00e7\u00e3o do ensino m\u00e9dio ou superior na comarca do Ju\u00edzo da Execu\u00e7\u00e3o. At\u00e9 agora, as sa\u00eddas tempor\u00e1rias podiam ser concedidas por at\u00e9 sete dias, renov\u00e1veis at\u00e9 quatro vezes ao ano.<\/p>\n<p style=\"text-align: justify;\">O deputado Chico Alencar (Psol-RJ) criticou a decis\u00e3o, lamentando a influ\u00eancia de vis\u00f5es extremistas no Congresso. \u201cVedar todas as sa\u00eddas tempor\u00e1rias n\u00e3o \u00e9 racional. De 835 mil presos, 182 mil t\u00eam direito a essa sa\u00edda\u201d, alertou.<\/p>\n<p style=\"text-align: justify;\">O deputado Pedro Paulo (PSD-RJ), autor do projeto original, tamb\u00e9m expressou preocupa\u00e7\u00f5es. \u201cUma \u00ednfima minoria comete um delito quando sai. De 34 mil presos beneficiados nas sa\u00eddas em S\u00e3o Paulo no Natal de 2023, apenas 81 cometeram crimes e de menor potencial\u201d, lembrou.<\/p>\n<p style=\"text-align: justify;\">Por outro lado, o deputado Kim Kataguiri (Uni\u00e3o-SP) argumentou que os incentivos dados pelo Brasil s\u00e3o facilitadores para o cometimento de crimes. \u201cInfelizmente, no Brasil, cometer crime compensa. O sujeito sabe que n\u00e3o vai ser punido, e o \u00edndice de reincid\u00eancia \u00e9 gigantesco\u201d, afirmou.<\/p>\n<h3 style=\"text-align: justify;\">Leis Or\u00e7ament\u00e1rias<\/h3>\n<p style=\"text-align: justify;\">O Congresso tamb\u00e9m rejeitou vetos a v\u00e1rios dispositivos da Lei de Diretrizes Or\u00e7ament\u00e1rias (LDO 2024) e da Lei Or\u00e7ament\u00e1ria Anual (LOA 2024), incluindo metas adicionais para a\u00e7\u00f5es integradas de sa\u00fade e educa\u00e7\u00e3o para crian\u00e7as com defici\u00eancia e incentivos ao uso de energias renov\u00e1veis.<\/p>\n<h3 style=\"text-align: justify;\">Regulariza\u00e7\u00e3o de Terras na Amaz\u00f4nia<\/h3>\n<p style=\"text-align: justify;\">O Parlamento derrubou vetos relacionados ao Projeto de Lei 2757\/22, permitindo nova chance de quita\u00e7\u00e3o de terras da Uni\u00e3o regularizadas na Amaz\u00f4nia Legal, conforme a Lei 14.757\/23. O Executivo definir\u00e1 condi\u00e7\u00f5es financeiras e prazos para pagamento, considerando contratos de regulariza\u00e7\u00e3o assinados antes de 25 de junho de 2009. A quita\u00e7\u00e3o eliminar\u00e1 cl\u00e1usulas impeditivas para \u00e1reas de at\u00e9 15 m\u00f3dulos fiscais, desde que inscritas no Cadastro Ambiental Rural (CAR). No entanto, benef\u00edcios n\u00e3o ser\u00e3o concedidos a quem explorar m\u00e3o de obra escrava, e responsabilidades ambientais, trabalhistas e tribut\u00e1rias permanecem.<\/p>\n<h3 style=\"text-align: justify;\">Pol\u00edcia Civil<\/h3>\n<p style=\"text-align: justify;\">A Lei 14.735\/23 incluir\u00e1 itens relativos \u00e0 Lei Org\u00e2nica das Pol\u00edcias Civis, garantindo direitos como aux\u00edlio-sa\u00fade, carga hor\u00e1ria m\u00e1xima de 40 horas semanais e licen\u00e7a remunerada para desempenho de mandato classista, al\u00e9m de aposentadoria especial e outras prerrogativas funcionais.<\/p>\n<h3 style=\"text-align: justify;\">Pol\u00edcia Militar e Bombeiros<\/h3>\n<p style=\"text-align: justify;\">Na Lei 14.751\/23, foram rejeitados vetos permitindo que policiais militares e bombeiros exer\u00e7am fun\u00e7\u00f5es em outro ente federado e garantindo seguro de vida e indeniza\u00e7\u00e3o para v\u00edtimas no exerc\u00edcio da fun\u00e7\u00e3o. Tamb\u00e9m garantiu-se a contagem do tempo de mandato eletivo para rec\u00e1lculo de remunera\u00e7\u00e3o na inatividade.<\/p>\n<h3 style=\"text-align: justify;\">ICMS<\/h3>\n<p style=\"text-align: justify;\">O Congresso rejeitou o veto \u00e0 isen\u00e7\u00e3o do ICMS na transfer\u00eancia de produtos entre estabelecimentos de uma mesma empresa, permitindo que essas opera\u00e7\u00f5es aproveitem cr\u00e9ditos fiscais.<\/p>\n<h3 style=\"text-align: justify;\">Adiamentos<\/h3>\n<p style=\"text-align: justify;\">Os parlamentares decidiram adiar para uma pr\u00f3xima sess\u00e3o os vetos sobre reserva legal, registros de agrot\u00f3xicos, o programa Minha Casa, Minha Vida e despacho gratuito de bagagem<\/p>\n<p style=\"text-align: justify;\"><em><strong>Com informa\u00e7\u00f5es da Ag\u00eancia C\u00e2mara de Not\u00edcias<\/strong><\/em><\/p>\n","protected":false},"excerpt":{"rendered":"<p>Congresso Nacional e Vetos Presidenciais O Congresso Nacional rejeitou o veto do presidente Luiz In\u00e1cio Lula da Silva \u00e0 proibi\u00e7\u00e3o das sa\u00eddas tempor\u00e1rias de presos do regime semiaberto, retirando da Lei de Execu\u00e7\u00e3o Penal as possibilidades de sa\u00eddas tempor\u00e1rias para visita \u00e0 fam\u00edlia e participa\u00e7\u00e3o em atividades que concorram para o retorno ao conv\u00edvio social. [&hellip;]<\/p>\n","protected":false},"author":2,"featured_media":52202,"comment_status":"open","ping_status":"open","sticky":false,"template":"","format":"standard","meta":{"footnotes":""},"categories":[68,57],"tags":[],"class_list":{"0":"post-52201","1":"post","2":"type-post","3":"status-publish","4":"format-standard","5":"has-post-thumbnail","7":"category-brasil","8":"category-politica"},"yoast_head":"<!-- This site is optimized with the Yoast SEO Premium plugin v24.5 (Yoast SEO v27.5) - https:\/\/yoast.com\/product\/yoast-seo-premium-wordpress\/ -->\n<title>Congresso rejeita veto de Lula e pro\u00edbe &#039;saidinhas&#039; de presos do regime semiaberto para visitar suas fam\u00edlias - P31<\/title>\n<meta name=\"robots\" content=\"index, follow, max-snippet:-1, max-image-preview:large, max-video-preview:-1\" \/>\n<link rel=\"canonical\" href=\"https:\/\/www.p31noticias.com.br\/?p=52201\" \/>\n<meta property=\"og:locale\" content=\"pt_BR\" \/>\n<meta property=\"og:type\" content=\"article\" \/>\n<meta property=\"og:title\" content=\"Congresso rejeita veto de Lula e pro\u00edbe &#039;saidinhas&#039; de presos do regime semiaberto para visitar suas fam\u00edlias\" \/>\n<meta property=\"og:description\" content=\"Congresso Nacional e Vetos Presidenciais O Congresso Nacional rejeitou o veto do presidente Luiz In\u00e1cio Lula da Silva \u00e0 proibi\u00e7\u00e3o das sa\u00eddas tempor\u00e1rias de presos do regime semiaberto, retirando da Lei de Execu\u00e7\u00e3o Penal as possibilidades de sa\u00eddas tempor\u00e1rias para visita \u00e0 fam\u00edlia e participa\u00e7\u00e3o em atividades que concorram para o retorno ao conv\u00edvio social. [&hellip;]\" \/>\n<meta property=\"og:url\" content=\"https:\/\/www.p31noticias.com.br\/?p=52201\" \/>\n<meta property=\"og:site_name\" content=\"P31\" \/>\n<meta property=\"article:published_time\" content=\"2024-05-29T03:12:42+00:00\" \/>\n<meta property=\"article:modified_time\" content=\"2024-05-29T03:14:01+00:00\" \/>\n<meta property=\"og:image\" content=\"https:\/\/www.p31noticias.com.br\/wp-content\/uploads\/2024\/05\/sede-do-congresso-nacional-em-brasilia-com-reflexo-do-predio-no-espelho-dagua-a-sua-frente.webp\" \/>\n\t<meta property=\"og:image:width\" content=\"600\" \/>\n\t<meta property=\"og:image:height\" content=\"400\" \/>\n\t<meta property=\"og:image:type\" content=\"image\/webp\" \/>\n<meta name=\"author\" content=\"Gon\u00e7alves Junior\" \/>\n<meta name=\"twitter:card\" content=\"summary_large_image\" \/>\n<meta name=\"twitter:label1\" content=\"Escrito por\" \/>\n\t<meta name=\"twitter:data1\" content=\"Gon\u00e7alves Junior\" \/>\n\t<meta name=\"twitter:label2\" content=\"Est. tempo de leitura\" \/>\n\t<meta name=\"twitter:data2\" content=\"3 minutos\" \/>\n<script type=\"application\/ld+json\" class=\"yoast-schema-graph\">{\"@context\":\"https:\\\/\\\/schema.org\",\"@graph\":[{\"@type\":\"Article\",\"@id\":\"https:\\\/\\\/www.p31noticias.com.br\\\/?p=52201#article\",\"isPartOf\":{\"@id\":\"https:\\\/\\\/www.p31noticias.com.br\\\/?p=52201\"},\"author\":{\"name\":\"Gon\u00e7alves Junior\",\"@id\":\"https:\\\/\\\/www.p31noticias.com.br\\\/#\\\/schema\\\/person\\\/95f2ece30e3b4132065b915150cd0f94\"},\"headline\":\"Congresso rejeita veto de Lula e pro\u00edbe &#8216;saidinhas&#8217; de presos do regime semiaberto para visitar suas fam\u00edlias\",\"datePublished\":\"2024-05-29T03:12:42+00:00\",\"dateModified\":\"2024-05-29T03:14:01+00:00\",\"mainEntityOfPage\":{\"@id\":\"https:\\\/\\\/www.p31noticias.com.br\\\/?p=52201\"},\"wordCount\":601,\"commentCount\":0,\"image\":{\"@id\":\"https:\\\/\\\/www.p31noticias.com.br\\\/?p=52201#primaryimage\"},\"thumbnailUrl\":\"https:\\\/\\\/www.p31noticias.com.br\\\/wp-content\\\/uploads\\\/2024\\\/05\\\/sede-do-congresso-nacional-em-brasilia-com-reflexo-do-predio-no-espelho-dagua-a-sua-frente.webp\",\"articleSection\":[\"Brasil\",\"Pol\u00edtica\"],\"inLanguage\":\"pt-BR\",\"potentialAction\":[{\"@type\":\"CommentAction\",\"name\":\"Comment\",\"target\":[\"https:\\\/\\\/www.p31noticias.com.br\\\/?p=52201#respond\"]}],\"copyrightYear\":\"2024\",\"copyrightHolder\":{\"@id\":\"https:\\\/\\\/www.p31noticias.com.br\\\/#organization\"}},{\"@type\":\"WebPage\",\"@id\":\"https:\\\/\\\/www.p31noticias.com.br\\\/?p=52201\",\"url\":\"https:\\\/\\\/www.p31noticias.com.br\\\/?p=52201\",\"name\":\"Congresso rejeita veto de Lula e pro\u00edbe 'saidinhas' de presos do regime semiaberto para visitar suas fam\u00edlias - P31\",\"isPartOf\":{\"@id\":\"https:\\\/\\\/www.p31noticias.com.br\\\/#website\"},\"primaryImageOfPage\":{\"@id\":\"https:\\\/\\\/www.p31noticias.com.br\\\/?p=52201#primaryimage\"},\"image\":{\"@id\":\"https:\\\/\\\/www.p31noticias.com.br\\\/?p=52201#primaryimage\"},\"thumbnailUrl\":\"https:\\\/\\\/www.p31noticias.com.br\\\/wp-content\\\/uploads\\\/2024\\\/05\\\/sede-do-congresso-nacional-em-brasilia-com-reflexo-do-predio-no-espelho-dagua-a-sua-frente.webp\",\"datePublished\":\"2024-05-29T03:12:42+00:00\",\"dateModified\":\"2024-05-29T03:14:01+00:00\",\"author\":{\"@id\":\"https:\\\/\\\/www.p31noticias.com.br\\\/#\\\/schema\\\/person\\\/95f2ece30e3b4132065b915150cd0f94\"},\"breadcrumb\":{\"@id\":\"https:\\\/\\\/www.p31noticias.com.br\\\/?p=52201#breadcrumb\"},\"inLanguage\":\"pt-BR\",\"potentialAction\":[{\"@type\":\"ReadAction\",\"target\":[\"https:\\\/\\\/www.p31noticias.com.br\\\/?p=52201\"]}]},{\"@type\":\"ImageObject\",\"inLanguage\":\"pt-BR\",\"@id\":\"https:\\\/\\\/www.p31noticias.com.br\\\/?p=52201#primaryimage\",\"url\":\"https:\\\/\\\/www.p31noticias.com.br\\\/wp-content\\\/uploads\\\/2024\\\/05\\\/sede-do-congresso-nacional-em-brasilia-com-reflexo-do-predio-no-espelho-dagua-a-sua-frente.webp\",\"contentUrl\":\"https:\\\/\\\/www.p31noticias.com.br\\\/wp-content\\\/uploads\\\/2024\\\/05\\\/sede-do-congresso-nacional-em-brasilia-com-reflexo-do-predio-no-espelho-dagua-a-sua-frente.webp\",\"width\":600,\"height\":400},{\"@type\":\"BreadcrumbList\",\"@id\":\"https:\\\/\\\/www.p31noticias.com.br\\\/?p=52201#breadcrumb\",\"itemListElement\":[{\"@type\":\"ListItem\",\"position\":1,\"name\":\"In\u00edcio\",\"item\":\"https:\\\/\\\/www.p31noticias.com.br\\\/\"},{\"@type\":\"ListItem\",\"position\":2,\"name\":\"Congresso rejeita veto de Lula e pro\u00edbe &#8216;saidinhas&#8217; de presos do regime semiaberto para visitar suas fam\u00edlias\"}]},{\"@type\":\"WebSite\",\"@id\":\"https:\\\/\\\/www.p31noticias.com.br\\\/#website\",\"url\":\"https:\\\/\\\/www.p31noticias.com.br\\\/\",\"name\":\"P31\",\"description\":\"NOT\u00cdCIAS\",\"potentialAction\":[{\"@type\":\"SearchAction\",\"target\":{\"@type\":\"EntryPoint\",\"urlTemplate\":\"https:\\\/\\\/www.p31noticias.com.br\\\/?s={search_term_string}\"},\"query-input\":{\"@type\":\"PropertyValueSpecification\",\"valueRequired\":true,\"valueName\":\"search_term_string\"}}],\"inLanguage\":\"pt-BR\"},{\"@type\":\"Person\",\"@id\":\"https:\\\/\\\/www.p31noticias.com.br\\\/#\\\/schema\\\/person\\\/95f2ece30e3b4132065b915150cd0f94\",\"name\":\"Gon\u00e7alves Junior\",\"image\":{\"@type\":\"ImageObject\",\"inLanguage\":\"pt-BR\",\"@id\":\"https:\\\/\\\/secure.gravatar.com\\\/avatar\\\/6711f350116a89762687a48d66f723c799e5438a5b7578508d4294cd7a5d0800?s=96&d=mm&r=g\",\"url\":\"https:\\\/\\\/secure.gravatar.com\\\/avatar\\\/6711f350116a89762687a48d66f723c799e5438a5b7578508d4294cd7a5d0800?s=96&d=mm&r=g\",\"contentUrl\":\"https:\\\/\\\/secure.gravatar.com\\\/avatar\\\/6711f350116a89762687a48d66f723c799e5438a5b7578508d4294cd7a5d0800?s=96&d=mm&r=g\",\"caption\":\"Gon\u00e7alves Junior\"},\"url\":\"https:\\\/\\\/www.p31noticias.com.br\\\/?author=2\"}]}<\/script>\n<!-- \/ Yoast SEO Premium plugin. -->","yoast_head_json":{"title":"Congresso rejeita veto de Lula e pro\u00edbe 'saidinhas' de presos do regime semiaberto para visitar suas fam\u00edlias - P31","robots":{"index":"index","follow":"follow","max-snippet":"max-snippet:-1","max-image-preview":"max-image-preview:large","max-video-preview":"max-video-preview:-1"},"canonical":"https:\/\/www.p31noticias.com.br\/?p=52201","og_locale":"pt_BR","og_type":"article","og_title":"Congresso rejeita veto de Lula e pro\u00edbe 'saidinhas' de presos do regime semiaberto para visitar suas fam\u00edlias","og_description":"Congresso Nacional e Vetos Presidenciais O Congresso Nacional rejeitou o veto do presidente Luiz In\u00e1cio Lula da Silva \u00e0 proibi\u00e7\u00e3o das sa\u00eddas tempor\u00e1rias de presos do regime semiaberto, retirando da Lei de Execu\u00e7\u00e3o Penal as possibilidades de sa\u00eddas tempor\u00e1rias para visita \u00e0 fam\u00edlia e participa\u00e7\u00e3o em atividades que concorram para o retorno ao conv\u00edvio social. [&hellip;]","og_url":"https:\/\/www.p31noticias.com.br\/?p=52201","og_site_name":"P31","article_published_time":"2024-05-29T03:12:42+00:00","article_modified_time":"2024-05-29T03:14:01+00:00","og_image":[{"width":600,"height":400,"url":"https:\/\/www.p31noticias.com.br\/wp-content\/uploads\/2024\/05\/sede-do-congresso-nacional-em-brasilia-com-reflexo-do-predio-no-espelho-dagua-a-sua-frente.webp","type":"image\/webp"}],"author":"Gon\u00e7alves Junior","twitter_card":"summary_large_image","twitter_misc":{"Escrito por":"Gon\u00e7alves Junior","Est. tempo de leitura":"3 minutos"},"schema":{"@context":"https:\/\/schema.org","@graph":[{"@type":"Article","@id":"https:\/\/www.p31noticias.com.br\/?p=52201#article","isPartOf":{"@id":"https:\/\/www.p31noticias.com.br\/?p=52201"},"author":{"name":"Gon\u00e7alves Junior","@id":"https:\/\/www.p31noticias.com.br\/#\/schema\/person\/95f2ece30e3b4132065b915150cd0f94"},"headline":"Congresso rejeita veto de Lula e pro\u00edbe &#8216;saidinhas&#8217; de presos do regime semiaberto para visitar suas fam\u00edlias","datePublished":"2024-05-29T03:12:42+00:00","dateModified":"2024-05-29T03:14:01+00:00","mainEntityOfPage":{"@id":"https:\/\/www.p31noticias.com.br\/?p=52201"},"wordCount":601,"commentCount":0,"image":{"@id":"https:\/\/www.p31noticias.com.br\/?p=52201#primaryimage"},"thumbnailUrl":"https:\/\/www.p31noticias.com.br\/wp-content\/uploads\/2024\/05\/sede-do-congresso-nacional-em-brasilia-com-reflexo-do-predio-no-espelho-dagua-a-sua-frente.webp","articleSection":["Brasil","Pol\u00edtica"],"inLanguage":"pt-BR","potentialAction":[{"@type":"CommentAction","name":"Comment","target":["https:\/\/www.p31noticias.com.br\/?p=52201#respond"]}],"copyrightYear":"2024","copyrightHolder":{"@id":"https:\/\/www.p31noticias.com.br\/#organization"}},{"@type":"WebPage","@id":"https:\/\/www.p31noticias.com.br\/?p=52201","url":"https:\/\/www.p31noticias.com.br\/?p=52201","name":"Congresso rejeita veto de Lula e pro\u00edbe 'saidinhas' de presos do regime semiaberto para visitar suas fam\u00edlias - P31","isPartOf":{"@id":"https:\/\/www.p31noticias.com.br\/#website"},"primaryImageOfPage":{"@id":"https:\/\/www.p31noticias.com.br\/?p=52201#primaryimage"},"image":{"@id":"https:\/\/www.p31noticias.com.br\/?p=52201#primaryimage"},"thumbnailUrl":"https:\/\/www.p31noticias.com.br\/wp-content\/uploads\/2024\/05\/sede-do-congresso-nacional-em-brasilia-com-reflexo-do-predio-no-espelho-dagua-a-sua-frente.webp","datePublished":"2024-05-29T03:12:42+00:00","dateModified":"2024-05-29T03:14:01+00:00","author":{"@id":"https:\/\/www.p31noticias.com.br\/#\/schema\/person\/95f2ece30e3b4132065b915150cd0f94"},"breadcrumb":{"@id":"https:\/\/www.p31noticias.com.br\/?p=52201#breadcrumb"},"inLanguage":"pt-BR","potentialAction":[{"@type":"ReadAction","target":["https:\/\/www.p31noticias.com.br\/?p=52201"]}]},{"@type":"ImageObject","inLanguage":"pt-BR","@id":"https:\/\/www.p31noticias.com.br\/?p=52201#primaryimage","url":"https:\/\/www.p31noticias.com.br\/wp-content\/uploads\/2024\/05\/sede-do-congresso-nacional-em-brasilia-com-reflexo-do-predio-no-espelho-dagua-a-sua-frente.webp","contentUrl":"https:\/\/www.p31noticias.com.br\/wp-content\/uploads\/2024\/05\/sede-do-congresso-nacional-em-brasilia-com-reflexo-do-predio-no-espelho-dagua-a-sua-frente.webp","width":600,"height":400},{"@type":"BreadcrumbList","@id":"https:\/\/www.p31noticias.com.br\/?p=52201#breadcrumb","itemListElement":[{"@type":"ListItem","position":1,"name":"In\u00edcio","item":"https:\/\/www.p31noticias.com.br\/"},{"@type":"ListItem","position":2,"name":"Congresso rejeita veto de Lula e pro\u00edbe &#8216;saidinhas&#8217; de presos do regime semiaberto para visitar suas fam\u00edlias"}]},{"@type":"WebSite","@id":"https:\/\/www.p31noticias.com.br\/#website","url":"https:\/\/www.p31noticias.com.br\/","name":"P31","description":"NOT\u00cdCIAS","potentialAction":[{"@type":"SearchAction","target":{"@type":"EntryPoint","urlTemplate":"https:\/\/www.p31noticias.com.br\/?s={search_term_string}"},"query-input":{"@type":"PropertyValueSpecification","valueRequired":true,"valueName":"search_term_string"}}],"inLanguage":"pt-BR"},{"@type":"Person","@id":"https:\/\/www.p31noticias.com.br\/#\/schema\/person\/95f2ece30e3b4132065b915150cd0f94","name":"Gon\u00e7alves Junior","image":{"@type":"ImageObject","inLanguage":"pt-BR","@id":"https:\/\/secure.gravatar.com\/avatar\/6711f350116a89762687a48d66f723c799e5438a5b7578508d4294cd7a5d0800?s=96&d=mm&r=g","url":"https:\/\/secure.gravatar.com\/avatar\/6711f350116a89762687a48d66f723c799e5438a5b7578508d4294cd7a5d0800?s=96&d=mm&r=g","contentUrl":"https:\/\/secure.gravatar.com\/avatar\/6711f350116a89762687a48d66f723c799e5438a5b7578508d4294cd7a5d0800?s=96&d=mm&r=g","caption":"Gon\u00e7alves Junior"},"url":"https:\/\/www.p31noticias.com.br\/?author=2"}]}},"amp_enabled":true,"_links":{"self":[{"href":"https:\/\/www.p31noticias.com.br\/index.php?rest_route=\/wp\/v2\/posts\/52201","targetHints":{"allow":["GET"]}}],"collection":[{"href":"https:\/\/www.p31noticias.com.br\/index.php?rest_route=\/wp\/v2\/posts"}],"about":[{"href":"https:\/\/www.p31noticias.com.br\/index.php?rest_route=\/wp\/v2\/types\/post"}],"author":[{"embeddable":true,"href":"https:\/\/www.p31noticias.com.br\/index.php?rest_route=\/wp\/v2\/users\/2"}],"replies":[{"embeddable":true,"href":"https:\/\/www.p31noticias.com.br\/index.php?rest_route=%2Fwp%2Fv2%2Fcomments&post=52201"}],"version-history":[{"count":3,"href":"https:\/\/www.p31noticias.com.br\/index.php?rest_route=\/wp\/v2\/posts\/52201\/revisions"}],"predecessor-version":[{"id":52205,"href":"https:\/\/www.p31noticias.com.br\/index.php?rest_route=\/wp\/v2\/posts\/52201\/revisions\/52205"}],"wp:featuredmedia":[{"embeddable":true,"href":"https:\/\/www.p31noticias.com.br\/index.php?rest_route=\/wp\/v2\/media\/52202"}],"wp:attachment":[{"href":"https:\/\/www.p31noticias.com.br\/index.php?rest_route=%2Fwp%2Fv2%2Fmedia&parent=52201"}],"wp:term":[{"taxonomy":"category","embeddable":true,"href":"https:\/\/www.p31noticias.com.br\/index.php?rest_route=%2Fwp%2Fv2%2Fcategories&post=52201"},{"taxonomy":"post_tag","embeddable":true,"href":"https:\/\/www.p31noticias.com.br\/index.php?rest_route=%2Fwp%2Fv2%2Ftags&post=52201"}],"curies":[{"name":"wp","href":"https:\/\/api.w.org\/{rel}","templated":true}]}}