{"id":52153,"date":"2024-05-28T19:31:18","date_gmt":"2024-05-28T22:31:18","guid":{"rendered":"https:\/\/p31noticias.com.br\/mutirao-de-faxina-recolhe-cerca-de-45-toneladas-de-residuos-no-plano-piloto\/"},"modified":"2024-05-28T19:31:18","modified_gmt":"2024-05-28T22:31:18","slug":"mutirao-de-faxina-recolhe-cerca-de-45-toneladas-de-residuos-no-plano-piloto","status":"publish","type":"post","link":"https:\/\/www.p31noticias.com.br\/?p=52153","title":{"rendered":"Mutir\u00e3o de faxina recolhe cerca de 45 toneladas de res\u00edduos no Plano Piloto"},"content":{"rendered":"<p>Devido ao feriado de Corpus Christi comemorado na quinta-feira (30) e ao ponto facultativo desta sexta (31), equipes da administra\u00e7\u00e3o do Plano Piloto est\u00e3o realizando um mutir\u00e3o de limpeza e faxina na regi\u00e3o central da capital e na Vila Telebras\u00edlia. Cerca de 45 toneladas de res\u00edduos \u2013 entre lixo, m\u00f3veis, eletrodom\u00e9sticos velhos e entulhos \u2013 [\u2026]<\/p>\n<p>O post <a href=\"https:\/\/www.delioandrade.com.br\/mutirao-de-faxina-recolhe-cerca-de-45-toneladas-de-residuos-no-plano-piloto\/\">Mutir\u00e3o de faxina recolhe cerca de 45 toneladas de res\u00edduos no Plano Piloto<\/a> apareceu primeiro em <a href=\"https:\/\/www.delioandrade.com.br\/\">Blog do D\u00c9LIO ANDRADE<\/a>.<\/p>\n","protected":false},"excerpt":{"rendered":"<p>Devido ao feriado de Corpus Christi comemorado na quinta-feira (30) e ao ponto facultativo desta sexta (31), equipes da administra\u00e7\u00e3o do Plano Piloto est\u00e3o realizando um mutir\u00e3o de limpeza e faxina na regi\u00e3o central da capital e na Vila Telebras\u00edlia. Cerca de 45 toneladas de res\u00edduos \u2013 entre lixo, m\u00f3veis, eletrodom\u00e9sticos velhos e entulhos \u2013 [&hellip;]<\/p>\n","protected":false},"author":0,"featured_media":0,"comment_status":"open","ping_status":"open","sticky":false,"template":"","format":"standard","meta":{"footnotes":""},"categories":[21],"tags":[],"class_list":{"0":"post-52153","1":"post","2":"type-post","3":"status-publish","4":"format-standard","6":"category-brasilia"},"yoast_head":"<!-- This site is optimized with the Yoast SEO Premium plugin v24.5 (Yoast SEO v27.5) - https:\/\/yoast.com\/product\/yoast-seo-premium-wordpress\/ -->\n<title>Mutir\u00e3o de faxina recolhe cerca de 45 toneladas de res\u00edduos no Plano Piloto - P31<\/title>\n<meta name=\"robots\" content=\"index, follow, max-snippet:-1, max-image-preview:large, max-video-preview:-1\" \/>\n<link rel=\"canonical\" href=\"https:\/\/www.p31noticias.com.br\/?p=52153\" \/>\n<meta property=\"og:locale\" content=\"pt_BR\" \/>\n<meta property=\"og:type\" content=\"article\" \/>\n<meta property=\"og:title\" content=\"Mutir\u00e3o de faxina recolhe cerca de 45 toneladas de res\u00edduos no Plano Piloto\" \/>\n<meta property=\"og:description\" content=\"Devido ao feriado de Corpus Christi comemorado na quinta-feira (30) e ao ponto facultativo desta sexta (31), equipes da administra\u00e7\u00e3o do Plano Piloto est\u00e3o realizando um mutir\u00e3o de limpeza e faxina na regi\u00e3o central da capital e na Vila Telebras\u00edlia. Cerca de 45 toneladas de res\u00edduos \u2013 entre lixo, m\u00f3veis, eletrodom\u00e9sticos velhos e entulhos \u2013 [&hellip;]\" \/>\n<meta property=\"og:url\" content=\"https:\/\/www.p31noticias.com.br\/?p=52153\" \/>\n<meta property=\"og:site_name\" content=\"P31\" \/>\n<meta property=\"article:published_time\" content=\"2024-05-28T22:31:18+00:00\" \/>\n<meta name=\"twitter:card\" content=\"summary_large_image\" \/>\n<script type=\"application\/ld+json\" class=\"yoast-schema-graph\">{\"@context\":\"https:\\\/\\\/schema.org\",\"@graph\":[{\"@type\":\"Article\",\"@id\":\"https:\\\/\\\/www.p31noticias.com.br\\\/?p=52153#article\",\"isPartOf\":{\"@id\":\"https:\\\/\\\/www.p31noticias.com.br\\\/?p=52153\"},\"author\":{\"name\":\"\",\"@id\":\"\"},\"headline\":\"Mutir\u00e3o de faxina recolhe cerca de 45 toneladas de res\u00edduos no Plano Piloto\",\"datePublished\":\"2024-05-28T22:31:18+00:00\",\"mainEntityOfPage\":{\"@id\":\"https:\\\/\\\/www.p31noticias.com.br\\\/?p=52153\"},\"wordCount\":96,\"commentCount\":0,\"articleSection\":[\"Bras\u00edlia\"],\"inLanguage\":\"pt-BR\",\"potentialAction\":[{\"@type\":\"CommentAction\",\"name\":\"Comment\",\"target\":[\"https:\\\/\\\/www.p31noticias.com.br\\\/?p=52153#respond\"]}],\"copyrightYear\":\"2024\",\"copyrightHolder\":{\"@id\":\"https:\\\/\\\/www.p31noticias.com.br\\\/#organization\"}},{\"@type\":\"WebPage\",\"@id\":\"https:\\\/\\\/www.p31noticias.com.br\\\/?p=52153\",\"url\":\"https:\\\/\\\/www.p31noticias.com.br\\\/?p=52153\",\"name\":\"Mutir\u00e3o de faxina recolhe cerca de 45 toneladas de res\u00edduos no Plano Piloto - P31\",\"isPartOf\":{\"@id\":\"https:\\\/\\\/www.p31noticias.com.br\\\/#website\"},\"datePublished\":\"2024-05-28T22:31:18+00:00\",\"author\":{\"@id\":\"\"},\"breadcrumb\":{\"@id\":\"https:\\\/\\\/www.p31noticias.com.br\\\/?p=52153#breadcrumb\"},\"inLanguage\":\"pt-BR\",\"potentialAction\":[{\"@type\":\"ReadAction\",\"target\":[\"https:\\\/\\\/www.p31noticias.com.br\\\/?p=52153\"]}]},{\"@type\":\"BreadcrumbList\",\"@id\":\"https:\\\/\\\/www.p31noticias.com.br\\\/?p=52153#breadcrumb\",\"itemListElement\":[{\"@type\":\"ListItem\",\"position\":1,\"name\":\"In\u00edcio\",\"item\":\"https:\\\/\\\/www.p31noticias.com.br\\\/\"},{\"@type\":\"ListItem\",\"position\":2,\"name\":\"Mutir\u00e3o de faxina recolhe cerca de 45 toneladas de res\u00edduos no Plano Piloto\"}]},{\"@type\":\"WebSite\",\"@id\":\"https:\\\/\\\/www.p31noticias.com.br\\\/#website\",\"url\":\"https:\\\/\\\/www.p31noticias.com.br\\\/\",\"name\":\"P31\",\"description\":\"NOT\u00cdCIAS\",\"potentialAction\":[{\"@type\":\"SearchAction\",\"target\":{\"@type\":\"EntryPoint\",\"urlTemplate\":\"https:\\\/\\\/www.p31noticias.com.br\\\/?s={search_term_string}\"},\"query-input\":{\"@type\":\"PropertyValueSpecification\",\"valueRequired\":true,\"valueName\":\"search_term_string\"}}],\"inLanguage\":\"pt-BR\"}]}<\/script>\n<!-- \/ Yoast SEO Premium plugin. -->","yoast_head_json":{"title":"Mutir\u00e3o de faxina recolhe cerca de 45 toneladas de res\u00edduos no Plano Piloto - P31","robots":{"index":"index","follow":"follow","max-snippet":"max-snippet:-1","max-image-preview":"max-image-preview:large","max-video-preview":"max-video-preview:-1"},"canonical":"https:\/\/www.p31noticias.com.br\/?p=52153","og_locale":"pt_BR","og_type":"article","og_title":"Mutir\u00e3o de faxina recolhe cerca de 45 toneladas de res\u00edduos no Plano Piloto","og_description":"Devido ao feriado de Corpus Christi comemorado na quinta-feira (30) e ao ponto facultativo desta sexta (31), equipes da administra\u00e7\u00e3o do Plano Piloto est\u00e3o realizando um mutir\u00e3o de limpeza e faxina na regi\u00e3o central da capital e na Vila Telebras\u00edlia. Cerca de 45 toneladas de res\u00edduos \u2013 entre lixo, m\u00f3veis, eletrodom\u00e9sticos velhos e entulhos \u2013 [&hellip;]","og_url":"https:\/\/www.p31noticias.com.br\/?p=52153","og_site_name":"P31","article_published_time":"2024-05-28T22:31:18+00:00","twitter_card":"summary_large_image","schema":{"@context":"https:\/\/schema.org","@graph":[{"@type":"Article","@id":"https:\/\/www.p31noticias.com.br\/?p=52153#article","isPartOf":{"@id":"https:\/\/www.p31noticias.com.br\/?p=52153"},"author":{"name":"","@id":""},"headline":"Mutir\u00e3o de faxina recolhe cerca de 45 toneladas de res\u00edduos no Plano Piloto","datePublished":"2024-05-28T22:31:18+00:00","mainEntityOfPage":{"@id":"https:\/\/www.p31noticias.com.br\/?p=52153"},"wordCount":96,"commentCount":0,"articleSection":["Bras\u00edlia"],"inLanguage":"pt-BR","potentialAction":[{"@type":"CommentAction","name":"Comment","target":["https:\/\/www.p31noticias.com.br\/?p=52153#respond"]}],"copyrightYear":"2024","copyrightHolder":{"@id":"https:\/\/www.p31noticias.com.br\/#organization"}},{"@type":"WebPage","@id":"https:\/\/www.p31noticias.com.br\/?p=52153","url":"https:\/\/www.p31noticias.com.br\/?p=52153","name":"Mutir\u00e3o de faxina recolhe cerca de 45 toneladas de res\u00edduos no Plano Piloto - P31","isPartOf":{"@id":"https:\/\/www.p31noticias.com.br\/#website"},"datePublished":"2024-05-28T22:31:18+00:00","author":{"@id":""},"breadcrumb":{"@id":"https:\/\/www.p31noticias.com.br\/?p=52153#breadcrumb"},"inLanguage":"pt-BR","potentialAction":[{"@type":"ReadAction","target":["https:\/\/www.p31noticias.com.br\/?p=52153"]}]},{"@type":"BreadcrumbList","@id":"https:\/\/www.p31noticias.com.br\/?p=52153#breadcrumb","itemListElement":[{"@type":"ListItem","position":1,"name":"In\u00edcio","item":"https:\/\/www.p31noticias.com.br\/"},{"@type":"ListItem","position":2,"name":"Mutir\u00e3o de faxina recolhe cerca de 45 toneladas de res\u00edduos no Plano Piloto"}]},{"@type":"WebSite","@id":"https:\/\/www.p31noticias.com.br\/#website","url":"https:\/\/www.p31noticias.com.br\/","name":"P31","description":"NOT\u00cdCIAS","potentialAction":[{"@type":"SearchAction","target":{"@type":"EntryPoint","urlTemplate":"https:\/\/www.p31noticias.com.br\/?s={search_term_string}"},"query-input":{"@type":"PropertyValueSpecification","valueRequired":true,"valueName":"search_term_string"}}],"inLanguage":"pt-BR"}]}},"amp_enabled":true,"_links":{"self":[{"href":"https:\/\/www.p31noticias.com.br\/index.php?rest_route=\/wp\/v2\/posts\/52153","targetHints":{"allow":["GET"]}}],"collection":[{"href":"https:\/\/www.p31noticias.com.br\/index.php?rest_route=\/wp\/v2\/posts"}],"about":[{"href":"https:\/\/www.p31noticias.com.br\/index.php?rest_route=\/wp\/v2\/types\/post"}],"replies":[{"embeddable":true,"href":"https:\/\/www.p31noticias.com.br\/index.php?rest_route=%2Fwp%2Fv2%2Fcomments&post=52153"}],"version-history":[{"count":0,"href":"https:\/\/www.p31noticias.com.br\/index.php?rest_route=\/wp\/v2\/posts\/52153\/revisions"}],"wp:attachment":[{"href":"https:\/\/www.p31noticias.com.br\/index.php?rest_route=%2Fwp%2Fv2%2Fmedia&parent=52153"}],"wp:term":[{"taxonomy":"category","embeddable":true,"href":"https:\/\/www.p31noticias.com.br\/index.php?rest_route=%2Fwp%2Fv2%2Fcategories&post=52153"},{"taxonomy":"post_tag","embeddable":true,"href":"https:\/\/www.p31noticias.com.br\/index.php?rest_route=%2Fwp%2Fv2%2Ftags&post=52153"}],"curies":[{"name":"wp","href":"https:\/\/api.w.org\/{rel}","templated":true}]}}