{"id":52123,"date":"2024-05-28T17:30:16","date_gmt":"2024-05-28T20:30:16","guid":{"rendered":"https:\/\/p31noticias.com.br\/a-importancia-da-comunicacao-humanizada\/"},"modified":"2024-05-28T17:30:16","modified_gmt":"2024-05-28T20:30:16","slug":"a-importancia-da-comunicacao-humanizada","status":"publish","type":"post","link":"https:\/\/www.p31noticias.com.br\/?p=52123","title":{"rendered":"A import\u00e2ncia da comunica\u00e7\u00e3o humanizada"},"content":{"rendered":"<p>* Reinaldo C\u00e9sar Dar vida \u00e0s palavras, express\u00f5es e gestos que formam a subst\u00e2ncia da comunica\u00e7\u00e3o \u00e9 fundamentalmente humano. Exige nossa presen\u00e7a ativa e capacidade de interpretar e responder ao que est\u00e1 sendo comunicado. Sem esta iniciativa, a comunica\u00e7\u00e3o perderia sua profundidade, sua riqueza e seu potencial para construir relacionamentos e promover entendimento m\u00fatuo. Por [\u2026]<\/p>\n<p>O post <a href=\"https:\/\/www.delioandrade.com.br\/a-importancia-da-comunicacao-humanizada\/\">A import\u00e2ncia da comunica\u00e7\u00e3o humanizada<\/a> apareceu primeiro em <a href=\"https:\/\/www.delioandrade.com.br\/\">Blog do D\u00c9LIO ANDRADE<\/a>.<\/p>\n","protected":false},"excerpt":{"rendered":"<p>* Reinaldo C\u00e9sar Dar vida \u00e0s palavras, express\u00f5es e gestos que formam a subst\u00e2ncia da comunica\u00e7\u00e3o \u00e9 fundamentalmente humano. Exige nossa presen\u00e7a ativa e capacidade de interpretar e responder ao que est\u00e1 sendo comunicado. Sem esta iniciativa, a comunica\u00e7\u00e3o perderia sua profundidade, sua riqueza e seu potencial para construir relacionamentos e promover entendimento m\u00fatuo. Por [&hellip;]<\/p>\n","protected":false},"author":0,"featured_media":52124,"comment_status":"open","ping_status":"open","sticky":false,"template":"","format":"standard","meta":{"footnotes":""},"categories":[21],"tags":[],"class_list":{"0":"post-52123","1":"post","2":"type-post","3":"status-publish","4":"format-standard","5":"has-post-thumbnail","7":"category-brasilia"},"yoast_head":"<!-- This site is optimized with the Yoast SEO Premium plugin v24.5 (Yoast SEO v27.4) - https:\/\/yoast.com\/product\/yoast-seo-premium-wordpress\/ -->\n<title>A import\u00e2ncia da comunica\u00e7\u00e3o humanizada - P31<\/title>\n<meta name=\"robots\" content=\"index, follow, max-snippet:-1, max-image-preview:large, max-video-preview:-1\" \/>\n<link rel=\"canonical\" href=\"https:\/\/www.p31noticias.com.br\/?p=52123\" \/>\n<meta property=\"og:locale\" content=\"pt_BR\" \/>\n<meta property=\"og:type\" content=\"article\" \/>\n<meta property=\"og:title\" content=\"A import\u00e2ncia da comunica\u00e7\u00e3o humanizada\" \/>\n<meta property=\"og:description\" content=\"* Reinaldo C\u00e9sar Dar vida \u00e0s palavras, express\u00f5es e gestos que formam a subst\u00e2ncia da comunica\u00e7\u00e3o \u00e9 fundamentalmente humano. Exige nossa presen\u00e7a ativa e capacidade de interpretar e responder ao que est\u00e1 sendo comunicado. Sem esta iniciativa, a comunica\u00e7\u00e3o perderia sua profundidade, sua riqueza e seu potencial para construir relacionamentos e promover entendimento m\u00fatuo. Por [&hellip;]\" \/>\n<meta property=\"og:url\" content=\"https:\/\/www.p31noticias.com.br\/?p=52123\" \/>\n<meta property=\"og:site_name\" content=\"P31\" \/>\n<meta property=\"article:published_time\" content=\"2024-05-28T20:30:16+00:00\" \/>\n<meta property=\"og:image\" content=\"https:\/\/www.p31noticias.com.br\/wp-content\/uploads\/2024\/05\/Reinaldo-Foto-2-150x150-tCQl6A-FyrRqA.jpeg\" \/>\n\t<meta property=\"og:image:width\" content=\"150\" \/>\n\t<meta property=\"og:image:height\" content=\"150\" \/>\n\t<meta property=\"og:image:type\" content=\"image\/jpeg\" \/>\n<meta name=\"twitter:card\" content=\"summary_large_image\" \/>\n<script type=\"application\/ld+json\" class=\"yoast-schema-graph\">{\"@context\":\"https:\\\/\\\/schema.org\",\"@graph\":[{\"@type\":\"Article\",\"@id\":\"https:\\\/\\\/www.p31noticias.com.br\\\/?p=52123#article\",\"isPartOf\":{\"@id\":\"https:\\\/\\\/www.p31noticias.com.br\\\/?p=52123\"},\"author\":{\"name\":\"\",\"@id\":\"\"},\"headline\":\"A import\u00e2ncia da comunica\u00e7\u00e3o humanizada\",\"datePublished\":\"2024-05-28T20:30:16+00:00\",\"mainEntityOfPage\":{\"@id\":\"https:\\\/\\\/www.p31noticias.com.br\\\/?p=52123\"},\"wordCount\":84,\"commentCount\":0,\"image\":{\"@id\":\"https:\\\/\\\/www.p31noticias.com.br\\\/?p=52123#primaryimage\"},\"thumbnailUrl\":\"https:\\\/\\\/www.p31noticias.com.br\\\/wp-content\\\/uploads\\\/2024\\\/05\\\/Reinaldo-Foto-2-150x150-tCQl6A-FyrRqA.jpeg\",\"articleSection\":[\"Bras\u00edlia\"],\"inLanguage\":\"pt-BR\",\"potentialAction\":[{\"@type\":\"CommentAction\",\"name\":\"Comment\",\"target\":[\"https:\\\/\\\/www.p31noticias.com.br\\\/?p=52123#respond\"]}],\"copyrightYear\":\"2024\",\"copyrightHolder\":{\"@id\":\"https:\\\/\\\/www.p31noticias.com.br\\\/#organization\"}},{\"@type\":\"WebPage\",\"@id\":\"https:\\\/\\\/www.p31noticias.com.br\\\/?p=52123\",\"url\":\"https:\\\/\\\/www.p31noticias.com.br\\\/?p=52123\",\"name\":\"A import\u00e2ncia da comunica\u00e7\u00e3o humanizada - P31\",\"isPartOf\":{\"@id\":\"https:\\\/\\\/www.p31noticias.com.br\\\/#website\"},\"primaryImageOfPage\":{\"@id\":\"https:\\\/\\\/www.p31noticias.com.br\\\/?p=52123#primaryimage\"},\"image\":{\"@id\":\"https:\\\/\\\/www.p31noticias.com.br\\\/?p=52123#primaryimage\"},\"thumbnailUrl\":\"https:\\\/\\\/www.p31noticias.com.br\\\/wp-content\\\/uploads\\\/2024\\\/05\\\/Reinaldo-Foto-2-150x150-tCQl6A-FyrRqA.jpeg\",\"datePublished\":\"2024-05-28T20:30:16+00:00\",\"author\":{\"@id\":\"\"},\"breadcrumb\":{\"@id\":\"https:\\\/\\\/www.p31noticias.com.br\\\/?p=52123#breadcrumb\"},\"inLanguage\":\"pt-BR\",\"potentialAction\":[{\"@type\":\"ReadAction\",\"target\":[\"https:\\\/\\\/www.p31noticias.com.br\\\/?p=52123\"]}]},{\"@type\":\"ImageObject\",\"inLanguage\":\"pt-BR\",\"@id\":\"https:\\\/\\\/www.p31noticias.com.br\\\/?p=52123#primaryimage\",\"url\":\"https:\\\/\\\/www.p31noticias.com.br\\\/wp-content\\\/uploads\\\/2024\\\/05\\\/Reinaldo-Foto-2-150x150-tCQl6A-FyrRqA.jpeg\",\"contentUrl\":\"https:\\\/\\\/www.p31noticias.com.br\\\/wp-content\\\/uploads\\\/2024\\\/05\\\/Reinaldo-Foto-2-150x150-tCQl6A-FyrRqA.jpeg\",\"width\":150,\"height\":150},{\"@type\":\"BreadcrumbList\",\"@id\":\"https:\\\/\\\/www.p31noticias.com.br\\\/?p=52123#breadcrumb\",\"itemListElement\":[{\"@type\":\"ListItem\",\"position\":1,\"name\":\"In\u00edcio\",\"item\":\"https:\\\/\\\/www.p31noticias.com.br\\\/\"},{\"@type\":\"ListItem\",\"position\":2,\"name\":\"A import\u00e2ncia da comunica\u00e7\u00e3o humanizada\"}]},{\"@type\":\"WebSite\",\"@id\":\"https:\\\/\\\/www.p31noticias.com.br\\\/#website\",\"url\":\"https:\\\/\\\/www.p31noticias.com.br\\\/\",\"name\":\"P31\",\"description\":\"NOT\u00cdCIAS\",\"potentialAction\":[{\"@type\":\"SearchAction\",\"target\":{\"@type\":\"EntryPoint\",\"urlTemplate\":\"https:\\\/\\\/www.p31noticias.com.br\\\/?s={search_term_string}\"},\"query-input\":{\"@type\":\"PropertyValueSpecification\",\"valueRequired\":true,\"valueName\":\"search_term_string\"}}],\"inLanguage\":\"pt-BR\"}]}<\/script>\n<!-- \/ Yoast SEO Premium plugin. -->","yoast_head_json":{"title":"A import\u00e2ncia da comunica\u00e7\u00e3o humanizada - P31","robots":{"index":"index","follow":"follow","max-snippet":"max-snippet:-1","max-image-preview":"max-image-preview:large","max-video-preview":"max-video-preview:-1"},"canonical":"https:\/\/www.p31noticias.com.br\/?p=52123","og_locale":"pt_BR","og_type":"article","og_title":"A import\u00e2ncia da comunica\u00e7\u00e3o humanizada","og_description":"* Reinaldo C\u00e9sar Dar vida \u00e0s palavras, express\u00f5es e gestos que formam a subst\u00e2ncia da comunica\u00e7\u00e3o \u00e9 fundamentalmente humano. Exige nossa presen\u00e7a ativa e capacidade de interpretar e responder ao que est\u00e1 sendo comunicado. Sem esta iniciativa, a comunica\u00e7\u00e3o perderia sua profundidade, sua riqueza e seu potencial para construir relacionamentos e promover entendimento m\u00fatuo. Por [&hellip;]","og_url":"https:\/\/www.p31noticias.com.br\/?p=52123","og_site_name":"P31","article_published_time":"2024-05-28T20:30:16+00:00","og_image":[{"width":150,"height":150,"url":"https:\/\/www.p31noticias.com.br\/wp-content\/uploads\/2024\/05\/Reinaldo-Foto-2-150x150-tCQl6A-FyrRqA.jpeg","type":"image\/jpeg"}],"twitter_card":"summary_large_image","schema":{"@context":"https:\/\/schema.org","@graph":[{"@type":"Article","@id":"https:\/\/www.p31noticias.com.br\/?p=52123#article","isPartOf":{"@id":"https:\/\/www.p31noticias.com.br\/?p=52123"},"author":{"name":"","@id":""},"headline":"A import\u00e2ncia da comunica\u00e7\u00e3o humanizada","datePublished":"2024-05-28T20:30:16+00:00","mainEntityOfPage":{"@id":"https:\/\/www.p31noticias.com.br\/?p=52123"},"wordCount":84,"commentCount":0,"image":{"@id":"https:\/\/www.p31noticias.com.br\/?p=52123#primaryimage"},"thumbnailUrl":"https:\/\/www.p31noticias.com.br\/wp-content\/uploads\/2024\/05\/Reinaldo-Foto-2-150x150-tCQl6A-FyrRqA.jpeg","articleSection":["Bras\u00edlia"],"inLanguage":"pt-BR","potentialAction":[{"@type":"CommentAction","name":"Comment","target":["https:\/\/www.p31noticias.com.br\/?p=52123#respond"]}],"copyrightYear":"2024","copyrightHolder":{"@id":"https:\/\/www.p31noticias.com.br\/#organization"}},{"@type":"WebPage","@id":"https:\/\/www.p31noticias.com.br\/?p=52123","url":"https:\/\/www.p31noticias.com.br\/?p=52123","name":"A import\u00e2ncia da comunica\u00e7\u00e3o humanizada - P31","isPartOf":{"@id":"https:\/\/www.p31noticias.com.br\/#website"},"primaryImageOfPage":{"@id":"https:\/\/www.p31noticias.com.br\/?p=52123#primaryimage"},"image":{"@id":"https:\/\/www.p31noticias.com.br\/?p=52123#primaryimage"},"thumbnailUrl":"https:\/\/www.p31noticias.com.br\/wp-content\/uploads\/2024\/05\/Reinaldo-Foto-2-150x150-tCQl6A-FyrRqA.jpeg","datePublished":"2024-05-28T20:30:16+00:00","author":{"@id":""},"breadcrumb":{"@id":"https:\/\/www.p31noticias.com.br\/?p=52123#breadcrumb"},"inLanguage":"pt-BR","potentialAction":[{"@type":"ReadAction","target":["https:\/\/www.p31noticias.com.br\/?p=52123"]}]},{"@type":"ImageObject","inLanguage":"pt-BR","@id":"https:\/\/www.p31noticias.com.br\/?p=52123#primaryimage","url":"https:\/\/www.p31noticias.com.br\/wp-content\/uploads\/2024\/05\/Reinaldo-Foto-2-150x150-tCQl6A-FyrRqA.jpeg","contentUrl":"https:\/\/www.p31noticias.com.br\/wp-content\/uploads\/2024\/05\/Reinaldo-Foto-2-150x150-tCQl6A-FyrRqA.jpeg","width":150,"height":150},{"@type":"BreadcrumbList","@id":"https:\/\/www.p31noticias.com.br\/?p=52123#breadcrumb","itemListElement":[{"@type":"ListItem","position":1,"name":"In\u00edcio","item":"https:\/\/www.p31noticias.com.br\/"},{"@type":"ListItem","position":2,"name":"A import\u00e2ncia da comunica\u00e7\u00e3o humanizada"}]},{"@type":"WebSite","@id":"https:\/\/www.p31noticias.com.br\/#website","url":"https:\/\/www.p31noticias.com.br\/","name":"P31","description":"NOT\u00cdCIAS","potentialAction":[{"@type":"SearchAction","target":{"@type":"EntryPoint","urlTemplate":"https:\/\/www.p31noticias.com.br\/?s={search_term_string}"},"query-input":{"@type":"PropertyValueSpecification","valueRequired":true,"valueName":"search_term_string"}}],"inLanguage":"pt-BR"}]}},"amp_enabled":true,"_links":{"self":[{"href":"https:\/\/www.p31noticias.com.br\/index.php?rest_route=\/wp\/v2\/posts\/52123","targetHints":{"allow":["GET"]}}],"collection":[{"href":"https:\/\/www.p31noticias.com.br\/index.php?rest_route=\/wp\/v2\/posts"}],"about":[{"href":"https:\/\/www.p31noticias.com.br\/index.php?rest_route=\/wp\/v2\/types\/post"}],"replies":[{"embeddable":true,"href":"https:\/\/www.p31noticias.com.br\/index.php?rest_route=%2Fwp%2Fv2%2Fcomments&post=52123"}],"version-history":[{"count":0,"href":"https:\/\/www.p31noticias.com.br\/index.php?rest_route=\/wp\/v2\/posts\/52123\/revisions"}],"wp:featuredmedia":[{"embeddable":true,"href":"https:\/\/www.p31noticias.com.br\/index.php?rest_route=\/wp\/v2\/media\/52124"}],"wp:attachment":[{"href":"https:\/\/www.p31noticias.com.br\/index.php?rest_route=%2Fwp%2Fv2%2Fmedia&parent=52123"}],"wp:term":[{"taxonomy":"category","embeddable":true,"href":"https:\/\/www.p31noticias.com.br\/index.php?rest_route=%2Fwp%2Fv2%2Fcategories&post=52123"},{"taxonomy":"post_tag","embeddable":true,"href":"https:\/\/www.p31noticias.com.br\/index.php?rest_route=%2Fwp%2Fv2%2Ftags&post=52123"}],"curies":[{"name":"wp","href":"https:\/\/api.w.org\/{rel}","templated":true}]}}