{"id":52108,"date":"2024-05-28T16:31:54","date_gmt":"2024-05-28T19:31:54","guid":{"rendered":"https:\/\/p31noticias.com.br\/abertas-inscricoes-para-a-comdema-do-nucleo-bandeirante\/"},"modified":"2024-05-28T16:31:54","modified_gmt":"2024-05-28T19:31:54","slug":"abertas-inscricoes-para-a-comdema-do-nucleo-bandeirante","status":"publish","type":"post","link":"https:\/\/www.p31noticias.com.br\/?p=52108","title":{"rendered":"Abertas inscri\u00e7\u00f5es para a Comdema do N\u00facleo Bandeirante"},"content":{"rendered":"<p>Est\u00e3o abertas as inscri\u00e7\u00f5es para a escolha dos membros da Comiss\u00e3o de Defesa do Meio Ambiente (Comdema) do N\u00facleo Bandeirante. Se voc\u00ea \u00e9 membro da sociedade civil organizada, de uma entidade de classe ou de um clube de servi\u00e7os local, participe e contribua para a preserva\u00e7\u00e3o do meio ambiente na regi\u00e3o. O edital tem como [\u2026]<\/p>\n<p>O post <a href=\"https:\/\/www.delioandrade.com.br\/abertas-inscricoes-para-a-comdema-do-nucleo-bandeirante\/\">Abertas inscri\u00e7\u00f5es para a Comdema do N\u00facleo Bandeirante<\/a> apareceu primeiro em <a href=\"https:\/\/www.delioandrade.com.br\/\">Blog do D\u00c9LIO ANDRADE<\/a>.<\/p>\n","protected":false},"excerpt":{"rendered":"<p>Est\u00e3o abertas as inscri\u00e7\u00f5es para a escolha dos membros da Comiss\u00e3o de Defesa do Meio Ambiente (Comdema) do N\u00facleo Bandeirante. Se voc\u00ea \u00e9 membro da sociedade civil organizada, de uma entidade de classe ou de um clube de servi\u00e7os local, participe e contribua para a preserva\u00e7\u00e3o do meio ambiente na regi\u00e3o. O edital tem como [&hellip;]<\/p>\n","protected":false},"author":0,"featured_media":52109,"comment_status":"open","ping_status":"open","sticky":false,"template":"","format":"standard","meta":{"footnotes":""},"categories":[21],"tags":[],"class_list":{"0":"post-52108","1":"post","2":"type-post","3":"status-publish","4":"format-standard","5":"has-post-thumbnail","7":"category-brasilia"},"yoast_head":"<!-- This site is optimized with the Yoast SEO Premium plugin v24.5 (Yoast SEO v27.4) - https:\/\/yoast.com\/product\/yoast-seo-premium-wordpress\/ -->\n<title>Abertas inscri\u00e7\u00f5es para a Comdema do N\u00facleo Bandeirante - P31<\/title>\n<meta name=\"robots\" content=\"index, follow, max-snippet:-1, max-image-preview:large, max-video-preview:-1\" \/>\n<link rel=\"canonical\" href=\"https:\/\/www.p31noticias.com.br\/?p=52108\" \/>\n<meta property=\"og:locale\" content=\"pt_BR\" \/>\n<meta property=\"og:type\" content=\"article\" \/>\n<meta property=\"og:title\" content=\"Abertas inscri\u00e7\u00f5es para a Comdema do N\u00facleo Bandeirante\" \/>\n<meta property=\"og:description\" content=\"Est\u00e3o abertas as inscri\u00e7\u00f5es para a escolha dos membros da Comiss\u00e3o de Defesa do Meio Ambiente (Comdema) do N\u00facleo Bandeirante. Se voc\u00ea \u00e9 membro da sociedade civil organizada, de uma entidade de classe ou de um clube de servi\u00e7os local, participe e contribua para a preserva\u00e7\u00e3o do meio ambiente na regi\u00e3o. O edital tem como [&hellip;]\" \/>\n<meta property=\"og:url\" content=\"https:\/\/www.p31noticias.com.br\/?p=52108\" \/>\n<meta property=\"og:site_name\" content=\"P31\" \/>\n<meta property=\"article:published_time\" content=\"2024-05-28T19:31:54+00:00\" \/>\n<meta property=\"og:image\" content=\"https:\/\/www.p31noticias.com.br\/wp-content\/uploads\/2024\/05\/WhatsApp-Image-2024-05-28-at-14.49.43-XjwKvB-150x150-OAXifR.jpeg\" \/>\n\t<meta property=\"og:image:width\" content=\"150\" \/>\n\t<meta property=\"og:image:height\" content=\"150\" \/>\n\t<meta property=\"og:image:type\" content=\"image\/jpeg\" \/>\n<meta name=\"twitter:card\" content=\"summary_large_image\" \/>\n<script type=\"application\/ld+json\" class=\"yoast-schema-graph\">{\"@context\":\"https:\\\/\\\/schema.org\",\"@graph\":[{\"@type\":\"Article\",\"@id\":\"https:\\\/\\\/www.p31noticias.com.br\\\/?p=52108#article\",\"isPartOf\":{\"@id\":\"https:\\\/\\\/www.p31noticias.com.br\\\/?p=52108\"},\"author\":{\"name\":\"\",\"@id\":\"\"},\"headline\":\"Abertas inscri\u00e7\u00f5es para a Comdema do N\u00facleo Bandeirante\",\"datePublished\":\"2024-05-28T19:31:54+00:00\",\"mainEntityOfPage\":{\"@id\":\"https:\\\/\\\/www.p31noticias.com.br\\\/?p=52108\"},\"wordCount\":91,\"commentCount\":0,\"image\":{\"@id\":\"https:\\\/\\\/www.p31noticias.com.br\\\/?p=52108#primaryimage\"},\"thumbnailUrl\":\"https:\\\/\\\/www.p31noticias.com.br\\\/wp-content\\\/uploads\\\/2024\\\/05\\\/WhatsApp-Image-2024-05-28-at-14.49.43-XjwKvB-150x150-OAXifR.jpeg\",\"articleSection\":[\"Bras\u00edlia\"],\"inLanguage\":\"pt-BR\",\"potentialAction\":[{\"@type\":\"CommentAction\",\"name\":\"Comment\",\"target\":[\"https:\\\/\\\/www.p31noticias.com.br\\\/?p=52108#respond\"]}],\"copyrightYear\":\"2024\",\"copyrightHolder\":{\"@id\":\"https:\\\/\\\/www.p31noticias.com.br\\\/#organization\"}},{\"@type\":\"WebPage\",\"@id\":\"https:\\\/\\\/www.p31noticias.com.br\\\/?p=52108\",\"url\":\"https:\\\/\\\/www.p31noticias.com.br\\\/?p=52108\",\"name\":\"Abertas inscri\u00e7\u00f5es para a Comdema do N\u00facleo Bandeirante - P31\",\"isPartOf\":{\"@id\":\"https:\\\/\\\/www.p31noticias.com.br\\\/#website\"},\"primaryImageOfPage\":{\"@id\":\"https:\\\/\\\/www.p31noticias.com.br\\\/?p=52108#primaryimage\"},\"image\":{\"@id\":\"https:\\\/\\\/www.p31noticias.com.br\\\/?p=52108#primaryimage\"},\"thumbnailUrl\":\"https:\\\/\\\/www.p31noticias.com.br\\\/wp-content\\\/uploads\\\/2024\\\/05\\\/WhatsApp-Image-2024-05-28-at-14.49.43-XjwKvB-150x150-OAXifR.jpeg\",\"datePublished\":\"2024-05-28T19:31:54+00:00\",\"author\":{\"@id\":\"\"},\"breadcrumb\":{\"@id\":\"https:\\\/\\\/www.p31noticias.com.br\\\/?p=52108#breadcrumb\"},\"inLanguage\":\"pt-BR\",\"potentialAction\":[{\"@type\":\"ReadAction\",\"target\":[\"https:\\\/\\\/www.p31noticias.com.br\\\/?p=52108\"]}]},{\"@type\":\"ImageObject\",\"inLanguage\":\"pt-BR\",\"@id\":\"https:\\\/\\\/www.p31noticias.com.br\\\/?p=52108#primaryimage\",\"url\":\"https:\\\/\\\/www.p31noticias.com.br\\\/wp-content\\\/uploads\\\/2024\\\/05\\\/WhatsApp-Image-2024-05-28-at-14.49.43-XjwKvB-150x150-OAXifR.jpeg\",\"contentUrl\":\"https:\\\/\\\/www.p31noticias.com.br\\\/wp-content\\\/uploads\\\/2024\\\/05\\\/WhatsApp-Image-2024-05-28-at-14.49.43-XjwKvB-150x150-OAXifR.jpeg\",\"width\":150,\"height\":150},{\"@type\":\"BreadcrumbList\",\"@id\":\"https:\\\/\\\/www.p31noticias.com.br\\\/?p=52108#breadcrumb\",\"itemListElement\":[{\"@type\":\"ListItem\",\"position\":1,\"name\":\"In\u00edcio\",\"item\":\"https:\\\/\\\/www.p31noticias.com.br\\\/\"},{\"@type\":\"ListItem\",\"position\":2,\"name\":\"Abertas inscri\u00e7\u00f5es para a Comdema do N\u00facleo Bandeirante\"}]},{\"@type\":\"WebSite\",\"@id\":\"https:\\\/\\\/www.p31noticias.com.br\\\/#website\",\"url\":\"https:\\\/\\\/www.p31noticias.com.br\\\/\",\"name\":\"P31\",\"description\":\"NOT\u00cdCIAS\",\"potentialAction\":[{\"@type\":\"SearchAction\",\"target\":{\"@type\":\"EntryPoint\",\"urlTemplate\":\"https:\\\/\\\/www.p31noticias.com.br\\\/?s={search_term_string}\"},\"query-input\":{\"@type\":\"PropertyValueSpecification\",\"valueRequired\":true,\"valueName\":\"search_term_string\"}}],\"inLanguage\":\"pt-BR\"}]}<\/script>\n<!-- \/ Yoast SEO Premium plugin. -->","yoast_head_json":{"title":"Abertas inscri\u00e7\u00f5es para a Comdema do N\u00facleo Bandeirante - P31","robots":{"index":"index","follow":"follow","max-snippet":"max-snippet:-1","max-image-preview":"max-image-preview:large","max-video-preview":"max-video-preview:-1"},"canonical":"https:\/\/www.p31noticias.com.br\/?p=52108","og_locale":"pt_BR","og_type":"article","og_title":"Abertas inscri\u00e7\u00f5es para a Comdema do N\u00facleo Bandeirante","og_description":"Est\u00e3o abertas as inscri\u00e7\u00f5es para a escolha dos membros da Comiss\u00e3o de Defesa do Meio Ambiente (Comdema) do N\u00facleo Bandeirante. Se voc\u00ea \u00e9 membro da sociedade civil organizada, de uma entidade de classe ou de um clube de servi\u00e7os local, participe e contribua para a preserva\u00e7\u00e3o do meio ambiente na regi\u00e3o. O edital tem como [&hellip;]","og_url":"https:\/\/www.p31noticias.com.br\/?p=52108","og_site_name":"P31","article_published_time":"2024-05-28T19:31:54+00:00","og_image":[{"width":150,"height":150,"url":"https:\/\/www.p31noticias.com.br\/wp-content\/uploads\/2024\/05\/WhatsApp-Image-2024-05-28-at-14.49.43-XjwKvB-150x150-OAXifR.jpeg","type":"image\/jpeg"}],"twitter_card":"summary_large_image","schema":{"@context":"https:\/\/schema.org","@graph":[{"@type":"Article","@id":"https:\/\/www.p31noticias.com.br\/?p=52108#article","isPartOf":{"@id":"https:\/\/www.p31noticias.com.br\/?p=52108"},"author":{"name":"","@id":""},"headline":"Abertas inscri\u00e7\u00f5es para a Comdema do N\u00facleo Bandeirante","datePublished":"2024-05-28T19:31:54+00:00","mainEntityOfPage":{"@id":"https:\/\/www.p31noticias.com.br\/?p=52108"},"wordCount":91,"commentCount":0,"image":{"@id":"https:\/\/www.p31noticias.com.br\/?p=52108#primaryimage"},"thumbnailUrl":"https:\/\/www.p31noticias.com.br\/wp-content\/uploads\/2024\/05\/WhatsApp-Image-2024-05-28-at-14.49.43-XjwKvB-150x150-OAXifR.jpeg","articleSection":["Bras\u00edlia"],"inLanguage":"pt-BR","potentialAction":[{"@type":"CommentAction","name":"Comment","target":["https:\/\/www.p31noticias.com.br\/?p=52108#respond"]}],"copyrightYear":"2024","copyrightHolder":{"@id":"https:\/\/www.p31noticias.com.br\/#organization"}},{"@type":"WebPage","@id":"https:\/\/www.p31noticias.com.br\/?p=52108","url":"https:\/\/www.p31noticias.com.br\/?p=52108","name":"Abertas inscri\u00e7\u00f5es para a Comdema do N\u00facleo Bandeirante - P31","isPartOf":{"@id":"https:\/\/www.p31noticias.com.br\/#website"},"primaryImageOfPage":{"@id":"https:\/\/www.p31noticias.com.br\/?p=52108#primaryimage"},"image":{"@id":"https:\/\/www.p31noticias.com.br\/?p=52108#primaryimage"},"thumbnailUrl":"https:\/\/www.p31noticias.com.br\/wp-content\/uploads\/2024\/05\/WhatsApp-Image-2024-05-28-at-14.49.43-XjwKvB-150x150-OAXifR.jpeg","datePublished":"2024-05-28T19:31:54+00:00","author":{"@id":""},"breadcrumb":{"@id":"https:\/\/www.p31noticias.com.br\/?p=52108#breadcrumb"},"inLanguage":"pt-BR","potentialAction":[{"@type":"ReadAction","target":["https:\/\/www.p31noticias.com.br\/?p=52108"]}]},{"@type":"ImageObject","inLanguage":"pt-BR","@id":"https:\/\/www.p31noticias.com.br\/?p=52108#primaryimage","url":"https:\/\/www.p31noticias.com.br\/wp-content\/uploads\/2024\/05\/WhatsApp-Image-2024-05-28-at-14.49.43-XjwKvB-150x150-OAXifR.jpeg","contentUrl":"https:\/\/www.p31noticias.com.br\/wp-content\/uploads\/2024\/05\/WhatsApp-Image-2024-05-28-at-14.49.43-XjwKvB-150x150-OAXifR.jpeg","width":150,"height":150},{"@type":"BreadcrumbList","@id":"https:\/\/www.p31noticias.com.br\/?p=52108#breadcrumb","itemListElement":[{"@type":"ListItem","position":1,"name":"In\u00edcio","item":"https:\/\/www.p31noticias.com.br\/"},{"@type":"ListItem","position":2,"name":"Abertas inscri\u00e7\u00f5es para a Comdema do N\u00facleo Bandeirante"}]},{"@type":"WebSite","@id":"https:\/\/www.p31noticias.com.br\/#website","url":"https:\/\/www.p31noticias.com.br\/","name":"P31","description":"NOT\u00cdCIAS","potentialAction":[{"@type":"SearchAction","target":{"@type":"EntryPoint","urlTemplate":"https:\/\/www.p31noticias.com.br\/?s={search_term_string}"},"query-input":{"@type":"PropertyValueSpecification","valueRequired":true,"valueName":"search_term_string"}}],"inLanguage":"pt-BR"}]}},"amp_enabled":true,"_links":{"self":[{"href":"https:\/\/www.p31noticias.com.br\/index.php?rest_route=\/wp\/v2\/posts\/52108","targetHints":{"allow":["GET"]}}],"collection":[{"href":"https:\/\/www.p31noticias.com.br\/index.php?rest_route=\/wp\/v2\/posts"}],"about":[{"href":"https:\/\/www.p31noticias.com.br\/index.php?rest_route=\/wp\/v2\/types\/post"}],"replies":[{"embeddable":true,"href":"https:\/\/www.p31noticias.com.br\/index.php?rest_route=%2Fwp%2Fv2%2Fcomments&post=52108"}],"version-history":[{"count":0,"href":"https:\/\/www.p31noticias.com.br\/index.php?rest_route=\/wp\/v2\/posts\/52108\/revisions"}],"wp:featuredmedia":[{"embeddable":true,"href":"https:\/\/www.p31noticias.com.br\/index.php?rest_route=\/wp\/v2\/media\/52109"}],"wp:attachment":[{"href":"https:\/\/www.p31noticias.com.br\/index.php?rest_route=%2Fwp%2Fv2%2Fmedia&parent=52108"}],"wp:term":[{"taxonomy":"category","embeddable":true,"href":"https:\/\/www.p31noticias.com.br\/index.php?rest_route=%2Fwp%2Fv2%2Fcategories&post=52108"},{"taxonomy":"post_tag","embeddable":true,"href":"https:\/\/www.p31noticias.com.br\/index.php?rest_route=%2Fwp%2Fv2%2Ftags&post=52108"}],"curies":[{"name":"wp","href":"https:\/\/api.w.org\/{rel}","templated":true}]}}