{"id":51822,"date":"2024-05-25T20:30:38","date_gmt":"2024-05-25T23:30:38","guid":{"rendered":"https:\/\/p31noticias.com.br\/jovem-autista-desaparece-no-entorno-do-df-e-familia-pede-ajuda\/"},"modified":"2024-05-25T20:30:38","modified_gmt":"2024-05-25T23:30:38","slug":"jovem-autista-desaparece-no-entorno-do-df-e-familia-pede-ajuda","status":"publish","type":"post","link":"https:\/\/www.p31noticias.com.br\/?p=51822","title":{"rendered":"Jovem autista desaparece no Entorno do DF e fam\u00edlia pede ajuda"},"content":{"rendered":"<p>Uma fam\u00edlia de \u00c1guas Lindas de Goi\u00e1s, Entorno do Distrito Federal, pede ajuda para encontrar Lucas de Oliveira Cardoso, 28 anos. Diagnosticado com autismo leve, ele n\u00e3o \u00e9 visto desde sexta-feira (24\/5). De acordo com a fam\u00edlia, Lucas vestia uma camiseta vermelha e uma bermuda no dia em que desapareceu. A coluna apurou que a [\u2026]<\/p>\n<p>O post <a href=\"https:\/\/www.delioandrade.com.br\/jovem-autista-desaparece-no-entorno-do-df-e-familia-pede-ajuda\/\">Jovem autista desaparece no Entorno do DF e fam\u00edlia pede ajuda<\/a> apareceu primeiro em <a href=\"https:\/\/www.delioandrade.com.br\/\">Blog do D\u00c9LIO ANDRADE<\/a>.<\/p>\n","protected":false},"excerpt":{"rendered":"<p>Uma fam\u00edlia de \u00c1guas Lindas de Goi\u00e1s, Entorno do Distrito Federal, pede ajuda para encontrar Lucas de Oliveira Cardoso, 28 anos. Diagnosticado com autismo leve, ele n\u00e3o \u00e9 visto desde sexta-feira (24\/5). De acordo com a fam\u00edlia, Lucas vestia uma camiseta vermelha e uma bermuda no dia em que desapareceu. A coluna apurou que a [&hellip;]<\/p>\n","protected":false},"author":0,"featured_media":51823,"comment_status":"open","ping_status":"open","sticky":false,"template":"","format":"standard","meta":{"footnotes":""},"categories":[21],"tags":[],"class_list":{"0":"post-51822","1":"post","2":"type-post","3":"status-publish","4":"format-standard","5":"has-post-thumbnail","7":"category-brasilia"},"yoast_head":"<!-- This site is optimized with the Yoast SEO Premium plugin v24.5 (Yoast SEO v27.4) - https:\/\/yoast.com\/product\/yoast-seo-premium-wordpress\/ -->\n<title>Jovem autista desaparece no Entorno do DF e fam\u00edlia pede ajuda - P31<\/title>\n<meta name=\"robots\" content=\"index, follow, max-snippet:-1, max-image-preview:large, max-video-preview:-1\" \/>\n<link rel=\"canonical\" href=\"https:\/\/www.p31noticias.com.br\/?p=51822\" \/>\n<meta property=\"og:locale\" content=\"pt_BR\" \/>\n<meta property=\"og:type\" content=\"article\" \/>\n<meta property=\"og:title\" content=\"Jovem autista desaparece no Entorno do DF e fam\u00edlia pede ajuda\" \/>\n<meta property=\"og:description\" content=\"Uma fam\u00edlia de \u00c1guas Lindas de Goi\u00e1s, Entorno do Distrito Federal, pede ajuda para encontrar Lucas de Oliveira Cardoso, 28 anos. Diagnosticado com autismo leve, ele n\u00e3o \u00e9 visto desde sexta-feira (24\/5). De acordo com a fam\u00edlia, Lucas vestia uma camiseta vermelha e uma bermuda no dia em que desapareceu. A coluna apurou que a [&hellip;]\" \/>\n<meta property=\"og:url\" content=\"https:\/\/www.p31noticias.com.br\/?p=51822\" \/>\n<meta property=\"og:site_name\" content=\"P31\" \/>\n<meta property=\"article:published_time\" content=\"2024-05-25T23:30:38+00:00\" \/>\n<meta property=\"og:image\" content=\"https:\/\/www.p31noticias.com.br\/wp-content\/uploads\/2024\/05\/autista-desaparecido-318x400-PzHh5d-150x150-6YGuAd.jpeg\" \/>\n\t<meta property=\"og:image:width\" content=\"150\" \/>\n\t<meta property=\"og:image:height\" content=\"150\" \/>\n\t<meta property=\"og:image:type\" content=\"image\/jpeg\" \/>\n<meta name=\"twitter:card\" content=\"summary_large_image\" \/>\n<script type=\"application\/ld+json\" class=\"yoast-schema-graph\">{\"@context\":\"https:\\\/\\\/schema.org\",\"@graph\":[{\"@type\":\"Article\",\"@id\":\"https:\\\/\\\/www.p31noticias.com.br\\\/?p=51822#article\",\"isPartOf\":{\"@id\":\"https:\\\/\\\/www.p31noticias.com.br\\\/?p=51822\"},\"author\":{\"name\":\"\",\"@id\":\"\"},\"headline\":\"Jovem autista desaparece no Entorno do DF e fam\u00edlia pede ajuda\",\"datePublished\":\"2024-05-25T23:30:38+00:00\",\"mainEntityOfPage\":{\"@id\":\"https:\\\/\\\/www.p31noticias.com.br\\\/?p=51822\"},\"wordCount\":90,\"commentCount\":0,\"image\":{\"@id\":\"https:\\\/\\\/www.p31noticias.com.br\\\/?p=51822#primaryimage\"},\"thumbnailUrl\":\"https:\\\/\\\/www.p31noticias.com.br\\\/wp-content\\\/uploads\\\/2024\\\/05\\\/autista-desaparecido-318x400-PzHh5d-150x150-6YGuAd.jpeg\",\"articleSection\":[\"Bras\u00edlia\"],\"inLanguage\":\"pt-BR\",\"potentialAction\":[{\"@type\":\"CommentAction\",\"name\":\"Comment\",\"target\":[\"https:\\\/\\\/www.p31noticias.com.br\\\/?p=51822#respond\"]}],\"copyrightYear\":\"2024\",\"copyrightHolder\":{\"@id\":\"https:\\\/\\\/www.p31noticias.com.br\\\/#organization\"}},{\"@type\":\"WebPage\",\"@id\":\"https:\\\/\\\/www.p31noticias.com.br\\\/?p=51822\",\"url\":\"https:\\\/\\\/www.p31noticias.com.br\\\/?p=51822\",\"name\":\"Jovem autista desaparece no Entorno do DF e fam\u00edlia pede ajuda - P31\",\"isPartOf\":{\"@id\":\"https:\\\/\\\/www.p31noticias.com.br\\\/#website\"},\"primaryImageOfPage\":{\"@id\":\"https:\\\/\\\/www.p31noticias.com.br\\\/?p=51822#primaryimage\"},\"image\":{\"@id\":\"https:\\\/\\\/www.p31noticias.com.br\\\/?p=51822#primaryimage\"},\"thumbnailUrl\":\"https:\\\/\\\/www.p31noticias.com.br\\\/wp-content\\\/uploads\\\/2024\\\/05\\\/autista-desaparecido-318x400-PzHh5d-150x150-6YGuAd.jpeg\",\"datePublished\":\"2024-05-25T23:30:38+00:00\",\"author\":{\"@id\":\"\"},\"breadcrumb\":{\"@id\":\"https:\\\/\\\/www.p31noticias.com.br\\\/?p=51822#breadcrumb\"},\"inLanguage\":\"pt-BR\",\"potentialAction\":[{\"@type\":\"ReadAction\",\"target\":[\"https:\\\/\\\/www.p31noticias.com.br\\\/?p=51822\"]}]},{\"@type\":\"ImageObject\",\"inLanguage\":\"pt-BR\",\"@id\":\"https:\\\/\\\/www.p31noticias.com.br\\\/?p=51822#primaryimage\",\"url\":\"https:\\\/\\\/www.p31noticias.com.br\\\/wp-content\\\/uploads\\\/2024\\\/05\\\/autista-desaparecido-318x400-PzHh5d-150x150-6YGuAd.jpeg\",\"contentUrl\":\"https:\\\/\\\/www.p31noticias.com.br\\\/wp-content\\\/uploads\\\/2024\\\/05\\\/autista-desaparecido-318x400-PzHh5d-150x150-6YGuAd.jpeg\",\"width\":150,\"height\":150},{\"@type\":\"BreadcrumbList\",\"@id\":\"https:\\\/\\\/www.p31noticias.com.br\\\/?p=51822#breadcrumb\",\"itemListElement\":[{\"@type\":\"ListItem\",\"position\":1,\"name\":\"In\u00edcio\",\"item\":\"https:\\\/\\\/www.p31noticias.com.br\\\/\"},{\"@type\":\"ListItem\",\"position\":2,\"name\":\"Jovem autista desaparece no Entorno do DF e fam\u00edlia pede ajuda\"}]},{\"@type\":\"WebSite\",\"@id\":\"https:\\\/\\\/www.p31noticias.com.br\\\/#website\",\"url\":\"https:\\\/\\\/www.p31noticias.com.br\\\/\",\"name\":\"P31\",\"description\":\"NOT\u00cdCIAS\",\"potentialAction\":[{\"@type\":\"SearchAction\",\"target\":{\"@type\":\"EntryPoint\",\"urlTemplate\":\"https:\\\/\\\/www.p31noticias.com.br\\\/?s={search_term_string}\"},\"query-input\":{\"@type\":\"PropertyValueSpecification\",\"valueRequired\":true,\"valueName\":\"search_term_string\"}}],\"inLanguage\":\"pt-BR\"}]}<\/script>\n<!-- \/ Yoast SEO Premium plugin. -->","yoast_head_json":{"title":"Jovem autista desaparece no Entorno do DF e fam\u00edlia pede ajuda - P31","robots":{"index":"index","follow":"follow","max-snippet":"max-snippet:-1","max-image-preview":"max-image-preview:large","max-video-preview":"max-video-preview:-1"},"canonical":"https:\/\/www.p31noticias.com.br\/?p=51822","og_locale":"pt_BR","og_type":"article","og_title":"Jovem autista desaparece no Entorno do DF e fam\u00edlia pede ajuda","og_description":"Uma fam\u00edlia de \u00c1guas Lindas de Goi\u00e1s, Entorno do Distrito Federal, pede ajuda para encontrar Lucas de Oliveira Cardoso, 28 anos. Diagnosticado com autismo leve, ele n\u00e3o \u00e9 visto desde sexta-feira (24\/5). De acordo com a fam\u00edlia, Lucas vestia uma camiseta vermelha e uma bermuda no dia em que desapareceu. A coluna apurou que a [&hellip;]","og_url":"https:\/\/www.p31noticias.com.br\/?p=51822","og_site_name":"P31","article_published_time":"2024-05-25T23:30:38+00:00","og_image":[{"width":150,"height":150,"url":"https:\/\/www.p31noticias.com.br\/wp-content\/uploads\/2024\/05\/autista-desaparecido-318x400-PzHh5d-150x150-6YGuAd.jpeg","type":"image\/jpeg"}],"twitter_card":"summary_large_image","schema":{"@context":"https:\/\/schema.org","@graph":[{"@type":"Article","@id":"https:\/\/www.p31noticias.com.br\/?p=51822#article","isPartOf":{"@id":"https:\/\/www.p31noticias.com.br\/?p=51822"},"author":{"name":"","@id":""},"headline":"Jovem autista desaparece no Entorno do DF e fam\u00edlia pede ajuda","datePublished":"2024-05-25T23:30:38+00:00","mainEntityOfPage":{"@id":"https:\/\/www.p31noticias.com.br\/?p=51822"},"wordCount":90,"commentCount":0,"image":{"@id":"https:\/\/www.p31noticias.com.br\/?p=51822#primaryimage"},"thumbnailUrl":"https:\/\/www.p31noticias.com.br\/wp-content\/uploads\/2024\/05\/autista-desaparecido-318x400-PzHh5d-150x150-6YGuAd.jpeg","articleSection":["Bras\u00edlia"],"inLanguage":"pt-BR","potentialAction":[{"@type":"CommentAction","name":"Comment","target":["https:\/\/www.p31noticias.com.br\/?p=51822#respond"]}],"copyrightYear":"2024","copyrightHolder":{"@id":"https:\/\/www.p31noticias.com.br\/#organization"}},{"@type":"WebPage","@id":"https:\/\/www.p31noticias.com.br\/?p=51822","url":"https:\/\/www.p31noticias.com.br\/?p=51822","name":"Jovem autista desaparece no Entorno do DF e fam\u00edlia pede ajuda - P31","isPartOf":{"@id":"https:\/\/www.p31noticias.com.br\/#website"},"primaryImageOfPage":{"@id":"https:\/\/www.p31noticias.com.br\/?p=51822#primaryimage"},"image":{"@id":"https:\/\/www.p31noticias.com.br\/?p=51822#primaryimage"},"thumbnailUrl":"https:\/\/www.p31noticias.com.br\/wp-content\/uploads\/2024\/05\/autista-desaparecido-318x400-PzHh5d-150x150-6YGuAd.jpeg","datePublished":"2024-05-25T23:30:38+00:00","author":{"@id":""},"breadcrumb":{"@id":"https:\/\/www.p31noticias.com.br\/?p=51822#breadcrumb"},"inLanguage":"pt-BR","potentialAction":[{"@type":"ReadAction","target":["https:\/\/www.p31noticias.com.br\/?p=51822"]}]},{"@type":"ImageObject","inLanguage":"pt-BR","@id":"https:\/\/www.p31noticias.com.br\/?p=51822#primaryimage","url":"https:\/\/www.p31noticias.com.br\/wp-content\/uploads\/2024\/05\/autista-desaparecido-318x400-PzHh5d-150x150-6YGuAd.jpeg","contentUrl":"https:\/\/www.p31noticias.com.br\/wp-content\/uploads\/2024\/05\/autista-desaparecido-318x400-PzHh5d-150x150-6YGuAd.jpeg","width":150,"height":150},{"@type":"BreadcrumbList","@id":"https:\/\/www.p31noticias.com.br\/?p=51822#breadcrumb","itemListElement":[{"@type":"ListItem","position":1,"name":"In\u00edcio","item":"https:\/\/www.p31noticias.com.br\/"},{"@type":"ListItem","position":2,"name":"Jovem autista desaparece no Entorno do DF e fam\u00edlia pede ajuda"}]},{"@type":"WebSite","@id":"https:\/\/www.p31noticias.com.br\/#website","url":"https:\/\/www.p31noticias.com.br\/","name":"P31","description":"NOT\u00cdCIAS","potentialAction":[{"@type":"SearchAction","target":{"@type":"EntryPoint","urlTemplate":"https:\/\/www.p31noticias.com.br\/?s={search_term_string}"},"query-input":{"@type":"PropertyValueSpecification","valueRequired":true,"valueName":"search_term_string"}}],"inLanguage":"pt-BR"}]}},"amp_enabled":true,"_links":{"self":[{"href":"https:\/\/www.p31noticias.com.br\/index.php?rest_route=\/wp\/v2\/posts\/51822","targetHints":{"allow":["GET"]}}],"collection":[{"href":"https:\/\/www.p31noticias.com.br\/index.php?rest_route=\/wp\/v2\/posts"}],"about":[{"href":"https:\/\/www.p31noticias.com.br\/index.php?rest_route=\/wp\/v2\/types\/post"}],"replies":[{"embeddable":true,"href":"https:\/\/www.p31noticias.com.br\/index.php?rest_route=%2Fwp%2Fv2%2Fcomments&post=51822"}],"version-history":[{"count":0,"href":"https:\/\/www.p31noticias.com.br\/index.php?rest_route=\/wp\/v2\/posts\/51822\/revisions"}],"wp:featuredmedia":[{"embeddable":true,"href":"https:\/\/www.p31noticias.com.br\/index.php?rest_route=\/wp\/v2\/media\/51823"}],"wp:attachment":[{"href":"https:\/\/www.p31noticias.com.br\/index.php?rest_route=%2Fwp%2Fv2%2Fmedia&parent=51822"}],"wp:term":[{"taxonomy":"category","embeddable":true,"href":"https:\/\/www.p31noticias.com.br\/index.php?rest_route=%2Fwp%2Fv2%2Fcategories&post=51822"},{"taxonomy":"post_tag","embeddable":true,"href":"https:\/\/www.p31noticias.com.br\/index.php?rest_route=%2Fwp%2Fv2%2Ftags&post=51822"}],"curies":[{"name":"wp","href":"https:\/\/api.w.org\/{rel}","templated":true}]}}